{"id":16654,"date":"2025-08-27T10:50:17","date_gmt":"2025-08-27T13:50:17","guid":{"rendered":"https:\/\/www.blogsoestado.com\/evandrojunior\/?p=16654"},"modified":"2025-08-27T15:28:22","modified_gmt":"2025-08-27T18:28:22","slug":"soul-samba-agita-o-beira-dumar-neste-sabado","status":"publish","type":"post","link":"https:\/\/www.blogsoestado.com\/evandrojunior\/2025\/08\/27\/soul-samba-agita-o-beira-dumar-neste-sabado\/","title":{"rendered":"Soul Samba agita o Beira Dumar neste s\u00e1bado"},"content":{"rendered":"\n<figure class=\"wp-block-image aligncenter size-full\"><img fetchpriority=\"high\" decoding=\"async\" width=\"514\" height=\"337\" src=\"https:\/\/www.blogsoestado.com\/evandrojunior\/wp-content\/uploads\/sites\/3\/2025\/08\/WhatsApp-Image-2025-08-27-at-10.27.54.jpeg\" alt=\"\" class=\"wp-image-16655\" srcset=\"https:\/\/www.blogsoestado.com\/evandrojunior\/wp-content\/uploads\/sites\/3\/2025\/08\/WhatsApp-Image-2025-08-27-at-10.27.54.jpeg 514w, https:\/\/www.blogsoestado.com\/evandrojunior\/wp-content\/uploads\/sites\/3\/2025\/08\/WhatsApp-Image-2025-08-27-at-10.27.54-300x197.jpeg 300w\" sizes=\"(max-width: 514px) 100vw, 514px\" \/><figcaption class=\"wp-element-caption\"><strong>Banda Soul Reggae se apresentar\u00e1 <\/strong>pela <strong>primeira vez no Casar\u00e3o Beira Dumar <\/strong><\/figcaption><\/figure>\n\n\n\n<p>S<strong>\u00c3O LU\u00cdS <\/strong>&#8211; Quatro bandas, sendo duas de reggae e duas de samba, agitam o Casar\u00e3o Beira Dumar (Avenida Beira Mar) neste s\u00e1bado (30), a partir das 20h. \u00c9 o evento Soul Samba, que ainda abre espa\u00e7o para uma dobradinha com o ritmo preferido da Jamaica Brasileira. Ingressos podem ser adquiridos pelos WhatsApps: (98) 98329-0016 \/ (98) 99120-5191 \/ (98) 99207 &#8211; 5732. <\/p>\n\n\n\n<figure class=\"wp-block-image aligncenter size-full\"><img decoding=\"async\" width=\"679\" height=\"426\" src=\"https:\/\/www.blogsoestado.com\/evandrojunior\/wp-content\/uploads\/sites\/3\/2025\/08\/WhatsApp-Image-2025-08-27-at-10.30.09.jpeg\" alt=\"\" class=\"wp-image-16656\" srcset=\"https:\/\/www.blogsoestado.com\/evandrojunior\/wp-content\/uploads\/sites\/3\/2025\/08\/WhatsApp-Image-2025-08-27-at-10.30.09.jpeg 679w, https:\/\/www.blogsoestado.com\/evandrojunior\/wp-content\/uploads\/sites\/3\/2025\/08\/WhatsApp-Image-2025-08-27-at-10.30.09-300x188.jpeg 300w\" sizes=\"(max-width: 679px) 100vw, 679px\" \/><figcaption class=\"wp-element-caption\"><strong>Banda Raiz Tribal tamb\u00e9m est\u00e1 na programa\u00e7\u00e3o<\/strong><\/figcaption><\/figure>\n\n\n\n<figure class=\"wp-block-image aligncenter size-full\"><img decoding=\"async\" width=\"687\" height=\"500\" src=\"https:\/\/www.blogsoestado.com\/evandrojunior\/wp-content\/uploads\/sites\/3\/2025\/08\/WhatsApp-Image-2025-08-27-at-10.36.40.jpeg\" alt=\"\" class=\"wp-image-16657\" srcset=\"https:\/\/www.blogsoestado.com\/evandrojunior\/wp-content\/uploads\/sites\/3\/2025\/08\/WhatsApp-Image-2025-08-27-at-10.36.40.jpeg 687w, https:\/\/www.blogsoestado.com\/evandrojunior\/wp-content\/uploads\/sites\/3\/2025\/08\/WhatsApp-Image-2025-08-27-at-10.36.40-300x218.jpeg 300w\" sizes=\"(max-width: 687px) 100vw, 687px\" \/><figcaption class=\"wp-element-caption\"><strong>Feijoada Completa<\/strong><\/figcaption><\/figure>\n\n\n\n<p>No palco estar\u00e3o as bandas Soul Reggae, Raiz Tribal, Samba da Tamarineira e Feijoada Completa, al\u00e9m do DJ Razuk, que tocar\u00e1 nos intervalos das apresenta\u00e7\u00f5es. A banda Soul Samba, ali\u00e1s, far\u00e1 sua estreia no espa\u00e7o com um show especial. Atualmente, o line up da SoulReggae \u00e9 composto por Nielson Le\u00e3o (bateria), Wilson Ramos (guitarra), Ricardo S\u00e1 (teclado), Jord\u00e3o Otsuka (teclado), Pedro M\u00fcller (baixo), Ronaldo Lisboa e Rubia Rose (vocais).<\/p>\n\n\n\n<p>A banda est\u00e1 estruturando um show novo, a ser lan\u00e7ado em meados do m\u00eas de setembro, e, paralelamente, trabalhando em arranjos musicais, criando vers\u00f5es em reggae de m\u00fasicas mundialmente ic\u00f4nicas para lan\u00e7amento audiovisual nas plataformas online, ainda este ano.<\/p>\n\n\n\n<figure class=\"wp-block-image aligncenter size-full\"><img loading=\"lazy\" decoding=\"async\" width=\"765\" height=\"385\" src=\"https:\/\/www.blogsoestado.com\/evandrojunior\/wp-content\/uploads\/sites\/3\/2025\/08\/WhatsApp-Image-2025-08-27-at-15.27.02.jpeg\" alt=\"\" class=\"wp-image-16663\" srcset=\"https:\/\/www.blogsoestado.com\/evandrojunior\/wp-content\/uploads\/sites\/3\/2025\/08\/WhatsApp-Image-2025-08-27-at-15.27.02.jpeg 765w, https:\/\/www.blogsoestado.com\/evandrojunior\/wp-content\/uploads\/sites\/3\/2025\/08\/WhatsApp-Image-2025-08-27-at-15.27.02-300x151.jpeg 300w\" sizes=\"(max-width: 765px) 100vw, 765px\" \/><figcaption class=\"wp-element-caption\">Grupo Samba da Tamarineira tamb\u00e9m foi escalado para o evento de s\u00e1bado (30) no Casar\u00e3o Beira Dumar\n<\/figcaption><\/figure>\n\n\n\n<p>O Casar\u00e3o Beira Dumar tem aberto as portas no s\u00e1bado sempre com uma programa\u00e7\u00e3o diferenciada, privilegiando bandas e artistas bastante aplaudidos.   <\/p>\n","protected":false},"excerpt":{"rendered":"<p>S\u00c3O LU\u00cdS &#8211; Quatro bandas, sendo duas de reggae e duas de samba, agitam o Casar\u00e3o Beira Dumar (Avenida Beira [&hellip;]<\/p>\n","protected":false},"author":4,"featured_media":0,"comment_status":"open","ping_status":"open","sticky":false,"template":"","format":"standard","meta":{"site-sidebar-layout":"default","site-content-layout":"","ast-site-content-layout":"default","site-content-style":"default","site-sidebar-style":"default","ast-global-header-display":"","ast-banner-title-visibility":"","ast-main-header-display":"","ast-hfb-above-header-display":"","ast-hfb-below-header-display":"","ast-hfb-mobile-header-display":"","site-post-title":"","ast-breadcrumbs-content":"","ast-featured-img":"","footer-sml-layout":"","ast-disable-related-posts":"","theme-transparent-header-meta":"","adv-header-id-meta":"","stick-header-meta":"","header-above-stick-meta":"","header-main-stick-meta":"","header-below-stick-meta":"","astra-migrate-meta-layouts":"default","ast-page-background-enabled":"default","ast-page-background-meta":{"desktop":{"background-color":"var(--ast-global-color-5)","background-image":"","background-repeat":"repeat","background-position":"center center","background-size":"auto","background-attachment":"scroll","background-type":"","background-media":"","overlay-type":"","overlay-color":"","overlay-opacity":"","overlay-gradient":""},"tablet":{"background-color":"","background-image":"","background-repeat":"repeat","background-position":"center center","background-size":"auto","background-attachment":"scroll","background-type":"","background-media":"","overlay-type":"","overlay-color":"","overlay-opacity":"","overlay-gradient":""},"mobile":{"background-color":"","background-image":"","background-repeat":"repeat","background-position":"center center","background-size":"auto","background-attachment":"scroll","background-type":"","background-media":"","overlay-type":"","overlay-color":"","overlay-opacity":"","overlay-gradient":""}},"ast-content-background-meta":{"desktop":{"background-color":"var(--ast-global-color-4)","background-image":"","background-repeat":"repeat","background-position":"center center","background-size":"auto","background-attachment":"scroll","background-type":"","background-media":"","overlay-type":"","overlay-color":"","overlay-opacity":"","overlay-gradient":""},"tablet":{"background-color":"var(--ast-global-color-4)","background-image":"","background-repeat":"repeat","background-position":"center center","background-size":"auto","background-attachment":"scroll","background-type":"","background-media":"","overlay-type":"","overlay-color":"","overlay-opacity":"","overlay-gradient":""},"mobile":{"background-color":"var(--ast-global-color-4)","background-image":"","background-repeat":"repeat","background-position":"center center","background-size":"auto","background-attachment":"scroll","background-type":"","background-media":"","overlay-type":"","overlay-color":"","overlay-opacity":"","overlay-gradient":""}},"footnotes":""},"categories":[1],"tags":[],"class_list":["post-16654","post","type-post","status-publish","format-standard","hentry","category-sem-categoria"],"yoast_head":"<!-- This site is optimized with the Yoast SEO plugin v26.6 - https:\/\/yoast.com\/wordpress\/plugins\/seo\/ -->\n<title>Soul Samba agita o Beira Dumar neste s\u00e1bado - Evandro Junior<\/title>\n<meta name=\"robots\" content=\"index, follow, max-snippet:-1, max-image-preview:large, max-video-preview:-1\" \/>\n<link rel=\"canonical\" href=\"https:\/\/www.blogsoestado.com\/evandrojunior\/2025\/08\/27\/soul-samba-agita-o-beira-dumar-neste-sabado\/\" \/>\n<meta property=\"og:locale\" content=\"pt_BR\" \/>\n<meta property=\"og:type\" content=\"article\" \/>\n<meta property=\"og:title\" content=\"Soul Samba agita o Beira Dumar neste s\u00e1bado - Evandro Junior\" \/>\n<meta property=\"og:description\" content=\"S\u00c3O LU\u00cdS &#8211; Quatro bandas, sendo duas de reggae e duas de samba, agitam o Casar\u00e3o Beira Dumar (Avenida Beira [&hellip;]\" \/>\n<meta property=\"og:url\" content=\"https:\/\/www.blogsoestado.com\/evandrojunior\/2025\/08\/27\/soul-samba-agita-o-beira-dumar-neste-sabado\/\" \/>\n<meta property=\"og:site_name\" content=\"Evandro Junior\" \/>\n<meta property=\"article:published_time\" content=\"2025-08-27T13:50:17+00:00\" \/>\n<meta property=\"article:modified_time\" content=\"2025-08-27T18:28:22+00:00\" \/>\n<meta property=\"og:image\" content=\"https:\/\/www.blogsoestado.com\/evandrojunior\/wp-content\/uploads\/sites\/3\/2025\/08\/WhatsApp-Image-2025-08-27-at-10.27.54.jpeg\" \/>\n<meta name=\"author\" content=\"Evandro Junior\" \/>\n<meta name=\"twitter:card\" content=\"summary_large_image\" \/>\n<meta name=\"twitter:label1\" content=\"Escrito por\" \/>\n\t<meta name=\"twitter:data1\" content=\"Evandro Junior\" \/>\n\t<meta name=\"twitter:label2\" content=\"Est. tempo de leitura\" \/>\n\t<meta name=\"twitter:data2\" content=\"3 minutos\" \/>\n<script type=\"application\/ld+json\" class=\"yoast-schema-graph\">{\"@context\":\"https:\/\/schema.org\",\"@graph\":[{\"@type\":\"WebPage\",\"@id\":\"https:\/\/www.blogsoestado.com\/evandrojunior\/2025\/08\/27\/soul-samba-agita-o-beira-dumar-neste-sabado\/\",\"url\":\"https:\/\/www.blogsoestado.com\/evandrojunior\/2025\/08\/27\/soul-samba-agita-o-beira-dumar-neste-sabado\/\",\"name\":\"Soul Samba agita o Beira Dumar neste s\u00e1bado - Evandro Junior\",\"isPartOf\":{\"@id\":\"https:\/\/www.blogsoestado.com\/evandrojunior\/#website\"},\"primaryImageOfPage\":{\"@id\":\"https:\/\/www.blogsoestado.com\/evandrojunior\/2025\/08\/27\/soul-samba-agita-o-beira-dumar-neste-sabado\/#primaryimage\"},\"image\":{\"@id\":\"https:\/\/www.blogsoestado.com\/evandrojunior\/2025\/08\/27\/soul-samba-agita-o-beira-dumar-neste-sabado\/#primaryimage\"},\"thumbnailUrl\":\"https:\/\/www.blogsoestado.com\/evandrojunior\/wp-content\/uploads\/sites\/3\/2025\/08\/WhatsApp-Image-2025-08-27-at-10.27.54.jpeg\",\"datePublished\":\"2025-08-27T13:50:17+00:00\",\"dateModified\":\"2025-08-27T18:28:22+00:00\",\"author\":{\"@id\":\"https:\/\/www.blogsoestado.com\/evandrojunior\/#\/schema\/person\/3e6c3d8dbb740d1c6878ebc935cfb3be\"},\"breadcrumb\":{\"@id\":\"https:\/\/www.blogsoestado.com\/evandrojunior\/2025\/08\/27\/soul-samba-agita-o-beira-dumar-neste-sabado\/#breadcrumb\"},\"inLanguage\":\"pt-BR\",\"potentialAction\":[{\"@type\":\"ReadAction\",\"target\":[\"https:\/\/www.blogsoestado.com\/evandrojunior\/2025\/08\/27\/soul-samba-agita-o-beira-dumar-neste-sabado\/\"]}]},{\"@type\":\"ImageObject\",\"inLanguage\":\"pt-BR\",\"@id\":\"https:\/\/www.blogsoestado.com\/evandrojunior\/2025\/08\/27\/soul-samba-agita-o-beira-dumar-neste-sabado\/#primaryimage\",\"url\":\"https:\/\/www.blogsoestado.com\/evandrojunior\/wp-content\/uploads\/sites\/3\/2025\/08\/WhatsApp-Image-2025-08-27-at-10.27.54.jpeg\",\"contentUrl\":\"https:\/\/www.blogsoestado.com\/evandrojunior\/wp-content\/uploads\/sites\/3\/2025\/08\/WhatsApp-Image-2025-08-27-at-10.27.54.jpeg\",\"width\":514,\"height\":337,\"caption\":\"Banda Soul Reggae se apresentar\u00e1 pela primeira vez no Casar\u00e3o Beira Dumar\"},{\"@type\":\"BreadcrumbList\",\"@id\":\"https:\/\/www.blogsoestado.com\/evandrojunior\/2025\/08\/27\/soul-samba-agita-o-beira-dumar-neste-sabado\/#breadcrumb\",\"itemListElement\":[{\"@type\":\"ListItem\",\"position\":1,\"name\":\"In\u00edcio\",\"item\":\"https:\/\/www.blogsoestado.com\/evandrojunior\/\"},{\"@type\":\"ListItem\",\"position\":2,\"name\":\"Soul Samba agita o Beira Dumar neste s\u00e1bado\"}]},{\"@type\":\"WebSite\",\"@id\":\"https:\/\/www.blogsoestado.com\/evandrojunior\/#website\",\"url\":\"https:\/\/www.blogsoestado.com\/evandrojunior\/\",\"name\":\"Evandro Junior\",\"description\":\"\",\"potentialAction\":[{\"@type\":\"SearchAction\",\"target\":{\"@type\":\"EntryPoint\",\"urlTemplate\":\"https:\/\/www.blogsoestado.com\/evandrojunior\/?s={search_term_string}\"},\"query-input\":{\"@type\":\"PropertyValueSpecification\",\"valueRequired\":true,\"valueName\":\"search_term_string\"}}],\"inLanguage\":\"pt-BR\"},{\"@type\":\"Person\",\"@id\":\"https:\/\/www.blogsoestado.com\/evandrojunior\/#\/schema\/person\/3e6c3d8dbb740d1c6878ebc935cfb3be\",\"name\":\"Evandro Junior\",\"image\":{\"@type\":\"ImageObject\",\"inLanguage\":\"pt-BR\",\"@id\":\"https:\/\/www.blogsoestado.com\/evandrojunior\/#\/schema\/person\/image\/\",\"url\":\"https:\/\/secure.gravatar.com\/avatar\/f80a03a2294a580cd2318bfb459bf354cfa8be661ef3d95b542cf9a04af8d129?s=96&d=mm&r=g\",\"contentUrl\":\"https:\/\/secure.gravatar.com\/avatar\/f80a03a2294a580cd2318bfb459bf354cfa8be661ef3d95b542cf9a04af8d129?s=96&d=mm&r=g\",\"caption\":\"Evandro Junior\"},\"url\":\"https:\/\/www.blogsoestado.com\/evandrojunior\/author\/evandrojunior\/\"}]}<\/script>\n<!-- \/ Yoast SEO plugin. -->","yoast_head_json":{"title":"Soul Samba agita o Beira Dumar neste s\u00e1bado - Evandro Junior","robots":{"index":"index","follow":"follow","max-snippet":"max-snippet:-1","max-image-preview":"max-image-preview:large","max-video-preview":"max-video-preview:-1"},"canonical":"https:\/\/www.blogsoestado.com\/evandrojunior\/2025\/08\/27\/soul-samba-agita-o-beira-dumar-neste-sabado\/","og_locale":"pt_BR","og_type":"article","og_title":"Soul Samba agita o Beira Dumar neste s\u00e1bado - Evandro Junior","og_description":"S\u00c3O LU\u00cdS &#8211; Quatro bandas, sendo duas de reggae e duas de samba, agitam o Casar\u00e3o Beira Dumar (Avenida Beira [&hellip;]","og_url":"https:\/\/www.blogsoestado.com\/evandrojunior\/2025\/08\/27\/soul-samba-agita-o-beira-dumar-neste-sabado\/","og_site_name":"Evandro Junior","article_published_time":"2025-08-27T13:50:17+00:00","article_modified_time":"2025-08-27T18:28:22+00:00","og_image":[{"url":"https:\/\/www.blogsoestado.com\/evandrojunior\/wp-content\/uploads\/sites\/3\/2025\/08\/WhatsApp-Image-2025-08-27-at-10.27.54.jpeg","type":"","width":"","height":""}],"author":"Evandro Junior","twitter_card":"summary_large_image","twitter_misc":{"Escrito por":"Evandro Junior","Est. tempo de leitura":"3 minutos"},"schema":{"@context":"https:\/\/schema.org","@graph":[{"@type":"WebPage","@id":"https:\/\/www.blogsoestado.com\/evandrojunior\/2025\/08\/27\/soul-samba-agita-o-beira-dumar-neste-sabado\/","url":"https:\/\/www.blogsoestado.com\/evandrojunior\/2025\/08\/27\/soul-samba-agita-o-beira-dumar-neste-sabado\/","name":"Soul Samba agita o Beira Dumar neste s\u00e1bado - Evandro Junior","isPartOf":{"@id":"https:\/\/www.blogsoestado.com\/evandrojunior\/#website"},"primaryImageOfPage":{"@id":"https:\/\/www.blogsoestado.com\/evandrojunior\/2025\/08\/27\/soul-samba-agita-o-beira-dumar-neste-sabado\/#primaryimage"},"image":{"@id":"https:\/\/www.blogsoestado.com\/evandrojunior\/2025\/08\/27\/soul-samba-agita-o-beira-dumar-neste-sabado\/#primaryimage"},"thumbnailUrl":"https:\/\/www.blogsoestado.com\/evandrojunior\/wp-content\/uploads\/sites\/3\/2025\/08\/WhatsApp-Image-2025-08-27-at-10.27.54.jpeg","datePublished":"2025-08-27T13:50:17+00:00","dateModified":"2025-08-27T18:28:22+00:00","author":{"@id":"https:\/\/www.blogsoestado.com\/evandrojunior\/#\/schema\/person\/3e6c3d8dbb740d1c6878ebc935cfb3be"},"breadcrumb":{"@id":"https:\/\/www.blogsoestado.com\/evandrojunior\/2025\/08\/27\/soul-samba-agita-o-beira-dumar-neste-sabado\/#breadcrumb"},"inLanguage":"pt-BR","potentialAction":[{"@type":"ReadAction","target":["https:\/\/www.blogsoestado.com\/evandrojunior\/2025\/08\/27\/soul-samba-agita-o-beira-dumar-neste-sabado\/"]}]},{"@type":"ImageObject","inLanguage":"pt-BR","@id":"https:\/\/www.blogsoestado.com\/evandrojunior\/2025\/08\/27\/soul-samba-agita-o-beira-dumar-neste-sabado\/#primaryimage","url":"https:\/\/www.blogsoestado.com\/evandrojunior\/wp-content\/uploads\/sites\/3\/2025\/08\/WhatsApp-Image-2025-08-27-at-10.27.54.jpeg","contentUrl":"https:\/\/www.blogsoestado.com\/evandrojunior\/wp-content\/uploads\/sites\/3\/2025\/08\/WhatsApp-Image-2025-08-27-at-10.27.54.jpeg","width":514,"height":337,"caption":"Banda Soul Reggae se apresentar\u00e1 pela primeira vez no Casar\u00e3o Beira Dumar"},{"@type":"BreadcrumbList","@id":"https:\/\/www.blogsoestado.com\/evandrojunior\/2025\/08\/27\/soul-samba-agita-o-beira-dumar-neste-sabado\/#breadcrumb","itemListElement":[{"@type":"ListItem","position":1,"name":"In\u00edcio","item":"https:\/\/www.blogsoestado.com\/evandrojunior\/"},{"@type":"ListItem","position":2,"name":"Soul Samba agita o Beira Dumar neste s\u00e1bado"}]},{"@type":"WebSite","@id":"https:\/\/www.blogsoestado.com\/evandrojunior\/#website","url":"https:\/\/www.blogsoestado.com\/evandrojunior\/","name":"Evandro Junior","description":"","potentialAction":[{"@type":"SearchAction","target":{"@type":"EntryPoint","urlTemplate":"https:\/\/www.blogsoestado.com\/evandrojunior\/?s={search_term_string}"},"query-input":{"@type":"PropertyValueSpecification","valueRequired":true,"valueName":"search_term_string"}}],"inLanguage":"pt-BR"},{"@type":"Person","@id":"https:\/\/www.blogsoestado.com\/evandrojunior\/#\/schema\/person\/3e6c3d8dbb740d1c6878ebc935cfb3be","name":"Evandro Junior","image":{"@type":"ImageObject","inLanguage":"pt-BR","@id":"https:\/\/www.blogsoestado.com\/evandrojunior\/#\/schema\/person\/image\/","url":"https:\/\/secure.gravatar.com\/avatar\/f80a03a2294a580cd2318bfb459bf354cfa8be661ef3d95b542cf9a04af8d129?s=96&d=mm&r=g","contentUrl":"https:\/\/secure.gravatar.com\/avatar\/f80a03a2294a580cd2318bfb459bf354cfa8be661ef3d95b542cf9a04af8d129?s=96&d=mm&r=g","caption":"Evandro Junior"},"url":"https:\/\/www.blogsoestado.com\/evandrojunior\/author\/evandrojunior\/"}]}},"jetpack_featured_media_url":"","_links":{"self":[{"href":"https:\/\/www.blogsoestado.com\/evandrojunior\/wp-json\/wp\/v2\/posts\/16654","targetHints":{"allow":["GET"]}}],"collection":[{"href":"https:\/\/www.blogsoestado.com\/evandrojunior\/wp-json\/wp\/v2\/posts"}],"about":[{"href":"https:\/\/www.blogsoestado.com\/evandrojunior\/wp-json\/wp\/v2\/types\/post"}],"author":[{"embeddable":true,"href":"https:\/\/www.blogsoestado.com\/evandrojunior\/wp-json\/wp\/v2\/users\/4"}],"replies":[{"embeddable":true,"href":"https:\/\/www.blogsoestado.com\/evandrojunior\/wp-json\/wp\/v2\/comments?post=16654"}],"version-history":[{"count":0,"href":"https:\/\/www.blogsoestado.com\/evandrojunior\/wp-json\/wp\/v2\/posts\/16654\/revisions"}],"wp:attachment":[{"href":"https:\/\/www.blogsoestado.com\/evandrojunior\/wp-json\/wp\/v2\/media?parent=16654"}],"wp:term":[{"taxonomy":"category","embeddable":true,"href":"https:\/\/www.blogsoestado.com\/evandrojunior\/wp-json\/wp\/v2\/categories?post=16654"},{"taxonomy":"post_tag","embeddable":true,"href":"https:\/\/www.blogsoestado.com\/evandrojunior\/wp-json\/wp\/v2\/tags?post=16654"}],"curies":[{"name":"wp","href":"https:\/\/api.w.org\/{rel}","templated":true}]}}