{"id":16670,"date":"2025-08-27T17:49:32","date_gmt":"2025-08-27T20:49:32","guid":{"rendered":"https:\/\/www.blogsoestado.com\/evandrojunior\/?p=16670"},"modified":"2025-08-27T17:49:36","modified_gmt":"2025-08-27T20:49:36","slug":"demanda-energetica-cresce-impulsionada-pela-inteligencia-artificial","status":"publish","type":"post","link":"https:\/\/www.blogsoestado.com\/evandrojunior\/2025\/08\/27\/demanda-energetica-cresce-impulsionada-pela-inteligencia-artificial\/","title":{"rendered":"Demanda energ\u00e9tica cresce impulsionada pela Intelig\u00eancia Artificial"},"content":{"rendered":"\n<figure class=\"wp-block-image aligncenter size-full is-resized\"><img fetchpriority=\"high\" decoding=\"async\" width=\"354\" height=\"335\" src=\"https:\/\/www.blogsoestado.com\/evandrojunior\/wp-content\/uploads\/sites\/3\/2025\/08\/WhatsApp-Image-2025-08-27-at-10.09.06.jpeg\" alt=\"\" class=\"wp-image-16671\" style=\"width:506px;height:auto\" srcset=\"https:\/\/www.blogsoestado.com\/evandrojunior\/wp-content\/uploads\/sites\/3\/2025\/08\/WhatsApp-Image-2025-08-27-at-10.09.06.jpeg 354w, https:\/\/www.blogsoestado.com\/evandrojunior\/wp-content\/uploads\/sites\/3\/2025\/08\/WhatsApp-Image-2025-08-27-at-10.09.06-300x284.jpeg 300w\" sizes=\"(max-width: 354px) 100vw, 354px\" \/><figcaption class=\"wp-element-caption\">Superintendente de Planejamento e Desenvolvimento Econ\u00f4mico da SEDEPE, Fraga Ara\u00fajo defende o uso do g\u00e1s natural como matriz intermedi\u00e1ria, assegurando estabilidade energ\u00e9tica<\/figcaption><\/figure>\n\n\n\n<p><strong>S\u00c3O LU\u00cdS <\/strong>&#8211; O avan\u00e7o exponencial das intelig\u00eancias artificiais (IAs) movimenta n\u00e3o apenas a transforma\u00e7\u00e3o digital, mas tamb\u00e9m imp\u00f5e um novo e colossal desafio \u00e0 infraestrutura energ\u00e9tica brasileira. A implanta\u00e7\u00e3o crescente dos data centers no pa\u00eds, essenciais para armazenar e processar os volumosos dados gerados e utilizados pelas IAs, traz \u00e0 tona uma demanda energ\u00e9tica sem precedentes, que requer solu\u00e7\u00f5es eficazes, escal\u00e1veis e ambientalmente conscientes.<\/p>\n\n\n\n<p>Data centers s\u00e3o verdadeiros \u201ccora\u00e7\u00f5es digitais\u201d do mundo tecnol\u00f3gico contempor\u00e2neo, operando 24 horas por dia para garantir o funcionamento das IAs. Com o Brasil sediando um n\u00famero recorde de novos centros de processamento, ligados a grandes players globais e startups de inova\u00e7\u00e3o, o consumo de energia el\u00e9trica sobe vertiginosamente.<\/p>\n\n\n\n<p>Essa crescente demanda coloca press\u00e3o sobre as redes el\u00e9tricas existentes, sistemas de gera\u00e7\u00e3o e transmiss\u00e3o e no Sistema Interligado Nacional (SIN), que precisa ampliar e se adaptar rapidamente para evitar riscos de desabastecimento e garantir a seguran\u00e7a energ\u00e9tica. O mais vi\u00e1vel tecnicamente \u00e9 o abastecimento de data centers com fontes de energias firmes como as hidrel\u00e9tricas com reservat\u00f3rio, termel\u00e9tricas a g\u00e1s natural, e n\u00e3o apenas depender de fontes renov\u00e1veis que s\u00e3o intermitentes, e por isso, n\u00e3o atendem a essa demanda de data centers que precisam operar com total confiabilidade, 24 horas por dia, sem quedas ou oscila\u00e7\u00f5es de energia.<\/p>\n\n\n\n<p>Neste cen\u00e1rio, o g\u00e1s natural surge como uma alternativa firme e estrat\u00e9gica, que aliada a fontes renov\u00e1veis, alia efici\u00eancia energ\u00e9tica, menor gera\u00e7\u00e3o de poluentes e flexibilidade operacional. Embora ainda seja uma fonte f\u00f3ssil, o g\u00e1s natural \u00e9 amplamente reconhecido como a matriz de transi\u00e7\u00e3o ideal rumo a uma economia energ\u00e9tica de baixo carbono, devido \u00e0 sua queima limpa em compara\u00e7\u00e3o com o carv\u00e3o e o \u00f3leo combust\u00edvel.<\/p>\n\n\n\n<ul class=\"wp-block-list\">\n<li>Redu\u00e7\u00e3o das Emiss\u00f5es: O g\u00e1s natural emite significativamente menos di\u00f3xido de carbono (CO\u2082), enxofre (SOx) e material particulado, contribuindo em 60% para a mitiga\u00e7\u00e3o das mudan\u00e7as clim\u00e1ticas.<\/li>\n\n\n\n<li>Flexibilidade na Gera\u00e7\u00e3o: Usinas movidas a g\u00e1s possibilitam ajustes r\u00e1pidos na oferta energ\u00e9tica, essenciais para compensar as intermit\u00eancias das fontes renov\u00e1veis solar e e\u00f3lica e suprir com garantia as demandas impostas por grandes centros de processamento de dados.<\/li>\n\n\n\n<li>Converg\u00eancia Energ\u00e9tica: Pode atuar integralmente com fontes renov\u00e1veis, suprindo com garantia os momentos de intermit\u00eancia em que a gera\u00e7\u00e3o e\u00f3lica ou solar n\u00e3o atendem \u00e0 totalidade do consumo.<\/li>\n<\/ul>\n\n\n\n<p>O Brasil, apesar de grande refer\u00eancia mundial em matrizes renov\u00e1veis, enfrenta limita\u00e7\u00f5es na integra\u00e7\u00e3o de suas fontes renov\u00e1veis devido a fatores clim\u00e1ticos, geogr\u00e1ficos, de infraestrutura e sistemas avan\u00e7ados de controle do sistema el\u00e9trico.<\/p>\n\n\n\n<p>Fontes como a solar e a e\u00f3lica n\u00e3o conseguem fornecer energia de modo constante por terem natureza intermitente, ou seja, dependem de condi\u00e7\u00f5es clim\u00e1ticas. A solar s\u00f3 \u00e9 gerada durante o dia, enquanto a e\u00f3lica \u00e9 sujeita a sazonalidades clim\u00e1ticas.<\/p>\n\n\n\n<p>\u201cO g\u00e1s natural \u00e9 visto como matriz intermedi\u00e1ria, assegurando estabilidade energ\u00e9tica, enquanto o pa\u00eds avan\u00e7a nos estudos de tecnologias de alternativas limpas associadas com a gest\u00e3o de armazenamento de energia. O investimento em rede de gasodutos e termel\u00e9tricas modernas, com maior efici\u00eancia, embarcando novas tecnologias de ciclo combinado, gerando menor emiss\u00e3o de g\u00e1s de efeito estufa (GEE), est\u00e1 alinhado \u00e0s pol\u00edticas nacionais para uma transi\u00e7\u00e3o energ\u00e9tica justa, fact\u00edvel e economicamente sustent\u00e1vel. O Maranh\u00e3o j\u00e1 deu um grande passo com a inaugura\u00e7\u00e3o do primeiro gasoduto de distribui\u00e7\u00e3o de g\u00e1s para a Vale na capital, operado pela Gasmar&#8221;, defende o superintendente de Planejamento e Desenvolvimento Econ\u00f4mico da SEDEPE, Fraga Ara\u00fajo.<br><\/p>\n\n\n\n<p>Para consolidar o g\u00e1s natural como vetor de transi\u00e7\u00e3o, \u00e9 imprescind\u00edvel ampliar investimentos em infraestrutura e fazer uso da moderna tecnologia de estimula\u00e7\u00e3o na explora\u00e7\u00e3o do g\u00e1s natural offshore no Maranh\u00e3o.Al\u00e9m disso, buscar sinergia entre reguladores, setor privado, sociedade civil e meio ambiente para acelerar essas mudan\u00e7as de maneira transparente e sustent\u00e1vel.<\/p>\n\n\n\n<p>\u00c0 medida que o Brasil se consolida como polo de desenvolvimento tecnol\u00f3gico atrav\u00e9s das IAs, a energia necess\u00e1ria para sustentar essa revolu\u00e7\u00e3o precisa ser pensada de forma estrat\u00e9gica e respons\u00e1vel. O g\u00e1s natural desponta como a fonte de energia chave para junto \u00e0s fontes renov\u00e1veis suportar o crescimento dos data centers, aliando efici\u00eancia, sustentabilidade, menor impacto ambiental e sendo o principal componente dessa transi\u00e7\u00e3o gradual rumo a um futuro energ\u00e9tico verde.<\/p>\n\n\n\n<p>Como sugere o documento \u201cEnergia Firme e Data Centers\u201d elaborado pelo Instituto Pensar Energia (IPE) \u201cEnergia \u00e9 Poder. Dados s\u00e3o Poder. Mas \u00e9 a converg\u00eancia entre ambos \u2013 com coes\u00e3o institucional e intelig\u00eancia estrat\u00e9gica \u2013 que define a soberania do s\u00e9culo XXI\u201d atesta o documento que afirma taxativamente: n\u00e3o h\u00e1 digitaliza\u00e7\u00e3o cr\u00edtica sem energia firme.<\/p>\n\n\n\n<p>E mais, o estudo defende o g\u00e1s natural como um vetor confi\u00e1vel da transi\u00e7\u00e3o energ\u00e9tica: \u201ca chegada dos data centers oferece uma oportunidade estrat\u00e9gica para consolidar o g\u00e1s natural como base firme de uma transi\u00e7\u00e3o energ\u00e9tica pragm\u00e1tica, eficiente e digitalmente robusta\u201d.<\/p>\n\n\n\n<p>Essa discuss\u00e3o energiza n\u00e3o apenas debates t\u00e9cnicos, mas tamb\u00e9m compromissos pol\u00edticos e sociais e ambientais, evidenciando que a sustentabilidade e a inova\u00e7\u00e3o devem caminhar juntas para garantir um amanh\u00e3 equilibrado e tecnol\u00f3gico.<\/p>\n","protected":false},"excerpt":{"rendered":"<p>S\u00c3O LU\u00cdS &#8211; O avan\u00e7o exponencial das intelig\u00eancias artificiais (IAs) movimenta n\u00e3o apenas a transforma\u00e7\u00e3o digital, mas tamb\u00e9m imp\u00f5e um [&hellip;]<\/p>\n","protected":false},"author":4,"featured_media":0,"comment_status":"open","ping_status":"open","sticky":false,"template":"","format":"standard","meta":{"site-sidebar-layout":"default","site-content-layout":"","ast-site-content-layout":"default","site-content-style":"default","site-sidebar-style":"default","ast-global-header-display":"","ast-banner-title-visibility":"","ast-main-header-display":"","ast-hfb-above-header-display":"","ast-hfb-below-header-display":"","ast-hfb-mobile-header-display":"","site-post-title":"","ast-breadcrumbs-content":"","ast-featured-img":"","footer-sml-layout":"","ast-disable-related-posts":"","theme-transparent-header-meta":"","adv-header-id-meta":"","stick-header-meta":"","header-above-stick-meta":"","header-main-stick-meta":"","header-below-stick-meta":"","astra-migrate-meta-layouts":"default","ast-page-background-enabled":"default","ast-page-background-meta":{"desktop":{"background-color":"var(--ast-global-color-5)","background-image":"","background-repeat":"repeat","background-position":"center center","background-size":"auto","background-attachment":"scroll","background-type":"","background-media":"","overlay-type":"","overlay-color":"","overlay-opacity":"","overlay-gradient":""},"tablet":{"background-color":"","background-image":"","background-repeat":"repeat","background-position":"center center","background-size":"auto","background-attachment":"scroll","background-type":"","background-media":"","overlay-type":"","overlay-color":"","overlay-opacity":"","overlay-gradient":""},"mobile":{"background-color":"","background-image":"","background-repeat":"repeat","background-position":"center center","background-size":"auto","background-attachment":"scroll","background-type":"","background-media":"","overlay-type":"","overlay-color":"","overlay-opacity":"","overlay-gradient":""}},"ast-content-background-meta":{"desktop":{"background-color":"var(--ast-global-color-4)","background-image":"","background-repeat":"repeat","background-position":"center center","background-size":"auto","background-attachment":"scroll","background-type":"","background-media":"","overlay-type":"","overlay-color":"","overlay-opacity":"","overlay-gradient":""},"tablet":{"background-color":"var(--ast-global-color-4)","background-image":"","background-repeat":"repeat","background-position":"center center","background-size":"auto","background-attachment":"scroll","background-type":"","background-media":"","overlay-type":"","overlay-color":"","overlay-opacity":"","overlay-gradient":""},"mobile":{"background-color":"var(--ast-global-color-4)","background-image":"","background-repeat":"repeat","background-position":"center center","background-size":"auto","background-attachment":"scroll","background-type":"","background-media":"","overlay-type":"","overlay-color":"","overlay-opacity":"","overlay-gradient":""}},"footnotes":""},"categories":[1],"tags":[],"class_list":["post-16670","post","type-post","status-publish","format-standard","hentry","category-sem-categoria"],"yoast_head":"<!-- This site is optimized with the Yoast SEO plugin v26.6 - https:\/\/yoast.com\/wordpress\/plugins\/seo\/ -->\n<title>Demanda energ\u00e9tica cresce impulsionada pela Intelig\u00eancia Artificial - Evandro Junior<\/title>\n<meta name=\"robots\" content=\"index, follow, max-snippet:-1, max-image-preview:large, max-video-preview:-1\" \/>\n<link rel=\"canonical\" href=\"https:\/\/www.blogsoestado.com\/evandrojunior\/2025\/08\/27\/demanda-energetica-cresce-impulsionada-pela-inteligencia-artificial\/\" \/>\n<meta property=\"og:locale\" content=\"pt_BR\" \/>\n<meta property=\"og:type\" content=\"article\" \/>\n<meta property=\"og:title\" content=\"Demanda energ\u00e9tica cresce impulsionada pela Intelig\u00eancia Artificial - Evandro Junior\" \/>\n<meta property=\"og:description\" content=\"S\u00c3O LU\u00cdS &#8211; O avan\u00e7o exponencial das intelig\u00eancias artificiais (IAs) movimenta n\u00e3o apenas a transforma\u00e7\u00e3o digital, mas tamb\u00e9m imp\u00f5e um [&hellip;]\" \/>\n<meta property=\"og:url\" content=\"https:\/\/www.blogsoestado.com\/evandrojunior\/2025\/08\/27\/demanda-energetica-cresce-impulsionada-pela-inteligencia-artificial\/\" \/>\n<meta property=\"og:site_name\" content=\"Evandro Junior\" \/>\n<meta property=\"article:published_time\" content=\"2025-08-27T20:49:32+00:00\" \/>\n<meta property=\"article:modified_time\" content=\"2025-08-27T20:49:36+00:00\" \/>\n<meta property=\"og:image\" content=\"https:\/\/www.blogsoestado.com\/evandrojunior\/wp-content\/uploads\/sites\/3\/2025\/08\/WhatsApp-Image-2025-08-27-at-10.09.06.jpeg\" \/>\n<meta name=\"author\" content=\"Evandro Junior\" \/>\n<meta name=\"twitter:card\" content=\"summary_large_image\" \/>\n<meta name=\"twitter:label1\" content=\"Escrito por\" \/>\n\t<meta name=\"twitter:data1\" content=\"Evandro Junior\" \/>\n\t<meta name=\"twitter:label2\" content=\"Est. tempo de leitura\" \/>\n\t<meta name=\"twitter:data2\" content=\"5 minutos\" \/>\n<script type=\"application\/ld+json\" class=\"yoast-schema-graph\">{\"@context\":\"https:\/\/schema.org\",\"@graph\":[{\"@type\":\"WebPage\",\"@id\":\"https:\/\/www.blogsoestado.com\/evandrojunior\/2025\/08\/27\/demanda-energetica-cresce-impulsionada-pela-inteligencia-artificial\/\",\"url\":\"https:\/\/www.blogsoestado.com\/evandrojunior\/2025\/08\/27\/demanda-energetica-cresce-impulsionada-pela-inteligencia-artificial\/\",\"name\":\"Demanda energ\u00e9tica cresce impulsionada pela Intelig\u00eancia Artificial - Evandro Junior\",\"isPartOf\":{\"@id\":\"https:\/\/www.blogsoestado.com\/evandrojunior\/#website\"},\"primaryImageOfPage\":{\"@id\":\"https:\/\/www.blogsoestado.com\/evandrojunior\/2025\/08\/27\/demanda-energetica-cresce-impulsionada-pela-inteligencia-artificial\/#primaryimage\"},\"image\":{\"@id\":\"https:\/\/www.blogsoestado.com\/evandrojunior\/2025\/08\/27\/demanda-energetica-cresce-impulsionada-pela-inteligencia-artificial\/#primaryimage\"},\"thumbnailUrl\":\"https:\/\/www.blogsoestado.com\/evandrojunior\/wp-content\/uploads\/sites\/3\/2025\/08\/WhatsApp-Image-2025-08-27-at-10.09.06.jpeg\",\"datePublished\":\"2025-08-27T20:49:32+00:00\",\"dateModified\":\"2025-08-27T20:49:36+00:00\",\"author\":{\"@id\":\"https:\/\/www.blogsoestado.com\/evandrojunior\/#\/schema\/person\/3e6c3d8dbb740d1c6878ebc935cfb3be\"},\"breadcrumb\":{\"@id\":\"https:\/\/www.blogsoestado.com\/evandrojunior\/2025\/08\/27\/demanda-energetica-cresce-impulsionada-pela-inteligencia-artificial\/#breadcrumb\"},\"inLanguage\":\"pt-BR\",\"potentialAction\":[{\"@type\":\"ReadAction\",\"target\":[\"https:\/\/www.blogsoestado.com\/evandrojunior\/2025\/08\/27\/demanda-energetica-cresce-impulsionada-pela-inteligencia-artificial\/\"]}]},{\"@type\":\"ImageObject\",\"inLanguage\":\"pt-BR\",\"@id\":\"https:\/\/www.blogsoestado.com\/evandrojunior\/2025\/08\/27\/demanda-energetica-cresce-impulsionada-pela-inteligencia-artificial\/#primaryimage\",\"url\":\"https:\/\/www.blogsoestado.com\/evandrojunior\/wp-content\/uploads\/sites\/3\/2025\/08\/WhatsApp-Image-2025-08-27-at-10.09.06.jpeg\",\"contentUrl\":\"https:\/\/www.blogsoestado.com\/evandrojunior\/wp-content\/uploads\/sites\/3\/2025\/08\/WhatsApp-Image-2025-08-27-at-10.09.06.jpeg\",\"width\":354,\"height\":335,\"caption\":\"Superintendente de Planejamento e Desenvolvimento Econ\u00f4mico da SEDEPE, Fraga Ara\u00fajo defende o uso do g\u00e1s natural como matriz intermedi\u00e1ria, assegurando estabilidade energ\u00e9tica\"},{\"@type\":\"BreadcrumbList\",\"@id\":\"https:\/\/www.blogsoestado.com\/evandrojunior\/2025\/08\/27\/demanda-energetica-cresce-impulsionada-pela-inteligencia-artificial\/#breadcrumb\",\"itemListElement\":[{\"@type\":\"ListItem\",\"position\":1,\"name\":\"In\u00edcio\",\"item\":\"https:\/\/www.blogsoestado.com\/evandrojunior\/\"},{\"@type\":\"ListItem\",\"position\":2,\"name\":\"Demanda energ\u00e9tica cresce impulsionada pela Intelig\u00eancia Artificial\"}]},{\"@type\":\"WebSite\",\"@id\":\"https:\/\/www.blogsoestado.com\/evandrojunior\/#website\",\"url\":\"https:\/\/www.blogsoestado.com\/evandrojunior\/\",\"name\":\"Evandro Junior\",\"description\":\"\",\"potentialAction\":[{\"@type\":\"SearchAction\",\"target\":{\"@type\":\"EntryPoint\",\"urlTemplate\":\"https:\/\/www.blogsoestado.com\/evandrojunior\/?s={search_term_string}\"},\"query-input\":{\"@type\":\"PropertyValueSpecification\",\"valueRequired\":true,\"valueName\":\"search_term_string\"}}],\"inLanguage\":\"pt-BR\"},{\"@type\":\"Person\",\"@id\":\"https:\/\/www.blogsoestado.com\/evandrojunior\/#\/schema\/person\/3e6c3d8dbb740d1c6878ebc935cfb3be\",\"name\":\"Evandro Junior\",\"image\":{\"@type\":\"ImageObject\",\"inLanguage\":\"pt-BR\",\"@id\":\"https:\/\/www.blogsoestado.com\/evandrojunior\/#\/schema\/person\/image\/\",\"url\":\"https:\/\/secure.gravatar.com\/avatar\/f80a03a2294a580cd2318bfb459bf354cfa8be661ef3d95b542cf9a04af8d129?s=96&d=mm&r=g\",\"contentUrl\":\"https:\/\/secure.gravatar.com\/avatar\/f80a03a2294a580cd2318bfb459bf354cfa8be661ef3d95b542cf9a04af8d129?s=96&d=mm&r=g\",\"caption\":\"Evandro Junior\"},\"url\":\"https:\/\/www.blogsoestado.com\/evandrojunior\/author\/evandrojunior\/\"}]}<\/script>\n<!-- \/ Yoast SEO plugin. -->","yoast_head_json":{"title":"Demanda energ\u00e9tica cresce impulsionada pela Intelig\u00eancia Artificial - Evandro Junior","robots":{"index":"index","follow":"follow","max-snippet":"max-snippet:-1","max-image-preview":"max-image-preview:large","max-video-preview":"max-video-preview:-1"},"canonical":"https:\/\/www.blogsoestado.com\/evandrojunior\/2025\/08\/27\/demanda-energetica-cresce-impulsionada-pela-inteligencia-artificial\/","og_locale":"pt_BR","og_type":"article","og_title":"Demanda energ\u00e9tica cresce impulsionada pela Intelig\u00eancia Artificial - Evandro Junior","og_description":"S\u00c3O LU\u00cdS &#8211; O avan\u00e7o exponencial das intelig\u00eancias artificiais (IAs) movimenta n\u00e3o apenas a transforma\u00e7\u00e3o digital, mas tamb\u00e9m imp\u00f5e um [&hellip;]","og_url":"https:\/\/www.blogsoestado.com\/evandrojunior\/2025\/08\/27\/demanda-energetica-cresce-impulsionada-pela-inteligencia-artificial\/","og_site_name":"Evandro Junior","article_published_time":"2025-08-27T20:49:32+00:00","article_modified_time":"2025-08-27T20:49:36+00:00","og_image":[{"url":"https:\/\/www.blogsoestado.com\/evandrojunior\/wp-content\/uploads\/sites\/3\/2025\/08\/WhatsApp-Image-2025-08-27-at-10.09.06.jpeg","type":"","width":"","height":""}],"author":"Evandro Junior","twitter_card":"summary_large_image","twitter_misc":{"Escrito por":"Evandro Junior","Est. tempo de leitura":"5 minutos"},"schema":{"@context":"https:\/\/schema.org","@graph":[{"@type":"WebPage","@id":"https:\/\/www.blogsoestado.com\/evandrojunior\/2025\/08\/27\/demanda-energetica-cresce-impulsionada-pela-inteligencia-artificial\/","url":"https:\/\/www.blogsoestado.com\/evandrojunior\/2025\/08\/27\/demanda-energetica-cresce-impulsionada-pela-inteligencia-artificial\/","name":"Demanda energ\u00e9tica cresce impulsionada pela Intelig\u00eancia Artificial - Evandro Junior","isPartOf":{"@id":"https:\/\/www.blogsoestado.com\/evandrojunior\/#website"},"primaryImageOfPage":{"@id":"https:\/\/www.blogsoestado.com\/evandrojunior\/2025\/08\/27\/demanda-energetica-cresce-impulsionada-pela-inteligencia-artificial\/#primaryimage"},"image":{"@id":"https:\/\/www.blogsoestado.com\/evandrojunior\/2025\/08\/27\/demanda-energetica-cresce-impulsionada-pela-inteligencia-artificial\/#primaryimage"},"thumbnailUrl":"https:\/\/www.blogsoestado.com\/evandrojunior\/wp-content\/uploads\/sites\/3\/2025\/08\/WhatsApp-Image-2025-08-27-at-10.09.06.jpeg","datePublished":"2025-08-27T20:49:32+00:00","dateModified":"2025-08-27T20:49:36+00:00","author":{"@id":"https:\/\/www.blogsoestado.com\/evandrojunior\/#\/schema\/person\/3e6c3d8dbb740d1c6878ebc935cfb3be"},"breadcrumb":{"@id":"https:\/\/www.blogsoestado.com\/evandrojunior\/2025\/08\/27\/demanda-energetica-cresce-impulsionada-pela-inteligencia-artificial\/#breadcrumb"},"inLanguage":"pt-BR","potentialAction":[{"@type":"ReadAction","target":["https:\/\/www.blogsoestado.com\/evandrojunior\/2025\/08\/27\/demanda-energetica-cresce-impulsionada-pela-inteligencia-artificial\/"]}]},{"@type":"ImageObject","inLanguage":"pt-BR","@id":"https:\/\/www.blogsoestado.com\/evandrojunior\/2025\/08\/27\/demanda-energetica-cresce-impulsionada-pela-inteligencia-artificial\/#primaryimage","url":"https:\/\/www.blogsoestado.com\/evandrojunior\/wp-content\/uploads\/sites\/3\/2025\/08\/WhatsApp-Image-2025-08-27-at-10.09.06.jpeg","contentUrl":"https:\/\/www.blogsoestado.com\/evandrojunior\/wp-content\/uploads\/sites\/3\/2025\/08\/WhatsApp-Image-2025-08-27-at-10.09.06.jpeg","width":354,"height":335,"caption":"Superintendente de Planejamento e Desenvolvimento Econ\u00f4mico da SEDEPE, Fraga Ara\u00fajo defende o uso do g\u00e1s natural como matriz intermedi\u00e1ria, assegurando estabilidade energ\u00e9tica"},{"@type":"BreadcrumbList","@id":"https:\/\/www.blogsoestado.com\/evandrojunior\/2025\/08\/27\/demanda-energetica-cresce-impulsionada-pela-inteligencia-artificial\/#breadcrumb","itemListElement":[{"@type":"ListItem","position":1,"name":"In\u00edcio","item":"https:\/\/www.blogsoestado.com\/evandrojunior\/"},{"@type":"ListItem","position":2,"name":"Demanda energ\u00e9tica cresce impulsionada pela Intelig\u00eancia Artificial"}]},{"@type":"WebSite","@id":"https:\/\/www.blogsoestado.com\/evandrojunior\/#website","url":"https:\/\/www.blogsoestado.com\/evandrojunior\/","name":"Evandro Junior","description":"","potentialAction":[{"@type":"SearchAction","target":{"@type":"EntryPoint","urlTemplate":"https:\/\/www.blogsoestado.com\/evandrojunior\/?s={search_term_string}"},"query-input":{"@type":"PropertyValueSpecification","valueRequired":true,"valueName":"search_term_string"}}],"inLanguage":"pt-BR"},{"@type":"Person","@id":"https:\/\/www.blogsoestado.com\/evandrojunior\/#\/schema\/person\/3e6c3d8dbb740d1c6878ebc935cfb3be","name":"Evandro Junior","image":{"@type":"ImageObject","inLanguage":"pt-BR","@id":"https:\/\/www.blogsoestado.com\/evandrojunior\/#\/schema\/person\/image\/","url":"https:\/\/secure.gravatar.com\/avatar\/f80a03a2294a580cd2318bfb459bf354cfa8be661ef3d95b542cf9a04af8d129?s=96&d=mm&r=g","contentUrl":"https:\/\/secure.gravatar.com\/avatar\/f80a03a2294a580cd2318bfb459bf354cfa8be661ef3d95b542cf9a04af8d129?s=96&d=mm&r=g","caption":"Evandro Junior"},"url":"https:\/\/www.blogsoestado.com\/evandrojunior\/author\/evandrojunior\/"}]}},"jetpack_featured_media_url":"","_links":{"self":[{"href":"https:\/\/www.blogsoestado.com\/evandrojunior\/wp-json\/wp\/v2\/posts\/16670","targetHints":{"allow":["GET"]}}],"collection":[{"href":"https:\/\/www.blogsoestado.com\/evandrojunior\/wp-json\/wp\/v2\/posts"}],"about":[{"href":"https:\/\/www.blogsoestado.com\/evandrojunior\/wp-json\/wp\/v2\/types\/post"}],"author":[{"embeddable":true,"href":"https:\/\/www.blogsoestado.com\/evandrojunior\/wp-json\/wp\/v2\/users\/4"}],"replies":[{"embeddable":true,"href":"https:\/\/www.blogsoestado.com\/evandrojunior\/wp-json\/wp\/v2\/comments?post=16670"}],"version-history":[{"count":0,"href":"https:\/\/www.blogsoestado.com\/evandrojunior\/wp-json\/wp\/v2\/posts\/16670\/revisions"}],"wp:attachment":[{"href":"https:\/\/www.blogsoestado.com\/evandrojunior\/wp-json\/wp\/v2\/media?parent=16670"}],"wp:term":[{"taxonomy":"category","embeddable":true,"href":"https:\/\/www.blogsoestado.com\/evandrojunior\/wp-json\/wp\/v2\/categories?post=16670"},{"taxonomy":"post_tag","embeddable":true,"href":"https:\/\/www.blogsoestado.com\/evandrojunior\/wp-json\/wp\/v2\/tags?post=16670"}],"curies":[{"name":"wp","href":"https:\/\/api.w.org\/{rel}","templated":true}]}}