{"id":16878,"date":"2025-10-01T16:40:13","date_gmt":"2025-10-01T19:40:13","guid":{"rendered":"https:\/\/www.blogsoestado.com\/evandrojunior\/?p=16878"},"modified":"2025-10-01T16:40:15","modified_gmt":"2025-10-01T19:40:15","slug":"protocolo-de-intencoes-e-assinado-junto-a-sedepe","status":"publish","type":"post","link":"https:\/\/www.blogsoestado.com\/evandrojunior\/2025\/10\/01\/protocolo-de-intencoes-e-assinado-junto-a-sedepe\/","title":{"rendered":"Protocolo de inten\u00e7\u00f5es \u00c9 assinado junto \u00e0 Sedepe"},"content":{"rendered":"\n<figure class=\"wp-block-image aligncenter size-large\"><img fetchpriority=\"high\" decoding=\"async\" width=\"1024\" height=\"682\" src=\"https:\/\/www.blogsoestado.com\/evandrojunior\/wp-content\/uploads\/sites\/3\/2025\/10\/WhatsApp-Image-2025-09-30-at-14.34.35-1024x682.jpeg\" alt=\"\" class=\"wp-image-16879\" srcset=\"https:\/\/www.blogsoestado.com\/evandrojunior\/wp-content\/uploads\/sites\/3\/2025\/10\/WhatsApp-Image-2025-09-30-at-14.34.35-1024x682.jpeg 1024w, https:\/\/www.blogsoestado.com\/evandrojunior\/wp-content\/uploads\/sites\/3\/2025\/10\/WhatsApp-Image-2025-09-30-at-14.34.35-300x200.jpeg 300w, https:\/\/www.blogsoestado.com\/evandrojunior\/wp-content\/uploads\/sites\/3\/2025\/10\/WhatsApp-Image-2025-09-30-at-14.34.35-768x512.jpeg 768w, https:\/\/www.blogsoestado.com\/evandrojunior\/wp-content\/uploads\/sites\/3\/2025\/10\/WhatsApp-Image-2025-09-30-at-14.34.35.jpeg 1280w\" sizes=\"(max-width: 1024px) 100vw, 1024px\" \/><figcaption class=\"wp-element-caption\"><strong>Equipe t\u00e9cnica da Sedepe e o secret\u00e1rio em Exerc\u00edcio Jos\u00e9 Dominges Neto na assinatura do protocolo de inten\u00e7\u00f5es com os representantes do Cons\u00f3rcio UPI Data Center, Augusto Diniz e Maur\u00edcio Oliveira<\/strong><\/figcaption><\/figure>\n\n\n\n<p><strong>S\u00c3O LU\u00cdS <\/strong>&#8211; O secret\u00e1rio em exerc\u00edcio da Secretaria de Desenvolvimento Econ\u00f4mico e Programas Estrat\u00e9gicos (Sedepe), Jos\u00e9 Domingues Neto, recebeu representantes do Cons\u00f3rcio UPY Data Center em encontro que marcou a assinatura de um protocolo de inten\u00e7\u00f5es para a constru\u00e7\u00e3o de um data center na Zona de Processamento de Exporta\u00e7\u00e3o (ZPE) de Bacabeira, no Maranh\u00e3o.<\/p>\n\n\n\n<p>Estiveram presentes \u00e0 reuni\u00e3o, al\u00e9m da equipe t\u00e9cnica da Sedepe, Maur\u00edcio Oliveira, representante da Castelo Fort, e Augusto Diniz, CEO da Maxx e presidente do cons\u00f3rcio UPY Data Center, que \u00e9 formado pelas empresas Tip Tecnologia, Telecomunica\u00e7\u00f5es Nordeste, Jump Tecnologia da Informa\u00e7\u00e3o, Castelo Fort Assessoria Empresarial, Tip Nacional Telecom e Maxx.<\/p>\n\n\n\n<p>O acordo prev\u00ea o desenvolvimento, constru\u00e7\u00e3o, gest\u00e3o e opera\u00e7\u00e3o de um centro de dados de miss\u00e3o cr\u00edtica. O projeto se diferencia pelo foco em ultrabaixa lat\u00eancia, sustentado pela conex\u00e3o com o cabo submarino EllaLink, al\u00e9m de alta disponibilidade, sustentabilidade e robusta conectividade regional, apoiada pelo Anel de Comunica\u00e7\u00e3o Conecta Maranh\u00e3o.<\/p>\n\n\n\n<p>O presidente do Cons\u00f3rcio Augusto Diniz, CEO da Maxx, destacou que a iniciativa representa um marco estrat\u00e9gico para o estado. \u201cA Maxx reafirma seu compromisso em garantir conectividade de qualidade e fomentar o desenvolvimento tecnol\u00f3gico do Maranh\u00e3o. Este investimento de R$ 4 milh\u00f5es em pesquisa ter\u00e1 a intelig\u00eancia artificial como pe\u00e7a central, consolidando nosso estado como refer\u00eancia em inova\u00e7\u00e3o\u201d.<\/p>\n\n\n\n<p>J\u00e1 Maur\u00edcio Oliveira definiu o projeto em duas palavras. \u201ccoerente e consistente. Apostaria todas as minhas fichas porque est\u00e1 bem elaborado. Temos capacidade de gerar e exportar tecnologia, agregando valor ao Maranh\u00e3o\u201d, afirmou.<\/p>\n\n\n\n<p>Segundo o secret\u00e1rio em exerc\u00edcio da SEDEPE, Jos\u00e9 Domingues Neto, cabe \u00e0 Sedepe assumir a responsabilidade de apoiar institucionalmente as a\u00e7\u00f5es previstas, articulando di\u00e1logo com outros \u00f3rg\u00e3os estaduais e acompanhando a execu\u00e7\u00e3o das atividades.<\/p>\n\n\n\n<p>A assinatura do protocolo ocorre em continuidade a tratativas iniciadas em junho, quando o ent\u00e3o secret\u00e1rio Jos\u00e9 Reinaldo Tavares recebeu, no gabinete da Sedepe, o CEO da Maxx. Na ocasi\u00e3o, Tavares destacou o potencial do Maranh\u00e3o para atrair investimentos digitais, enfatizando a abund\u00e2ncia de recursos h\u00eddricos do Estado, considerados ativos estrat\u00e9gicos para a opera\u00e7\u00e3o de data centers.<\/p>\n\n\n\n<p>Na mesma reuni\u00e3o, Diniz apresentou o portf\u00f3lio da empresa, que inclui um data center de 1.300 metros quadrados j\u00e1 em opera\u00e7\u00e3o. Segundo ele, a infraestrutura do Maranh\u00e3o, somada \u00e0 ZPE e \u00e0 disponibilidade de \u00e1gua, pode mitigar riscos de escassez de energia, gargalo cada vez mais sens\u00edvel para o setor de tecnologia.<\/p>\n","protected":false},"excerpt":{"rendered":"<p>S\u00c3O LU\u00cdS &#8211; O secret\u00e1rio em exerc\u00edcio da Secretaria de Desenvolvimento Econ\u00f4mico e Programas Estrat\u00e9gicos (Sedepe), Jos\u00e9 Domingues Neto, recebeu [&hellip;]<\/p>\n","protected":false},"author":4,"featured_media":0,"comment_status":"open","ping_status":"open","sticky":false,"template":"","format":"standard","meta":{"site-sidebar-layout":"default","site-content-layout":"","ast-site-content-layout":"default","site-content-style":"default","site-sidebar-style":"default","ast-global-header-display":"","ast-banner-title-visibility":"","ast-main-header-display":"","ast-hfb-above-header-display":"","ast-hfb-below-header-display":"","ast-hfb-mobile-header-display":"","site-post-title":"","ast-breadcrumbs-content":"","ast-featured-img":"","footer-sml-layout":"","ast-disable-related-posts":"","theme-transparent-header-meta":"","adv-header-id-meta":"","stick-header-meta":"","header-above-stick-meta":"","header-main-stick-meta":"","header-below-stick-meta":"","astra-migrate-meta-layouts":"default","ast-page-background-enabled":"default","ast-page-background-meta":{"desktop":{"background-color":"var(--ast-global-color-5)","background-image":"","background-repeat":"repeat","background-position":"center center","background-size":"auto","background-attachment":"scroll","background-type":"","background-media":"","overlay-type":"","overlay-color":"","overlay-opacity":"","overlay-gradient":""},"tablet":{"background-color":"","background-image":"","background-repeat":"repeat","background-position":"center center","background-size":"auto","background-attachment":"scroll","background-type":"","background-media":"","overlay-type":"","overlay-color":"","overlay-opacity":"","overlay-gradient":""},"mobile":{"background-color":"","background-image":"","background-repeat":"repeat","background-position":"center center","background-size":"auto","background-attachment":"scroll","background-type":"","background-media":"","overlay-type":"","overlay-color":"","overlay-opacity":"","overlay-gradient":""}},"ast-content-background-meta":{"desktop":{"background-color":"var(--ast-global-color-4)","background-image":"","background-repeat":"repeat","background-position":"center center","background-size":"auto","background-attachment":"scroll","background-type":"","background-media":"","overlay-type":"","overlay-color":"","overlay-opacity":"","overlay-gradient":""},"tablet":{"background-color":"var(--ast-global-color-4)","background-image":"","background-repeat":"repeat","background-position":"center center","background-size":"auto","background-attachment":"scroll","background-type":"","background-media":"","overlay-type":"","overlay-color":"","overlay-opacity":"","overlay-gradient":""},"mobile":{"background-color":"var(--ast-global-color-4)","background-image":"","background-repeat":"repeat","background-position":"center center","background-size":"auto","background-attachment":"scroll","background-type":"","background-media":"","overlay-type":"","overlay-color":"","overlay-opacity":"","overlay-gradient":""}},"footnotes":""},"categories":[1],"tags":[],"class_list":["post-16878","post","type-post","status-publish","format-standard","hentry","category-sem-categoria"],"yoast_head":"<!-- This site is optimized with the Yoast SEO plugin v26.6 - https:\/\/yoast.com\/wordpress\/plugins\/seo\/ -->\n<title>Protocolo de inten\u00e7\u00f5es \u00c9 assinado junto \u00e0 Sedepe - Evandro Junior<\/title>\n<meta name=\"robots\" content=\"index, follow, max-snippet:-1, max-image-preview:large, max-video-preview:-1\" \/>\n<link rel=\"canonical\" href=\"https:\/\/www.blogsoestado.com\/evandrojunior\/2025\/10\/01\/protocolo-de-intencoes-e-assinado-junto-a-sedepe\/\" \/>\n<meta property=\"og:locale\" content=\"pt_BR\" \/>\n<meta property=\"og:type\" content=\"article\" \/>\n<meta property=\"og:title\" content=\"Protocolo de inten\u00e7\u00f5es \u00c9 assinado junto \u00e0 Sedepe - Evandro Junior\" \/>\n<meta property=\"og:description\" content=\"S\u00c3O LU\u00cdS &#8211; O secret\u00e1rio em exerc\u00edcio da Secretaria de Desenvolvimento Econ\u00f4mico e Programas Estrat\u00e9gicos (Sedepe), Jos\u00e9 Domingues Neto, recebeu [&hellip;]\" \/>\n<meta property=\"og:url\" content=\"https:\/\/www.blogsoestado.com\/evandrojunior\/2025\/10\/01\/protocolo-de-intencoes-e-assinado-junto-a-sedepe\/\" \/>\n<meta property=\"og:site_name\" content=\"Evandro Junior\" \/>\n<meta property=\"article:published_time\" content=\"2025-10-01T19:40:13+00:00\" \/>\n<meta property=\"article:modified_time\" content=\"2025-10-01T19:40:15+00:00\" \/>\n<meta property=\"og:image\" content=\"https:\/\/www.blogsoestado.com\/evandrojunior\/wp-content\/uploads\/sites\/3\/2025\/10\/WhatsApp-Image-2025-09-30-at-14.34.35-1024x682.jpeg\" \/>\n<meta name=\"author\" content=\"Evandro Junior\" \/>\n<meta name=\"twitter:card\" content=\"summary_large_image\" \/>\n<meta name=\"twitter:label1\" content=\"Escrito por\" \/>\n\t<meta name=\"twitter:data1\" content=\"Evandro Junior\" \/>\n\t<meta name=\"twitter:label2\" content=\"Est. tempo de leitura\" \/>\n\t<meta name=\"twitter:data2\" content=\"3 minutos\" \/>\n<script type=\"application\/ld+json\" class=\"yoast-schema-graph\">{\"@context\":\"https:\/\/schema.org\",\"@graph\":[{\"@type\":\"WebPage\",\"@id\":\"https:\/\/www.blogsoestado.com\/evandrojunior\/2025\/10\/01\/protocolo-de-intencoes-e-assinado-junto-a-sedepe\/\",\"url\":\"https:\/\/www.blogsoestado.com\/evandrojunior\/2025\/10\/01\/protocolo-de-intencoes-e-assinado-junto-a-sedepe\/\",\"name\":\"Protocolo de inten\u00e7\u00f5es \u00c9 assinado junto \u00e0 Sedepe - Evandro Junior\",\"isPartOf\":{\"@id\":\"https:\/\/www.blogsoestado.com\/evandrojunior\/#website\"},\"primaryImageOfPage\":{\"@id\":\"https:\/\/www.blogsoestado.com\/evandrojunior\/2025\/10\/01\/protocolo-de-intencoes-e-assinado-junto-a-sedepe\/#primaryimage\"},\"image\":{\"@id\":\"https:\/\/www.blogsoestado.com\/evandrojunior\/2025\/10\/01\/protocolo-de-intencoes-e-assinado-junto-a-sedepe\/#primaryimage\"},\"thumbnailUrl\":\"https:\/\/www.blogsoestado.com\/evandrojunior\/wp-content\/uploads\/sites\/3\/2025\/10\/WhatsApp-Image-2025-09-30-at-14.34.35-1024x682.jpeg\",\"datePublished\":\"2025-10-01T19:40:13+00:00\",\"dateModified\":\"2025-10-01T19:40:15+00:00\",\"author\":{\"@id\":\"https:\/\/www.blogsoestado.com\/evandrojunior\/#\/schema\/person\/3e6c3d8dbb740d1c6878ebc935cfb3be\"},\"breadcrumb\":{\"@id\":\"https:\/\/www.blogsoestado.com\/evandrojunior\/2025\/10\/01\/protocolo-de-intencoes-e-assinado-junto-a-sedepe\/#breadcrumb\"},\"inLanguage\":\"pt-BR\",\"potentialAction\":[{\"@type\":\"ReadAction\",\"target\":[\"https:\/\/www.blogsoestado.com\/evandrojunior\/2025\/10\/01\/protocolo-de-intencoes-e-assinado-junto-a-sedepe\/\"]}]},{\"@type\":\"ImageObject\",\"inLanguage\":\"pt-BR\",\"@id\":\"https:\/\/www.blogsoestado.com\/evandrojunior\/2025\/10\/01\/protocolo-de-intencoes-e-assinado-junto-a-sedepe\/#primaryimage\",\"url\":\"https:\/\/www.blogsoestado.com\/evandrojunior\/wp-content\/uploads\/sites\/3\/2025\/10\/WhatsApp-Image-2025-09-30-at-14.34.35.jpeg\",\"contentUrl\":\"https:\/\/www.blogsoestado.com\/evandrojunior\/wp-content\/uploads\/sites\/3\/2025\/10\/WhatsApp-Image-2025-09-30-at-14.34.35.jpeg\",\"width\":1280,\"height\":853,\"caption\":\"Equipe t\u00e9cnica da Sedepe e o secret\u00e1rio em Exerc\u00edcio Jos\u00e9 Dominges Neto na assinatura do protocolo de inten\u00e7\u00f5es com os representantes do Cons\u00f3rcio UPI Data Center, Augusto Diniz e Maur\u00edcio Oliveira\"},{\"@type\":\"BreadcrumbList\",\"@id\":\"https:\/\/www.blogsoestado.com\/evandrojunior\/2025\/10\/01\/protocolo-de-intencoes-e-assinado-junto-a-sedepe\/#breadcrumb\",\"itemListElement\":[{\"@type\":\"ListItem\",\"position\":1,\"name\":\"In\u00edcio\",\"item\":\"https:\/\/www.blogsoestado.com\/evandrojunior\/\"},{\"@type\":\"ListItem\",\"position\":2,\"name\":\"Protocolo de inten\u00e7\u00f5es \u00c9 assinado junto \u00e0 Sedepe\"}]},{\"@type\":\"WebSite\",\"@id\":\"https:\/\/www.blogsoestado.com\/evandrojunior\/#website\",\"url\":\"https:\/\/www.blogsoestado.com\/evandrojunior\/\",\"name\":\"Evandro Junior\",\"description\":\"\",\"potentialAction\":[{\"@type\":\"SearchAction\",\"target\":{\"@type\":\"EntryPoint\",\"urlTemplate\":\"https:\/\/www.blogsoestado.com\/evandrojunior\/?s={search_term_string}\"},\"query-input\":{\"@type\":\"PropertyValueSpecification\",\"valueRequired\":true,\"valueName\":\"search_term_string\"}}],\"inLanguage\":\"pt-BR\"},{\"@type\":\"Person\",\"@id\":\"https:\/\/www.blogsoestado.com\/evandrojunior\/#\/schema\/person\/3e6c3d8dbb740d1c6878ebc935cfb3be\",\"name\":\"Evandro Junior\",\"image\":{\"@type\":\"ImageObject\",\"inLanguage\":\"pt-BR\",\"@id\":\"https:\/\/www.blogsoestado.com\/evandrojunior\/#\/schema\/person\/image\/\",\"url\":\"https:\/\/secure.gravatar.com\/avatar\/f80a03a2294a580cd2318bfb459bf354cfa8be661ef3d95b542cf9a04af8d129?s=96&d=mm&r=g\",\"contentUrl\":\"https:\/\/secure.gravatar.com\/avatar\/f80a03a2294a580cd2318bfb459bf354cfa8be661ef3d95b542cf9a04af8d129?s=96&d=mm&r=g\",\"caption\":\"Evandro Junior\"},\"url\":\"https:\/\/www.blogsoestado.com\/evandrojunior\/author\/evandrojunior\/\"}]}<\/script>\n<!-- \/ Yoast SEO plugin. -->","yoast_head_json":{"title":"Protocolo de inten\u00e7\u00f5es \u00c9 assinado junto \u00e0 Sedepe - Evandro Junior","robots":{"index":"index","follow":"follow","max-snippet":"max-snippet:-1","max-image-preview":"max-image-preview:large","max-video-preview":"max-video-preview:-1"},"canonical":"https:\/\/www.blogsoestado.com\/evandrojunior\/2025\/10\/01\/protocolo-de-intencoes-e-assinado-junto-a-sedepe\/","og_locale":"pt_BR","og_type":"article","og_title":"Protocolo de inten\u00e7\u00f5es \u00c9 assinado junto \u00e0 Sedepe - Evandro Junior","og_description":"S\u00c3O LU\u00cdS &#8211; O secret\u00e1rio em exerc\u00edcio da Secretaria de Desenvolvimento Econ\u00f4mico e Programas Estrat\u00e9gicos (Sedepe), Jos\u00e9 Domingues Neto, recebeu [&hellip;]","og_url":"https:\/\/www.blogsoestado.com\/evandrojunior\/2025\/10\/01\/protocolo-de-intencoes-e-assinado-junto-a-sedepe\/","og_site_name":"Evandro Junior","article_published_time":"2025-10-01T19:40:13+00:00","article_modified_time":"2025-10-01T19:40:15+00:00","og_image":[{"url":"https:\/\/www.blogsoestado.com\/evandrojunior\/wp-content\/uploads\/sites\/3\/2025\/10\/WhatsApp-Image-2025-09-30-at-14.34.35-1024x682.jpeg","type":"","width":"","height":""}],"author":"Evandro Junior","twitter_card":"summary_large_image","twitter_misc":{"Escrito por":"Evandro Junior","Est. tempo de leitura":"3 minutos"},"schema":{"@context":"https:\/\/schema.org","@graph":[{"@type":"WebPage","@id":"https:\/\/www.blogsoestado.com\/evandrojunior\/2025\/10\/01\/protocolo-de-intencoes-e-assinado-junto-a-sedepe\/","url":"https:\/\/www.blogsoestado.com\/evandrojunior\/2025\/10\/01\/protocolo-de-intencoes-e-assinado-junto-a-sedepe\/","name":"Protocolo de inten\u00e7\u00f5es \u00c9 assinado junto \u00e0 Sedepe - Evandro Junior","isPartOf":{"@id":"https:\/\/www.blogsoestado.com\/evandrojunior\/#website"},"primaryImageOfPage":{"@id":"https:\/\/www.blogsoestado.com\/evandrojunior\/2025\/10\/01\/protocolo-de-intencoes-e-assinado-junto-a-sedepe\/#primaryimage"},"image":{"@id":"https:\/\/www.blogsoestado.com\/evandrojunior\/2025\/10\/01\/protocolo-de-intencoes-e-assinado-junto-a-sedepe\/#primaryimage"},"thumbnailUrl":"https:\/\/www.blogsoestado.com\/evandrojunior\/wp-content\/uploads\/sites\/3\/2025\/10\/WhatsApp-Image-2025-09-30-at-14.34.35-1024x682.jpeg","datePublished":"2025-10-01T19:40:13+00:00","dateModified":"2025-10-01T19:40:15+00:00","author":{"@id":"https:\/\/www.blogsoestado.com\/evandrojunior\/#\/schema\/person\/3e6c3d8dbb740d1c6878ebc935cfb3be"},"breadcrumb":{"@id":"https:\/\/www.blogsoestado.com\/evandrojunior\/2025\/10\/01\/protocolo-de-intencoes-e-assinado-junto-a-sedepe\/#breadcrumb"},"inLanguage":"pt-BR","potentialAction":[{"@type":"ReadAction","target":["https:\/\/www.blogsoestado.com\/evandrojunior\/2025\/10\/01\/protocolo-de-intencoes-e-assinado-junto-a-sedepe\/"]}]},{"@type":"ImageObject","inLanguage":"pt-BR","@id":"https:\/\/www.blogsoestado.com\/evandrojunior\/2025\/10\/01\/protocolo-de-intencoes-e-assinado-junto-a-sedepe\/#primaryimage","url":"https:\/\/www.blogsoestado.com\/evandrojunior\/wp-content\/uploads\/sites\/3\/2025\/10\/WhatsApp-Image-2025-09-30-at-14.34.35.jpeg","contentUrl":"https:\/\/www.blogsoestado.com\/evandrojunior\/wp-content\/uploads\/sites\/3\/2025\/10\/WhatsApp-Image-2025-09-30-at-14.34.35.jpeg","width":1280,"height":853,"caption":"Equipe t\u00e9cnica da Sedepe e o secret\u00e1rio em Exerc\u00edcio Jos\u00e9 Dominges Neto na assinatura do protocolo de inten\u00e7\u00f5es com os representantes do Cons\u00f3rcio UPI Data Center, Augusto Diniz e Maur\u00edcio Oliveira"},{"@type":"BreadcrumbList","@id":"https:\/\/www.blogsoestado.com\/evandrojunior\/2025\/10\/01\/protocolo-de-intencoes-e-assinado-junto-a-sedepe\/#breadcrumb","itemListElement":[{"@type":"ListItem","position":1,"name":"In\u00edcio","item":"https:\/\/www.blogsoestado.com\/evandrojunior\/"},{"@type":"ListItem","position":2,"name":"Protocolo de inten\u00e7\u00f5es \u00c9 assinado junto \u00e0 Sedepe"}]},{"@type":"WebSite","@id":"https:\/\/www.blogsoestado.com\/evandrojunior\/#website","url":"https:\/\/www.blogsoestado.com\/evandrojunior\/","name":"Evandro Junior","description":"","potentialAction":[{"@type":"SearchAction","target":{"@type":"EntryPoint","urlTemplate":"https:\/\/www.blogsoestado.com\/evandrojunior\/?s={search_term_string}"},"query-input":{"@type":"PropertyValueSpecification","valueRequired":true,"valueName":"search_term_string"}}],"inLanguage":"pt-BR"},{"@type":"Person","@id":"https:\/\/www.blogsoestado.com\/evandrojunior\/#\/schema\/person\/3e6c3d8dbb740d1c6878ebc935cfb3be","name":"Evandro Junior","image":{"@type":"ImageObject","inLanguage":"pt-BR","@id":"https:\/\/www.blogsoestado.com\/evandrojunior\/#\/schema\/person\/image\/","url":"https:\/\/secure.gravatar.com\/avatar\/f80a03a2294a580cd2318bfb459bf354cfa8be661ef3d95b542cf9a04af8d129?s=96&d=mm&r=g","contentUrl":"https:\/\/secure.gravatar.com\/avatar\/f80a03a2294a580cd2318bfb459bf354cfa8be661ef3d95b542cf9a04af8d129?s=96&d=mm&r=g","caption":"Evandro Junior"},"url":"https:\/\/www.blogsoestado.com\/evandrojunior\/author\/evandrojunior\/"}]}},"jetpack_featured_media_url":"","_links":{"self":[{"href":"https:\/\/www.blogsoestado.com\/evandrojunior\/wp-json\/wp\/v2\/posts\/16878","targetHints":{"allow":["GET"]}}],"collection":[{"href":"https:\/\/www.blogsoestado.com\/evandrojunior\/wp-json\/wp\/v2\/posts"}],"about":[{"href":"https:\/\/www.blogsoestado.com\/evandrojunior\/wp-json\/wp\/v2\/types\/post"}],"author":[{"embeddable":true,"href":"https:\/\/www.blogsoestado.com\/evandrojunior\/wp-json\/wp\/v2\/users\/4"}],"replies":[{"embeddable":true,"href":"https:\/\/www.blogsoestado.com\/evandrojunior\/wp-json\/wp\/v2\/comments?post=16878"}],"version-history":[{"count":0,"href":"https:\/\/www.blogsoestado.com\/evandrojunior\/wp-json\/wp\/v2\/posts\/16878\/revisions"}],"wp:attachment":[{"href":"https:\/\/www.blogsoestado.com\/evandrojunior\/wp-json\/wp\/v2\/media?parent=16878"}],"wp:term":[{"taxonomy":"category","embeddable":true,"href":"https:\/\/www.blogsoestado.com\/evandrojunior\/wp-json\/wp\/v2\/categories?post=16878"},{"taxonomy":"post_tag","embeddable":true,"href":"https:\/\/www.blogsoestado.com\/evandrojunior\/wp-json\/wp\/v2\/tags?post=16878"}],"curies":[{"name":"wp","href":"https:\/\/api.w.org\/{rel}","templated":true}]}}