{"id":16952,"date":"2025-10-13T15:45:05","date_gmt":"2025-10-13T18:45:05","guid":{"rendered":"https:\/\/www.blogsoestado.com\/evandrojunior\/?p=16952"},"modified":"2025-10-13T15:45:09","modified_gmt":"2025-10-13T18:45:09","slug":"grupo-equatorial-promoveu-ii-simposio-de-seguranca-e-inteligencia-institucional","status":"publish","type":"post","link":"https:\/\/www.blogsoestado.com\/evandrojunior\/2025\/10\/13\/grupo-equatorial-promoveu-ii-simposio-de-seguranca-e-inteligencia-institucional\/","title":{"rendered":"Grupo Equatorial promoveu II Simp\u00f3sio de Seguran\u00e7a e Intelig\u00eancia Institucional"},"content":{"rendered":"\n<figure class=\"wp-block-image aligncenter size-large\"><img fetchpriority=\"high\" decoding=\"async\" width=\"1024\" height=\"682\" src=\"https:\/\/www.blogsoestado.com\/evandrojunior\/wp-content\/uploads\/sites\/3\/2025\/10\/WhatsApp-Image-2025-10-13-at-14.42.34-1024x682.jpeg\" alt=\"\" class=\"wp-image-16953\" srcset=\"https:\/\/www.blogsoestado.com\/evandrojunior\/wp-content\/uploads\/sites\/3\/2025\/10\/WhatsApp-Image-2025-10-13-at-14.42.34-1024x682.jpeg 1024w, https:\/\/www.blogsoestado.com\/evandrojunior\/wp-content\/uploads\/sites\/3\/2025\/10\/WhatsApp-Image-2025-10-13-at-14.42.34-300x200.jpeg 300w, https:\/\/www.blogsoestado.com\/evandrojunior\/wp-content\/uploads\/sites\/3\/2025\/10\/WhatsApp-Image-2025-10-13-at-14.42.34-768x512.jpeg 768w, https:\/\/www.blogsoestado.com\/evandrojunior\/wp-content\/uploads\/sites\/3\/2025\/10\/WhatsApp-Image-2025-10-13-at-14.42.34-1536x1023.jpeg 1536w, https:\/\/www.blogsoestado.com\/evandrojunior\/wp-content\/uploads\/sites\/3\/2025\/10\/WhatsApp-Image-2025-10-13-at-14.42.34.jpeg 1600w\" sizes=\"(max-width: 1024px) 100vw, 1024px\" \/><figcaption class=\"wp-element-caption\"><strong>Superintendente Regional da Equatorial Maranh\u00e3o, Sergio Carvalho, que revelou um quadro de grandes passivos causados pelas a\u00e7\u00f5es criminosas contra o sistema el\u00e9trico no Estado.<\/strong><\/figcaption><\/figure>\n\n\n\n<p><strong>S\u00c3O LU\u00cdS <\/strong>&#8211; O audit\u00f3rio da sede da Equatorial Maranh\u00e3o, em S\u00e3o Lu\u00eds, foi palco, na quinta-feira (9), de um amplo debate e troca de experi\u00eancias durante o II Simp\u00f3sio de Seguran\u00e7a e Intelig\u00eancia Institucional. O evento, promovido pelo Grupo Equatorial, reuniu representantes das Pol\u00edcias Civil, Militar, Federal, Rodovi\u00e1ria Federal e Ex\u00e9rcito; especialistas em seguran\u00e7a empresarial e intelig\u00eancia corporativa; representantes do Poder Judici\u00e1rio e da Ag\u00eancia Brasileira de Intelig\u00eancia (ABIN), al\u00e9m de empresas privadas e fornecedores de solu\u00e7\u00f5es tecnol\u00f3gicas em seguran\u00e7a f\u00edsica e eletr\u00f4nica.<\/p>\n\n\n\n<p>Em sua segunda edi\u00e7\u00e3o, o evento teve como foco os desafios da seguran\u00e7a no combate a crimes contra infraestruturas cr\u00edticas, tais como furto e roubo de cabos, al\u00e9m do vandalismo; as quais garantem servi\u00e7os essenciais \u00e0 popula\u00e7\u00e3o. E visou aprimorar a integra\u00e7\u00e3o entre os agentes p\u00fablicos e privados na preven\u00e7\u00e3o e combate a esses crimes que amea\u00e7am o setor el\u00e9trico brasileiro.<\/p>\n\n\n\n<figure class=\"wp-block-image aligncenter size-large\"><img decoding=\"async\" width=\"1024\" height=\"682\" src=\"https:\/\/www.blogsoestado.com\/evandrojunior\/wp-content\/uploads\/sites\/3\/2025\/10\/WhatsApp-Image-2025-10-13-at-14.42.36-1024x682.jpeg\" alt=\"\" class=\"wp-image-16954\" srcset=\"https:\/\/www.blogsoestado.com\/evandrojunior\/wp-content\/uploads\/sites\/3\/2025\/10\/WhatsApp-Image-2025-10-13-at-14.42.36-1024x682.jpeg 1024w, https:\/\/www.blogsoestado.com\/evandrojunior\/wp-content\/uploads\/sites\/3\/2025\/10\/WhatsApp-Image-2025-10-13-at-14.42.36-300x200.jpeg 300w, https:\/\/www.blogsoestado.com\/evandrojunior\/wp-content\/uploads\/sites\/3\/2025\/10\/WhatsApp-Image-2025-10-13-at-14.42.36-768x512.jpeg 768w, https:\/\/www.blogsoestado.com\/evandrojunior\/wp-content\/uploads\/sites\/3\/2025\/10\/WhatsApp-Image-2025-10-13-at-14.42.36-1536x1023.jpeg 1536w, https:\/\/www.blogsoestado.com\/evandrojunior\/wp-content\/uploads\/sites\/3\/2025\/10\/WhatsApp-Image-2025-10-13-at-14.42.36.jpeg 1600w\" sizes=\"(max-width: 1024px) 100vw, 1024px\" \/><figcaption class=\"wp-element-caption\"><strong>Palestrantes e debatedores do II Simp\u00f3sio de Seguran\u00e7a e Intelig\u00eancia Institucional reunidos em S\u00e3o Lu\u00eds<\/strong><\/figcaption><\/figure>\n\n\n\n<p>O II Simp\u00f3sio foi aberto pelo diretor de Rela\u00e7\u00f5es Institucionais da Equatorial Maranh\u00e3o, Jos\u00e9 Jorge Soares, e pelo diretor de Servi\u00e7os Compartilhados do Grupo Equatorial, Humberto Nogueira, que refor\u00e7aram a import\u00e2ncia da a\u00e7\u00e3o conjunta entre diversos setores, visando coibir pr\u00e1ticas criminosas que amea\u00e7am o setor el\u00e9trico. <\/p>\n\n\n\n<p>\u201cAl\u00e9m do debate conjunto e troca de melhores pr\u00e1ticas, j\u00e1 iniciamos a cria\u00e7\u00e3o de um comit\u00ea formado pelas empresas do setor el\u00e9trico para um combate mais efetivo. J\u00e1 estamos aplicando o uso de IA, tecnologias e inova\u00e7\u00e3o para garantir a prote\u00e7\u00e3o ao setor el\u00e9trico e \u00e0 sociedade que dele depende para v\u00e1rios fins\u201d, declarou Humberto Nogueira.<\/p>\n\n\n\n<p>No evento, foram apresentadas estrat\u00e9gias de inova\u00e7\u00e3o, tecnologia e intelig\u00eancia artificial para monitoramento, preven\u00e7\u00e3o e repress\u00e3o dessas a\u00e7\u00f5es que colocam em risco o setor el\u00e9trico e a seguran\u00e7a das pessoas em geral.<\/p>\n\n\n\n<figure class=\"wp-block-image aligncenter size-large\"><img decoding=\"async\" width=\"1024\" height=\"682\" src=\"https:\/\/www.blogsoestado.com\/evandrojunior\/wp-content\/uploads\/sites\/3\/2025\/10\/WhatsApp-Image-2025-10-13-at-14.42.35-1024x682.jpeg\" alt=\"\" class=\"wp-image-16955\" srcset=\"https:\/\/www.blogsoestado.com\/evandrojunior\/wp-content\/uploads\/sites\/3\/2025\/10\/WhatsApp-Image-2025-10-13-at-14.42.35-1024x682.jpeg 1024w, https:\/\/www.blogsoestado.com\/evandrojunior\/wp-content\/uploads\/sites\/3\/2025\/10\/WhatsApp-Image-2025-10-13-at-14.42.35-300x200.jpeg 300w, https:\/\/www.blogsoestado.com\/evandrojunior\/wp-content\/uploads\/sites\/3\/2025\/10\/WhatsApp-Image-2025-10-13-at-14.42.35-768x512.jpeg 768w, https:\/\/www.blogsoestado.com\/evandrojunior\/wp-content\/uploads\/sites\/3\/2025\/10\/WhatsApp-Image-2025-10-13-at-14.42.35-1536x1023.jpeg 1536w, https:\/\/www.blogsoestado.com\/evandrojunior\/wp-content\/uploads\/sites\/3\/2025\/10\/WhatsApp-Image-2025-10-13-at-14.42.35.jpeg 1600w\" sizes=\"(max-width: 1024px) 100vw, 1024px\" \/><figcaption class=\"wp-element-caption\"><strong>Abertura do II Simp\u00f3sio de Seguran\u00e7a e Intelig\u00eancia Institucional, feita pelo Diretor de Rela\u00e7\u00f5es Institucionais Jos\u00e9 Jorge Soares e pelo Diretor de Servi\u00e7os Compartilhados do Grupo Equatorial, Humberto Nogueira<\/strong><\/figcaption><\/figure>\n\n\n\n<p><strong>Tecnologia e integra\u00e7\u00e3o no combate ao crime<\/strong><\/p>\n\n\n\n<p>Foram realizadas palestras, debates e pain\u00e9is tem\u00e1ticos. O primeiro painel \u201cDesafios da Seguran\u00e7a Empresarial no Setor El\u00e9trico\u201d reuniu os debatedores Sergio Carvalho (Equatorial Maranh\u00e3o), Franklin Barbosa (Eletrobr\u00e1s), Fabiano Faria (State Grid) e Tomaz Gomes (ISA Energia). Eles falaram sobre as estrat\u00e9gias de preven\u00e7\u00e3o a furtos e vandalismo em instala\u00e7\u00f5es el\u00e9tricas. E abordam quest\u00f5es como medidas de conten\u00e7\u00e3o f\u00edsica e protocolos de coopera\u00e7\u00e3o entre concession\u00e1rias e \u00f3rg\u00e3os de seguran\u00e7a p\u00fablica.<\/p>\n\n\n\n<p>Fabiano Faria lembrou que \u201cproteger o fornecimento de energia el\u00e9trica \u00e9 sin\u00f4nimo de proteger a vida, pois a sociedade n\u00e3o vive sem energia. Todos os nossos esfor\u00e7os s\u00e3o necess\u00e1rios para proteger o suporte \u00e0 vida das pessoas.<\/p>\n\n\n\n<p>O delegado Marcos Amorim, representando a Secretaria de Seguran\u00e7a P\u00fablica do Estado, palestrou sobre \u201cLegisla\u00e7\u00e3o e Opera\u00e7\u00f5es\u201d; seguido por Rafael Sanches, da \u00e1rea de Seguran\u00e7a do Trabalho da Equatorial, que apresentou o projeto \u201cSmart City\u201d.<\/p>\n\n\n\n<figure class=\"wp-block-image aligncenter size-large\"><img loading=\"lazy\" decoding=\"async\" width=\"1024\" height=\"682\" src=\"https:\/\/www.blogsoestado.com\/evandrojunior\/wp-content\/uploads\/sites\/3\/2025\/10\/WhatsApp-Image-2025-10-13-at-14.42.35-1-1024x682.jpeg\" alt=\"\" class=\"wp-image-16956\" srcset=\"https:\/\/www.blogsoestado.com\/evandrojunior\/wp-content\/uploads\/sites\/3\/2025\/10\/WhatsApp-Image-2025-10-13-at-14.42.35-1-1024x682.jpeg 1024w, https:\/\/www.blogsoestado.com\/evandrojunior\/wp-content\/uploads\/sites\/3\/2025\/10\/WhatsApp-Image-2025-10-13-at-14.42.35-1-300x200.jpeg 300w, https:\/\/www.blogsoestado.com\/evandrojunior\/wp-content\/uploads\/sites\/3\/2025\/10\/WhatsApp-Image-2025-10-13-at-14.42.35-1-768x512.jpeg 768w, https:\/\/www.blogsoestado.com\/evandrojunior\/wp-content\/uploads\/sites\/3\/2025\/10\/WhatsApp-Image-2025-10-13-at-14.42.35-1-1536x1023.jpeg 1536w, https:\/\/www.blogsoestado.com\/evandrojunior\/wp-content\/uploads\/sites\/3\/2025\/10\/WhatsApp-Image-2025-10-13-at-14.42.35-1.jpeg 1600w\" sizes=\"(max-width: 1024px) 100vw, 1024px\" \/><figcaption class=\"wp-element-caption\"><strong>Delegado Augusto Barros, superintendente de Investiga\u00e7\u00f5es Criminais e Cel. Magno (PMMA)<\/strong><\/figcaption><\/figure>\n\n\n\n<p>O segundo painel tratou dos \u201cDesafios da Seguran\u00e7a Empresarial em Infraestruturas Cr\u00edticas\u201d, tendo como painelistas Jorge Boueres (Vale), Jorge M\u00e1rcio (Petrobr\u00e1s), Marcelo Angelim (Motiva Aeroportos) e \u00c9der Cunha (Alumar). Em seguida, aconteceram apresenta\u00e7\u00f5es de Rodrigo Camargo (ASIS), Maur\u00edcio Thom\u00e9, da M3 Tecnologia; de Michel Ricardo, da Omniware LLC e de Kleber Reis, da Oguen Tecnologia.<\/p>\n\n\n\n<p>\u201cTodo o nosso trabalho visa desenvolver e fortalecer uma cultura de seguran\u00e7a corporativa e patrimonial com foco nas pessoas, afinal, o principal ativo de toda empresa \u00e9 o capital humano, a vida a ser preservada\u201d, ressaltou Maur\u00edcio Thom\u00e9, diretor da M3 Tecnologia.<\/p>\n\n\n\n<p>Durante o Simp\u00f3sio, a Equatorial apresentou uma s\u00e9rie de ferramentas que passam a integrar o sistema de seguran\u00e7a das distribuidoras do Grupo, como nanotecnologia, fibras sensitivas, monitoramento inteligente e sensores remotos \u2014 tecnologias que permitem rastrear e prevenir furtos, vandalismo e sabotagens a equipamentos estrat\u00e9gicos. Para a Equatorial, todo o investimento em tecnologia \u00e9 uma forma de proteger n\u00e3o apenas os ativos, mas, sobretudo, a vida e o bem-estar da popula\u00e7\u00e3o que depende da energia todos os dias.<\/p>\n\n\n\n<figure class=\"wp-block-image aligncenter size-large\"><img loading=\"lazy\" decoding=\"async\" width=\"1024\" height=\"682\" src=\"https:\/\/www.blogsoestado.com\/evandrojunior\/wp-content\/uploads\/sites\/3\/2025\/10\/WhatsApp-Image-2025-10-13-at-14.42.34-1-1024x682.jpeg\" alt=\"\" class=\"wp-image-16957\" srcset=\"https:\/\/www.blogsoestado.com\/evandrojunior\/wp-content\/uploads\/sites\/3\/2025\/10\/WhatsApp-Image-2025-10-13-at-14.42.34-1-1024x682.jpeg 1024w, https:\/\/www.blogsoestado.com\/evandrojunior\/wp-content\/uploads\/sites\/3\/2025\/10\/WhatsApp-Image-2025-10-13-at-14.42.34-1-300x200.jpeg 300w, https:\/\/www.blogsoestado.com\/evandrojunior\/wp-content\/uploads\/sites\/3\/2025\/10\/WhatsApp-Image-2025-10-13-at-14.42.34-1-768x512.jpeg 768w, https:\/\/www.blogsoestado.com\/evandrojunior\/wp-content\/uploads\/sites\/3\/2025\/10\/WhatsApp-Image-2025-10-13-at-14.42.34-1-1536x1023.jpeg 1536w, https:\/\/www.blogsoestado.com\/evandrojunior\/wp-content\/uploads\/sites\/3\/2025\/10\/WhatsApp-Image-2025-10-13-at-14.42.34-1.jpeg 1600w\" sizes=\"(max-width: 1024px) 100vw, 1024px\" \/><figcaption class=\"wp-element-caption\"><strong>Estandess de fornecedores na mostra sobre tecnologia, com solu\u00e7\u00f5es voltadas para a seguran\u00e7a em geral<\/strong><\/figcaption><\/figure>\n\n\n\n<p>A programa\u00e7\u00e3o incluiu tamb\u00e9m uma mostra tecnol\u00f3gica, com estandes de fornecedores e suas solu\u00e7\u00f5es e tecnologias voltadas para a seguran\u00e7a eletr\u00f4nica, sensores inteligentes, IA, fibra \u00f3ptica e vigil\u00e2ncia remota; al\u00e9m de demonstra\u00e7\u00f5es pr\u00e1ticas de tecnologias utilizadas no combate a crimes contra infraestruturas.<\/p>\n\n\n\n<p>Para o delegado Augusto Barros, superintendente de Investiga\u00e7\u00f5es Criminais, o evento foi proveitoso, com rica troca de experi\u00eancias entre os participantes \u201cal\u00e9m do networking importante, esse foi um evento que apresentou tecnologias diferenciadas e que podem ser utilizadas tanto pelo setor p\u00fablico, quanto pelo privado. Todos sa\u00edmos maiores desse Simp\u00f3sio\u201d, declarou o delegado.<\/p>\n\n\n\n<p>O simp\u00f3sio foi mais do que um encontro t\u00e9cnico, e representou um chamado \u00e0 a\u00e7\u00e3o conjunta. Seguran\u00e7a \u00e9 um valor que se constr\u00f3i com intelig\u00eancia, tecnologia e colabora\u00e7\u00e3o e quem mais ganha com esses esfor\u00e7os \u00e9 a sociedade em geral.<\/p>\n\n\n\n<p><strong>Realidade de riscos e dados com incidentes da rede el\u00e9trica<\/strong><\/p>\n\n\n\n<p>Na apresenta\u00e7\u00e3o institucional da Equatorial Maranh\u00e3o, o superintendente regional da Equatorial Maranh\u00e3o, Sergio Carvalho, revelou um quadro preocupante de incidentes nas instala\u00e7\u00f5es. Em 2025, foram 34 ocorr\u00eancias registradas apenas no estado, incluindo furtos de cabos, invas\u00f5es e vandalismo em subesta\u00e7\u00f5es<\/p>\n\n\n\n<p>Outro destaque foi o aumento expressivo dos casos de \u201cpipas em redes de energia\u201d, que provocaram 1.516 ocorr\u00eancias no primeiro semestre de 2025, um crescimento de 44,24% em rela\u00e7\u00e3o ao ano anterior, afetando o fornecimento de energia e gerando preju\u00edzos \u00e0 popula\u00e7\u00e3o. S\u00e3o Lu\u00eds lidera o ranking, com 516 epis\u00f3dios registrados. As ocorr\u00eancias s\u00e3o agravadas pelo uso de linhas cortantes, como o cerol e a linha chilena, proibidos pela Lei Estadual n\u00ba 11.344\/2020 e pela Lei Municipal n\u00ba 7.537, que criminalizam o uso e a comercializa\u00e7\u00e3o desses materiais.<\/p>\n\n\n\n<p>Em paralelo \u00e0s a\u00e7\u00f5es de monitoramento, o Grupo Equatorial vem desenvolvendo projetos comunit\u00e1rios de preven\u00e7\u00e3o, como o \u201cVoando com Responsabilidade \u2013 Pipa na M\u00e3o, Seguran\u00e7a em A\u00e7\u00e3o\u201d, que atua em bairros de S\u00e3o Lu\u00eds com altos \u00edndices de incidentes, como Liberdade, Anil, Jo\u00e3o de Deus e Vila Kiola. A iniciativa conta com parceria do Corpo de Bombeiros, Pol\u00edcia Militar, Guarda Municipal, PROCON, SEBRAE e l\u00edderes comunit\u00e1rios, unidos na promo\u00e7\u00e3o de campanhas educativas.<\/p>\n","protected":false},"excerpt":{"rendered":"<p>S\u00c3O LU\u00cdS &#8211; O audit\u00f3rio da sede da Equatorial Maranh\u00e3o, em S\u00e3o Lu\u00eds, foi palco, na quinta-feira (9), de um [&hellip;]<\/p>\n","protected":false},"author":4,"featured_media":0,"comment_status":"open","ping_status":"open","sticky":false,"template":"","format":"standard","meta":{"site-sidebar-layout":"default","site-content-layout":"","ast-site-content-layout":"default","site-content-style":"default","site-sidebar-style":"default","ast-global-header-display":"","ast-banner-title-visibility":"","ast-main-header-display":"","ast-hfb-above-header-display":"","ast-hfb-below-header-display":"","ast-hfb-mobile-header-display":"","site-post-title":"","ast-breadcrumbs-content":"","ast-featured-img":"","footer-sml-layout":"","ast-disable-related-posts":"","theme-transparent-header-meta":"","adv-header-id-meta":"","stick-header-meta":"","header-above-stick-meta":"","header-main-stick-meta":"","header-below-stick-meta":"","astra-migrate-meta-layouts":"default","ast-page-background-enabled":"default","ast-page-background-meta":{"desktop":{"background-color":"var(--ast-global-color-5)","background-image":"","background-repeat":"repeat","background-position":"center center","background-size":"auto","background-attachment":"scroll","background-type":"","background-media":"","overlay-type":"","overlay-color":"","overlay-opacity":"","overlay-gradient":""},"tablet":{"background-color":"","background-image":"","background-repeat":"repeat","background-position":"center center","background-size":"auto","background-attachment":"scroll","background-type":"","background-media":"","overlay-type":"","overlay-color":"","overlay-opacity":"","overlay-gradient":""},"mobile":{"background-color":"","background-image":"","background-repeat":"repeat","background-position":"center center","background-size":"auto","background-attachment":"scroll","background-type":"","background-media":"","overlay-type":"","overlay-color":"","overlay-opacity":"","overlay-gradient":""}},"ast-content-background-meta":{"desktop":{"background-color":"var(--ast-global-color-4)","background-image":"","background-repeat":"repeat","background-position":"center center","background-size":"auto","background-attachment":"scroll","background-type":"","background-media":"","overlay-type":"","overlay-color":"","overlay-opacity":"","overlay-gradient":""},"tablet":{"background-color":"var(--ast-global-color-4)","background-image":"","background-repeat":"repeat","background-position":"center center","background-size":"auto","background-attachment":"scroll","background-type":"","background-media":"","overlay-type":"","overlay-color":"","overlay-opacity":"","overlay-gradient":""},"mobile":{"background-color":"var(--ast-global-color-4)","background-image":"","background-repeat":"repeat","background-position":"center center","background-size":"auto","background-attachment":"scroll","background-type":"","background-media":"","overlay-type":"","overlay-color":"","overlay-opacity":"","overlay-gradient":""}},"footnotes":""},"categories":[1],"tags":[],"class_list":["post-16952","post","type-post","status-publish","format-standard","hentry","category-sem-categoria"],"yoast_head":"<!-- This site is optimized with the Yoast SEO plugin v26.6 - https:\/\/yoast.com\/wordpress\/plugins\/seo\/ -->\n<title>Grupo Equatorial promoveu II Simp\u00f3sio de Seguran\u00e7a e Intelig\u00eancia Institucional - Evandro Junior<\/title>\n<meta name=\"robots\" content=\"index, follow, max-snippet:-1, max-image-preview:large, max-video-preview:-1\" \/>\n<link rel=\"canonical\" href=\"https:\/\/www.blogsoestado.com\/evandrojunior\/2025\/10\/13\/grupo-equatorial-promoveu-ii-simposio-de-seguranca-e-inteligencia-institucional\/\" \/>\n<meta property=\"og:locale\" content=\"pt_BR\" \/>\n<meta property=\"og:type\" content=\"article\" \/>\n<meta property=\"og:title\" content=\"Grupo Equatorial promoveu II Simp\u00f3sio de Seguran\u00e7a e Intelig\u00eancia Institucional - Evandro Junior\" \/>\n<meta property=\"og:description\" content=\"S\u00c3O LU\u00cdS &#8211; O audit\u00f3rio da sede da Equatorial Maranh\u00e3o, em S\u00e3o Lu\u00eds, foi palco, na quinta-feira (9), de um [&hellip;]\" \/>\n<meta property=\"og:url\" content=\"https:\/\/www.blogsoestado.com\/evandrojunior\/2025\/10\/13\/grupo-equatorial-promoveu-ii-simposio-de-seguranca-e-inteligencia-institucional\/\" \/>\n<meta property=\"og:site_name\" content=\"Evandro Junior\" \/>\n<meta property=\"article:published_time\" content=\"2025-10-13T18:45:05+00:00\" \/>\n<meta property=\"article:modified_time\" content=\"2025-10-13T18:45:09+00:00\" \/>\n<meta property=\"og:image\" content=\"https:\/\/www.blogsoestado.com\/evandrojunior\/wp-content\/uploads\/sites\/3\/2025\/10\/WhatsApp-Image-2025-10-13-at-14.42.34-1024x682.jpeg\" \/>\n<meta name=\"author\" content=\"Evandro Junior\" \/>\n<meta name=\"twitter:card\" content=\"summary_large_image\" \/>\n<meta name=\"twitter:label1\" content=\"Escrito por\" \/>\n\t<meta name=\"twitter:data1\" content=\"Evandro Junior\" \/>\n\t<meta name=\"twitter:label2\" content=\"Est. tempo de leitura\" \/>\n\t<meta name=\"twitter:data2\" content=\"7 minutos\" \/>\n<script type=\"application\/ld+json\" class=\"yoast-schema-graph\">{\"@context\":\"https:\/\/schema.org\",\"@graph\":[{\"@type\":\"WebPage\",\"@id\":\"https:\/\/www.blogsoestado.com\/evandrojunior\/2025\/10\/13\/grupo-equatorial-promoveu-ii-simposio-de-seguranca-e-inteligencia-institucional\/\",\"url\":\"https:\/\/www.blogsoestado.com\/evandrojunior\/2025\/10\/13\/grupo-equatorial-promoveu-ii-simposio-de-seguranca-e-inteligencia-institucional\/\",\"name\":\"Grupo Equatorial promoveu II Simp\u00f3sio de Seguran\u00e7a e Intelig\u00eancia Institucional - Evandro Junior\",\"isPartOf\":{\"@id\":\"https:\/\/www.blogsoestado.com\/evandrojunior\/#website\"},\"primaryImageOfPage\":{\"@id\":\"https:\/\/www.blogsoestado.com\/evandrojunior\/2025\/10\/13\/grupo-equatorial-promoveu-ii-simposio-de-seguranca-e-inteligencia-institucional\/#primaryimage\"},\"image\":{\"@id\":\"https:\/\/www.blogsoestado.com\/evandrojunior\/2025\/10\/13\/grupo-equatorial-promoveu-ii-simposio-de-seguranca-e-inteligencia-institucional\/#primaryimage\"},\"thumbnailUrl\":\"https:\/\/www.blogsoestado.com\/evandrojunior\/wp-content\/uploads\/sites\/3\/2025\/10\/WhatsApp-Image-2025-10-13-at-14.42.34-1024x682.jpeg\",\"datePublished\":\"2025-10-13T18:45:05+00:00\",\"dateModified\":\"2025-10-13T18:45:09+00:00\",\"author\":{\"@id\":\"https:\/\/www.blogsoestado.com\/evandrojunior\/#\/schema\/person\/3e6c3d8dbb740d1c6878ebc935cfb3be\"},\"breadcrumb\":{\"@id\":\"https:\/\/www.blogsoestado.com\/evandrojunior\/2025\/10\/13\/grupo-equatorial-promoveu-ii-simposio-de-seguranca-e-inteligencia-institucional\/#breadcrumb\"},\"inLanguage\":\"pt-BR\",\"potentialAction\":[{\"@type\":\"ReadAction\",\"target\":[\"https:\/\/www.blogsoestado.com\/evandrojunior\/2025\/10\/13\/grupo-equatorial-promoveu-ii-simposio-de-seguranca-e-inteligencia-institucional\/\"]}]},{\"@type\":\"ImageObject\",\"inLanguage\":\"pt-BR\",\"@id\":\"https:\/\/www.blogsoestado.com\/evandrojunior\/2025\/10\/13\/grupo-equatorial-promoveu-ii-simposio-de-seguranca-e-inteligencia-institucional\/#primaryimage\",\"url\":\"https:\/\/www.blogsoestado.com\/evandrojunior\/wp-content\/uploads\/sites\/3\/2025\/10\/WhatsApp-Image-2025-10-13-at-14.42.34.jpeg\",\"contentUrl\":\"https:\/\/www.blogsoestado.com\/evandrojunior\/wp-content\/uploads\/sites\/3\/2025\/10\/WhatsApp-Image-2025-10-13-at-14.42.34.jpeg\",\"width\":1600,\"height\":1066,\"caption\":\"Simp\u00f3sio de Seguran\u00e7a e Intelig\u00eancia Institucional que aconteceu no audit\u00f3rio da Equatorial Maranh\u00e3o na quinta-feira (9)\"},{\"@type\":\"BreadcrumbList\",\"@id\":\"https:\/\/www.blogsoestado.com\/evandrojunior\/2025\/10\/13\/grupo-equatorial-promoveu-ii-simposio-de-seguranca-e-inteligencia-institucional\/#breadcrumb\",\"itemListElement\":[{\"@type\":\"ListItem\",\"position\":1,\"name\":\"In\u00edcio\",\"item\":\"https:\/\/www.blogsoestado.com\/evandrojunior\/\"},{\"@type\":\"ListItem\",\"position\":2,\"name\":\"Grupo Equatorial promoveu II Simp\u00f3sio de Seguran\u00e7a e Intelig\u00eancia Institucional\"}]},{\"@type\":\"WebSite\",\"@id\":\"https:\/\/www.blogsoestado.com\/evandrojunior\/#website\",\"url\":\"https:\/\/www.blogsoestado.com\/evandrojunior\/\",\"name\":\"Evandro Junior\",\"description\":\"\",\"potentialAction\":[{\"@type\":\"SearchAction\",\"target\":{\"@type\":\"EntryPoint\",\"urlTemplate\":\"https:\/\/www.blogsoestado.com\/evandrojunior\/?s={search_term_string}\"},\"query-input\":{\"@type\":\"PropertyValueSpecification\",\"valueRequired\":true,\"valueName\":\"search_term_string\"}}],\"inLanguage\":\"pt-BR\"},{\"@type\":\"Person\",\"@id\":\"https:\/\/www.blogsoestado.com\/evandrojunior\/#\/schema\/person\/3e6c3d8dbb740d1c6878ebc935cfb3be\",\"name\":\"Evandro Junior\",\"image\":{\"@type\":\"ImageObject\",\"inLanguage\":\"pt-BR\",\"@id\":\"https:\/\/www.blogsoestado.com\/evandrojunior\/#\/schema\/person\/image\/\",\"url\":\"https:\/\/secure.gravatar.com\/avatar\/f80a03a2294a580cd2318bfb459bf354cfa8be661ef3d95b542cf9a04af8d129?s=96&d=mm&r=g\",\"contentUrl\":\"https:\/\/secure.gravatar.com\/avatar\/f80a03a2294a580cd2318bfb459bf354cfa8be661ef3d95b542cf9a04af8d129?s=96&d=mm&r=g\",\"caption\":\"Evandro Junior\"},\"url\":\"https:\/\/www.blogsoestado.com\/evandrojunior\/author\/evandrojunior\/\"}]}<\/script>\n<!-- \/ Yoast SEO plugin. -->","yoast_head_json":{"title":"Grupo Equatorial promoveu II Simp\u00f3sio de Seguran\u00e7a e Intelig\u00eancia Institucional - Evandro Junior","robots":{"index":"index","follow":"follow","max-snippet":"max-snippet:-1","max-image-preview":"max-image-preview:large","max-video-preview":"max-video-preview:-1"},"canonical":"https:\/\/www.blogsoestado.com\/evandrojunior\/2025\/10\/13\/grupo-equatorial-promoveu-ii-simposio-de-seguranca-e-inteligencia-institucional\/","og_locale":"pt_BR","og_type":"article","og_title":"Grupo Equatorial promoveu II Simp\u00f3sio de Seguran\u00e7a e Intelig\u00eancia Institucional - Evandro Junior","og_description":"S\u00c3O LU\u00cdS &#8211; O audit\u00f3rio da sede da Equatorial Maranh\u00e3o, em S\u00e3o Lu\u00eds, foi palco, na quinta-feira (9), de um [&hellip;]","og_url":"https:\/\/www.blogsoestado.com\/evandrojunior\/2025\/10\/13\/grupo-equatorial-promoveu-ii-simposio-de-seguranca-e-inteligencia-institucional\/","og_site_name":"Evandro Junior","article_published_time":"2025-10-13T18:45:05+00:00","article_modified_time":"2025-10-13T18:45:09+00:00","og_image":[{"url":"https:\/\/www.blogsoestado.com\/evandrojunior\/wp-content\/uploads\/sites\/3\/2025\/10\/WhatsApp-Image-2025-10-13-at-14.42.34-1024x682.jpeg","type":"","width":"","height":""}],"author":"Evandro Junior","twitter_card":"summary_large_image","twitter_misc":{"Escrito por":"Evandro Junior","Est. tempo de leitura":"7 minutos"},"schema":{"@context":"https:\/\/schema.org","@graph":[{"@type":"WebPage","@id":"https:\/\/www.blogsoestado.com\/evandrojunior\/2025\/10\/13\/grupo-equatorial-promoveu-ii-simposio-de-seguranca-e-inteligencia-institucional\/","url":"https:\/\/www.blogsoestado.com\/evandrojunior\/2025\/10\/13\/grupo-equatorial-promoveu-ii-simposio-de-seguranca-e-inteligencia-institucional\/","name":"Grupo Equatorial promoveu II Simp\u00f3sio de Seguran\u00e7a e Intelig\u00eancia Institucional - Evandro Junior","isPartOf":{"@id":"https:\/\/www.blogsoestado.com\/evandrojunior\/#website"},"primaryImageOfPage":{"@id":"https:\/\/www.blogsoestado.com\/evandrojunior\/2025\/10\/13\/grupo-equatorial-promoveu-ii-simposio-de-seguranca-e-inteligencia-institucional\/#primaryimage"},"image":{"@id":"https:\/\/www.blogsoestado.com\/evandrojunior\/2025\/10\/13\/grupo-equatorial-promoveu-ii-simposio-de-seguranca-e-inteligencia-institucional\/#primaryimage"},"thumbnailUrl":"https:\/\/www.blogsoestado.com\/evandrojunior\/wp-content\/uploads\/sites\/3\/2025\/10\/WhatsApp-Image-2025-10-13-at-14.42.34-1024x682.jpeg","datePublished":"2025-10-13T18:45:05+00:00","dateModified":"2025-10-13T18:45:09+00:00","author":{"@id":"https:\/\/www.blogsoestado.com\/evandrojunior\/#\/schema\/person\/3e6c3d8dbb740d1c6878ebc935cfb3be"},"breadcrumb":{"@id":"https:\/\/www.blogsoestado.com\/evandrojunior\/2025\/10\/13\/grupo-equatorial-promoveu-ii-simposio-de-seguranca-e-inteligencia-institucional\/#breadcrumb"},"inLanguage":"pt-BR","potentialAction":[{"@type":"ReadAction","target":["https:\/\/www.blogsoestado.com\/evandrojunior\/2025\/10\/13\/grupo-equatorial-promoveu-ii-simposio-de-seguranca-e-inteligencia-institucional\/"]}]},{"@type":"ImageObject","inLanguage":"pt-BR","@id":"https:\/\/www.blogsoestado.com\/evandrojunior\/2025\/10\/13\/grupo-equatorial-promoveu-ii-simposio-de-seguranca-e-inteligencia-institucional\/#primaryimage","url":"https:\/\/www.blogsoestado.com\/evandrojunior\/wp-content\/uploads\/sites\/3\/2025\/10\/WhatsApp-Image-2025-10-13-at-14.42.34.jpeg","contentUrl":"https:\/\/www.blogsoestado.com\/evandrojunior\/wp-content\/uploads\/sites\/3\/2025\/10\/WhatsApp-Image-2025-10-13-at-14.42.34.jpeg","width":1600,"height":1066,"caption":"Simp\u00f3sio de Seguran\u00e7a e Intelig\u00eancia Institucional que aconteceu no audit\u00f3rio da Equatorial Maranh\u00e3o na quinta-feira (9)"},{"@type":"BreadcrumbList","@id":"https:\/\/www.blogsoestado.com\/evandrojunior\/2025\/10\/13\/grupo-equatorial-promoveu-ii-simposio-de-seguranca-e-inteligencia-institucional\/#breadcrumb","itemListElement":[{"@type":"ListItem","position":1,"name":"In\u00edcio","item":"https:\/\/www.blogsoestado.com\/evandrojunior\/"},{"@type":"ListItem","position":2,"name":"Grupo Equatorial promoveu II Simp\u00f3sio de Seguran\u00e7a e Intelig\u00eancia Institucional"}]},{"@type":"WebSite","@id":"https:\/\/www.blogsoestado.com\/evandrojunior\/#website","url":"https:\/\/www.blogsoestado.com\/evandrojunior\/","name":"Evandro Junior","description":"","potentialAction":[{"@type":"SearchAction","target":{"@type":"EntryPoint","urlTemplate":"https:\/\/www.blogsoestado.com\/evandrojunior\/?s={search_term_string}"},"query-input":{"@type":"PropertyValueSpecification","valueRequired":true,"valueName":"search_term_string"}}],"inLanguage":"pt-BR"},{"@type":"Person","@id":"https:\/\/www.blogsoestado.com\/evandrojunior\/#\/schema\/person\/3e6c3d8dbb740d1c6878ebc935cfb3be","name":"Evandro Junior","image":{"@type":"ImageObject","inLanguage":"pt-BR","@id":"https:\/\/www.blogsoestado.com\/evandrojunior\/#\/schema\/person\/image\/","url":"https:\/\/secure.gravatar.com\/avatar\/f80a03a2294a580cd2318bfb459bf354cfa8be661ef3d95b542cf9a04af8d129?s=96&d=mm&r=g","contentUrl":"https:\/\/secure.gravatar.com\/avatar\/f80a03a2294a580cd2318bfb459bf354cfa8be661ef3d95b542cf9a04af8d129?s=96&d=mm&r=g","caption":"Evandro Junior"},"url":"https:\/\/www.blogsoestado.com\/evandrojunior\/author\/evandrojunior\/"}]}},"jetpack_featured_media_url":"","_links":{"self":[{"href":"https:\/\/www.blogsoestado.com\/evandrojunior\/wp-json\/wp\/v2\/posts\/16952","targetHints":{"allow":["GET"]}}],"collection":[{"href":"https:\/\/www.blogsoestado.com\/evandrojunior\/wp-json\/wp\/v2\/posts"}],"about":[{"href":"https:\/\/www.blogsoestado.com\/evandrojunior\/wp-json\/wp\/v2\/types\/post"}],"author":[{"embeddable":true,"href":"https:\/\/www.blogsoestado.com\/evandrojunior\/wp-json\/wp\/v2\/users\/4"}],"replies":[{"embeddable":true,"href":"https:\/\/www.blogsoestado.com\/evandrojunior\/wp-json\/wp\/v2\/comments?post=16952"}],"version-history":[{"count":0,"href":"https:\/\/www.blogsoestado.com\/evandrojunior\/wp-json\/wp\/v2\/posts\/16952\/revisions"}],"wp:attachment":[{"href":"https:\/\/www.blogsoestado.com\/evandrojunior\/wp-json\/wp\/v2\/media?parent=16952"}],"wp:term":[{"taxonomy":"category","embeddable":true,"href":"https:\/\/www.blogsoestado.com\/evandrojunior\/wp-json\/wp\/v2\/categories?post=16952"},{"taxonomy":"post_tag","embeddable":true,"href":"https:\/\/www.blogsoestado.com\/evandrojunior\/wp-json\/wp\/v2\/tags?post=16952"}],"curies":[{"name":"wp","href":"https:\/\/api.w.org\/{rel}","templated":true}]}}