{"id":16966,"date":"2025-10-14T12:31:03","date_gmt":"2025-10-14T15:31:03","guid":{"rendered":"https:\/\/www.blogsoestado.com\/evandrojunior\/?p=16966"},"modified":"2025-10-14T12:31:05","modified_gmt":"2025-10-14T15:31:05","slug":"claudinho-brasil-eletriza-sao-luis-em-noite-historica-by-lumic-producoes","status":"publish","type":"post","link":"https:\/\/www.blogsoestado.com\/evandrojunior\/2025\/10\/14\/claudinho-brasil-eletriza-sao-luis-em-noite-historica-by-lumic-producoes\/","title":{"rendered":"Claudinho Brasil eletriza S\u00e3o Lu\u00eds em noite hist\u00f3rica by Lumic Produ\u00e7\u00f5es"},"content":{"rendered":"\n<figure class=\"wp-block-image aligncenter size-large\"><img fetchpriority=\"high\" decoding=\"async\" width=\"1024\" height=\"682\" src=\"https:\/\/www.blogsoestado.com\/evandrojunior\/wp-content\/uploads\/sites\/3\/2025\/10\/WhatsApp-Image-2025-10-14-at-11.23.52-1024x682.jpeg\" alt=\"\" class=\"wp-image-16967\" srcset=\"https:\/\/www.blogsoestado.com\/evandrojunior\/wp-content\/uploads\/sites\/3\/2025\/10\/WhatsApp-Image-2025-10-14-at-11.23.52-1024x682.jpeg 1024w, https:\/\/www.blogsoestado.com\/evandrojunior\/wp-content\/uploads\/sites\/3\/2025\/10\/WhatsApp-Image-2025-10-14-at-11.23.52-300x200.jpeg 300w, https:\/\/www.blogsoestado.com\/evandrojunior\/wp-content\/uploads\/sites\/3\/2025\/10\/WhatsApp-Image-2025-10-14-at-11.23.52-768x512.jpeg 768w, https:\/\/www.blogsoestado.com\/evandrojunior\/wp-content\/uploads\/sites\/3\/2025\/10\/WhatsApp-Image-2025-10-14-at-11.23.52-1536x1023.jpeg 1536w, https:\/\/www.blogsoestado.com\/evandrojunior\/wp-content\/uploads\/sites\/3\/2025\/10\/WhatsApp-Image-2025-10-14-at-11.23.52.jpeg 1600w\" sizes=\"(max-width: 1024px) 100vw, 1024px\" \/><figcaption class=\"wp-element-caption\"><strong>Claudinho Brasil foi atra\u00e7\u00e3o da festa FLUXUS, realizada na boate Glam, na Ponta d&#8217;Areia, no dia 10 de outubro <\/strong><\/figcaption><\/figure>\n\n\n\n<p><strong>S\u00c3O LU\u00cdS <\/strong>&#8211; A capital maranhense viveu uma daquelas noites que ficam na mem\u00f3ria. A boate Glam, na Ponta d&#8217;Areia, foi tomada por luzes, beats e uma energia quase palp\u00e1vel quando Claudinho Brasil, fen\u00f4meno da m\u00fasica eletr\u00f4nica mundial, subiu ao palco. Com mais de 1 milh\u00e3o de seguidores, apadrinhado por Alok e uma trajet\u00f3ria marcada por apresenta\u00e7\u00f5es em grandes festivais internacionais, o artista entregou um show arrebatador, daquelas experi\u00eancias que ningu\u00e9m esquece. O show foi realizado no dia 10 de outubro.<\/p>\n\n\n\n<p>Foi a primeira vez que Claudinho se apresentou em S\u00e3o Lu\u00eds \u2014 e ele n\u00e3o economizou vibra\u00e7\u00e3o. Em um set explosivo, cheio de percuss\u00f5es ao vivo, vocais e efeitos especiais, o DJ mostrou por que \u00e9 considerado um dos nomes mais criativos do cen\u00e1rio eletr\u00f4nico. A pista vibrou junto. Era imposs\u00edvel ficar parado.<\/p>\n\n\n\n<figure class=\"wp-block-image aligncenter size-large\"><img decoding=\"async\" width=\"682\" height=\"1024\" src=\"https:\/\/www.blogsoestado.com\/evandrojunior\/wp-content\/uploads\/sites\/3\/2025\/10\/WhatsApp-Image-2025-10-14-at-11.23.53-682x1024.jpeg\" alt=\"\" class=\"wp-image-16968\" srcset=\"https:\/\/www.blogsoestado.com\/evandrojunior\/wp-content\/uploads\/sites\/3\/2025\/10\/WhatsApp-Image-2025-10-14-at-11.23.53-682x1024.jpeg 682w, https:\/\/www.blogsoestado.com\/evandrojunior\/wp-content\/uploads\/sites\/3\/2025\/10\/WhatsApp-Image-2025-10-14-at-11.23.53-200x300.jpeg 200w, https:\/\/www.blogsoestado.com\/evandrojunior\/wp-content\/uploads\/sites\/3\/2025\/10\/WhatsApp-Image-2025-10-14-at-11.23.53-768x1153.jpeg 768w, https:\/\/www.blogsoestado.com\/evandrojunior\/wp-content\/uploads\/sites\/3\/2025\/10\/WhatsApp-Image-2025-10-14-at-11.23.53-1023x1536.jpeg 1023w, https:\/\/www.blogsoestado.com\/evandrojunior\/wp-content\/uploads\/sites\/3\/2025\/10\/WhatsApp-Image-2025-10-14-at-11.23.53.jpeg 1066w\" sizes=\"(max-width: 682px) 100vw, 682px\" \/><figcaption class=\"wp-element-caption\"><strong>Claudinho Brasil agitou a boate Glam durante a festa FLUXUS<\/strong><\/figcaption><\/figure>\n\n\n\n<figure class=\"wp-block-image aligncenter size-large\"><img decoding=\"async\" width=\"682\" height=\"1024\" src=\"https:\/\/www.blogsoestado.com\/evandrojunior\/wp-content\/uploads\/sites\/3\/2025\/10\/WhatsApp-Image-2025-10-14-at-11.24.02-682x1024.jpeg\" alt=\"\" class=\"wp-image-16969\" srcset=\"https:\/\/www.blogsoestado.com\/evandrojunior\/wp-content\/uploads\/sites\/3\/2025\/10\/WhatsApp-Image-2025-10-14-at-11.24.02-682x1024.jpeg 682w, https:\/\/www.blogsoestado.com\/evandrojunior\/wp-content\/uploads\/sites\/3\/2025\/10\/WhatsApp-Image-2025-10-14-at-11.24.02-200x300.jpeg 200w, https:\/\/www.blogsoestado.com\/evandrojunior\/wp-content\/uploads\/sites\/3\/2025\/10\/WhatsApp-Image-2025-10-14-at-11.24.02-768x1153.jpeg 768w, https:\/\/www.blogsoestado.com\/evandrojunior\/wp-content\/uploads\/sites\/3\/2025\/10\/WhatsApp-Image-2025-10-14-at-11.24.02-1023x1536.jpeg 1023w, https:\/\/www.blogsoestado.com\/evandrojunior\/wp-content\/uploads\/sites\/3\/2025\/10\/WhatsApp-Image-2025-10-14-at-11.24.02.jpeg 1066w\" sizes=\"(max-width: 682px) 100vw, 682px\" \/><figcaption class=\"wp-element-caption\"><strong>Entre os que prestigiaram o evento, destaque para o jovem casal de gestores Marcello Duaillibe, presidente da EMSERH, e Aline Barros, subsecret\u00e1ria de Estado do Planejamento e Or\u00e7amento do Maranh\u00e3o, que aparecem com Claudinho Brasil<\/strong><\/figcaption><\/figure>\n\n\n\n<figure class=\"wp-block-image aligncenter size-large\"><img loading=\"lazy\" decoding=\"async\" width=\"682\" height=\"1024\" src=\"https:\/\/www.blogsoestado.com\/evandrojunior\/wp-content\/uploads\/sites\/3\/2025\/10\/WhatsApp-Image-2025-10-14-at-11.24.00-682x1024.jpeg\" alt=\"\" class=\"wp-image-16977\" srcset=\"https:\/\/www.blogsoestado.com\/evandrojunior\/wp-content\/uploads\/sites\/3\/2025\/10\/WhatsApp-Image-2025-10-14-at-11.24.00-682x1024.jpeg 682w, https:\/\/www.blogsoestado.com\/evandrojunior\/wp-content\/uploads\/sites\/3\/2025\/10\/WhatsApp-Image-2025-10-14-at-11.24.00-200x300.jpeg 200w, https:\/\/www.blogsoestado.com\/evandrojunior\/wp-content\/uploads\/sites\/3\/2025\/10\/WhatsApp-Image-2025-10-14-at-11.24.00-768x1153.jpeg 768w, https:\/\/www.blogsoestado.com\/evandrojunior\/wp-content\/uploads\/sites\/3\/2025\/10\/WhatsApp-Image-2025-10-14-at-11.24.00-1023x1536.jpeg 1023w, https:\/\/www.blogsoestado.com\/evandrojunior\/wp-content\/uploads\/sites\/3\/2025\/10\/WhatsApp-Image-2025-10-14-at-11.24.00.jpeg 1066w\" sizes=\"(max-width: 682px) 100vw, 682px\" \/><figcaption class=\"wp-element-caption\"><strong>N\u00e3o faltaram os \u00f3culos escuros, que d\u00e3o um charme a mais \u00e0s festas de m\u00fasica eletr\u00f4nica<\/strong><\/figcaption><\/figure>\n\n\n\n<p>O show veio ao Maranh\u00e3o pelas m\u00e3os da Lumic Produ\u00e7\u00f5es, que escolheu Claudinho Brasil para estrear seu nome no mercado de eventos com a FLUXUS \u2014 uma festa que transformou a noite da cidade em um manifesto de arte, m\u00fasica e liberdade. E deu certo. A estreia da produtora foi um sucesso absoluto, reunindo um p\u00fablico cheio de estilo e boas vibra\u00e7\u00f5es.<\/p>\n\n\n\n<figure class=\"wp-block-image aligncenter size-large\"><img loading=\"lazy\" decoding=\"async\" width=\"1024\" height=\"682\" src=\"https:\/\/www.blogsoestado.com\/evandrojunior\/wp-content\/uploads\/sites\/3\/2025\/10\/WhatsApp-Image-2025-10-14-at-11.23.54-1024x682.jpeg\" alt=\"\" class=\"wp-image-16970\" srcset=\"https:\/\/www.blogsoestado.com\/evandrojunior\/wp-content\/uploads\/sites\/3\/2025\/10\/WhatsApp-Image-2025-10-14-at-11.23.54-1024x682.jpeg 1024w, https:\/\/www.blogsoestado.com\/evandrojunior\/wp-content\/uploads\/sites\/3\/2025\/10\/WhatsApp-Image-2025-10-14-at-11.23.54-300x200.jpeg 300w, https:\/\/www.blogsoestado.com\/evandrojunior\/wp-content\/uploads\/sites\/3\/2025\/10\/WhatsApp-Image-2025-10-14-at-11.23.54-768x512.jpeg 768w, https:\/\/www.blogsoestado.com\/evandrojunior\/wp-content\/uploads\/sites\/3\/2025\/10\/WhatsApp-Image-2025-10-14-at-11.23.54-1536x1023.jpeg 1536w, https:\/\/www.blogsoestado.com\/evandrojunior\/wp-content\/uploads\/sites\/3\/2025\/10\/WhatsApp-Image-2025-10-14-at-11.23.54.jpeg 1600w\" sizes=\"(max-width: 1024px) 100vw, 1024px\" \/><figcaption class=\"wp-element-caption\"><strong>Festa FLUXUS atraiu amigas apaixonadas por m\u00fasica eletr\u00f4nica<\/strong><\/figcaption><\/figure>\n\n\n\n<figure class=\"wp-block-image aligncenter size-large\"><img loading=\"lazy\" decoding=\"async\" width=\"682\" height=\"1024\" src=\"https:\/\/www.blogsoestado.com\/evandrojunior\/wp-content\/uploads\/sites\/3\/2025\/10\/WhatsApp-Image-2025-10-14-at-11.23.55-682x1024.jpeg\" alt=\"\" class=\"wp-image-16971\" srcset=\"https:\/\/www.blogsoestado.com\/evandrojunior\/wp-content\/uploads\/sites\/3\/2025\/10\/WhatsApp-Image-2025-10-14-at-11.23.55-682x1024.jpeg 682w, https:\/\/www.blogsoestado.com\/evandrojunior\/wp-content\/uploads\/sites\/3\/2025\/10\/WhatsApp-Image-2025-10-14-at-11.23.55-200x300.jpeg 200w, https:\/\/www.blogsoestado.com\/evandrojunior\/wp-content\/uploads\/sites\/3\/2025\/10\/WhatsApp-Image-2025-10-14-at-11.23.55-768x1153.jpeg 768w, https:\/\/www.blogsoestado.com\/evandrojunior\/wp-content\/uploads\/sites\/3\/2025\/10\/WhatsApp-Image-2025-10-14-at-11.23.55-1023x1536.jpeg 1023w, https:\/\/www.blogsoestado.com\/evandrojunior\/wp-content\/uploads\/sites\/3\/2025\/10\/WhatsApp-Image-2025-10-14-at-11.23.55.jpeg 1066w\" sizes=\"(max-width: 682px) 100vw, 682px\" \/><figcaption class=\"wp-element-caption\"><strong>Casal vestiu preto, bem em sintonia com as festas do g\u00eanero, sempre um sucesso no Brasil e no mundo<\/strong><\/figcaption><\/figure>\n\n\n\n<figure class=\"wp-block-image aligncenter size-large\"><img loading=\"lazy\" decoding=\"async\" width=\"682\" height=\"1024\" src=\"https:\/\/www.blogsoestado.com\/evandrojunior\/wp-content\/uploads\/sites\/3\/2025\/10\/WhatsApp-Image-2025-10-14-at-11.23.56-682x1024.jpeg\" alt=\"\" class=\"wp-image-16972\" srcset=\"https:\/\/www.blogsoestado.com\/evandrojunior\/wp-content\/uploads\/sites\/3\/2025\/10\/WhatsApp-Image-2025-10-14-at-11.23.56-682x1024.jpeg 682w, https:\/\/www.blogsoestado.com\/evandrojunior\/wp-content\/uploads\/sites\/3\/2025\/10\/WhatsApp-Image-2025-10-14-at-11.23.56-200x300.jpeg 200w, https:\/\/www.blogsoestado.com\/evandrojunior\/wp-content\/uploads\/sites\/3\/2025\/10\/WhatsApp-Image-2025-10-14-at-11.23.56-768x1153.jpeg 768w, https:\/\/www.blogsoestado.com\/evandrojunior\/wp-content\/uploads\/sites\/3\/2025\/10\/WhatsApp-Image-2025-10-14-at-11.23.56-1023x1536.jpeg 1023w, https:\/\/www.blogsoestado.com\/evandrojunior\/wp-content\/uploads\/sites\/3\/2025\/10\/WhatsApp-Image-2025-10-14-at-11.23.56.jpeg 1066w\" sizes=\"(max-width: 682px) 100vw, 682px\" \/><figcaption class=\"wp-element-caption\"><strong>Festa FLUXUS reuniu gente animada e de bem com a vida<\/strong><\/figcaption><\/figure>\n\n\n\n<p>A FLUXUS foi uma imers\u00e3o total. Luzes, proje\u00e7\u00f5es visuais, performances e uma cenografia pensada nos m\u00ednimos detalhes transformaram a Glam em outro universo \u2014 uma mistura perfeita de sensa\u00e7\u00f5es, est\u00e9tica e liberdade. O line-up local, com Thais Habibe, Bl\u00e9mmes e Bruno Ximenes, completou o clima de celebra\u00e7\u00e3o, mostrando o quanto a cena eletr\u00f4nica maranhense tem f\u00f4lego e talento.<\/p>\n\n\n\n<figure class=\"wp-block-image aligncenter size-large\"><img loading=\"lazy\" decoding=\"async\" width=\"1024\" height=\"682\" src=\"https:\/\/www.blogsoestado.com\/evandrojunior\/wp-content\/uploads\/sites\/3\/2025\/10\/WhatsApp-Image-2025-10-14-at-11.23.56-1-1024x682.jpeg\" alt=\"\" class=\"wp-image-16973\" srcset=\"https:\/\/www.blogsoestado.com\/evandrojunior\/wp-content\/uploads\/sites\/3\/2025\/10\/WhatsApp-Image-2025-10-14-at-11.23.56-1-1024x682.jpeg 1024w, https:\/\/www.blogsoestado.com\/evandrojunior\/wp-content\/uploads\/sites\/3\/2025\/10\/WhatsApp-Image-2025-10-14-at-11.23.56-1-300x200.jpeg 300w, https:\/\/www.blogsoestado.com\/evandrojunior\/wp-content\/uploads\/sites\/3\/2025\/10\/WhatsApp-Image-2025-10-14-at-11.23.56-1-768x512.jpeg 768w, https:\/\/www.blogsoestado.com\/evandrojunior\/wp-content\/uploads\/sites\/3\/2025\/10\/WhatsApp-Image-2025-10-14-at-11.23.56-1-1536x1023.jpeg 1536w, https:\/\/www.blogsoestado.com\/evandrojunior\/wp-content\/uploads\/sites\/3\/2025\/10\/WhatsApp-Image-2025-10-14-at-11.23.56-1.jpeg 1600w\" sizes=\"(max-width: 1024px) 100vw, 1024px\" \/><figcaption class=\"wp-element-caption\"><strong>Grupo de amigos em um momento de descontra\u00e7\u00e3o brindando \u00e0 amizade<\/strong><\/figcaption><\/figure>\n\n\n\n<figure class=\"wp-block-image aligncenter size-large\"><img loading=\"lazy\" decoding=\"async\" width=\"1024\" height=\"682\" src=\"https:\/\/www.blogsoestado.com\/evandrojunior\/wp-content\/uploads\/sites\/3\/2025\/10\/WhatsApp-Image-2025-10-14-at-11.23.58-1024x682.jpeg\" alt=\"\" class=\"wp-image-16974\" srcset=\"https:\/\/www.blogsoestado.com\/evandrojunior\/wp-content\/uploads\/sites\/3\/2025\/10\/WhatsApp-Image-2025-10-14-at-11.23.58-1024x682.jpeg 1024w, https:\/\/www.blogsoestado.com\/evandrojunior\/wp-content\/uploads\/sites\/3\/2025\/10\/WhatsApp-Image-2025-10-14-at-11.23.58-300x200.jpeg 300w, https:\/\/www.blogsoestado.com\/evandrojunior\/wp-content\/uploads\/sites\/3\/2025\/10\/WhatsApp-Image-2025-10-14-at-11.23.58-768x512.jpeg 768w, https:\/\/www.blogsoestado.com\/evandrojunior\/wp-content\/uploads\/sites\/3\/2025\/10\/WhatsApp-Image-2025-10-14-at-11.23.58-1536x1023.jpeg 1536w, https:\/\/www.blogsoestado.com\/evandrojunior\/wp-content\/uploads\/sites\/3\/2025\/10\/WhatsApp-Image-2025-10-14-at-11.23.58.jpeg 1600w\" sizes=\"(max-width: 1024px) 100vw, 1024px\" \/><figcaption class=\"wp-element-caption\"><strong>Turma que se reuniu na boate Glam para dan\u00e7ar ao som dos sets eletrizantes de Claudinho Brasil<\/strong><\/figcaption><\/figure>\n\n\n\n<figure class=\"wp-block-image aligncenter size-large\"><img loading=\"lazy\" decoding=\"async\" width=\"682\" height=\"1024\" src=\"https:\/\/www.blogsoestado.com\/evandrojunior\/wp-content\/uploads\/sites\/3\/2025\/10\/WhatsApp-Image-2025-10-14-at-11.23.59-682x1024.jpeg\" alt=\"\" class=\"wp-image-16975\" srcset=\"https:\/\/www.blogsoestado.com\/evandrojunior\/wp-content\/uploads\/sites\/3\/2025\/10\/WhatsApp-Image-2025-10-14-at-11.23.59-682x1024.jpeg 682w, https:\/\/www.blogsoestado.com\/evandrojunior\/wp-content\/uploads\/sites\/3\/2025\/10\/WhatsApp-Image-2025-10-14-at-11.23.59-200x300.jpeg 200w, https:\/\/www.blogsoestado.com\/evandrojunior\/wp-content\/uploads\/sites\/3\/2025\/10\/WhatsApp-Image-2025-10-14-at-11.23.59-768x1153.jpeg 768w, https:\/\/www.blogsoestado.com\/evandrojunior\/wp-content\/uploads\/sites\/3\/2025\/10\/WhatsApp-Image-2025-10-14-at-11.23.59-1023x1536.jpeg 1023w, https:\/\/www.blogsoestado.com\/evandrojunior\/wp-content\/uploads\/sites\/3\/2025\/10\/WhatsApp-Image-2025-10-14-at-11.23.59.jpeg 1066w\" sizes=\"(max-width: 682px) 100vw, 682px\" \/><figcaption class=\"wp-element-caption\"><strong>M\u00e9dicos Arthur Guedes e Adriana Xavier marcaram presen\u00e7a na Glam<\/strong><\/figcaption><\/figure>\n\n\n\n<figure class=\"wp-block-image aligncenter size-large\"><img loading=\"lazy\" decoding=\"async\" width=\"682\" height=\"1024\" src=\"https:\/\/www.blogsoestado.com\/evandrojunior\/wp-content\/uploads\/sites\/3\/2025\/10\/WhatsApp-Image-2025-10-14-at-11.24.01-682x1024.jpeg\" alt=\"\" class=\"wp-image-16976\" srcset=\"https:\/\/www.blogsoestado.com\/evandrojunior\/wp-content\/uploads\/sites\/3\/2025\/10\/WhatsApp-Image-2025-10-14-at-11.24.01-682x1024.jpeg 682w, https:\/\/www.blogsoestado.com\/evandrojunior\/wp-content\/uploads\/sites\/3\/2025\/10\/WhatsApp-Image-2025-10-14-at-11.24.01-200x300.jpeg 200w, https:\/\/www.blogsoestado.com\/evandrojunior\/wp-content\/uploads\/sites\/3\/2025\/10\/WhatsApp-Image-2025-10-14-at-11.24.01-768x1153.jpeg 768w, https:\/\/www.blogsoestado.com\/evandrojunior\/wp-content\/uploads\/sites\/3\/2025\/10\/WhatsApp-Image-2025-10-14-at-11.24.01-1023x1536.jpeg 1023w, https:\/\/www.blogsoestado.com\/evandrojunior\/wp-content\/uploads\/sites\/3\/2025\/10\/WhatsApp-Image-2025-10-14-at-11.24.01.jpeg 1066w\" sizes=\"(max-width: 682px) 100vw, 682px\" \/><figcaption class=\"wp-element-caption\"><strong>Casal curtindo a noitada na Glam ao som de m\u00fasica eletr\u00f4nica<\/strong><\/figcaption><\/figure>\n\n\n\n<p>Com a FLUXUS, a Lumic mostrou a que veio: unir m\u00fasica, arte e experi\u00eancia em produ\u00e7\u00f5es que respiram inova\u00e7\u00e3o e autenticidade. A produtora estreia com o p\u00e9 direito e deixa uma mensagem clara \u2014 S\u00e3o Lu\u00eds est\u00e1 pronta para viver novas formas de sentir a noite.<\/p>\n","protected":false},"excerpt":{"rendered":"<p>S\u00c3O LU\u00cdS &#8211; A capital maranhense viveu uma daquelas noites que ficam na mem\u00f3ria. A boate Glam, na Ponta d&#8217;Areia, [&hellip;]<\/p>\n","protected":false},"author":4,"featured_media":0,"comment_status":"open","ping_status":"open","sticky":false,"template":"","format":"standard","meta":{"site-sidebar-layout":"default","site-content-layout":"","ast-site-content-layout":"default","site-content-style":"default","site-sidebar-style":"default","ast-global-header-display":"","ast-banner-title-visibility":"","ast-main-header-display":"","ast-hfb-above-header-display":"","ast-hfb-below-header-display":"","ast-hfb-mobile-header-display":"","site-post-title":"","ast-breadcrumbs-content":"","ast-featured-img":"","footer-sml-layout":"","ast-disable-related-posts":"","theme-transparent-header-meta":"","adv-header-id-meta":"","stick-header-meta":"","header-above-stick-meta":"","header-main-stick-meta":"","header-below-stick-meta":"","astra-migrate-meta-layouts":"default","ast-page-background-enabled":"default","ast-page-background-meta":{"desktop":{"background-color":"var(--ast-global-color-5)","background-image":"","background-repeat":"repeat","background-position":"center center","background-size":"auto","background-attachment":"scroll","background-type":"","background-media":"","overlay-type":"","overlay-color":"","overlay-opacity":"","overlay-gradient":""},"tablet":{"background-color":"","background-image":"","background-repeat":"repeat","background-position":"center center","background-size":"auto","background-attachment":"scroll","background-type":"","background-media":"","overlay-type":"","overlay-color":"","overlay-opacity":"","overlay-gradient":""},"mobile":{"background-color":"","background-image":"","background-repeat":"repeat","background-position":"center center","background-size":"auto","background-attachment":"scroll","background-type":"","background-media":"","overlay-type":"","overlay-color":"","overlay-opacity":"","overlay-gradient":""}},"ast-content-background-meta":{"desktop":{"background-color":"var(--ast-global-color-4)","background-image":"","background-repeat":"repeat","background-position":"center center","background-size":"auto","background-attachment":"scroll","background-type":"","background-media":"","overlay-type":"","overlay-color":"","overlay-opacity":"","overlay-gradient":""},"tablet":{"background-color":"var(--ast-global-color-4)","background-image":"","background-repeat":"repeat","background-position":"center center","background-size":"auto","background-attachment":"scroll","background-type":"","background-media":"","overlay-type":"","overlay-color":"","overlay-opacity":"","overlay-gradient":""},"mobile":{"background-color":"var(--ast-global-color-4)","background-image":"","background-repeat":"repeat","background-position":"center center","background-size":"auto","background-attachment":"scroll","background-type":"","background-media":"","overlay-type":"","overlay-color":"","overlay-opacity":"","overlay-gradient":""}},"footnotes":""},"categories":[1],"tags":[],"class_list":["post-16966","post","type-post","status-publish","format-standard","hentry","category-sem-categoria"],"yoast_head":"<!-- This site is optimized with the Yoast SEO plugin v26.6 - https:\/\/yoast.com\/wordpress\/plugins\/seo\/ -->\n<title>Claudinho Brasil eletriza S\u00e3o Lu\u00eds em noite hist\u00f3rica by Lumic Produ\u00e7\u00f5es - Evandro Junior<\/title>\n<meta name=\"robots\" content=\"index, follow, max-snippet:-1, max-image-preview:large, max-video-preview:-1\" \/>\n<link rel=\"canonical\" href=\"https:\/\/www.blogsoestado.com\/evandrojunior\/2025\/10\/14\/claudinho-brasil-eletriza-sao-luis-em-noite-historica-by-lumic-producoes\/\" \/>\n<meta property=\"og:locale\" content=\"pt_BR\" \/>\n<meta property=\"og:type\" content=\"article\" \/>\n<meta property=\"og:title\" content=\"Claudinho Brasil eletriza S\u00e3o Lu\u00eds em noite hist\u00f3rica by Lumic Produ\u00e7\u00f5es - Evandro Junior\" \/>\n<meta property=\"og:description\" content=\"S\u00c3O LU\u00cdS &#8211; A capital maranhense viveu uma daquelas noites que ficam na mem\u00f3ria. A boate Glam, na Ponta d&#8217;Areia, [&hellip;]\" \/>\n<meta property=\"og:url\" content=\"https:\/\/www.blogsoestado.com\/evandrojunior\/2025\/10\/14\/claudinho-brasil-eletriza-sao-luis-em-noite-historica-by-lumic-producoes\/\" \/>\n<meta property=\"og:site_name\" content=\"Evandro Junior\" \/>\n<meta property=\"article:published_time\" content=\"2025-10-14T15:31:03+00:00\" \/>\n<meta property=\"article:modified_time\" content=\"2025-10-14T15:31:05+00:00\" \/>\n<meta property=\"og:image\" content=\"https:\/\/www.blogsoestado.com\/evandrojunior\/wp-content\/uploads\/sites\/3\/2025\/10\/WhatsApp-Image-2025-10-14-at-11.23.52-1024x682.jpeg\" \/>\n<meta name=\"author\" content=\"Evandro Junior\" \/>\n<meta name=\"twitter:card\" content=\"summary_large_image\" \/>\n<meta name=\"twitter:label1\" content=\"Escrito por\" \/>\n\t<meta name=\"twitter:data1\" content=\"Evandro Junior\" \/>\n\t<meta name=\"twitter:label2\" content=\"Est. tempo de leitura\" \/>\n\t<meta name=\"twitter:data2\" content=\"5 minutos\" \/>\n<script type=\"application\/ld+json\" class=\"yoast-schema-graph\">{\"@context\":\"https:\/\/schema.org\",\"@graph\":[{\"@type\":\"WebPage\",\"@id\":\"https:\/\/www.blogsoestado.com\/evandrojunior\/2025\/10\/14\/claudinho-brasil-eletriza-sao-luis-em-noite-historica-by-lumic-producoes\/\",\"url\":\"https:\/\/www.blogsoestado.com\/evandrojunior\/2025\/10\/14\/claudinho-brasil-eletriza-sao-luis-em-noite-historica-by-lumic-producoes\/\",\"name\":\"Claudinho Brasil eletriza S\u00e3o Lu\u00eds em noite hist\u00f3rica by Lumic Produ\u00e7\u00f5es - Evandro Junior\",\"isPartOf\":{\"@id\":\"https:\/\/www.blogsoestado.com\/evandrojunior\/#website\"},\"primaryImageOfPage\":{\"@id\":\"https:\/\/www.blogsoestado.com\/evandrojunior\/2025\/10\/14\/claudinho-brasil-eletriza-sao-luis-em-noite-historica-by-lumic-producoes\/#primaryimage\"},\"image\":{\"@id\":\"https:\/\/www.blogsoestado.com\/evandrojunior\/2025\/10\/14\/claudinho-brasil-eletriza-sao-luis-em-noite-historica-by-lumic-producoes\/#primaryimage\"},\"thumbnailUrl\":\"https:\/\/www.blogsoestado.com\/evandrojunior\/wp-content\/uploads\/sites\/3\/2025\/10\/WhatsApp-Image-2025-10-14-at-11.23.52-1024x682.jpeg\",\"datePublished\":\"2025-10-14T15:31:03+00:00\",\"dateModified\":\"2025-10-14T15:31:05+00:00\",\"author\":{\"@id\":\"https:\/\/www.blogsoestado.com\/evandrojunior\/#\/schema\/person\/3e6c3d8dbb740d1c6878ebc935cfb3be\"},\"breadcrumb\":{\"@id\":\"https:\/\/www.blogsoestado.com\/evandrojunior\/2025\/10\/14\/claudinho-brasil-eletriza-sao-luis-em-noite-historica-by-lumic-producoes\/#breadcrumb\"},\"inLanguage\":\"pt-BR\",\"potentialAction\":[{\"@type\":\"ReadAction\",\"target\":[\"https:\/\/www.blogsoestado.com\/evandrojunior\/2025\/10\/14\/claudinho-brasil-eletriza-sao-luis-em-noite-historica-by-lumic-producoes\/\"]}]},{\"@type\":\"ImageObject\",\"inLanguage\":\"pt-BR\",\"@id\":\"https:\/\/www.blogsoestado.com\/evandrojunior\/2025\/10\/14\/claudinho-brasil-eletriza-sao-luis-em-noite-historica-by-lumic-producoes\/#primaryimage\",\"url\":\"https:\/\/www.blogsoestado.com\/evandrojunior\/wp-content\/uploads\/sites\/3\/2025\/10\/WhatsApp-Image-2025-10-14-at-11.23.52.jpeg\",\"contentUrl\":\"https:\/\/www.blogsoestado.com\/evandrojunior\/wp-content\/uploads\/sites\/3\/2025\/10\/WhatsApp-Image-2025-10-14-at-11.23.52.jpeg\",\"width\":1600,\"height\":1066,\"caption\":\"Claudinho Brasil\"},{\"@type\":\"BreadcrumbList\",\"@id\":\"https:\/\/www.blogsoestado.com\/evandrojunior\/2025\/10\/14\/claudinho-brasil-eletriza-sao-luis-em-noite-historica-by-lumic-producoes\/#breadcrumb\",\"itemListElement\":[{\"@type\":\"ListItem\",\"position\":1,\"name\":\"In\u00edcio\",\"item\":\"https:\/\/www.blogsoestado.com\/evandrojunior\/\"},{\"@type\":\"ListItem\",\"position\":2,\"name\":\"Claudinho Brasil eletriza S\u00e3o Lu\u00eds em noite hist\u00f3rica by Lumic Produ\u00e7\u00f5es\"}]},{\"@type\":\"WebSite\",\"@id\":\"https:\/\/www.blogsoestado.com\/evandrojunior\/#website\",\"url\":\"https:\/\/www.blogsoestado.com\/evandrojunior\/\",\"name\":\"Evandro Junior\",\"description\":\"\",\"potentialAction\":[{\"@type\":\"SearchAction\",\"target\":{\"@type\":\"EntryPoint\",\"urlTemplate\":\"https:\/\/www.blogsoestado.com\/evandrojunior\/?s={search_term_string}\"},\"query-input\":{\"@type\":\"PropertyValueSpecification\",\"valueRequired\":true,\"valueName\":\"search_term_string\"}}],\"inLanguage\":\"pt-BR\"},{\"@type\":\"Person\",\"@id\":\"https:\/\/www.blogsoestado.com\/evandrojunior\/#\/schema\/person\/3e6c3d8dbb740d1c6878ebc935cfb3be\",\"name\":\"Evandro Junior\",\"image\":{\"@type\":\"ImageObject\",\"inLanguage\":\"pt-BR\",\"@id\":\"https:\/\/www.blogsoestado.com\/evandrojunior\/#\/schema\/person\/image\/\",\"url\":\"https:\/\/secure.gravatar.com\/avatar\/f80a03a2294a580cd2318bfb459bf354cfa8be661ef3d95b542cf9a04af8d129?s=96&d=mm&r=g\",\"contentUrl\":\"https:\/\/secure.gravatar.com\/avatar\/f80a03a2294a580cd2318bfb459bf354cfa8be661ef3d95b542cf9a04af8d129?s=96&d=mm&r=g\",\"caption\":\"Evandro Junior\"},\"url\":\"https:\/\/www.blogsoestado.com\/evandrojunior\/author\/evandrojunior\/\"}]}<\/script>\n<!-- \/ Yoast SEO plugin. -->","yoast_head_json":{"title":"Claudinho Brasil eletriza S\u00e3o Lu\u00eds em noite hist\u00f3rica by Lumic Produ\u00e7\u00f5es - Evandro Junior","robots":{"index":"index","follow":"follow","max-snippet":"max-snippet:-1","max-image-preview":"max-image-preview:large","max-video-preview":"max-video-preview:-1"},"canonical":"https:\/\/www.blogsoestado.com\/evandrojunior\/2025\/10\/14\/claudinho-brasil-eletriza-sao-luis-em-noite-historica-by-lumic-producoes\/","og_locale":"pt_BR","og_type":"article","og_title":"Claudinho Brasil eletriza S\u00e3o Lu\u00eds em noite hist\u00f3rica by Lumic Produ\u00e7\u00f5es - Evandro Junior","og_description":"S\u00c3O LU\u00cdS &#8211; A capital maranhense viveu uma daquelas noites que ficam na mem\u00f3ria. A boate Glam, na Ponta d&#8217;Areia, [&hellip;]","og_url":"https:\/\/www.blogsoestado.com\/evandrojunior\/2025\/10\/14\/claudinho-brasil-eletriza-sao-luis-em-noite-historica-by-lumic-producoes\/","og_site_name":"Evandro Junior","article_published_time":"2025-10-14T15:31:03+00:00","article_modified_time":"2025-10-14T15:31:05+00:00","og_image":[{"url":"https:\/\/www.blogsoestado.com\/evandrojunior\/wp-content\/uploads\/sites\/3\/2025\/10\/WhatsApp-Image-2025-10-14-at-11.23.52-1024x682.jpeg","type":"","width":"","height":""}],"author":"Evandro Junior","twitter_card":"summary_large_image","twitter_misc":{"Escrito por":"Evandro Junior","Est. tempo de leitura":"5 minutos"},"schema":{"@context":"https:\/\/schema.org","@graph":[{"@type":"WebPage","@id":"https:\/\/www.blogsoestado.com\/evandrojunior\/2025\/10\/14\/claudinho-brasil-eletriza-sao-luis-em-noite-historica-by-lumic-producoes\/","url":"https:\/\/www.blogsoestado.com\/evandrojunior\/2025\/10\/14\/claudinho-brasil-eletriza-sao-luis-em-noite-historica-by-lumic-producoes\/","name":"Claudinho Brasil eletriza S\u00e3o Lu\u00eds em noite hist\u00f3rica by Lumic Produ\u00e7\u00f5es - Evandro Junior","isPartOf":{"@id":"https:\/\/www.blogsoestado.com\/evandrojunior\/#website"},"primaryImageOfPage":{"@id":"https:\/\/www.blogsoestado.com\/evandrojunior\/2025\/10\/14\/claudinho-brasil-eletriza-sao-luis-em-noite-historica-by-lumic-producoes\/#primaryimage"},"image":{"@id":"https:\/\/www.blogsoestado.com\/evandrojunior\/2025\/10\/14\/claudinho-brasil-eletriza-sao-luis-em-noite-historica-by-lumic-producoes\/#primaryimage"},"thumbnailUrl":"https:\/\/www.blogsoestado.com\/evandrojunior\/wp-content\/uploads\/sites\/3\/2025\/10\/WhatsApp-Image-2025-10-14-at-11.23.52-1024x682.jpeg","datePublished":"2025-10-14T15:31:03+00:00","dateModified":"2025-10-14T15:31:05+00:00","author":{"@id":"https:\/\/www.blogsoestado.com\/evandrojunior\/#\/schema\/person\/3e6c3d8dbb740d1c6878ebc935cfb3be"},"breadcrumb":{"@id":"https:\/\/www.blogsoestado.com\/evandrojunior\/2025\/10\/14\/claudinho-brasil-eletriza-sao-luis-em-noite-historica-by-lumic-producoes\/#breadcrumb"},"inLanguage":"pt-BR","potentialAction":[{"@type":"ReadAction","target":["https:\/\/www.blogsoestado.com\/evandrojunior\/2025\/10\/14\/claudinho-brasil-eletriza-sao-luis-em-noite-historica-by-lumic-producoes\/"]}]},{"@type":"ImageObject","inLanguage":"pt-BR","@id":"https:\/\/www.blogsoestado.com\/evandrojunior\/2025\/10\/14\/claudinho-brasil-eletriza-sao-luis-em-noite-historica-by-lumic-producoes\/#primaryimage","url":"https:\/\/www.blogsoestado.com\/evandrojunior\/wp-content\/uploads\/sites\/3\/2025\/10\/WhatsApp-Image-2025-10-14-at-11.23.52.jpeg","contentUrl":"https:\/\/www.blogsoestado.com\/evandrojunior\/wp-content\/uploads\/sites\/3\/2025\/10\/WhatsApp-Image-2025-10-14-at-11.23.52.jpeg","width":1600,"height":1066,"caption":"Claudinho Brasil"},{"@type":"BreadcrumbList","@id":"https:\/\/www.blogsoestado.com\/evandrojunior\/2025\/10\/14\/claudinho-brasil-eletriza-sao-luis-em-noite-historica-by-lumic-producoes\/#breadcrumb","itemListElement":[{"@type":"ListItem","position":1,"name":"In\u00edcio","item":"https:\/\/www.blogsoestado.com\/evandrojunior\/"},{"@type":"ListItem","position":2,"name":"Claudinho Brasil eletriza S\u00e3o Lu\u00eds em noite hist\u00f3rica by Lumic Produ\u00e7\u00f5es"}]},{"@type":"WebSite","@id":"https:\/\/www.blogsoestado.com\/evandrojunior\/#website","url":"https:\/\/www.blogsoestado.com\/evandrojunior\/","name":"Evandro Junior","description":"","potentialAction":[{"@type":"SearchAction","target":{"@type":"EntryPoint","urlTemplate":"https:\/\/www.blogsoestado.com\/evandrojunior\/?s={search_term_string}"},"query-input":{"@type":"PropertyValueSpecification","valueRequired":true,"valueName":"search_term_string"}}],"inLanguage":"pt-BR"},{"@type":"Person","@id":"https:\/\/www.blogsoestado.com\/evandrojunior\/#\/schema\/person\/3e6c3d8dbb740d1c6878ebc935cfb3be","name":"Evandro Junior","image":{"@type":"ImageObject","inLanguage":"pt-BR","@id":"https:\/\/www.blogsoestado.com\/evandrojunior\/#\/schema\/person\/image\/","url":"https:\/\/secure.gravatar.com\/avatar\/f80a03a2294a580cd2318bfb459bf354cfa8be661ef3d95b542cf9a04af8d129?s=96&d=mm&r=g","contentUrl":"https:\/\/secure.gravatar.com\/avatar\/f80a03a2294a580cd2318bfb459bf354cfa8be661ef3d95b542cf9a04af8d129?s=96&d=mm&r=g","caption":"Evandro Junior"},"url":"https:\/\/www.blogsoestado.com\/evandrojunior\/author\/evandrojunior\/"}]}},"jetpack_featured_media_url":"","_links":{"self":[{"href":"https:\/\/www.blogsoestado.com\/evandrojunior\/wp-json\/wp\/v2\/posts\/16966","targetHints":{"allow":["GET"]}}],"collection":[{"href":"https:\/\/www.blogsoestado.com\/evandrojunior\/wp-json\/wp\/v2\/posts"}],"about":[{"href":"https:\/\/www.blogsoestado.com\/evandrojunior\/wp-json\/wp\/v2\/types\/post"}],"author":[{"embeddable":true,"href":"https:\/\/www.blogsoestado.com\/evandrojunior\/wp-json\/wp\/v2\/users\/4"}],"replies":[{"embeddable":true,"href":"https:\/\/www.blogsoestado.com\/evandrojunior\/wp-json\/wp\/v2\/comments?post=16966"}],"version-history":[{"count":0,"href":"https:\/\/www.blogsoestado.com\/evandrojunior\/wp-json\/wp\/v2\/posts\/16966\/revisions"}],"wp:attachment":[{"href":"https:\/\/www.blogsoestado.com\/evandrojunior\/wp-json\/wp\/v2\/media?parent=16966"}],"wp:term":[{"taxonomy":"category","embeddable":true,"href":"https:\/\/www.blogsoestado.com\/evandrojunior\/wp-json\/wp\/v2\/categories?post=16966"},{"taxonomy":"post_tag","embeddable":true,"href":"https:\/\/www.blogsoestado.com\/evandrojunior\/wp-json\/wp\/v2\/tags?post=16966"}],"curies":[{"name":"wp","href":"https:\/\/api.w.org\/{rel}","templated":true}]}}