{"id":16984,"date":"2025-10-14T16:32:30","date_gmt":"2025-10-14T19:32:30","guid":{"rendered":"https:\/\/www.blogsoestado.com\/evandrojunior\/?p=16984"},"modified":"2025-10-14T16:33:13","modified_gmt":"2025-10-14T19:33:13","slug":"academicos-de-direito-da-undb-sao-elogiados-em-estagio-nacional","status":"publish","type":"post","link":"https:\/\/www.blogsoestado.com\/evandrojunior\/2025\/10\/14\/academicos-de-direito-da-undb-sao-elogiados-em-estagio-nacional\/","title":{"rendered":"Acad\u00eamicos de Direito da UNDB s\u00e3o elogiados em est\u00e1gio no Rio"},"content":{"rendered":"\n<figure class=\"wp-block-image aligncenter size-large\"><img fetchpriority=\"high\" decoding=\"async\" width=\"1024\" height=\"768\" src=\"https:\/\/www.blogsoestado.com\/evandrojunior\/wp-content\/uploads\/sites\/3\/2025\/10\/WhatsApp-Image-2025-10-14-at-07.57.30-1024x768.jpeg\" alt=\"\" class=\"wp-image-16985\" srcset=\"https:\/\/www.blogsoestado.com\/evandrojunior\/wp-content\/uploads\/sites\/3\/2025\/10\/WhatsApp-Image-2025-10-14-at-07.57.30-1024x768.jpeg 1024w, https:\/\/www.blogsoestado.com\/evandrojunior\/wp-content\/uploads\/sites\/3\/2025\/10\/WhatsApp-Image-2025-10-14-at-07.57.30-300x225.jpeg 300w, https:\/\/www.blogsoestado.com\/evandrojunior\/wp-content\/uploads\/sites\/3\/2025\/10\/WhatsApp-Image-2025-10-14-at-07.57.30-768x576.jpeg 768w, https:\/\/www.blogsoestado.com\/evandrojunior\/wp-content\/uploads\/sites\/3\/2025\/10\/WhatsApp-Image-2025-10-14-at-07.57.30-1536x1152.jpeg 1536w, https:\/\/www.blogsoestado.com\/evandrojunior\/wp-content\/uploads\/sites\/3\/2025\/10\/WhatsApp-Image-2025-10-14-at-07.57.30.jpeg 1600w\" sizes=\"(max-width: 1024px) 100vw, 1024px\" \/><figcaption class=\"wp-element-caption\"><strong> Aluno de Direito da UNDB, Sebasti\u00e3o Marques de Castro Filho, durante seu est\u00e1gio no escrit\u00f3rio Salom\u00e3o, Kaiuca, Abrah\u00e3o, Raposo &amp; Cotta Sociedade de Advogados (RJ), onde foi bastante elogiado<\/strong><\/figcaption><\/figure>\n\n\n\n<p><strong>S\u00c3O LU\u00cdS<\/strong> &#8211; O Curso de Direito do Centro Universit\u00e1rio UNDB integrou o Programa de Mobilidade Nacional para a Pr\u00e1tica Jur\u00eddica LEXPERIENCE, um projeto in\u00e9dito de interc\u00e2mbio profissional que consiste em um est\u00e1gio com viv\u00eancia jur\u00eddica real, nos mais renomados escrit\u00f3rios de advocacia do Brasil. Nessa primeira edi\u00e7\u00e3o, o est\u00e1gio se deu nas f\u00e9rias de julho de 2025, com um total de oito alunos participantes.<\/p>\n\n\n\n<p>Eles estagiaram em renomados escrit\u00f3rios nacionais e puderam vivenciar como \u00e9 estar no centro da pr\u00e1tica jur\u00eddica, trabalhando ao lado de grandes advogados e suas equipes; e lidando com casos reais e complexos. Essa iniciativa refor\u00e7a o compromisso do Curso de Direito da UNDB de proporcionar uma forma\u00e7\u00e3o jur\u00eddica completa, conectando teoria e pr\u00e1tica de forma efetiva.<\/p>\n\n\n\n<p>Vale destacar que o est\u00e1gio representa uma oportunidade \u00fanica para os estudantes vivenciarem o cotidiano da advocacia, enfrentando casos reais e participando da elabora\u00e7\u00e3o de pe\u00e7as processuais ao lado de profissionais experientes e reconhecidos nacionalmente.<\/p>\n\n\n\n<p>Essa viv\u00eancia pr\u00e1tica n\u00e3o s\u00f3 consolida o conhecimento adquirido em sala de aula, mas tamb\u00e9m desenvolve habilidades essenciais para o exerc\u00edcio da profiss\u00e3o, como racioc\u00ednio jur\u00eddico, \u00e9tica, postura profissional e trabalho em equipe.<\/p>\n\n\n\n<p>O aluno do 10\u00ba per\u00edodo de Direito da UNDB Sebasti\u00e3o Marques de Castro Filho foi um dos selecionados e estagiou no escrit\u00f3rio Salom\u00e3o Advogados, no Rio de Janeiro, uma experi\u00eancia que ele classifica como \u00fanica em sua forma\u00e7\u00e3o. <\/p>\n\n\n\n<p>A aluna Viviane Cantanhede, do oitavo per\u00edodo de Direito da UNDB, tamb\u00e9m fez seu est\u00e1gio no Rio de Janeiro, no escrit\u00f3rio Nele Machado. \u201cFoi uma experi\u00eancia de muito aprendizado e uma forma diferenciada de conhecer outra cidade e fazer o est\u00e1gio obrigat\u00f3rio do curso de forma diferente. Aproveitei cada segundo\u201d disse a aluna.<\/p>\n\n\n\n<p>Segundo o advogado Dr. Georges Gabi Hajj, associado do escrit\u00f3rio Salom\u00e3o, Kaiuca, Abrah\u00e3o, Raposo &amp; Cotta Sociedade de Advogados<br>no Rio de Janeiro, o estagi\u00e1rio Sebasti\u00e3o Marques de Castro Filho teve um \u00f3timo aproveitamento.<\/p>\n\n\n\n<p>O professor Arnaldo Vieira, coordenador do Curso de Direito da UNDB, destacou os diversos benef\u00edcios na forma\u00e7\u00e3o dos alunos que participam desse programa de interc\u00e2mbio jur\u00eddico in\u00e9dito.<\/p>\n\n\n\n<p>\u201cParcerias com grandes escrit\u00f3rios ampliam a rede de contatos dos nossos alunos, facilitando a inser\u00e7\u00e3o no mercado de trabalho e promovendo o crescimento profissional e pessoal. Esperamos que as participa\u00e7\u00f5es nos pr\u00f3ximos semestres sejam igualmente exitosas\u201d, destacou o Coordenador do Curso de Direito do Centro Universit\u00e1rio UNDB.<\/p>\n","protected":false},"excerpt":{"rendered":"<p>S\u00c3O LU\u00cdS &#8211; O Curso de Direito do Centro Universit\u00e1rio UNDB integrou o Programa de Mobilidade Nacional para a Pr\u00e1tica [&hellip;]<\/p>\n","protected":false},"author":4,"featured_media":0,"comment_status":"open","ping_status":"open","sticky":false,"template":"","format":"standard","meta":{"site-sidebar-layout":"default","site-content-layout":"","ast-site-content-layout":"default","site-content-style":"default","site-sidebar-style":"default","ast-global-header-display":"","ast-banner-title-visibility":"","ast-main-header-display":"","ast-hfb-above-header-display":"","ast-hfb-below-header-display":"","ast-hfb-mobile-header-display":"","site-post-title":"","ast-breadcrumbs-content":"","ast-featured-img":"","footer-sml-layout":"","ast-disable-related-posts":"","theme-transparent-header-meta":"","adv-header-id-meta":"","stick-header-meta":"","header-above-stick-meta":"","header-main-stick-meta":"","header-below-stick-meta":"","astra-migrate-meta-layouts":"default","ast-page-background-enabled":"default","ast-page-background-meta":{"desktop":{"background-color":"var(--ast-global-color-5)","background-image":"","background-repeat":"repeat","background-position":"center center","background-size":"auto","background-attachment":"scroll","background-type":"","background-media":"","overlay-type":"","overlay-color":"","overlay-opacity":"","overlay-gradient":""},"tablet":{"background-color":"","background-image":"","background-repeat":"repeat","background-position":"center center","background-size":"auto","background-attachment":"scroll","background-type":"","background-media":"","overlay-type":"","overlay-color":"","overlay-opacity":"","overlay-gradient":""},"mobile":{"background-color":"","background-image":"","background-repeat":"repeat","background-position":"center center","background-size":"auto","background-attachment":"scroll","background-type":"","background-media":"","overlay-type":"","overlay-color":"","overlay-opacity":"","overlay-gradient":""}},"ast-content-background-meta":{"desktop":{"background-color":"var(--ast-global-color-4)","background-image":"","background-repeat":"repeat","background-position":"center center","background-size":"auto","background-attachment":"scroll","background-type":"","background-media":"","overlay-type":"","overlay-color":"","overlay-opacity":"","overlay-gradient":""},"tablet":{"background-color":"var(--ast-global-color-4)","background-image":"","background-repeat":"repeat","background-position":"center center","background-size":"auto","background-attachment":"scroll","background-type":"","background-media":"","overlay-type":"","overlay-color":"","overlay-opacity":"","overlay-gradient":""},"mobile":{"background-color":"var(--ast-global-color-4)","background-image":"","background-repeat":"repeat","background-position":"center center","background-size":"auto","background-attachment":"scroll","background-type":"","background-media":"","overlay-type":"","overlay-color":"","overlay-opacity":"","overlay-gradient":""}},"footnotes":""},"categories":[1],"tags":[],"class_list":["post-16984","post","type-post","status-publish","format-standard","hentry","category-sem-categoria"],"yoast_head":"<!-- This site is optimized with the Yoast SEO plugin v26.6 - https:\/\/yoast.com\/wordpress\/plugins\/seo\/ -->\n<title>Acad\u00eamicos de Direito da UNDB s\u00e3o elogiados em est\u00e1gio no Rio - Evandro Junior<\/title>\n<meta name=\"robots\" content=\"index, follow, max-snippet:-1, max-image-preview:large, max-video-preview:-1\" \/>\n<link rel=\"canonical\" href=\"https:\/\/www.blogsoestado.com\/evandrojunior\/2025\/10\/14\/academicos-de-direito-da-undb-sao-elogiados-em-estagio-nacional\/\" \/>\n<meta property=\"og:locale\" content=\"pt_BR\" \/>\n<meta property=\"og:type\" content=\"article\" \/>\n<meta property=\"og:title\" content=\"Acad\u00eamicos de Direito da UNDB s\u00e3o elogiados em est\u00e1gio no Rio - Evandro Junior\" \/>\n<meta property=\"og:description\" content=\"S\u00c3O LU\u00cdS &#8211; O Curso de Direito do Centro Universit\u00e1rio UNDB integrou o Programa de Mobilidade Nacional para a Pr\u00e1tica [&hellip;]\" \/>\n<meta property=\"og:url\" content=\"https:\/\/www.blogsoestado.com\/evandrojunior\/2025\/10\/14\/academicos-de-direito-da-undb-sao-elogiados-em-estagio-nacional\/\" \/>\n<meta property=\"og:site_name\" content=\"Evandro Junior\" \/>\n<meta property=\"article:published_time\" content=\"2025-10-14T19:32:30+00:00\" \/>\n<meta property=\"article:modified_time\" content=\"2025-10-14T19:33:13+00:00\" \/>\n<meta property=\"og:image\" content=\"https:\/\/www.blogsoestado.com\/evandrojunior\/wp-content\/uploads\/sites\/3\/2025\/10\/WhatsApp-Image-2025-10-14-at-07.57.30-1024x768.jpeg\" \/>\n<meta name=\"author\" content=\"Evandro Junior\" \/>\n<meta name=\"twitter:card\" content=\"summary_large_image\" \/>\n<meta name=\"twitter:label1\" content=\"Escrito por\" \/>\n\t<meta name=\"twitter:data1\" content=\"Evandro Junior\" \/>\n\t<meta name=\"twitter:label2\" content=\"Est. tempo de leitura\" \/>\n\t<meta name=\"twitter:data2\" content=\"3 minutos\" \/>\n<script type=\"application\/ld+json\" class=\"yoast-schema-graph\">{\"@context\":\"https:\/\/schema.org\",\"@graph\":[{\"@type\":\"WebPage\",\"@id\":\"https:\/\/www.blogsoestado.com\/evandrojunior\/2025\/10\/14\/academicos-de-direito-da-undb-sao-elogiados-em-estagio-nacional\/\",\"url\":\"https:\/\/www.blogsoestado.com\/evandrojunior\/2025\/10\/14\/academicos-de-direito-da-undb-sao-elogiados-em-estagio-nacional\/\",\"name\":\"Acad\u00eamicos de Direito da UNDB s\u00e3o elogiados em est\u00e1gio no Rio - Evandro Junior\",\"isPartOf\":{\"@id\":\"https:\/\/www.blogsoestado.com\/evandrojunior\/#website\"},\"primaryImageOfPage\":{\"@id\":\"https:\/\/www.blogsoestado.com\/evandrojunior\/2025\/10\/14\/academicos-de-direito-da-undb-sao-elogiados-em-estagio-nacional\/#primaryimage\"},\"image\":{\"@id\":\"https:\/\/www.blogsoestado.com\/evandrojunior\/2025\/10\/14\/academicos-de-direito-da-undb-sao-elogiados-em-estagio-nacional\/#primaryimage\"},\"thumbnailUrl\":\"https:\/\/www.blogsoestado.com\/evandrojunior\/wp-content\/uploads\/sites\/3\/2025\/10\/WhatsApp-Image-2025-10-14-at-07.57.30-1024x768.jpeg\",\"datePublished\":\"2025-10-14T19:32:30+00:00\",\"dateModified\":\"2025-10-14T19:33:13+00:00\",\"author\":{\"@id\":\"https:\/\/www.blogsoestado.com\/evandrojunior\/#\/schema\/person\/3e6c3d8dbb740d1c6878ebc935cfb3be\"},\"breadcrumb\":{\"@id\":\"https:\/\/www.blogsoestado.com\/evandrojunior\/2025\/10\/14\/academicos-de-direito-da-undb-sao-elogiados-em-estagio-nacional\/#breadcrumb\"},\"inLanguage\":\"pt-BR\",\"potentialAction\":[{\"@type\":\"ReadAction\",\"target\":[\"https:\/\/www.blogsoestado.com\/evandrojunior\/2025\/10\/14\/academicos-de-direito-da-undb-sao-elogiados-em-estagio-nacional\/\"]}]},{\"@type\":\"ImageObject\",\"inLanguage\":\"pt-BR\",\"@id\":\"https:\/\/www.blogsoestado.com\/evandrojunior\/2025\/10\/14\/academicos-de-direito-da-undb-sao-elogiados-em-estagio-nacional\/#primaryimage\",\"url\":\"https:\/\/www.blogsoestado.com\/evandrojunior\/wp-content\/uploads\/sites\/3\/2025\/10\/WhatsApp-Image-2025-10-14-at-07.57.30.jpeg\",\"contentUrl\":\"https:\/\/www.blogsoestado.com\/evandrojunior\/wp-content\/uploads\/sites\/3\/2025\/10\/WhatsApp-Image-2025-10-14-at-07.57.30.jpeg\",\"width\":1600,\"height\":1200,\"caption\":\"Aluno de Direito da UNDB, Sebasti\u00e3o Marques de Castro Filho, durante seu est\u00e1gio no escrit\u00f3rio Salom\u00e3o, Kaiuca, Abrah\u00e3o, Raposo &amp; Cotta Sociedade de Advogados (RJ), onde foi bastante elogiado\"},{\"@type\":\"BreadcrumbList\",\"@id\":\"https:\/\/www.blogsoestado.com\/evandrojunior\/2025\/10\/14\/academicos-de-direito-da-undb-sao-elogiados-em-estagio-nacional\/#breadcrumb\",\"itemListElement\":[{\"@type\":\"ListItem\",\"position\":1,\"name\":\"In\u00edcio\",\"item\":\"https:\/\/www.blogsoestado.com\/evandrojunior\/\"},{\"@type\":\"ListItem\",\"position\":2,\"name\":\"Acad\u00eamicos de Direito da UNDB s\u00e3o elogiados em est\u00e1gio no Rio\"}]},{\"@type\":\"WebSite\",\"@id\":\"https:\/\/www.blogsoestado.com\/evandrojunior\/#website\",\"url\":\"https:\/\/www.blogsoestado.com\/evandrojunior\/\",\"name\":\"Evandro Junior\",\"description\":\"\",\"potentialAction\":[{\"@type\":\"SearchAction\",\"target\":{\"@type\":\"EntryPoint\",\"urlTemplate\":\"https:\/\/www.blogsoestado.com\/evandrojunior\/?s={search_term_string}\"},\"query-input\":{\"@type\":\"PropertyValueSpecification\",\"valueRequired\":true,\"valueName\":\"search_term_string\"}}],\"inLanguage\":\"pt-BR\"},{\"@type\":\"Person\",\"@id\":\"https:\/\/www.blogsoestado.com\/evandrojunior\/#\/schema\/person\/3e6c3d8dbb740d1c6878ebc935cfb3be\",\"name\":\"Evandro Junior\",\"image\":{\"@type\":\"ImageObject\",\"inLanguage\":\"pt-BR\",\"@id\":\"https:\/\/www.blogsoestado.com\/evandrojunior\/#\/schema\/person\/image\/\",\"url\":\"https:\/\/secure.gravatar.com\/avatar\/f80a03a2294a580cd2318bfb459bf354cfa8be661ef3d95b542cf9a04af8d129?s=96&d=mm&r=g\",\"contentUrl\":\"https:\/\/secure.gravatar.com\/avatar\/f80a03a2294a580cd2318bfb459bf354cfa8be661ef3d95b542cf9a04af8d129?s=96&d=mm&r=g\",\"caption\":\"Evandro Junior\"},\"url\":\"https:\/\/www.blogsoestado.com\/evandrojunior\/author\/evandrojunior\/\"}]}<\/script>\n<!-- \/ Yoast SEO plugin. -->","yoast_head_json":{"title":"Acad\u00eamicos de Direito da UNDB s\u00e3o elogiados em est\u00e1gio no Rio - Evandro Junior","robots":{"index":"index","follow":"follow","max-snippet":"max-snippet:-1","max-image-preview":"max-image-preview:large","max-video-preview":"max-video-preview:-1"},"canonical":"https:\/\/www.blogsoestado.com\/evandrojunior\/2025\/10\/14\/academicos-de-direito-da-undb-sao-elogiados-em-estagio-nacional\/","og_locale":"pt_BR","og_type":"article","og_title":"Acad\u00eamicos de Direito da UNDB s\u00e3o elogiados em est\u00e1gio no Rio - Evandro Junior","og_description":"S\u00c3O LU\u00cdS &#8211; O Curso de Direito do Centro Universit\u00e1rio UNDB integrou o Programa de Mobilidade Nacional para a Pr\u00e1tica [&hellip;]","og_url":"https:\/\/www.blogsoestado.com\/evandrojunior\/2025\/10\/14\/academicos-de-direito-da-undb-sao-elogiados-em-estagio-nacional\/","og_site_name":"Evandro Junior","article_published_time":"2025-10-14T19:32:30+00:00","article_modified_time":"2025-10-14T19:33:13+00:00","og_image":[{"url":"https:\/\/www.blogsoestado.com\/evandrojunior\/wp-content\/uploads\/sites\/3\/2025\/10\/WhatsApp-Image-2025-10-14-at-07.57.30-1024x768.jpeg","type":"","width":"","height":""}],"author":"Evandro Junior","twitter_card":"summary_large_image","twitter_misc":{"Escrito por":"Evandro Junior","Est. tempo de leitura":"3 minutos"},"schema":{"@context":"https:\/\/schema.org","@graph":[{"@type":"WebPage","@id":"https:\/\/www.blogsoestado.com\/evandrojunior\/2025\/10\/14\/academicos-de-direito-da-undb-sao-elogiados-em-estagio-nacional\/","url":"https:\/\/www.blogsoestado.com\/evandrojunior\/2025\/10\/14\/academicos-de-direito-da-undb-sao-elogiados-em-estagio-nacional\/","name":"Acad\u00eamicos de Direito da UNDB s\u00e3o elogiados em est\u00e1gio no Rio - Evandro Junior","isPartOf":{"@id":"https:\/\/www.blogsoestado.com\/evandrojunior\/#website"},"primaryImageOfPage":{"@id":"https:\/\/www.blogsoestado.com\/evandrojunior\/2025\/10\/14\/academicos-de-direito-da-undb-sao-elogiados-em-estagio-nacional\/#primaryimage"},"image":{"@id":"https:\/\/www.blogsoestado.com\/evandrojunior\/2025\/10\/14\/academicos-de-direito-da-undb-sao-elogiados-em-estagio-nacional\/#primaryimage"},"thumbnailUrl":"https:\/\/www.blogsoestado.com\/evandrojunior\/wp-content\/uploads\/sites\/3\/2025\/10\/WhatsApp-Image-2025-10-14-at-07.57.30-1024x768.jpeg","datePublished":"2025-10-14T19:32:30+00:00","dateModified":"2025-10-14T19:33:13+00:00","author":{"@id":"https:\/\/www.blogsoestado.com\/evandrojunior\/#\/schema\/person\/3e6c3d8dbb740d1c6878ebc935cfb3be"},"breadcrumb":{"@id":"https:\/\/www.blogsoestado.com\/evandrojunior\/2025\/10\/14\/academicos-de-direito-da-undb-sao-elogiados-em-estagio-nacional\/#breadcrumb"},"inLanguage":"pt-BR","potentialAction":[{"@type":"ReadAction","target":["https:\/\/www.blogsoestado.com\/evandrojunior\/2025\/10\/14\/academicos-de-direito-da-undb-sao-elogiados-em-estagio-nacional\/"]}]},{"@type":"ImageObject","inLanguage":"pt-BR","@id":"https:\/\/www.blogsoestado.com\/evandrojunior\/2025\/10\/14\/academicos-de-direito-da-undb-sao-elogiados-em-estagio-nacional\/#primaryimage","url":"https:\/\/www.blogsoestado.com\/evandrojunior\/wp-content\/uploads\/sites\/3\/2025\/10\/WhatsApp-Image-2025-10-14-at-07.57.30.jpeg","contentUrl":"https:\/\/www.blogsoestado.com\/evandrojunior\/wp-content\/uploads\/sites\/3\/2025\/10\/WhatsApp-Image-2025-10-14-at-07.57.30.jpeg","width":1600,"height":1200,"caption":"Aluno de Direito da UNDB, Sebasti\u00e3o Marques de Castro Filho, durante seu est\u00e1gio no escrit\u00f3rio Salom\u00e3o, Kaiuca, Abrah\u00e3o, Raposo &amp; Cotta Sociedade de Advogados (RJ), onde foi bastante elogiado"},{"@type":"BreadcrumbList","@id":"https:\/\/www.blogsoestado.com\/evandrojunior\/2025\/10\/14\/academicos-de-direito-da-undb-sao-elogiados-em-estagio-nacional\/#breadcrumb","itemListElement":[{"@type":"ListItem","position":1,"name":"In\u00edcio","item":"https:\/\/www.blogsoestado.com\/evandrojunior\/"},{"@type":"ListItem","position":2,"name":"Acad\u00eamicos de Direito da UNDB s\u00e3o elogiados em est\u00e1gio no Rio"}]},{"@type":"WebSite","@id":"https:\/\/www.blogsoestado.com\/evandrojunior\/#website","url":"https:\/\/www.blogsoestado.com\/evandrojunior\/","name":"Evandro Junior","description":"","potentialAction":[{"@type":"SearchAction","target":{"@type":"EntryPoint","urlTemplate":"https:\/\/www.blogsoestado.com\/evandrojunior\/?s={search_term_string}"},"query-input":{"@type":"PropertyValueSpecification","valueRequired":true,"valueName":"search_term_string"}}],"inLanguage":"pt-BR"},{"@type":"Person","@id":"https:\/\/www.blogsoestado.com\/evandrojunior\/#\/schema\/person\/3e6c3d8dbb740d1c6878ebc935cfb3be","name":"Evandro Junior","image":{"@type":"ImageObject","inLanguage":"pt-BR","@id":"https:\/\/www.blogsoestado.com\/evandrojunior\/#\/schema\/person\/image\/","url":"https:\/\/secure.gravatar.com\/avatar\/f80a03a2294a580cd2318bfb459bf354cfa8be661ef3d95b542cf9a04af8d129?s=96&d=mm&r=g","contentUrl":"https:\/\/secure.gravatar.com\/avatar\/f80a03a2294a580cd2318bfb459bf354cfa8be661ef3d95b542cf9a04af8d129?s=96&d=mm&r=g","caption":"Evandro Junior"},"url":"https:\/\/www.blogsoestado.com\/evandrojunior\/author\/evandrojunior\/"}]}},"jetpack_featured_media_url":"","_links":{"self":[{"href":"https:\/\/www.blogsoestado.com\/evandrojunior\/wp-json\/wp\/v2\/posts\/16984","targetHints":{"allow":["GET"]}}],"collection":[{"href":"https:\/\/www.blogsoestado.com\/evandrojunior\/wp-json\/wp\/v2\/posts"}],"about":[{"href":"https:\/\/www.blogsoestado.com\/evandrojunior\/wp-json\/wp\/v2\/types\/post"}],"author":[{"embeddable":true,"href":"https:\/\/www.blogsoestado.com\/evandrojunior\/wp-json\/wp\/v2\/users\/4"}],"replies":[{"embeddable":true,"href":"https:\/\/www.blogsoestado.com\/evandrojunior\/wp-json\/wp\/v2\/comments?post=16984"}],"version-history":[{"count":0,"href":"https:\/\/www.blogsoestado.com\/evandrojunior\/wp-json\/wp\/v2\/posts\/16984\/revisions"}],"wp:attachment":[{"href":"https:\/\/www.blogsoestado.com\/evandrojunior\/wp-json\/wp\/v2\/media?parent=16984"}],"wp:term":[{"taxonomy":"category","embeddable":true,"href":"https:\/\/www.blogsoestado.com\/evandrojunior\/wp-json\/wp\/v2\/categories?post=16984"},{"taxonomy":"post_tag","embeddable":true,"href":"https:\/\/www.blogsoestado.com\/evandrojunior\/wp-json\/wp\/v2\/tags?post=16984"}],"curies":[{"name":"wp","href":"https:\/\/api.w.org\/{rel}","templated":true}]}}