{"id":16988,"date":"2025-10-14T16:43:06","date_gmt":"2025-10-14T19:43:06","guid":{"rendered":"https:\/\/www.blogsoestado.com\/evandrojunior\/?p=16988"},"modified":"2025-10-14T16:43:08","modified_gmt":"2025-10-14T19:43:08","slug":"projeto-social-de-sao-jose-de-ribamar-celebra-nova-fase-com-foco-em-prevencao-e-inclusao-social","status":"publish","type":"post","link":"https:\/\/www.blogsoestado.com\/evandrojunior\/2025\/10\/14\/projeto-social-de-sao-jose-de-ribamar-celebra-nova-fase-com-foco-em-prevencao-e-inclusao-social\/","title":{"rendered":"Projeto social de S\u00e3o Jos\u00e9 de Ribamar celebra nova fase com foco em preven\u00e7\u00e3o e inclus\u00e3o social"},"content":{"rendered":"\n<figure class=\"wp-block-image aligncenter size-large\"><img fetchpriority=\"high\" decoding=\"async\" width=\"1024\" height=\"682\" src=\"https:\/\/www.blogsoestado.com\/evandrojunior\/wp-content\/uploads\/sites\/3\/2025\/10\/WhatsApp-Image-2025-10-14-at-07.57.37-1024x682.jpeg\" alt=\"\" class=\"wp-image-16989\" srcset=\"https:\/\/www.blogsoestado.com\/evandrojunior\/wp-content\/uploads\/sites\/3\/2025\/10\/WhatsApp-Image-2025-10-14-at-07.57.37-1024x682.jpeg 1024w, https:\/\/www.blogsoestado.com\/evandrojunior\/wp-content\/uploads\/sites\/3\/2025\/10\/WhatsApp-Image-2025-10-14-at-07.57.37-300x200.jpeg 300w, https:\/\/www.blogsoestado.com\/evandrojunior\/wp-content\/uploads\/sites\/3\/2025\/10\/WhatsApp-Image-2025-10-14-at-07.57.37-768x512.jpeg 768w, https:\/\/www.blogsoestado.com\/evandrojunior\/wp-content\/uploads\/sites\/3\/2025\/10\/WhatsApp-Image-2025-10-14-at-07.57.37.jpeg 1280w\" sizes=\"(max-width: 1024px) 100vw, 1024px\" \/><figcaption class=\"wp-element-caption\"><strong>Patrocinadores, volunt\u00e1rios, monitores e alunos da sexta temporada da Escolinha de Futebol CTM<\/strong><\/figcaption><\/figure>\n\n\n\n<p><strong>S\u00c3O LU\u00cdS <\/strong>&#8211; A sede da Escolinha de Futebol CTM, no bairro Pinda\u00ed, em S\u00e3o Jos\u00e9 de Ribamar, foi palco, na \u00faltima quinta-feira (9), da abertura da sexta temporada do projeto social que tem mudado a realidade de crian\u00e7as e adolescentes em situa\u00e7\u00e3o de vulnerabilidade.<\/p>\n\n\n\n<p>A iniciativa, mantida pela Comunidade Terap\u00eautica do Maranh\u00e3o (CTM), \u00e9 viabilizada por meio da Lei Estadual de Incentivo ao Esporte, com patroc\u00ednio da Potiguar e apoio do Governo do Maranh\u00e3o, via Secretaria de Esporte e Lazer (Sedel).<\/p>\n\n\n\n<figure class=\"wp-block-image aligncenter size-large\"><img decoding=\"async\" width=\"1024\" height=\"682\" src=\"https:\/\/www.blogsoestado.com\/evandrojunior\/wp-content\/uploads\/sites\/3\/2025\/10\/WhatsApp-Image-2025-10-14-at-07.57.36-1024x682.jpeg\" alt=\"\" class=\"wp-image-16990\" srcset=\"https:\/\/www.blogsoestado.com\/evandrojunior\/wp-content\/uploads\/sites\/3\/2025\/10\/WhatsApp-Image-2025-10-14-at-07.57.36-1024x682.jpeg 1024w, https:\/\/www.blogsoestado.com\/evandrojunior\/wp-content\/uploads\/sites\/3\/2025\/10\/WhatsApp-Image-2025-10-14-at-07.57.36-300x200.jpeg 300w, https:\/\/www.blogsoestado.com\/evandrojunior\/wp-content\/uploads\/sites\/3\/2025\/10\/WhatsApp-Image-2025-10-14-at-07.57.36-768x512.jpeg 768w, https:\/\/www.blogsoestado.com\/evandrojunior\/wp-content\/uploads\/sites\/3\/2025\/10\/WhatsApp-Image-2025-10-14-at-07.57.36.jpeg 1280w\" sizes=\"(max-width: 1024px) 100vw, 1024px\" \/><figcaption class=\"wp-element-caption\"><strong>Camila Brasil (Potiguar) e o secret\u00e1rio adjunto da Sedel, Gutemberg Ara\u00fajo, foram homenageados com placas de gratid\u00e3o<\/strong><\/figcaption><\/figure>\n\n\n\n<p>Na cerim\u00f4nia de abertura, os alunos receberam uniformes completos e participaram de homenagens aos patrocinadores. A Potiguar foi representada pela diretora de Marketing do Grupo Potiguar, Camila Brasil, enquanto o Governo do Estado esteve presente por meio do secret\u00e1rio adjunto da Sedel, Dr. Gutemberg Ara\u00fajo, que representou o secret\u00e1rio Celso Dias.<\/p>\n\n\n\n<p>\u201c\u00c9 uma grande satisfa\u00e7\u00e3o estarmos apoiando esse projeto, que muda a vida de 120 crian\u00e7as. A Potiguar acredita que mudar a vida das pessoas \u00e9 um ato de amor ao p\u00f3ximo, e n\u00f3s fazemos isso n\u00e3o s\u00f3 comercialmente, com a venda de produtos de material de constru\u00e7\u00e3o com os quais as pessoas realizam o sonho da casa, mas, tamb\u00e9m, ajudamos a mudar vidas atrav\u00e9s do esporte, com o apoio a projetos como esse da Escolinha de Futebol CTM\u201d, declarou Camila Brasil.<\/p>\n\n\n\n<figure class=\"wp-block-image aligncenter size-large\"><img decoding=\"async\" width=\"1024\" height=\"682\" src=\"https:\/\/www.blogsoestado.com\/evandrojunior\/wp-content\/uploads\/sites\/3\/2025\/10\/WhatsApp-Image-2025-10-14-at-07.57.35-1-1024x682.jpeg\" alt=\"\" class=\"wp-image-16991\" srcset=\"https:\/\/www.blogsoestado.com\/evandrojunior\/wp-content\/uploads\/sites\/3\/2025\/10\/WhatsApp-Image-2025-10-14-at-07.57.35-1-1024x682.jpeg 1024w, https:\/\/www.blogsoestado.com\/evandrojunior\/wp-content\/uploads\/sites\/3\/2025\/10\/WhatsApp-Image-2025-10-14-at-07.57.35-1-300x200.jpeg 300w, https:\/\/www.blogsoestado.com\/evandrojunior\/wp-content\/uploads\/sites\/3\/2025\/10\/WhatsApp-Image-2025-10-14-at-07.57.35-1-768x512.jpeg 768w, https:\/\/www.blogsoestado.com\/evandrojunior\/wp-content\/uploads\/sites\/3\/2025\/10\/WhatsApp-Image-2025-10-14-at-07.57.35-1.jpeg 1280w\" sizes=\"(max-width: 1024px) 100vw, 1024px\" \/><figcaption class=\"wp-element-caption\"><strong> Presidente da CTM, Edvaldo Cordeiro, com o time de volunt\u00e1rios do projeto social Escolinha de Futebol CTM <\/strong><\/figcaption><\/figure>\n\n\n\n<p>O secret\u00e1rio adjunto da SEDEL Dr. Gutemberg Ara\u00fajo, fez quest\u00e3o de elogiar a seriedade do projeto social, que, segundo ele, merece todo o apoio p\u00fablico e privado.<\/p>\n\n\n\n<p>\u201cA SEDEL se orgulha dos impactos positivos da nossa Lei Estadual de Incentivo ao Esporte, e no caso da Escolinha CTM, ficamos muito felizes em constatar o alto n\u00edvel de excel\u00eancia e seriedade desse projeto que ajuda a formar bons cidad\u00e3os. S\u00f3 temos que aplaudir e deixar as portas abertas da SEDEL para a CTM\u201d, destacou o Dr. Gutemberg Ara\u00fajo.<\/p>\n\n\n\n<p>Com o apoio do Grupo Potiguar e do Governo do Estado, a Escolinha CTM reafirma sua voca\u00e7\u00e3o: usar o futebol como ferramenta de inclus\u00e3o, cidadania e esperan\u00e7a de um futuro mais digno e promissor para todas as crian\u00e7as beneficiadas.<\/p>\n\n\n\n<p>O evento marcou a renova\u00e7\u00e3o de um compromisso com a transforma\u00e7\u00e3o social. O presidente da CTM, Pastor Edvaldo Cordeiro, abriu a solenidade destacando a import\u00e2ncia das fam\u00edlias, dos patrocinadores e dos volunt\u00e1rios que, unidos, fazem a diferen\u00e7a na vida de centenas de jovens. Em seguida, ele entregou placas de reconhecimento aos patrocinadores.<\/p>\n\n\n\n<p>\u201cAcreditamos que resguardar a inf\u00e2ncia dos malef\u00edcios das drogas \u00e9 mais eficaz e de menor custo do que tratar os adultos. \u00c9 assim, muito felizes com todo o apoio recebido da Potiguar e do Governo, que vamos para mais uma temporada exitosa. Al\u00e9m das crian\u00e7as, tamb\u00e9m vamos ajudar a transformar cada uma das 120 fam\u00edlias envolvidas, al\u00e9m dos alunos\u201d, lembrou o Pastor Edvaldo Cordeiro de Jesus, presidente da CTM e respons\u00e1vel pelo projeto.<\/p>\n\n\n\n<p>O coordenador da Escolinha de Futebol CTM, \u00c9dison Lages, celebra os resultados desde o in\u00edcio do projeto em 2017. \u201cDeus tem nos aben\u00e7oado e muitas crian\u00e7as j\u00e1 foram beneficiadas. Alguns se tornaram atletas e est\u00e3o em clubes profissionais, e o mais importante, formamos cidad\u00e3os de bem, muitos ex-alunos j\u00e1 est\u00e3o trabalhando e vivendo uma vida digna e produtiva com os ensinamentos que receberam aqui. Agradecemos aos nossos mantendedores que viabilizam a realiza\u00e7\u00e3o desse sonho e nos ajudam a transformar vidas\u201d, frisou Lages, que h\u00e1 oito anos atua como volunt\u00e1rio no projeto.<\/p>\n","protected":false},"excerpt":{"rendered":"<p>S\u00c3O LU\u00cdS &#8211; A sede da Escolinha de Futebol CTM, no bairro Pinda\u00ed, em S\u00e3o Jos\u00e9 de Ribamar, foi palco, [&hellip;]<\/p>\n","protected":false},"author":4,"featured_media":0,"comment_status":"open","ping_status":"open","sticky":false,"template":"","format":"standard","meta":{"site-sidebar-layout":"default","site-content-layout":"","ast-site-content-layout":"default","site-content-style":"default","site-sidebar-style":"default","ast-global-header-display":"","ast-banner-title-visibility":"","ast-main-header-display":"","ast-hfb-above-header-display":"","ast-hfb-below-header-display":"","ast-hfb-mobile-header-display":"","site-post-title":"","ast-breadcrumbs-content":"","ast-featured-img":"","footer-sml-layout":"","ast-disable-related-posts":"","theme-transparent-header-meta":"","adv-header-id-meta":"","stick-header-meta":"","header-above-stick-meta":"","header-main-stick-meta":"","header-below-stick-meta":"","astra-migrate-meta-layouts":"default","ast-page-background-enabled":"default","ast-page-background-meta":{"desktop":{"background-color":"var(--ast-global-color-5)","background-image":"","background-repeat":"repeat","background-position":"center center","background-size":"auto","background-attachment":"scroll","background-type":"","background-media":"","overlay-type":"","overlay-color":"","overlay-opacity":"","overlay-gradient":""},"tablet":{"background-color":"","background-image":"","background-repeat":"repeat","background-position":"center center","background-size":"auto","background-attachment":"scroll","background-type":"","background-media":"","overlay-type":"","overlay-color":"","overlay-opacity":"","overlay-gradient":""},"mobile":{"background-color":"","background-image":"","background-repeat":"repeat","background-position":"center center","background-size":"auto","background-attachment":"scroll","background-type":"","background-media":"","overlay-type":"","overlay-color":"","overlay-opacity":"","overlay-gradient":""}},"ast-content-background-meta":{"desktop":{"background-color":"var(--ast-global-color-4)","background-image":"","background-repeat":"repeat","background-position":"center center","background-size":"auto","background-attachment":"scroll","background-type":"","background-media":"","overlay-type":"","overlay-color":"","overlay-opacity":"","overlay-gradient":""},"tablet":{"background-color":"var(--ast-global-color-4)","background-image":"","background-repeat":"repeat","background-position":"center center","background-size":"auto","background-attachment":"scroll","background-type":"","background-media":"","overlay-type":"","overlay-color":"","overlay-opacity":"","overlay-gradient":""},"mobile":{"background-color":"var(--ast-global-color-4)","background-image":"","background-repeat":"repeat","background-position":"center center","background-size":"auto","background-attachment":"scroll","background-type":"","background-media":"","overlay-type":"","overlay-color":"","overlay-opacity":"","overlay-gradient":""}},"footnotes":""},"categories":[1],"tags":[],"class_list":["post-16988","post","type-post","status-publish","format-standard","hentry","category-sem-categoria"],"yoast_head":"<!-- This site is optimized with the Yoast SEO plugin v26.6 - https:\/\/yoast.com\/wordpress\/plugins\/seo\/ -->\n<title>Projeto social de S\u00e3o Jos\u00e9 de Ribamar celebra nova fase com foco em preven\u00e7\u00e3o e inclus\u00e3o social - Evandro Junior<\/title>\n<meta name=\"robots\" content=\"index, follow, max-snippet:-1, max-image-preview:large, max-video-preview:-1\" \/>\n<link rel=\"canonical\" href=\"https:\/\/www.blogsoestado.com\/evandrojunior\/2025\/10\/14\/projeto-social-de-sao-jose-de-ribamar-celebra-nova-fase-com-foco-em-prevencao-e-inclusao-social\/\" \/>\n<meta property=\"og:locale\" content=\"pt_BR\" \/>\n<meta property=\"og:type\" content=\"article\" \/>\n<meta property=\"og:title\" content=\"Projeto social de S\u00e3o Jos\u00e9 de Ribamar celebra nova fase com foco em preven\u00e7\u00e3o e inclus\u00e3o social - Evandro Junior\" \/>\n<meta property=\"og:description\" content=\"S\u00c3O LU\u00cdS &#8211; A sede da Escolinha de Futebol CTM, no bairro Pinda\u00ed, em S\u00e3o Jos\u00e9 de Ribamar, foi palco, [&hellip;]\" \/>\n<meta property=\"og:url\" content=\"https:\/\/www.blogsoestado.com\/evandrojunior\/2025\/10\/14\/projeto-social-de-sao-jose-de-ribamar-celebra-nova-fase-com-foco-em-prevencao-e-inclusao-social\/\" \/>\n<meta property=\"og:site_name\" content=\"Evandro Junior\" \/>\n<meta property=\"article:published_time\" content=\"2025-10-14T19:43:06+00:00\" \/>\n<meta property=\"article:modified_time\" content=\"2025-10-14T19:43:08+00:00\" \/>\n<meta property=\"og:image\" content=\"https:\/\/www.blogsoestado.com\/evandrojunior\/wp-content\/uploads\/sites\/3\/2025\/10\/WhatsApp-Image-2025-10-14-at-07.57.37-1024x682.jpeg\" \/>\n<meta name=\"author\" content=\"Evandro Junior\" \/>\n<meta name=\"twitter:card\" content=\"summary_large_image\" \/>\n<meta name=\"twitter:label1\" content=\"Escrito por\" \/>\n\t<meta name=\"twitter:data1\" content=\"Evandro Junior\" \/>\n\t<meta name=\"twitter:label2\" content=\"Est. tempo de leitura\" \/>\n\t<meta name=\"twitter:data2\" content=\"4 minutos\" \/>\n<script type=\"application\/ld+json\" class=\"yoast-schema-graph\">{\"@context\":\"https:\/\/schema.org\",\"@graph\":[{\"@type\":\"WebPage\",\"@id\":\"https:\/\/www.blogsoestado.com\/evandrojunior\/2025\/10\/14\/projeto-social-de-sao-jose-de-ribamar-celebra-nova-fase-com-foco-em-prevencao-e-inclusao-social\/\",\"url\":\"https:\/\/www.blogsoestado.com\/evandrojunior\/2025\/10\/14\/projeto-social-de-sao-jose-de-ribamar-celebra-nova-fase-com-foco-em-prevencao-e-inclusao-social\/\",\"name\":\"Projeto social de S\u00e3o Jos\u00e9 de Ribamar celebra nova fase com foco em preven\u00e7\u00e3o e inclus\u00e3o social - Evandro Junior\",\"isPartOf\":{\"@id\":\"https:\/\/www.blogsoestado.com\/evandrojunior\/#website\"},\"primaryImageOfPage\":{\"@id\":\"https:\/\/www.blogsoestado.com\/evandrojunior\/2025\/10\/14\/projeto-social-de-sao-jose-de-ribamar-celebra-nova-fase-com-foco-em-prevencao-e-inclusao-social\/#primaryimage\"},\"image\":{\"@id\":\"https:\/\/www.blogsoestado.com\/evandrojunior\/2025\/10\/14\/projeto-social-de-sao-jose-de-ribamar-celebra-nova-fase-com-foco-em-prevencao-e-inclusao-social\/#primaryimage\"},\"thumbnailUrl\":\"https:\/\/www.blogsoestado.com\/evandrojunior\/wp-content\/uploads\/sites\/3\/2025\/10\/WhatsApp-Image-2025-10-14-at-07.57.37-1024x682.jpeg\",\"datePublished\":\"2025-10-14T19:43:06+00:00\",\"dateModified\":\"2025-10-14T19:43:08+00:00\",\"author\":{\"@id\":\"https:\/\/www.blogsoestado.com\/evandrojunior\/#\/schema\/person\/3e6c3d8dbb740d1c6878ebc935cfb3be\"},\"breadcrumb\":{\"@id\":\"https:\/\/www.blogsoestado.com\/evandrojunior\/2025\/10\/14\/projeto-social-de-sao-jose-de-ribamar-celebra-nova-fase-com-foco-em-prevencao-e-inclusao-social\/#breadcrumb\"},\"inLanguage\":\"pt-BR\",\"potentialAction\":[{\"@type\":\"ReadAction\",\"target\":[\"https:\/\/www.blogsoestado.com\/evandrojunior\/2025\/10\/14\/projeto-social-de-sao-jose-de-ribamar-celebra-nova-fase-com-foco-em-prevencao-e-inclusao-social\/\"]}]},{\"@type\":\"ImageObject\",\"inLanguage\":\"pt-BR\",\"@id\":\"https:\/\/www.blogsoestado.com\/evandrojunior\/2025\/10\/14\/projeto-social-de-sao-jose-de-ribamar-celebra-nova-fase-com-foco-em-prevencao-e-inclusao-social\/#primaryimage\",\"url\":\"https:\/\/www.blogsoestado.com\/evandrojunior\/wp-content\/uploads\/sites\/3\/2025\/10\/WhatsApp-Image-2025-10-14-at-07.57.37.jpeg\",\"contentUrl\":\"https:\/\/www.blogsoestado.com\/evandrojunior\/wp-content\/uploads\/sites\/3\/2025\/10\/WhatsApp-Image-2025-10-14-at-07.57.37.jpeg\",\"width\":1280,\"height\":853,\"caption\":\"Patrocinadores, volunt\u00e1rios, monitores e alunos da sexta temporada da Escolinha de Futebol CTM\"},{\"@type\":\"BreadcrumbList\",\"@id\":\"https:\/\/www.blogsoestado.com\/evandrojunior\/2025\/10\/14\/projeto-social-de-sao-jose-de-ribamar-celebra-nova-fase-com-foco-em-prevencao-e-inclusao-social\/#breadcrumb\",\"itemListElement\":[{\"@type\":\"ListItem\",\"position\":1,\"name\":\"In\u00edcio\",\"item\":\"https:\/\/www.blogsoestado.com\/evandrojunior\/\"},{\"@type\":\"ListItem\",\"position\":2,\"name\":\"Projeto social de S\u00e3o Jos\u00e9 de Ribamar celebra nova fase com foco em preven\u00e7\u00e3o e inclus\u00e3o social\"}]},{\"@type\":\"WebSite\",\"@id\":\"https:\/\/www.blogsoestado.com\/evandrojunior\/#website\",\"url\":\"https:\/\/www.blogsoestado.com\/evandrojunior\/\",\"name\":\"Evandro Junior\",\"description\":\"\",\"potentialAction\":[{\"@type\":\"SearchAction\",\"target\":{\"@type\":\"EntryPoint\",\"urlTemplate\":\"https:\/\/www.blogsoestado.com\/evandrojunior\/?s={search_term_string}\"},\"query-input\":{\"@type\":\"PropertyValueSpecification\",\"valueRequired\":true,\"valueName\":\"search_term_string\"}}],\"inLanguage\":\"pt-BR\"},{\"@type\":\"Person\",\"@id\":\"https:\/\/www.blogsoestado.com\/evandrojunior\/#\/schema\/person\/3e6c3d8dbb740d1c6878ebc935cfb3be\",\"name\":\"Evandro Junior\",\"image\":{\"@type\":\"ImageObject\",\"inLanguage\":\"pt-BR\",\"@id\":\"https:\/\/www.blogsoestado.com\/evandrojunior\/#\/schema\/person\/image\/\",\"url\":\"https:\/\/secure.gravatar.com\/avatar\/f80a03a2294a580cd2318bfb459bf354cfa8be661ef3d95b542cf9a04af8d129?s=96&d=mm&r=g\",\"contentUrl\":\"https:\/\/secure.gravatar.com\/avatar\/f80a03a2294a580cd2318bfb459bf354cfa8be661ef3d95b542cf9a04af8d129?s=96&d=mm&r=g\",\"caption\":\"Evandro Junior\"},\"url\":\"https:\/\/www.blogsoestado.com\/evandrojunior\/author\/evandrojunior\/\"}]}<\/script>\n<!-- \/ Yoast SEO plugin. -->","yoast_head_json":{"title":"Projeto social de S\u00e3o Jos\u00e9 de Ribamar celebra nova fase com foco em preven\u00e7\u00e3o e inclus\u00e3o social - Evandro Junior","robots":{"index":"index","follow":"follow","max-snippet":"max-snippet:-1","max-image-preview":"max-image-preview:large","max-video-preview":"max-video-preview:-1"},"canonical":"https:\/\/www.blogsoestado.com\/evandrojunior\/2025\/10\/14\/projeto-social-de-sao-jose-de-ribamar-celebra-nova-fase-com-foco-em-prevencao-e-inclusao-social\/","og_locale":"pt_BR","og_type":"article","og_title":"Projeto social de S\u00e3o Jos\u00e9 de Ribamar celebra nova fase com foco em preven\u00e7\u00e3o e inclus\u00e3o social - Evandro Junior","og_description":"S\u00c3O LU\u00cdS &#8211; A sede da Escolinha de Futebol CTM, no bairro Pinda\u00ed, em S\u00e3o Jos\u00e9 de Ribamar, foi palco, [&hellip;]","og_url":"https:\/\/www.blogsoestado.com\/evandrojunior\/2025\/10\/14\/projeto-social-de-sao-jose-de-ribamar-celebra-nova-fase-com-foco-em-prevencao-e-inclusao-social\/","og_site_name":"Evandro Junior","article_published_time":"2025-10-14T19:43:06+00:00","article_modified_time":"2025-10-14T19:43:08+00:00","og_image":[{"url":"https:\/\/www.blogsoestado.com\/evandrojunior\/wp-content\/uploads\/sites\/3\/2025\/10\/WhatsApp-Image-2025-10-14-at-07.57.37-1024x682.jpeg","type":"","width":"","height":""}],"author":"Evandro Junior","twitter_card":"summary_large_image","twitter_misc":{"Escrito por":"Evandro Junior","Est. tempo de leitura":"4 minutos"},"schema":{"@context":"https:\/\/schema.org","@graph":[{"@type":"WebPage","@id":"https:\/\/www.blogsoestado.com\/evandrojunior\/2025\/10\/14\/projeto-social-de-sao-jose-de-ribamar-celebra-nova-fase-com-foco-em-prevencao-e-inclusao-social\/","url":"https:\/\/www.blogsoestado.com\/evandrojunior\/2025\/10\/14\/projeto-social-de-sao-jose-de-ribamar-celebra-nova-fase-com-foco-em-prevencao-e-inclusao-social\/","name":"Projeto social de S\u00e3o Jos\u00e9 de Ribamar celebra nova fase com foco em preven\u00e7\u00e3o e inclus\u00e3o social - Evandro Junior","isPartOf":{"@id":"https:\/\/www.blogsoestado.com\/evandrojunior\/#website"},"primaryImageOfPage":{"@id":"https:\/\/www.blogsoestado.com\/evandrojunior\/2025\/10\/14\/projeto-social-de-sao-jose-de-ribamar-celebra-nova-fase-com-foco-em-prevencao-e-inclusao-social\/#primaryimage"},"image":{"@id":"https:\/\/www.blogsoestado.com\/evandrojunior\/2025\/10\/14\/projeto-social-de-sao-jose-de-ribamar-celebra-nova-fase-com-foco-em-prevencao-e-inclusao-social\/#primaryimage"},"thumbnailUrl":"https:\/\/www.blogsoestado.com\/evandrojunior\/wp-content\/uploads\/sites\/3\/2025\/10\/WhatsApp-Image-2025-10-14-at-07.57.37-1024x682.jpeg","datePublished":"2025-10-14T19:43:06+00:00","dateModified":"2025-10-14T19:43:08+00:00","author":{"@id":"https:\/\/www.blogsoestado.com\/evandrojunior\/#\/schema\/person\/3e6c3d8dbb740d1c6878ebc935cfb3be"},"breadcrumb":{"@id":"https:\/\/www.blogsoestado.com\/evandrojunior\/2025\/10\/14\/projeto-social-de-sao-jose-de-ribamar-celebra-nova-fase-com-foco-em-prevencao-e-inclusao-social\/#breadcrumb"},"inLanguage":"pt-BR","potentialAction":[{"@type":"ReadAction","target":["https:\/\/www.blogsoestado.com\/evandrojunior\/2025\/10\/14\/projeto-social-de-sao-jose-de-ribamar-celebra-nova-fase-com-foco-em-prevencao-e-inclusao-social\/"]}]},{"@type":"ImageObject","inLanguage":"pt-BR","@id":"https:\/\/www.blogsoestado.com\/evandrojunior\/2025\/10\/14\/projeto-social-de-sao-jose-de-ribamar-celebra-nova-fase-com-foco-em-prevencao-e-inclusao-social\/#primaryimage","url":"https:\/\/www.blogsoestado.com\/evandrojunior\/wp-content\/uploads\/sites\/3\/2025\/10\/WhatsApp-Image-2025-10-14-at-07.57.37.jpeg","contentUrl":"https:\/\/www.blogsoestado.com\/evandrojunior\/wp-content\/uploads\/sites\/3\/2025\/10\/WhatsApp-Image-2025-10-14-at-07.57.37.jpeg","width":1280,"height":853,"caption":"Patrocinadores, volunt\u00e1rios, monitores e alunos da sexta temporada da Escolinha de Futebol CTM"},{"@type":"BreadcrumbList","@id":"https:\/\/www.blogsoestado.com\/evandrojunior\/2025\/10\/14\/projeto-social-de-sao-jose-de-ribamar-celebra-nova-fase-com-foco-em-prevencao-e-inclusao-social\/#breadcrumb","itemListElement":[{"@type":"ListItem","position":1,"name":"In\u00edcio","item":"https:\/\/www.blogsoestado.com\/evandrojunior\/"},{"@type":"ListItem","position":2,"name":"Projeto social de S\u00e3o Jos\u00e9 de Ribamar celebra nova fase com foco em preven\u00e7\u00e3o e inclus\u00e3o social"}]},{"@type":"WebSite","@id":"https:\/\/www.blogsoestado.com\/evandrojunior\/#website","url":"https:\/\/www.blogsoestado.com\/evandrojunior\/","name":"Evandro Junior","description":"","potentialAction":[{"@type":"SearchAction","target":{"@type":"EntryPoint","urlTemplate":"https:\/\/www.blogsoestado.com\/evandrojunior\/?s={search_term_string}"},"query-input":{"@type":"PropertyValueSpecification","valueRequired":true,"valueName":"search_term_string"}}],"inLanguage":"pt-BR"},{"@type":"Person","@id":"https:\/\/www.blogsoestado.com\/evandrojunior\/#\/schema\/person\/3e6c3d8dbb740d1c6878ebc935cfb3be","name":"Evandro Junior","image":{"@type":"ImageObject","inLanguage":"pt-BR","@id":"https:\/\/www.blogsoestado.com\/evandrojunior\/#\/schema\/person\/image\/","url":"https:\/\/secure.gravatar.com\/avatar\/f80a03a2294a580cd2318bfb459bf354cfa8be661ef3d95b542cf9a04af8d129?s=96&d=mm&r=g","contentUrl":"https:\/\/secure.gravatar.com\/avatar\/f80a03a2294a580cd2318bfb459bf354cfa8be661ef3d95b542cf9a04af8d129?s=96&d=mm&r=g","caption":"Evandro Junior"},"url":"https:\/\/www.blogsoestado.com\/evandrojunior\/author\/evandrojunior\/"}]}},"jetpack_featured_media_url":"","_links":{"self":[{"href":"https:\/\/www.blogsoestado.com\/evandrojunior\/wp-json\/wp\/v2\/posts\/16988","targetHints":{"allow":["GET"]}}],"collection":[{"href":"https:\/\/www.blogsoestado.com\/evandrojunior\/wp-json\/wp\/v2\/posts"}],"about":[{"href":"https:\/\/www.blogsoestado.com\/evandrojunior\/wp-json\/wp\/v2\/types\/post"}],"author":[{"embeddable":true,"href":"https:\/\/www.blogsoestado.com\/evandrojunior\/wp-json\/wp\/v2\/users\/4"}],"replies":[{"embeddable":true,"href":"https:\/\/www.blogsoestado.com\/evandrojunior\/wp-json\/wp\/v2\/comments?post=16988"}],"version-history":[{"count":0,"href":"https:\/\/www.blogsoestado.com\/evandrojunior\/wp-json\/wp\/v2\/posts\/16988\/revisions"}],"wp:attachment":[{"href":"https:\/\/www.blogsoestado.com\/evandrojunior\/wp-json\/wp\/v2\/media?parent=16988"}],"wp:term":[{"taxonomy":"category","embeddable":true,"href":"https:\/\/www.blogsoestado.com\/evandrojunior\/wp-json\/wp\/v2\/categories?post=16988"},{"taxonomy":"post_tag","embeddable":true,"href":"https:\/\/www.blogsoestado.com\/evandrojunior\/wp-json\/wp\/v2\/tags?post=16988"}],"curies":[{"name":"wp","href":"https:\/\/api.w.org\/{rel}","templated":true}]}}