{"id":1754,"date":"2019-02-14T09:10:21","date_gmt":"2019-02-14T11:10:21","guid":{"rendered":"https:\/\/www.blogsoestado.com\/evandrojunior\/?p=1754"},"modified":"2019-02-14T09:10:21","modified_gmt":"2019-02-14T11:10:21","slug":"faculdade-de-negocios-ofertara-cursos-ineditos-de-mba-em-2019","status":"publish","type":"post","link":"https:\/\/www.blogsoestado.com\/evandrojunior\/2019\/02\/14\/faculdade-de-negocios-ofertara-cursos-ineditos-de-mba-em-2019\/","title":{"rendered":"Faculdade de Neg\u00f3cios ofertar\u00e1 cursos in\u00e9ditos de MBA em 2019"},"content":{"rendered":"\n<figure class=\"wp-block-image\"><img fetchpriority=\"high\" decoding=\"async\" width=\"1024\" height=\"768\" src=\"https:\/\/www.blogsoestado.com\/evandrojunior\/wp-content\/uploads\/sites\/3\/2019\/02\/Carreira-entrevista-1-1024x768.jpeg\" alt=\"\" class=\"wp-image-1755\" srcset=\"https:\/\/www.blogsoestado.com\/evandrojunior\/wp-content\/uploads\/sites\/3\/2019\/02\/Carreira-entrevista-1-1024x768.jpeg 1024w, https:\/\/www.blogsoestado.com\/evandrojunior\/wp-content\/uploads\/sites\/3\/2019\/02\/Carreira-entrevista-1-300x225.jpeg 300w, https:\/\/www.blogsoestado.com\/evandrojunior\/wp-content\/uploads\/sites\/3\/2019\/02\/Carreira-entrevista-1-768x576.jpeg 768w, https:\/\/www.blogsoestado.com\/evandrojunior\/wp-content\/uploads\/sites\/3\/2019\/02\/Carreira-entrevista-1.jpeg 1280w\" sizes=\"(max-width: 1024px) 100vw, 1024px\" \/><figcaption>O diretor geral da Faene, Ricardo Andr\u00e9 Carreira, avalia o ano de 2018<br> <br>e faz proje\u00e7\u00f5es para 2019 na institui\u00e7\u00e3o <br><br><\/figcaption><\/figure>\n\n\n\n<p> <strong>S\u00e3o Lu\u00eds <\/strong>&#8211; Institui\u00e7\u00e3o que se destacou em 2018 pela oferta de MBAs e que segue firmando-se no mercado oferendo tamb\u00e9m cursos de gradua\u00e7\u00e3o, a Faculdade de Neg\u00f3cios Faene, instalada no bairro Angelim, experimentou um ano de muita a\u00e7\u00e3o e trabalho. <\/p>\n\n\n\n<p>Agora, aposta em novos cursos de MBA, como os de Gest\u00e3o em Sa\u00fade e Business Intelligence. Em 2019, entre outras coisas, promover\u00e1 um encontro de digital influences e lan\u00e7ar\u00e1 os\u00a0chamados \u201cFast MBAs\u201d, que podem ser conclu\u00eddos\u00a0mais rapidamente\u00a0e t\u00eam pre\u00e7os mais acess\u00edveis. <\/p>\n\n\n\n<p>Nesta entrevista, o diretor da institui\u00e7\u00e3o, empres\u00e1rio, professor e consultor Ricardo Andr\u00e9 Carreira faz um resumo das atividades\u00a0realizadas ano passado\u00a0e algumas proje\u00e7\u00f5es para 2019.<\/p>\n\n\n\n<p>\n<strong>Qual\navalia\u00e7\u00e3o voc\u00ea faz do ano 2018 na Faene?<\/strong><\/p>\n\n\n\n<blockquote class=\"wp-block-quote is-layout-flow wp-block-quote-is-layout-flow\"><p><strong>Ricardo Carreira<\/strong>\u00a0\u2013 Foi um ano de muito aprendizado.\u00a0Entre outras coisas, n\u00f3s\u00a0identificamos novos formatos de cursos\u00a0e\u00a0uma nova din\u00e2mica no mercado,\u00a0agora\u00a0enfatizando a interatividade e\u00a0os\u00a0conhecimentos\u00a0t\u00e9cnicos.\u00a0As pessoas, cada vez mais, buscam\u00a0inova\u00e7\u00e3o\u00a0e produtividade.<\/p><\/blockquote>\n\n\n\n<blockquote class=\"wp-block-quote is-layout-flow wp-block-quote-is-layout-flow\"><p><strong>Quais\ncursos de MBA atra\u00edram mais as aten\u00e7\u00f5es de quem buscou se\naperfei\u00e7oar em 2019? E os da gradua\u00e7\u00e3o?<\/strong><\/p><\/blockquote>\n\n\n\n<blockquote class=\"wp-block-quote is-layout-flow wp-block-quote-is-layout-flow\"><p><strong>Ricardo\nCarreira<\/strong>&nbsp;&#8211;&nbsp;Os\ncursos de MBA que surgiram&nbsp;como grandes vedetes&nbsp;e que\nganham for\u00e7a total agora em&nbsp;2019 s\u00e3o os&nbsp;de&nbsp;Gest\u00e3o\nde Sa\u00fade, Engenharia Portu\u00e1ria, Marketing&nbsp;e&nbsp;Business\nIntelligence.&nbsp;Al\u00e9m disso,&nbsp;consolida-se&nbsp;ainda mais no\nmercado os cursos de Auditoria, Controladoria e Finan\u00e7as e\nEngenharia de Manuten\u00e7\u00e3o. Na&nbsp;gradua\u00e7\u00e3o, com as&nbsp;perspectivas\ndo novo&nbsp;porto,&nbsp;a ser inaugurado em&nbsp;S\u00e3o Lu\u00eds, o curso\nde&nbsp;gradua\u00e7\u00e3o em Log\u00edstica da Faene&nbsp;aparece como grande\nrefer\u00eancia no mercado, focado na \u00e1rea de suprimentos, portos e\ntransportes. Lembramos que a&nbsp;institui\u00e7\u00e3o&nbsp;j\u00e1 \u00e9\nrefer\u00eancia em Log\u00edstica, tamb\u00e9m na \u00e1rea de&nbsp;MBA, com a\n22<sup>o<\/sup>&nbsp;turma\ndo&nbsp;tradicional Log\u00edstica e Supply Chain.<\/p><\/blockquote>\n\n\n\n<blockquote class=\"wp-block-quote is-layout-flow wp-block-quote-is-layout-flow\"><p><strong>Quais\neventos podem ser destacados como aqueles que mais marcar\u00e3o&nbsp;o\ncalend\u00e1rio&nbsp;de 2019?<\/strong><\/p><\/blockquote>\n\n\n\n<blockquote class=\"wp-block-quote is-layout-flow wp-block-quote-is-layout-flow\"><p><strong>Ricardo\nCarreira<\/strong>&nbsp;&#8211;&nbsp;A\nFaene&nbsp;projeta&nbsp;produtivos&nbsp;eventos em\n2019.&nbsp;N\u00f3s&nbsp;teremos,&nbsp;por exemplo,&nbsp;o \u201cIII\nSemin\u00e1rio AdmLog\u201d,&nbsp;no m\u00eas de&nbsp;junho, com tem\u00e1tica&nbsp;votada\npara&nbsp;os novos desafios da&nbsp;gest\u00e3o&nbsp;integrada.&nbsp;J\u00e1\nem&nbsp;mar\u00e7o, o \u201cI Encontro de Digital Influences&nbsp;Maranh\u00e3o\u201d,\ndiscutindo como se tornar um influenciador no mundo digital. E\no&nbsp;grande&nbsp;evento de encerramento&nbsp;do ano,\nem&nbsp;dezembro,&nbsp;ser\u00e1&nbsp;a \u201cVIII Semana Gest\u00e3o e\nNeg\u00f3cios\u201d, com&nbsp;tem\u00e1tica voltada para a&nbsp;\u201cgamefica\u00e7\u00e3o\u201d&nbsp;e&nbsp;como\nus\u00e1-la&nbsp;a seu favor. Al\u00e9m disso,&nbsp;n\u00f3s&nbsp;teremos os\neventos&nbsp;cient\u00edficos,&nbsp;como os\u201cPain\u00e9is Cient\u00edficos\nFaene\u201d,&nbsp;com apresenta\u00e7\u00e3o dos artigos desenvolvidos pelos\nalunos da&nbsp;p\u00f3s-gradua\u00e7\u00e3o, nos meses de&nbsp;julho e&nbsp;dezembro.<\/p><\/blockquote>\n\n\n\n<blockquote class=\"wp-block-quote is-layout-flow wp-block-quote-is-layout-flow\"><p><strong>E\no que dizer dos cursos de gradua\u00e7\u00e3o?<\/strong><\/p><\/blockquote>\n\n\n\n<blockquote class=\"wp-block-quote is-layout-flow wp-block-quote-is-layout-flow\"><p><strong>Ricardo Carreira\u00a0<\/strong>&#8211;\u00a0A\u00a0gradua\u00e7\u00e3o deve sempre se renovar\u00a0e\u00a0a Faene segue\u00a0\u00e0\u00a0risca,\u00a0pois\u00a0nossos cursos seguem\u00a0um\u00a0conceito de\u00a0conhecimento t\u00e9cnico e viv\u00eancia pr\u00e1tica, com\u00a0a realiza\u00e7\u00e3o de\u00a0visitas t\u00e9cnicas\u00a0peri\u00f3dicas,\u00a0simulados e jogos, al\u00e9m do \u201cTrabalho Integrado Pedag\u00f3gico\u201d(TIP), que leva o aluno ao mundo real\u00a0para\u00a0buscar\u00a0solu\u00e7\u00f5es para as empresas.\u00a0Este ano, o\u00a0desafio ser\u00e1 o TIP 2019,\u00a0quando\u00a0alunos da gradua\u00e7\u00e3o competir\u00e3o\u00a0por uma solu\u00e7\u00e3o mais inovadora e produtiva para tirar uma empresa da crise.\u00a0A\u00a0empresa j\u00e1 foi escolhida, mas\u00a0o nome est\u00e1 sendo mantido\u00a0a sete chaves\u00a0e,\u00a0em breve, ser\u00e1 divulgado.<\/p><\/blockquote>\n\n\n\n<blockquote class=\"wp-block-quote is-layout-flow wp-block-quote-is-layout-flow\"><p><strong>Quais\ncursos ser\u00e3o implantados na institui\u00e7\u00e3o este ano?<\/strong><\/p><\/blockquote>\n\n\n\n<blockquote class=\"wp-block-quote is-layout-flow wp-block-quote-is-layout-flow\"><p><strong>Ricardo\nCarreira<\/strong>&nbsp;&#8211;&nbsp;A\nFaene&nbsp;apostar\u00e1&nbsp;nos cursos&nbsp;de MBA em&nbsp;Engenharia\nPortu\u00e1ria e Log\u00edstica Mar\u00edtima, Marketing, Target e Business\nIntelligence,&nbsp;Gest\u00e3o e Performance em Sa\u00fade,&nbsp;e no Fast\nMBA&nbsp;em Neg\u00f3cios, Inova\u00e7\u00e3o e Intelig\u00eancia Corporativa,&nbsp;este\n\u00faltimo&nbsp;em formato mais r\u00e1pido e pre\u00e7o mais acess\u00edvel.<\/p><\/blockquote>\n\n\n\n<blockquote class=\"wp-block-quote is-layout-flow wp-block-quote-is-layout-flow\"><p><strong>Como\nfoi o desempenho da Faene em suas filiais no interior do Maranh\u00e3o e\nno Estado do Par\u00e1&nbsp;<\/strong><strong>em\n2018?<\/strong><\/p><\/blockquote>\n\n\n\n<blockquote class=\"wp-block-quote is-layout-flow wp-block-quote-is-layout-flow\"><p><strong>Ricardo Carreira<\/strong>\u00a0&#8211;\u00a0Consideramos muito bom.\u00a0Destacamos Parauapebas (PA),\u00a0onde\u00a0dobramos o n\u00famero de alunos.\u00a0Em Imperatriz,\u00a0n\u00f3s\u00a0tivemos um\u00a0desempenho muito bom e muitas perspectivas de melhoria. Avaliamos um cen\u00e1rio bem mais favor\u00e1vel este ano,\u00a0com grandes resultados \u00e0 vista.<\/p><\/blockquote>\n\n\n\n<blockquote class=\"wp-block-quote is-layout-flow wp-block-quote-is-layout-flow\"><p><strong>Quais\nprojetos dever\u00e3o ser implementados em 2019?<\/strong><\/p><\/blockquote>\n\n\n\n<blockquote class=\"wp-block-quote is-layout-flow wp-block-quote-is-layout-flow\"><p><strong>Ricardo\nCarreira<\/strong>&nbsp;&#8211;&nbsp;A&nbsp;grande\naposta&nbsp;para&nbsp;2019 \u00e9&nbsp;a&nbsp;expans\u00e3o&nbsp;da&nbsp;Faene&nbsp;para\nBel\u00e9m&nbsp;(PA).<\/p><\/blockquote>\n\n\n\n<blockquote class=\"wp-block-quote is-layout-flow wp-block-quote-is-layout-flow\"><p><strong>Qual\navalia\u00e7\u00e3o voc\u00ea faz do interesse das pessoas por cursos de MBA no\nBrasil?<\/strong><\/p><\/blockquote>\n\n\n\n<blockquote class=\"wp-block-quote is-layout-flow wp-block-quote-is-layout-flow\"><p><strong>Ricardo\nCarreira<\/strong>&nbsp;\u2013&nbsp;Esse\ninteresse vem crescendo, principalmente com os novos rumos do\ngoverno.&nbsp;N\u00f3s&nbsp;identificamos uma confian\u00e7a\nmaior,&nbsp;mais&nbsp;expectativas&nbsp;de&nbsp;crescimento, o que\nestimula&nbsp;a&nbsp;busca&nbsp;por uma melhor forma\u00e7\u00e3o.<\/p><\/blockquote>\n\n\n\n<blockquote class=\"wp-block-quote is-layout-flow wp-block-quote-is-layout-flow\"><p><strong>Quais\nas&nbsp;outras&nbsp;metas para 2019?<\/strong><\/p><\/blockquote>\n\n\n\n<blockquote class=\"wp-block-quote is-layout-flow wp-block-quote-is-layout-flow\"><p><strong>Ricardo\nCarreira<\/strong>&nbsp;&#8211;\nAumentar em 30%&nbsp;o n\u00famero&nbsp;de alunos<\/p><\/blockquote>\n\n\n\n<blockquote class=\"wp-block-quote is-layout-flow wp-block-quote-is-layout-flow\"><p><strong>O\nque significa para a institui\u00e7\u00e3o passar a sediar em seu pr\u00e9dio o\nprojeto educacional do Col\u00e9gio Objetivo?<\/strong><\/p><\/blockquote>\n\n\n\n<blockquote class=\"wp-block-quote is-layout-flow wp-block-quote-is-layout-flow\"><p><strong>Ricardo\nCarreira \u2013&nbsp;<\/strong>\u00c9\numa honra para n\u00f3s nos associar a um conceito t\u00e3o forte como o do\nCol\u00e9gio Objetivo, institui\u00e7\u00e3o diretamente ligada a vit\u00f3rias no\nExame Nacional do Ensino M\u00e9dio&nbsp;(ENEM)&nbsp;em todo o Brasil. A\nFaene abra\u00e7ou esse projeto ao lado de outros profissionais com\ndestacada atua\u00e7\u00e3o na \u00e1rea educacional no Maranh\u00e3o e essa alian\u00e7a\ntem tudo para ser&nbsp;frut\u00edfera. Com essa parceria, contribuiremos\nsobremaneira para a forma\u00e7\u00e3o profissional completa no Maranh\u00e3o.<\/p><\/blockquote>\n","protected":false},"excerpt":{"rendered":"<p>S\u00e3o Lu\u00eds &#8211; Institui\u00e7\u00e3o que se destacou em 2018 pela oferta de MBAs e que segue firmando-se no mercado oferendo [&hellip;]<\/p>\n","protected":false},"author":4,"featured_media":0,"comment_status":"open","ping_status":"open","sticky":false,"template":"","format":"standard","meta":{"site-sidebar-layout":"default","site-content-layout":"","ast-site-content-layout":"default","site-content-style":"default","site-sidebar-style":"default","ast-global-header-display":"","ast-banner-title-visibility":"","ast-main-header-display":"","ast-hfb-above-header-display":"","ast-hfb-below-header-display":"","ast-hfb-mobile-header-display":"","site-post-title":"","ast-breadcrumbs-content":"","ast-featured-img":"","footer-sml-layout":"","ast-disable-related-posts":"","theme-transparent-header-meta":"","adv-header-id-meta":"","stick-header-meta":"","header-above-stick-meta":"","header-main-stick-meta":"","header-below-stick-meta":"","astra-migrate-meta-layouts":"default","ast-page-background-enabled":"default","ast-page-background-meta":{"desktop":{"background-color":"var(--ast-global-color-5)","background-image":"","background-repeat":"repeat","background-position":"center center","background-size":"auto","background-attachment":"scroll","background-type":"","background-media":"","overlay-type":"","overlay-color":"","overlay-opacity":"","overlay-gradient":""},"tablet":{"background-color":"","background-image":"","background-repeat":"repeat","background-position":"center center","background-size":"auto","background-attachment":"scroll","background-type":"","background-media":"","overlay-type":"","overlay-color":"","overlay-opacity":"","overlay-gradient":""},"mobile":{"background-color":"","background-image":"","background-repeat":"repeat","background-position":"center center","background-size":"auto","background-attachment":"scroll","background-type":"","background-media":"","overlay-type":"","overlay-color":"","overlay-opacity":"","overlay-gradient":""}},"ast-content-background-meta":{"desktop":{"background-color":"var(--ast-global-color-4)","background-image":"","background-repeat":"repeat","background-position":"center center","background-size":"auto","background-attachment":"scroll","background-type":"","background-media":"","overlay-type":"","overlay-color":"","overlay-opacity":"","overlay-gradient":""},"tablet":{"background-color":"var(--ast-global-color-4)","background-image":"","background-repeat":"repeat","background-position":"center center","background-size":"auto","background-attachment":"scroll","background-type":"","background-media":"","overlay-type":"","overlay-color":"","overlay-opacity":"","overlay-gradient":""},"mobile":{"background-color":"var(--ast-global-color-4)","background-image":"","background-repeat":"repeat","background-position":"center center","background-size":"auto","background-attachment":"scroll","background-type":"","background-media":"","overlay-type":"","overlay-color":"","overlay-opacity":"","overlay-gradient":""}},"footnotes":""},"categories":[1],"tags":[],"class_list":["post-1754","post","type-post","status-publish","format-standard","hentry","category-sem-categoria"],"yoast_head":"<!-- This site is optimized with the Yoast SEO plugin v26.6 - https:\/\/yoast.com\/wordpress\/plugins\/seo\/ -->\n<title>Faculdade de Neg\u00f3cios ofertar\u00e1 cursos in\u00e9ditos de MBA em 2019 - Evandro Junior<\/title>\n<meta name=\"robots\" content=\"index, follow, max-snippet:-1, max-image-preview:large, max-video-preview:-1\" \/>\n<link rel=\"canonical\" href=\"https:\/\/www.blogsoestado.com\/evandrojunior\/2019\/02\/14\/faculdade-de-negocios-ofertara-cursos-ineditos-de-mba-em-2019\/\" \/>\n<meta property=\"og:locale\" content=\"pt_BR\" \/>\n<meta property=\"og:type\" content=\"article\" \/>\n<meta property=\"og:title\" content=\"Faculdade de Neg\u00f3cios ofertar\u00e1 cursos in\u00e9ditos de MBA em 2019 - Evandro Junior\" \/>\n<meta property=\"og:description\" content=\"S\u00e3o Lu\u00eds &#8211; Institui\u00e7\u00e3o que se destacou em 2018 pela oferta de MBAs e que segue firmando-se no mercado oferendo [&hellip;]\" \/>\n<meta property=\"og:url\" content=\"https:\/\/www.blogsoestado.com\/evandrojunior\/2019\/02\/14\/faculdade-de-negocios-ofertara-cursos-ineditos-de-mba-em-2019\/\" \/>\n<meta property=\"og:site_name\" content=\"Evandro Junior\" \/>\n<meta property=\"article:published_time\" content=\"2019-02-14T11:10:21+00:00\" \/>\n<meta property=\"og:image\" content=\"https:\/\/www.blogsoestado.com\/evandrojunior\/wp-content\/uploads\/sites\/3\/2019\/02\/Carreira-entrevista-1-1024x768.jpeg\" \/>\n<meta name=\"author\" content=\"Evandro Junior\" \/>\n<meta name=\"twitter:card\" content=\"summary_large_image\" \/>\n<meta name=\"twitter:label1\" content=\"Escrito por\" \/>\n\t<meta name=\"twitter:data1\" content=\"Evandro Junior\" \/>\n\t<meta name=\"twitter:label2\" content=\"Est. tempo de leitura\" \/>\n\t<meta name=\"twitter:data2\" content=\"5 minutos\" \/>\n<script type=\"application\/ld+json\" class=\"yoast-schema-graph\">{\"@context\":\"https:\/\/schema.org\",\"@graph\":[{\"@type\":\"WebPage\",\"@id\":\"https:\/\/www.blogsoestado.com\/evandrojunior\/2019\/02\/14\/faculdade-de-negocios-ofertara-cursos-ineditos-de-mba-em-2019\/\",\"url\":\"https:\/\/www.blogsoestado.com\/evandrojunior\/2019\/02\/14\/faculdade-de-negocios-ofertara-cursos-ineditos-de-mba-em-2019\/\",\"name\":\"Faculdade de Neg\u00f3cios ofertar\u00e1 cursos in\u00e9ditos de MBA em 2019 - Evandro Junior\",\"isPartOf\":{\"@id\":\"https:\/\/www.blogsoestado.com\/evandrojunior\/#website\"},\"primaryImageOfPage\":{\"@id\":\"https:\/\/www.blogsoestado.com\/evandrojunior\/2019\/02\/14\/faculdade-de-negocios-ofertara-cursos-ineditos-de-mba-em-2019\/#primaryimage\"},\"image\":{\"@id\":\"https:\/\/www.blogsoestado.com\/evandrojunior\/2019\/02\/14\/faculdade-de-negocios-ofertara-cursos-ineditos-de-mba-em-2019\/#primaryimage\"},\"thumbnailUrl\":\"https:\/\/www.blogsoestado.com\/evandrojunior\/wp-content\/uploads\/sites\/3\/2019\/02\/Carreira-entrevista-1-1024x768.jpeg\",\"datePublished\":\"2019-02-14T11:10:21+00:00\",\"author\":{\"@id\":\"https:\/\/www.blogsoestado.com\/evandrojunior\/#\/schema\/person\/3e6c3d8dbb740d1c6878ebc935cfb3be\"},\"breadcrumb\":{\"@id\":\"https:\/\/www.blogsoestado.com\/evandrojunior\/2019\/02\/14\/faculdade-de-negocios-ofertara-cursos-ineditos-de-mba-em-2019\/#breadcrumb\"},\"inLanguage\":\"pt-BR\",\"potentialAction\":[{\"@type\":\"ReadAction\",\"target\":[\"https:\/\/www.blogsoestado.com\/evandrojunior\/2019\/02\/14\/faculdade-de-negocios-ofertara-cursos-ineditos-de-mba-em-2019\/\"]}]},{\"@type\":\"ImageObject\",\"inLanguage\":\"pt-BR\",\"@id\":\"https:\/\/www.blogsoestado.com\/evandrojunior\/2019\/02\/14\/faculdade-de-negocios-ofertara-cursos-ineditos-de-mba-em-2019\/#primaryimage\",\"url\":\"https:\/\/www.blogsoestado.com\/evandrojunior\/wp-content\/uploads\/sites\/3\/2019\/02\/Carreira-entrevista-1-1024x768.jpeg\",\"contentUrl\":\"https:\/\/www.blogsoestado.com\/evandrojunior\/wp-content\/uploads\/sites\/3\/2019\/02\/Carreira-entrevista-1-1024x768.jpeg\"},{\"@type\":\"BreadcrumbList\",\"@id\":\"https:\/\/www.blogsoestado.com\/evandrojunior\/2019\/02\/14\/faculdade-de-negocios-ofertara-cursos-ineditos-de-mba-em-2019\/#breadcrumb\",\"itemListElement\":[{\"@type\":\"ListItem\",\"position\":1,\"name\":\"In\u00edcio\",\"item\":\"https:\/\/www.blogsoestado.com\/evandrojunior\/\"},{\"@type\":\"ListItem\",\"position\":2,\"name\":\"Faculdade de Neg\u00f3cios ofertar\u00e1 cursos in\u00e9ditos de MBA em 2019\"}]},{\"@type\":\"WebSite\",\"@id\":\"https:\/\/www.blogsoestado.com\/evandrojunior\/#website\",\"url\":\"https:\/\/www.blogsoestado.com\/evandrojunior\/\",\"name\":\"Evandro Junior\",\"description\":\"\",\"potentialAction\":[{\"@type\":\"SearchAction\",\"target\":{\"@type\":\"EntryPoint\",\"urlTemplate\":\"https:\/\/www.blogsoestado.com\/evandrojunior\/?s={search_term_string}\"},\"query-input\":{\"@type\":\"PropertyValueSpecification\",\"valueRequired\":true,\"valueName\":\"search_term_string\"}}],\"inLanguage\":\"pt-BR\"},{\"@type\":\"Person\",\"@id\":\"https:\/\/www.blogsoestado.com\/evandrojunior\/#\/schema\/person\/3e6c3d8dbb740d1c6878ebc935cfb3be\",\"name\":\"Evandro Junior\",\"image\":{\"@type\":\"ImageObject\",\"inLanguage\":\"pt-BR\",\"@id\":\"https:\/\/www.blogsoestado.com\/evandrojunior\/#\/schema\/person\/image\/\",\"url\":\"https:\/\/secure.gravatar.com\/avatar\/f80a03a2294a580cd2318bfb459bf354cfa8be661ef3d95b542cf9a04af8d129?s=96&d=mm&r=g\",\"contentUrl\":\"https:\/\/secure.gravatar.com\/avatar\/f80a03a2294a580cd2318bfb459bf354cfa8be661ef3d95b542cf9a04af8d129?s=96&d=mm&r=g\",\"caption\":\"Evandro Junior\"},\"url\":\"https:\/\/www.blogsoestado.com\/evandrojunior\/author\/evandrojunior\/\"}]}<\/script>\n<!-- \/ Yoast SEO plugin. -->","yoast_head_json":{"title":"Faculdade de Neg\u00f3cios ofertar\u00e1 cursos in\u00e9ditos de MBA em 2019 - Evandro Junior","robots":{"index":"index","follow":"follow","max-snippet":"max-snippet:-1","max-image-preview":"max-image-preview:large","max-video-preview":"max-video-preview:-1"},"canonical":"https:\/\/www.blogsoestado.com\/evandrojunior\/2019\/02\/14\/faculdade-de-negocios-ofertara-cursos-ineditos-de-mba-em-2019\/","og_locale":"pt_BR","og_type":"article","og_title":"Faculdade de Neg\u00f3cios ofertar\u00e1 cursos in\u00e9ditos de MBA em 2019 - Evandro Junior","og_description":"S\u00e3o Lu\u00eds &#8211; Institui\u00e7\u00e3o que se destacou em 2018 pela oferta de MBAs e que segue firmando-se no mercado oferendo [&hellip;]","og_url":"https:\/\/www.blogsoestado.com\/evandrojunior\/2019\/02\/14\/faculdade-de-negocios-ofertara-cursos-ineditos-de-mba-em-2019\/","og_site_name":"Evandro Junior","article_published_time":"2019-02-14T11:10:21+00:00","og_image":[{"url":"https:\/\/www.blogsoestado.com\/evandrojunior\/wp-content\/uploads\/sites\/3\/2019\/02\/Carreira-entrevista-1-1024x768.jpeg","type":"","width":"","height":""}],"author":"Evandro Junior","twitter_card":"summary_large_image","twitter_misc":{"Escrito por":"Evandro Junior","Est. tempo de leitura":"5 minutos"},"schema":{"@context":"https:\/\/schema.org","@graph":[{"@type":"WebPage","@id":"https:\/\/www.blogsoestado.com\/evandrojunior\/2019\/02\/14\/faculdade-de-negocios-ofertara-cursos-ineditos-de-mba-em-2019\/","url":"https:\/\/www.blogsoestado.com\/evandrojunior\/2019\/02\/14\/faculdade-de-negocios-ofertara-cursos-ineditos-de-mba-em-2019\/","name":"Faculdade de Neg\u00f3cios ofertar\u00e1 cursos in\u00e9ditos de MBA em 2019 - Evandro Junior","isPartOf":{"@id":"https:\/\/www.blogsoestado.com\/evandrojunior\/#website"},"primaryImageOfPage":{"@id":"https:\/\/www.blogsoestado.com\/evandrojunior\/2019\/02\/14\/faculdade-de-negocios-ofertara-cursos-ineditos-de-mba-em-2019\/#primaryimage"},"image":{"@id":"https:\/\/www.blogsoestado.com\/evandrojunior\/2019\/02\/14\/faculdade-de-negocios-ofertara-cursos-ineditos-de-mba-em-2019\/#primaryimage"},"thumbnailUrl":"https:\/\/www.blogsoestado.com\/evandrojunior\/wp-content\/uploads\/sites\/3\/2019\/02\/Carreira-entrevista-1-1024x768.jpeg","datePublished":"2019-02-14T11:10:21+00:00","author":{"@id":"https:\/\/www.blogsoestado.com\/evandrojunior\/#\/schema\/person\/3e6c3d8dbb740d1c6878ebc935cfb3be"},"breadcrumb":{"@id":"https:\/\/www.blogsoestado.com\/evandrojunior\/2019\/02\/14\/faculdade-de-negocios-ofertara-cursos-ineditos-de-mba-em-2019\/#breadcrumb"},"inLanguage":"pt-BR","potentialAction":[{"@type":"ReadAction","target":["https:\/\/www.blogsoestado.com\/evandrojunior\/2019\/02\/14\/faculdade-de-negocios-ofertara-cursos-ineditos-de-mba-em-2019\/"]}]},{"@type":"ImageObject","inLanguage":"pt-BR","@id":"https:\/\/www.blogsoestado.com\/evandrojunior\/2019\/02\/14\/faculdade-de-negocios-ofertara-cursos-ineditos-de-mba-em-2019\/#primaryimage","url":"https:\/\/www.blogsoestado.com\/evandrojunior\/wp-content\/uploads\/sites\/3\/2019\/02\/Carreira-entrevista-1-1024x768.jpeg","contentUrl":"https:\/\/www.blogsoestado.com\/evandrojunior\/wp-content\/uploads\/sites\/3\/2019\/02\/Carreira-entrevista-1-1024x768.jpeg"},{"@type":"BreadcrumbList","@id":"https:\/\/www.blogsoestado.com\/evandrojunior\/2019\/02\/14\/faculdade-de-negocios-ofertara-cursos-ineditos-de-mba-em-2019\/#breadcrumb","itemListElement":[{"@type":"ListItem","position":1,"name":"In\u00edcio","item":"https:\/\/www.blogsoestado.com\/evandrojunior\/"},{"@type":"ListItem","position":2,"name":"Faculdade de Neg\u00f3cios ofertar\u00e1 cursos in\u00e9ditos de MBA em 2019"}]},{"@type":"WebSite","@id":"https:\/\/www.blogsoestado.com\/evandrojunior\/#website","url":"https:\/\/www.blogsoestado.com\/evandrojunior\/","name":"Evandro Junior","description":"","potentialAction":[{"@type":"SearchAction","target":{"@type":"EntryPoint","urlTemplate":"https:\/\/www.blogsoestado.com\/evandrojunior\/?s={search_term_string}"},"query-input":{"@type":"PropertyValueSpecification","valueRequired":true,"valueName":"search_term_string"}}],"inLanguage":"pt-BR"},{"@type":"Person","@id":"https:\/\/www.blogsoestado.com\/evandrojunior\/#\/schema\/person\/3e6c3d8dbb740d1c6878ebc935cfb3be","name":"Evandro Junior","image":{"@type":"ImageObject","inLanguage":"pt-BR","@id":"https:\/\/www.blogsoestado.com\/evandrojunior\/#\/schema\/person\/image\/","url":"https:\/\/secure.gravatar.com\/avatar\/f80a03a2294a580cd2318bfb459bf354cfa8be661ef3d95b542cf9a04af8d129?s=96&d=mm&r=g","contentUrl":"https:\/\/secure.gravatar.com\/avatar\/f80a03a2294a580cd2318bfb459bf354cfa8be661ef3d95b542cf9a04af8d129?s=96&d=mm&r=g","caption":"Evandro Junior"},"url":"https:\/\/www.blogsoestado.com\/evandrojunior\/author\/evandrojunior\/"}]}},"jetpack_featured_media_url":"","_links":{"self":[{"href":"https:\/\/www.blogsoestado.com\/evandrojunior\/wp-json\/wp\/v2\/posts\/1754","targetHints":{"allow":["GET"]}}],"collection":[{"href":"https:\/\/www.blogsoestado.com\/evandrojunior\/wp-json\/wp\/v2\/posts"}],"about":[{"href":"https:\/\/www.blogsoestado.com\/evandrojunior\/wp-json\/wp\/v2\/types\/post"}],"author":[{"embeddable":true,"href":"https:\/\/www.blogsoestado.com\/evandrojunior\/wp-json\/wp\/v2\/users\/4"}],"replies":[{"embeddable":true,"href":"https:\/\/www.blogsoestado.com\/evandrojunior\/wp-json\/wp\/v2\/comments?post=1754"}],"version-history":[{"count":0,"href":"https:\/\/www.blogsoestado.com\/evandrojunior\/wp-json\/wp\/v2\/posts\/1754\/revisions"}],"wp:attachment":[{"href":"https:\/\/www.blogsoestado.com\/evandrojunior\/wp-json\/wp\/v2\/media?parent=1754"}],"wp:term":[{"taxonomy":"category","embeddable":true,"href":"https:\/\/www.blogsoestado.com\/evandrojunior\/wp-json\/wp\/v2\/categories?post=1754"},{"taxonomy":"post_tag","embeddable":true,"href":"https:\/\/www.blogsoestado.com\/evandrojunior\/wp-json\/wp\/v2\/tags?post=1754"}],"curies":[{"name":"wp","href":"https:\/\/api.w.org\/{rel}","templated":true}]}}