{"id":18169,"date":"2026-03-06T11:35:11","date_gmt":"2026-03-06T14:35:11","guid":{"rendered":"https:\/\/www.blogsoestado.com\/evandrojunior\/?p=18169"},"modified":"2026-03-06T11:35:14","modified_gmt":"2026-03-06T14:35:14","slug":"industria-maranhense-amplia-uso-da-capacidade-instalada-em-janeiro","status":"publish","type":"post","link":"https:\/\/www.blogsoestado.com\/evandrojunior\/2026\/03\/06\/industria-maranhense-amplia-uso-da-capacidade-instalada-em-janeiro\/","title":{"rendered":"Ind\u00fastria maranhense amplia uso da capacidade instalada em janeiro"},"content":{"rendered":"\n<figure class=\"wp-block-image aligncenter size-full\"><img fetchpriority=\"high\" decoding=\"async\" width=\"1000\" height=\"667\" src=\"https:\/\/www.blogsoestado.com\/evandrojunior\/wp-content\/uploads\/sites\/3\/2026\/03\/Industria-maranhense-amplia-uso-da-capacidade-instalada-em-janeiro-Imagem-Freepik.jpg\" alt=\"\" class=\"wp-image-18170\" srcset=\"https:\/\/www.blogsoestado.com\/evandrojunior\/wp-content\/uploads\/sites\/3\/2026\/03\/Industria-maranhense-amplia-uso-da-capacidade-instalada-em-janeiro-Imagem-Freepik.jpg 1000w, https:\/\/www.blogsoestado.com\/evandrojunior\/wp-content\/uploads\/sites\/3\/2026\/03\/Industria-maranhense-amplia-uso-da-capacidade-instalada-em-janeiro-Imagem-Freepik-300x200.jpg 300w, https:\/\/www.blogsoestado.com\/evandrojunior\/wp-content\/uploads\/sites\/3\/2026\/03\/Industria-maranhense-amplia-uso-da-capacidade-instalada-em-janeiro-Imagem-Freepik-768x512.jpg 768w\" sizes=\"(max-width: 1000px) 100vw, 1000px\" \/><figcaption class=\"wp-element-caption\">Aumento expressivo do indicador contrasta com quedas em produ\u00e7\u00e3o, emprego e demanda<br><\/figcaption><\/figure>\n\n\n\n<p><strong>S\u00e3o Lu\u00eds <\/strong>&#8211; A ind\u00fastria do Maranh\u00e3o iniciou 2026 com avan\u00e7o significativo na utiliza\u00e7\u00e3o da capacidade instalada, que passou de 60% em dezembro de 2025 para 65% em janeiro deste ano. O dado da Sondagem Industrial, elaborada pela Federa\u00e7\u00e3o das Ind\u00fastrias do Estado do Maranh\u00e3o (FIEMA), indica um aquecimento das atividades industriais e aponta para poss\u00edveis efeitos positivos sobre o crescimento da produ\u00e7\u00e3o e a gera\u00e7\u00e3o de empregos nos pr\u00f3ximos meses. O movimento sugere melhora no ritmo operacional, mesmo diante de oscila\u00e7\u00f5es em outros indicadores avaliados pela sondagem.<\/p>\n\n\n\n<p>Apesar desse avan\u00e7o, o volume de produ\u00e7\u00e3o industrial registrou queda de 4,1 pontos na compara\u00e7\u00e3o mensal, totalizando 44,7 pontos. O desempenho reflete um resfriamento do ritmo produtivo e contribui para o cen\u00e1rio de cautela observado no setor. O n\u00famero de empregados tamb\u00e9m permaneceu em patamar insatisfat\u00f3rio, somando 43,8 pontos, resultado que, segundo a FIEMA, depende de uma retomada consistente da produ\u00e7\u00e3o para apresentar uma trajet\u00f3ria mais favor\u00e1vel.<\/p>\n\n\n\n<p>O n\u00edvel de estoques mostrou forte retra\u00e7\u00e3o ao cair 7 pontos, chegando a 45,8 pontos. O indicador permaneceu abaixo do grau de satisfa\u00e7\u00e3o da sondagem e refor\u00e7a a volatilidade na gest\u00e3o de estoques pelas empresas, influenciada diretamente pelas flutua\u00e7\u00f5es da demanda por produtos industriais. Essa instabilidade sugere desafios adicionais para o planejamento produtivo das ind\u00fastrias maranhenses.<\/p>\n\n\n\n<p>No campo das expectativas, os empres\u00e1rios apontaram queda de 1,7 ponto na demanda esperada para os pr\u00f3ximos meses, que atingiu 53,3 pontos. J\u00e1 a inten\u00e7\u00e3o de compra de mat\u00e9ria-prima apresentou leve alta de 0,7 ponto, alcan\u00e7ando 56,6 pontos. Ambos os indicadores continuam acima do grau de satisfa\u00e7\u00e3o, sinalizando estabilidade no curto prazo, ainda que moderada pelo recuo no n\u00famero de empregados, que caiu 7,1 pontos e registrou 45,9 pontos. O conjunto dos dados revela um setor que combina sinais de aquecimento, como a eleva\u00e7\u00e3o da capacidade instalada, com desafios estruturais associados \u00e0 produ\u00e7\u00e3o, ao emprego e \u00e0 demanda.<\/p>\n","protected":false},"excerpt":{"rendered":"<p>S\u00e3o Lu\u00eds &#8211; A ind\u00fastria do Maranh\u00e3o iniciou 2026 com avan\u00e7o significativo na utiliza\u00e7\u00e3o da capacidade instalada, que passou de [&hellip;]<\/p>\n","protected":false},"author":4,"featured_media":0,"comment_status":"open","ping_status":"open","sticky":false,"template":"","format":"standard","meta":{"site-sidebar-layout":"default","site-content-layout":"","ast-site-content-layout":"default","site-content-style":"default","site-sidebar-style":"default","ast-global-header-display":"","ast-banner-title-visibility":"","ast-main-header-display":"","ast-hfb-above-header-display":"","ast-hfb-below-header-display":"","ast-hfb-mobile-header-display":"","site-post-title":"","ast-breadcrumbs-content":"","ast-featured-img":"","footer-sml-layout":"","ast-disable-related-posts":"","theme-transparent-header-meta":"","adv-header-id-meta":"","stick-header-meta":"","header-above-stick-meta":"","header-main-stick-meta":"","header-below-stick-meta":"","astra-migrate-meta-layouts":"default","ast-page-background-enabled":"default","ast-page-background-meta":{"desktop":{"background-color":"var(--ast-global-color-5)","background-image":"","background-repeat":"repeat","background-position":"center center","background-size":"auto","background-attachment":"scroll","background-type":"","background-media":"","overlay-type":"","overlay-color":"","overlay-opacity":"","overlay-gradient":""},"tablet":{"background-color":"","background-image":"","background-repeat":"repeat","background-position":"center center","background-size":"auto","background-attachment":"scroll","background-type":"","background-media":"","overlay-type":"","overlay-color":"","overlay-opacity":"","overlay-gradient":""},"mobile":{"background-color":"","background-image":"","background-repeat":"repeat","background-position":"center center","background-size":"auto","background-attachment":"scroll","background-type":"","background-media":"","overlay-type":"","overlay-color":"","overlay-opacity":"","overlay-gradient":""}},"ast-content-background-meta":{"desktop":{"background-color":"var(--ast-global-color-4)","background-image":"","background-repeat":"repeat","background-position":"center center","background-size":"auto","background-attachment":"scroll","background-type":"","background-media":"","overlay-type":"","overlay-color":"","overlay-opacity":"","overlay-gradient":""},"tablet":{"background-color":"var(--ast-global-color-4)","background-image":"","background-repeat":"repeat","background-position":"center center","background-size":"auto","background-attachment":"scroll","background-type":"","background-media":"","overlay-type":"","overlay-color":"","overlay-opacity":"","overlay-gradient":""},"mobile":{"background-color":"var(--ast-global-color-4)","background-image":"","background-repeat":"repeat","background-position":"center center","background-size":"auto","background-attachment":"scroll","background-type":"","background-media":"","overlay-type":"","overlay-color":"","overlay-opacity":"","overlay-gradient":""}},"footnotes":""},"categories":[1],"tags":[],"class_list":["post-18169","post","type-post","status-publish","format-standard","hentry","category-sem-categoria"],"yoast_head":"<!-- This site is optimized with the Yoast SEO plugin v26.6 - https:\/\/yoast.com\/wordpress\/plugins\/seo\/ -->\n<title>Ind\u00fastria maranhense amplia uso da capacidade instalada em janeiro - Evandro Junior<\/title>\n<meta name=\"robots\" content=\"index, follow, max-snippet:-1, max-image-preview:large, max-video-preview:-1\" \/>\n<link rel=\"canonical\" href=\"https:\/\/www.blogsoestado.com\/evandrojunior\/2026\/03\/06\/industria-maranhense-amplia-uso-da-capacidade-instalada-em-janeiro\/\" \/>\n<meta property=\"og:locale\" content=\"pt_BR\" \/>\n<meta property=\"og:type\" content=\"article\" \/>\n<meta property=\"og:title\" content=\"Ind\u00fastria maranhense amplia uso da capacidade instalada em janeiro - Evandro Junior\" \/>\n<meta property=\"og:description\" content=\"S\u00e3o Lu\u00eds &#8211; A ind\u00fastria do Maranh\u00e3o iniciou 2026 com avan\u00e7o significativo na utiliza\u00e7\u00e3o da capacidade instalada, que passou de [&hellip;]\" \/>\n<meta property=\"og:url\" content=\"https:\/\/www.blogsoestado.com\/evandrojunior\/2026\/03\/06\/industria-maranhense-amplia-uso-da-capacidade-instalada-em-janeiro\/\" \/>\n<meta property=\"og:site_name\" content=\"Evandro Junior\" \/>\n<meta property=\"article:published_time\" content=\"2026-03-06T14:35:11+00:00\" \/>\n<meta property=\"article:modified_time\" content=\"2026-03-06T14:35:14+00:00\" \/>\n<meta property=\"og:image\" content=\"https:\/\/www.blogsoestado.com\/evandrojunior\/wp-content\/uploads\/sites\/3\/2026\/03\/Industria-maranhense-amplia-uso-da-capacidade-instalada-em-janeiro-Imagem-Freepik.jpg\" \/>\n\t<meta property=\"og:image:width\" content=\"1000\" \/>\n\t<meta property=\"og:image:height\" content=\"667\" \/>\n\t<meta property=\"og:image:type\" content=\"image\/jpeg\" \/>\n<meta name=\"author\" content=\"Evandro Junior\" \/>\n<meta name=\"twitter:card\" content=\"summary_large_image\" \/>\n<meta name=\"twitter:label1\" content=\"Escrito por\" \/>\n\t<meta name=\"twitter:data1\" content=\"Evandro Junior\" \/>\n\t<meta name=\"twitter:label2\" content=\"Est. tempo de leitura\" \/>\n\t<meta name=\"twitter:data2\" content=\"2 minutos\" \/>\n<script type=\"application\/ld+json\" class=\"yoast-schema-graph\">{\"@context\":\"https:\/\/schema.org\",\"@graph\":[{\"@type\":\"WebPage\",\"@id\":\"https:\/\/www.blogsoestado.com\/evandrojunior\/2026\/03\/06\/industria-maranhense-amplia-uso-da-capacidade-instalada-em-janeiro\/\",\"url\":\"https:\/\/www.blogsoestado.com\/evandrojunior\/2026\/03\/06\/industria-maranhense-amplia-uso-da-capacidade-instalada-em-janeiro\/\",\"name\":\"Ind\u00fastria maranhense amplia uso da capacidade instalada em janeiro - Evandro Junior\",\"isPartOf\":{\"@id\":\"https:\/\/www.blogsoestado.com\/evandrojunior\/#website\"},\"primaryImageOfPage\":{\"@id\":\"https:\/\/www.blogsoestado.com\/evandrojunior\/2026\/03\/06\/industria-maranhense-amplia-uso-da-capacidade-instalada-em-janeiro\/#primaryimage\"},\"image\":{\"@id\":\"https:\/\/www.blogsoestado.com\/evandrojunior\/2026\/03\/06\/industria-maranhense-amplia-uso-da-capacidade-instalada-em-janeiro\/#primaryimage\"},\"thumbnailUrl\":\"https:\/\/www.blogsoestado.com\/evandrojunior\/wp-content\/uploads\/sites\/3\/2026\/03\/Industria-maranhense-amplia-uso-da-capacidade-instalada-em-janeiro-Imagem-Freepik.jpg\",\"datePublished\":\"2026-03-06T14:35:11+00:00\",\"dateModified\":\"2026-03-06T14:35:14+00:00\",\"author\":{\"@id\":\"https:\/\/www.blogsoestado.com\/evandrojunior\/#\/schema\/person\/3e6c3d8dbb740d1c6878ebc935cfb3be\"},\"breadcrumb\":{\"@id\":\"https:\/\/www.blogsoestado.com\/evandrojunior\/2026\/03\/06\/industria-maranhense-amplia-uso-da-capacidade-instalada-em-janeiro\/#breadcrumb\"},\"inLanguage\":\"pt-BR\",\"potentialAction\":[{\"@type\":\"ReadAction\",\"target\":[\"https:\/\/www.blogsoestado.com\/evandrojunior\/2026\/03\/06\/industria-maranhense-amplia-uso-da-capacidade-instalada-em-janeiro\/\"]}]},{\"@type\":\"ImageObject\",\"inLanguage\":\"pt-BR\",\"@id\":\"https:\/\/www.blogsoestado.com\/evandrojunior\/2026\/03\/06\/industria-maranhense-amplia-uso-da-capacidade-instalada-em-janeiro\/#primaryimage\",\"url\":\"https:\/\/www.blogsoestado.com\/evandrojunior\/wp-content\/uploads\/sites\/3\/2026\/03\/Industria-maranhense-amplia-uso-da-capacidade-instalada-em-janeiro-Imagem-Freepik.jpg\",\"contentUrl\":\"https:\/\/www.blogsoestado.com\/evandrojunior\/wp-content\/uploads\/sites\/3\/2026\/03\/Industria-maranhense-amplia-uso-da-capacidade-instalada-em-janeiro-Imagem-Freepik.jpg\",\"width\":1000,\"height\":667,\"caption\":\"Aumento expressivo do indicador contrasta com quedas em produ\u00e7\u00e3o, emprego e demanda\"},{\"@type\":\"BreadcrumbList\",\"@id\":\"https:\/\/www.blogsoestado.com\/evandrojunior\/2026\/03\/06\/industria-maranhense-amplia-uso-da-capacidade-instalada-em-janeiro\/#breadcrumb\",\"itemListElement\":[{\"@type\":\"ListItem\",\"position\":1,\"name\":\"In\u00edcio\",\"item\":\"https:\/\/www.blogsoestado.com\/evandrojunior\/\"},{\"@type\":\"ListItem\",\"position\":2,\"name\":\"Ind\u00fastria maranhense amplia uso da capacidade instalada em janeiro\"}]},{\"@type\":\"WebSite\",\"@id\":\"https:\/\/www.blogsoestado.com\/evandrojunior\/#website\",\"url\":\"https:\/\/www.blogsoestado.com\/evandrojunior\/\",\"name\":\"Evandro Junior\",\"description\":\"\",\"potentialAction\":[{\"@type\":\"SearchAction\",\"target\":{\"@type\":\"EntryPoint\",\"urlTemplate\":\"https:\/\/www.blogsoestado.com\/evandrojunior\/?s={search_term_string}\"},\"query-input\":{\"@type\":\"PropertyValueSpecification\",\"valueRequired\":true,\"valueName\":\"search_term_string\"}}],\"inLanguage\":\"pt-BR\"},{\"@type\":\"Person\",\"@id\":\"https:\/\/www.blogsoestado.com\/evandrojunior\/#\/schema\/person\/3e6c3d8dbb740d1c6878ebc935cfb3be\",\"name\":\"Evandro Junior\",\"image\":{\"@type\":\"ImageObject\",\"inLanguage\":\"pt-BR\",\"@id\":\"https:\/\/www.blogsoestado.com\/evandrojunior\/#\/schema\/person\/image\/\",\"url\":\"https:\/\/secure.gravatar.com\/avatar\/f80a03a2294a580cd2318bfb459bf354cfa8be661ef3d95b542cf9a04af8d129?s=96&d=mm&r=g\",\"contentUrl\":\"https:\/\/secure.gravatar.com\/avatar\/f80a03a2294a580cd2318bfb459bf354cfa8be661ef3d95b542cf9a04af8d129?s=96&d=mm&r=g\",\"caption\":\"Evandro Junior\"},\"url\":\"https:\/\/www.blogsoestado.com\/evandrojunior\/author\/evandrojunior\/\"}]}<\/script>\n<!-- \/ Yoast SEO plugin. -->","yoast_head_json":{"title":"Ind\u00fastria maranhense amplia uso da capacidade instalada em janeiro - Evandro Junior","robots":{"index":"index","follow":"follow","max-snippet":"max-snippet:-1","max-image-preview":"max-image-preview:large","max-video-preview":"max-video-preview:-1"},"canonical":"https:\/\/www.blogsoestado.com\/evandrojunior\/2026\/03\/06\/industria-maranhense-amplia-uso-da-capacidade-instalada-em-janeiro\/","og_locale":"pt_BR","og_type":"article","og_title":"Ind\u00fastria maranhense amplia uso da capacidade instalada em janeiro - Evandro Junior","og_description":"S\u00e3o Lu\u00eds &#8211; A ind\u00fastria do Maranh\u00e3o iniciou 2026 com avan\u00e7o significativo na utiliza\u00e7\u00e3o da capacidade instalada, que passou de [&hellip;]","og_url":"https:\/\/www.blogsoestado.com\/evandrojunior\/2026\/03\/06\/industria-maranhense-amplia-uso-da-capacidade-instalada-em-janeiro\/","og_site_name":"Evandro Junior","article_published_time":"2026-03-06T14:35:11+00:00","article_modified_time":"2026-03-06T14:35:14+00:00","og_image":[{"width":1000,"height":667,"url":"https:\/\/www.blogsoestado.com\/evandrojunior\/wp-content\/uploads\/sites\/3\/2026\/03\/Industria-maranhense-amplia-uso-da-capacidade-instalada-em-janeiro-Imagem-Freepik.jpg","type":"image\/jpeg"}],"author":"Evandro Junior","twitter_card":"summary_large_image","twitter_misc":{"Escrito por":"Evandro Junior","Est. tempo de leitura":"2 minutos"},"schema":{"@context":"https:\/\/schema.org","@graph":[{"@type":"WebPage","@id":"https:\/\/www.blogsoestado.com\/evandrojunior\/2026\/03\/06\/industria-maranhense-amplia-uso-da-capacidade-instalada-em-janeiro\/","url":"https:\/\/www.blogsoestado.com\/evandrojunior\/2026\/03\/06\/industria-maranhense-amplia-uso-da-capacidade-instalada-em-janeiro\/","name":"Ind\u00fastria maranhense amplia uso da capacidade instalada em janeiro - Evandro Junior","isPartOf":{"@id":"https:\/\/www.blogsoestado.com\/evandrojunior\/#website"},"primaryImageOfPage":{"@id":"https:\/\/www.blogsoestado.com\/evandrojunior\/2026\/03\/06\/industria-maranhense-amplia-uso-da-capacidade-instalada-em-janeiro\/#primaryimage"},"image":{"@id":"https:\/\/www.blogsoestado.com\/evandrojunior\/2026\/03\/06\/industria-maranhense-amplia-uso-da-capacidade-instalada-em-janeiro\/#primaryimage"},"thumbnailUrl":"https:\/\/www.blogsoestado.com\/evandrojunior\/wp-content\/uploads\/sites\/3\/2026\/03\/Industria-maranhense-amplia-uso-da-capacidade-instalada-em-janeiro-Imagem-Freepik.jpg","datePublished":"2026-03-06T14:35:11+00:00","dateModified":"2026-03-06T14:35:14+00:00","author":{"@id":"https:\/\/www.blogsoestado.com\/evandrojunior\/#\/schema\/person\/3e6c3d8dbb740d1c6878ebc935cfb3be"},"breadcrumb":{"@id":"https:\/\/www.blogsoestado.com\/evandrojunior\/2026\/03\/06\/industria-maranhense-amplia-uso-da-capacidade-instalada-em-janeiro\/#breadcrumb"},"inLanguage":"pt-BR","potentialAction":[{"@type":"ReadAction","target":["https:\/\/www.blogsoestado.com\/evandrojunior\/2026\/03\/06\/industria-maranhense-amplia-uso-da-capacidade-instalada-em-janeiro\/"]}]},{"@type":"ImageObject","inLanguage":"pt-BR","@id":"https:\/\/www.blogsoestado.com\/evandrojunior\/2026\/03\/06\/industria-maranhense-amplia-uso-da-capacidade-instalada-em-janeiro\/#primaryimage","url":"https:\/\/www.blogsoestado.com\/evandrojunior\/wp-content\/uploads\/sites\/3\/2026\/03\/Industria-maranhense-amplia-uso-da-capacidade-instalada-em-janeiro-Imagem-Freepik.jpg","contentUrl":"https:\/\/www.blogsoestado.com\/evandrojunior\/wp-content\/uploads\/sites\/3\/2026\/03\/Industria-maranhense-amplia-uso-da-capacidade-instalada-em-janeiro-Imagem-Freepik.jpg","width":1000,"height":667,"caption":"Aumento expressivo do indicador contrasta com quedas em produ\u00e7\u00e3o, emprego e demanda"},{"@type":"BreadcrumbList","@id":"https:\/\/www.blogsoestado.com\/evandrojunior\/2026\/03\/06\/industria-maranhense-amplia-uso-da-capacidade-instalada-em-janeiro\/#breadcrumb","itemListElement":[{"@type":"ListItem","position":1,"name":"In\u00edcio","item":"https:\/\/www.blogsoestado.com\/evandrojunior\/"},{"@type":"ListItem","position":2,"name":"Ind\u00fastria maranhense amplia uso da capacidade instalada em janeiro"}]},{"@type":"WebSite","@id":"https:\/\/www.blogsoestado.com\/evandrojunior\/#website","url":"https:\/\/www.blogsoestado.com\/evandrojunior\/","name":"Evandro Junior","description":"","potentialAction":[{"@type":"SearchAction","target":{"@type":"EntryPoint","urlTemplate":"https:\/\/www.blogsoestado.com\/evandrojunior\/?s={search_term_string}"},"query-input":{"@type":"PropertyValueSpecification","valueRequired":true,"valueName":"search_term_string"}}],"inLanguage":"pt-BR"},{"@type":"Person","@id":"https:\/\/www.blogsoestado.com\/evandrojunior\/#\/schema\/person\/3e6c3d8dbb740d1c6878ebc935cfb3be","name":"Evandro Junior","image":{"@type":"ImageObject","inLanguage":"pt-BR","@id":"https:\/\/www.blogsoestado.com\/evandrojunior\/#\/schema\/person\/image\/","url":"https:\/\/secure.gravatar.com\/avatar\/f80a03a2294a580cd2318bfb459bf354cfa8be661ef3d95b542cf9a04af8d129?s=96&d=mm&r=g","contentUrl":"https:\/\/secure.gravatar.com\/avatar\/f80a03a2294a580cd2318bfb459bf354cfa8be661ef3d95b542cf9a04af8d129?s=96&d=mm&r=g","caption":"Evandro Junior"},"url":"https:\/\/www.blogsoestado.com\/evandrojunior\/author\/evandrojunior\/"}]}},"jetpack_featured_media_url":"","_links":{"self":[{"href":"https:\/\/www.blogsoestado.com\/evandrojunior\/wp-json\/wp\/v2\/posts\/18169","targetHints":{"allow":["GET"]}}],"collection":[{"href":"https:\/\/www.blogsoestado.com\/evandrojunior\/wp-json\/wp\/v2\/posts"}],"about":[{"href":"https:\/\/www.blogsoestado.com\/evandrojunior\/wp-json\/wp\/v2\/types\/post"}],"author":[{"embeddable":true,"href":"https:\/\/www.blogsoestado.com\/evandrojunior\/wp-json\/wp\/v2\/users\/4"}],"replies":[{"embeddable":true,"href":"https:\/\/www.blogsoestado.com\/evandrojunior\/wp-json\/wp\/v2\/comments?post=18169"}],"version-history":[{"count":1,"href":"https:\/\/www.blogsoestado.com\/evandrojunior\/wp-json\/wp\/v2\/posts\/18169\/revisions"}],"predecessor-version":[{"id":18171,"href":"https:\/\/www.blogsoestado.com\/evandrojunior\/wp-json\/wp\/v2\/posts\/18169\/revisions\/18171"}],"wp:attachment":[{"href":"https:\/\/www.blogsoestado.com\/evandrojunior\/wp-json\/wp\/v2\/media?parent=18169"}],"wp:term":[{"taxonomy":"category","embeddable":true,"href":"https:\/\/www.blogsoestado.com\/evandrojunior\/wp-json\/wp\/v2\/categories?post=18169"},{"taxonomy":"post_tag","embeddable":true,"href":"https:\/\/www.blogsoestado.com\/evandrojunior\/wp-json\/wp\/v2\/tags?post=18169"}],"curies":[{"name":"wp","href":"https:\/\/api.w.org\/{rel}","templated":true}]}}