{"id":18172,"date":"2026-03-06T11:55:30","date_gmt":"2026-03-06T14:55:30","guid":{"rendered":"https:\/\/www.blogsoestado.com\/evandrojunior\/?p=18172"},"modified":"2026-03-06T11:55:34","modified_gmt":"2026-03-06T14:55:34","slug":"agnes-nunes-revisita-arlindo-cruz-em-sera-que-e-amor","status":"publish","type":"post","link":"https:\/\/www.blogsoestado.com\/evandrojunior\/2026\/03\/06\/agnes-nunes-revisita-arlindo-cruz-em-sera-que-e-amor\/","title":{"rendered":"Agnes Nunes revisita Arlindo Cruz em \u201cSer\u00e1 que \u00e9 Amor\u201d"},"content":{"rendered":"\n<figure class=\"wp-block-image aligncenter size-large\"><img fetchpriority=\"high\" decoding=\"async\" width=\"1024\" height=\"678\" src=\"https:\/\/www.blogsoestado.com\/evandrojunior\/wp-content\/uploads\/sites\/3\/2026\/03\/Ensaio-Agnes-Nunes-Simone-Kontraluz-70-1024x678.png\" alt=\"\" class=\"wp-image-18173\" srcset=\"https:\/\/www.blogsoestado.com\/evandrojunior\/wp-content\/uploads\/sites\/3\/2026\/03\/Ensaio-Agnes-Nunes-Simone-Kontraluz-70-1024x678.png 1024w, https:\/\/www.blogsoestado.com\/evandrojunior\/wp-content\/uploads\/sites\/3\/2026\/03\/Ensaio-Agnes-Nunes-Simone-Kontraluz-70-300x199.png 300w, https:\/\/www.blogsoestado.com\/evandrojunior\/wp-content\/uploads\/sites\/3\/2026\/03\/Ensaio-Agnes-Nunes-Simone-Kontraluz-70-768x509.png 768w, https:\/\/www.blogsoestado.com\/evandrojunior\/wp-content\/uploads\/sites\/3\/2026\/03\/Ensaio-Agnes-Nunes-Simone-Kontraluz-70.png 1317w\" sizes=\"(max-width: 1024px) 100vw, 1024px\" \/><figcaption class=\"wp-element-caption\"><strong>Agnes Nunes | Foto: Simone Kontraluz<\/strong><\/figcaption><\/figure>\n\n\n\n<p>S\u00e3o Lu\u00eds &#8211; Agnes Nunes apresenta ao p\u00fablico sua releitura de \u201cSer\u00e1 que \u00e9 Amor\u201d, composi\u00e7\u00e3o de Arlindo Cruz que ganha nova interpreta\u00e7\u00e3o no projeto \u201cElas Cantam Arlindo\u201d, idealizado pela Nas Nuvens Music Group. A iniciativa re\u00fane vozes femininas da m\u00fasica brasileira contempor\u00e2nea para revisitar a obra do poeta do samba sob novas perspectivas est\u00e9ticas e geracionais, reafirmando a perman\u00eancia de um repert\u00f3rio que atravessa o tempo e segue essencial \u00e0 m\u00fasica popular brasileira.<\/p>\n\n\n\n<p>Gravada no est\u00fadio Nas Nuvens, no Rio de Janeiro, a faixa tem produ\u00e7\u00e3o musical assinada por Liminha e Boris Farias. \u201cA Vanessa da Mata me enviou um v\u00eddeo da Agnes Nunes interpretando magistralmente a nossa can\u00e7\u00e3o \u2018Ai, Ai, Ai\u2019. Uma vers\u00e3o verdadeiramente arrebatadora, n\u00e3o apenas pela excel\u00eancia musical, mas tamb\u00e9m pela personalidade marcante e pela imagem bel\u00edssima dessa nova artista. N\u00e3o tive d\u00favidas: fiz quest\u00e3o de convid\u00e1-la para integrar este projeto sublime em homenagem \u00e0 obra de Arlindo Cruz\u201d, afirma Liminha.<\/p>\n\n\n\n<p>Para Agnes, participar do projeto dialoga diretamente com a fase que vive hoje: um per\u00edodo de renascimento e maior liberdade art\u00edstica. Mais madura e conectada \u00e0s pr\u00f3prias refer\u00eancias, a cantora v\u00ea na interpreta\u00e7\u00e3o uma dimens\u00e3o t\u00e3o importante quanto a composi\u00e7\u00e3o. \u201cEu t\u00f4 vivendo um momento de renascimento na minha carreira, fazendo coisas que eu sempre quis fazer, cantando m\u00fasicas que eu sempre quis cantar. Hoje eu me sinto mais livre artisticamente, mais mulher, menos menina. Interpretar sempre foi algo muito presente na minha vida, t\u00e3o forte quanto compor, ent\u00e3o esse projeto chega de uma maneira muito especial\u201d.<\/p>\n\n\n\n<p>A aproxima\u00e7\u00e3o com o samba tamb\u00e9m marca um movimento consciente dentro de sua trajet\u00f3ria. \u201cA m\u00fasica popular brasileira toca em todas as partes do Brasil, e o samba \u00e9 um ritmo muito presente. Poder interpretar Arlindo \u00e9 uma honra imensa e um sinal de que eu estou no caminho certo nesse novo momento\u201d. Na releitura, Agnes refor\u00e7a ainda sua identidade nordestina como parte essencial da constru\u00e7\u00e3o est\u00e9tica. \u201cTem o meu sotaque, que \u00e9 algo que eu valorizo desde que comecei a cantar &#8211; o sotaque do Nordeste, da Para\u00edba, de onde eu venho. A gente dialoga com essa sonoridade que chamam de nova MPB, respeitando os grandes mestres\u201d.<\/p>\n\n\n\n<p>O projeto teve in\u00edcio com a releitura de \u201cMeu Lugar\u201d, interpretada por Ivete Sangalo, e segue agora com Agnes \u00e0 frente de \u201cSer\u00e1 que \u00e9 Amor\u201d, dando continuidade aos lan\u00e7amentos nas plataformas digitais. Respons\u00e1vel pela gest\u00e3o do cat\u00e1logo de Arlindo Cruz, a Nas Nuvens conduz a iniciativa como parte de um movimento de valoriza\u00e7\u00e3o de sua obra.<\/p>\n\n\n\n<p>Al\u00e9m das regrava\u00e7\u00f5es, \u201cElas Cantam Arlindo\u201d prev\u00ea o lan\u00e7amento de um document\u00e1rio in\u00e9dito sobre a trajet\u00f3ria do artista, com estreia prevista para o segundo semestre de 2026, durante o Festival de Cinema do Rio.<\/p>\n\n\n\n<p>\u201cO projeto \u2018Elas Cantam Arlindo\u2019 nasce do nosso compromisso de preservar e projetar grandes obras da m\u00fasica brasileira sob novas perspectivas. Ver a Agnes trazer sua identidade e for\u00e7a feminina para essa can\u00e7\u00e3o reafirma a atemporalidade de Arlindo e a pot\u00eancia criativa dessa nova gera\u00e7\u00e3o\u201d, finaliza Ricardo Queir\u00f3s, CCO e Head of A.R da Nas Nuvens.<\/p>\n","protected":false},"excerpt":{"rendered":"<p>S\u00e3o Lu\u00eds &#8211; Agnes Nunes apresenta ao p\u00fablico sua releitura de \u201cSer\u00e1 que \u00e9 Amor\u201d, composi\u00e7\u00e3o de Arlindo Cruz que [&hellip;]<\/p>\n","protected":false},"author":4,"featured_media":0,"comment_status":"open","ping_status":"open","sticky":false,"template":"","format":"standard","meta":{"site-sidebar-layout":"default","site-content-layout":"","ast-site-content-layout":"default","site-content-style":"default","site-sidebar-style":"default","ast-global-header-display":"","ast-banner-title-visibility":"","ast-main-header-display":"","ast-hfb-above-header-display":"","ast-hfb-below-header-display":"","ast-hfb-mobile-header-display":"","site-post-title":"","ast-breadcrumbs-content":"","ast-featured-img":"","footer-sml-layout":"","ast-disable-related-posts":"","theme-transparent-header-meta":"","adv-header-id-meta":"","stick-header-meta":"","header-above-stick-meta":"","header-main-stick-meta":"","header-below-stick-meta":"","astra-migrate-meta-layouts":"default","ast-page-background-enabled":"default","ast-page-background-meta":{"desktop":{"background-color":"var(--ast-global-color-5)","background-image":"","background-repeat":"repeat","background-position":"center center","background-size":"auto","background-attachment":"scroll","background-type":"","background-media":"","overlay-type":"","overlay-color":"","overlay-opacity":"","overlay-gradient":""},"tablet":{"background-color":"","background-image":"","background-repeat":"repeat","background-position":"center center","background-size":"auto","background-attachment":"scroll","background-type":"","background-media":"","overlay-type":"","overlay-color":"","overlay-opacity":"","overlay-gradient":""},"mobile":{"background-color":"","background-image":"","background-repeat":"repeat","background-position":"center center","background-size":"auto","background-attachment":"scroll","background-type":"","background-media":"","overlay-type":"","overlay-color":"","overlay-opacity":"","overlay-gradient":""}},"ast-content-background-meta":{"desktop":{"background-color":"var(--ast-global-color-4)","background-image":"","background-repeat":"repeat","background-position":"center center","background-size":"auto","background-attachment":"scroll","background-type":"","background-media":"","overlay-type":"","overlay-color":"","overlay-opacity":"","overlay-gradient":""},"tablet":{"background-color":"var(--ast-global-color-4)","background-image":"","background-repeat":"repeat","background-position":"center center","background-size":"auto","background-attachment":"scroll","background-type":"","background-media":"","overlay-type":"","overlay-color":"","overlay-opacity":"","overlay-gradient":""},"mobile":{"background-color":"var(--ast-global-color-4)","background-image":"","background-repeat":"repeat","background-position":"center center","background-size":"auto","background-attachment":"scroll","background-type":"","background-media":"","overlay-type":"","overlay-color":"","overlay-opacity":"","overlay-gradient":""}},"footnotes":""},"categories":[1],"tags":[],"class_list":["post-18172","post","type-post","status-publish","format-standard","hentry","category-sem-categoria"],"yoast_head":"<!-- This site is optimized with the Yoast SEO plugin v26.6 - https:\/\/yoast.com\/wordpress\/plugins\/seo\/ -->\n<title>Agnes Nunes revisita Arlindo Cruz em \u201cSer\u00e1 que \u00e9 Amor\u201d - Evandro Junior<\/title>\n<meta name=\"robots\" content=\"index, follow, max-snippet:-1, max-image-preview:large, max-video-preview:-1\" \/>\n<link rel=\"canonical\" href=\"https:\/\/www.blogsoestado.com\/evandrojunior\/2026\/03\/06\/agnes-nunes-revisita-arlindo-cruz-em-sera-que-e-amor\/\" \/>\n<meta property=\"og:locale\" content=\"pt_BR\" \/>\n<meta property=\"og:type\" content=\"article\" \/>\n<meta property=\"og:title\" content=\"Agnes Nunes revisita Arlindo Cruz em \u201cSer\u00e1 que \u00e9 Amor\u201d - Evandro Junior\" \/>\n<meta property=\"og:description\" content=\"S\u00e3o Lu\u00eds &#8211; Agnes Nunes apresenta ao p\u00fablico sua releitura de \u201cSer\u00e1 que \u00e9 Amor\u201d, composi\u00e7\u00e3o de Arlindo Cruz que [&hellip;]\" \/>\n<meta property=\"og:url\" content=\"https:\/\/www.blogsoestado.com\/evandrojunior\/2026\/03\/06\/agnes-nunes-revisita-arlindo-cruz-em-sera-que-e-amor\/\" \/>\n<meta property=\"og:site_name\" content=\"Evandro Junior\" \/>\n<meta property=\"article:published_time\" content=\"2026-03-06T14:55:30+00:00\" \/>\n<meta property=\"article:modified_time\" content=\"2026-03-06T14:55:34+00:00\" \/>\n<meta property=\"og:image\" content=\"https:\/\/www.blogsoestado.com\/evandrojunior\/wp-content\/uploads\/sites\/3\/2026\/03\/Ensaio-Agnes-Nunes-Simone-Kontraluz-70.png\" \/>\n\t<meta property=\"og:image:width\" content=\"1317\" \/>\n\t<meta property=\"og:image:height\" content=\"872\" \/>\n\t<meta property=\"og:image:type\" content=\"image\/png\" \/>\n<meta name=\"author\" content=\"Evandro Junior\" \/>\n<meta name=\"twitter:card\" content=\"summary_large_image\" \/>\n<meta name=\"twitter:label1\" content=\"Escrito por\" \/>\n\t<meta name=\"twitter:data1\" content=\"Evandro Junior\" \/>\n\t<meta name=\"twitter:label2\" content=\"Est. tempo de leitura\" \/>\n\t<meta name=\"twitter:data2\" content=\"4 minutos\" \/>\n<script type=\"application\/ld+json\" class=\"yoast-schema-graph\">{\"@context\":\"https:\/\/schema.org\",\"@graph\":[{\"@type\":\"WebPage\",\"@id\":\"https:\/\/www.blogsoestado.com\/evandrojunior\/2026\/03\/06\/agnes-nunes-revisita-arlindo-cruz-em-sera-que-e-amor\/\",\"url\":\"https:\/\/www.blogsoestado.com\/evandrojunior\/2026\/03\/06\/agnes-nunes-revisita-arlindo-cruz-em-sera-que-e-amor\/\",\"name\":\"Agnes Nunes revisita Arlindo Cruz em \u201cSer\u00e1 que \u00e9 Amor\u201d - Evandro Junior\",\"isPartOf\":{\"@id\":\"https:\/\/www.blogsoestado.com\/evandrojunior\/#website\"},\"primaryImageOfPage\":{\"@id\":\"https:\/\/www.blogsoestado.com\/evandrojunior\/2026\/03\/06\/agnes-nunes-revisita-arlindo-cruz-em-sera-que-e-amor\/#primaryimage\"},\"image\":{\"@id\":\"https:\/\/www.blogsoestado.com\/evandrojunior\/2026\/03\/06\/agnes-nunes-revisita-arlindo-cruz-em-sera-que-e-amor\/#primaryimage\"},\"thumbnailUrl\":\"https:\/\/www.blogsoestado.com\/evandrojunior\/wp-content\/uploads\/sites\/3\/2026\/03\/Ensaio-Agnes-Nunes-Simone-Kontraluz-70-1024x678.png\",\"datePublished\":\"2026-03-06T14:55:30+00:00\",\"dateModified\":\"2026-03-06T14:55:34+00:00\",\"author\":{\"@id\":\"https:\/\/www.blogsoestado.com\/evandrojunior\/#\/schema\/person\/3e6c3d8dbb740d1c6878ebc935cfb3be\"},\"breadcrumb\":{\"@id\":\"https:\/\/www.blogsoestado.com\/evandrojunior\/2026\/03\/06\/agnes-nunes-revisita-arlindo-cruz-em-sera-que-e-amor\/#breadcrumb\"},\"inLanguage\":\"pt-BR\",\"potentialAction\":[{\"@type\":\"ReadAction\",\"target\":[\"https:\/\/www.blogsoestado.com\/evandrojunior\/2026\/03\/06\/agnes-nunes-revisita-arlindo-cruz-em-sera-que-e-amor\/\"]}]},{\"@type\":\"ImageObject\",\"inLanguage\":\"pt-BR\",\"@id\":\"https:\/\/www.blogsoestado.com\/evandrojunior\/2026\/03\/06\/agnes-nunes-revisita-arlindo-cruz-em-sera-que-e-amor\/#primaryimage\",\"url\":\"https:\/\/www.blogsoestado.com\/evandrojunior\/wp-content\/uploads\/sites\/3\/2026\/03\/Ensaio-Agnes-Nunes-Simone-Kontraluz-70.png\",\"contentUrl\":\"https:\/\/www.blogsoestado.com\/evandrojunior\/wp-content\/uploads\/sites\/3\/2026\/03\/Ensaio-Agnes-Nunes-Simone-Kontraluz-70.png\",\"width\":1317,\"height\":872,\"caption\":\"Agnes Nunes | Foto: Simone Kontraluz\"},{\"@type\":\"BreadcrumbList\",\"@id\":\"https:\/\/www.blogsoestado.com\/evandrojunior\/2026\/03\/06\/agnes-nunes-revisita-arlindo-cruz-em-sera-que-e-amor\/#breadcrumb\",\"itemListElement\":[{\"@type\":\"ListItem\",\"position\":1,\"name\":\"In\u00edcio\",\"item\":\"https:\/\/www.blogsoestado.com\/evandrojunior\/\"},{\"@type\":\"ListItem\",\"position\":2,\"name\":\"Agnes Nunes revisita Arlindo Cruz em \u201cSer\u00e1 que \u00e9 Amor\u201d\"}]},{\"@type\":\"WebSite\",\"@id\":\"https:\/\/www.blogsoestado.com\/evandrojunior\/#website\",\"url\":\"https:\/\/www.blogsoestado.com\/evandrojunior\/\",\"name\":\"Evandro Junior\",\"description\":\"\",\"potentialAction\":[{\"@type\":\"SearchAction\",\"target\":{\"@type\":\"EntryPoint\",\"urlTemplate\":\"https:\/\/www.blogsoestado.com\/evandrojunior\/?s={search_term_string}\"},\"query-input\":{\"@type\":\"PropertyValueSpecification\",\"valueRequired\":true,\"valueName\":\"search_term_string\"}}],\"inLanguage\":\"pt-BR\"},{\"@type\":\"Person\",\"@id\":\"https:\/\/www.blogsoestado.com\/evandrojunior\/#\/schema\/person\/3e6c3d8dbb740d1c6878ebc935cfb3be\",\"name\":\"Evandro Junior\",\"image\":{\"@type\":\"ImageObject\",\"inLanguage\":\"pt-BR\",\"@id\":\"https:\/\/www.blogsoestado.com\/evandrojunior\/#\/schema\/person\/image\/\",\"url\":\"https:\/\/secure.gravatar.com\/avatar\/f80a03a2294a580cd2318bfb459bf354cfa8be661ef3d95b542cf9a04af8d129?s=96&d=mm&r=g\",\"contentUrl\":\"https:\/\/secure.gravatar.com\/avatar\/f80a03a2294a580cd2318bfb459bf354cfa8be661ef3d95b542cf9a04af8d129?s=96&d=mm&r=g\",\"caption\":\"Evandro Junior\"},\"url\":\"https:\/\/www.blogsoestado.com\/evandrojunior\/author\/evandrojunior\/\"}]}<\/script>\n<!-- \/ Yoast SEO plugin. -->","yoast_head_json":{"title":"Agnes Nunes revisita Arlindo Cruz em \u201cSer\u00e1 que \u00e9 Amor\u201d - Evandro Junior","robots":{"index":"index","follow":"follow","max-snippet":"max-snippet:-1","max-image-preview":"max-image-preview:large","max-video-preview":"max-video-preview:-1"},"canonical":"https:\/\/www.blogsoestado.com\/evandrojunior\/2026\/03\/06\/agnes-nunes-revisita-arlindo-cruz-em-sera-que-e-amor\/","og_locale":"pt_BR","og_type":"article","og_title":"Agnes Nunes revisita Arlindo Cruz em \u201cSer\u00e1 que \u00e9 Amor\u201d - Evandro Junior","og_description":"S\u00e3o Lu\u00eds &#8211; Agnes Nunes apresenta ao p\u00fablico sua releitura de \u201cSer\u00e1 que \u00e9 Amor\u201d, composi\u00e7\u00e3o de Arlindo Cruz que [&hellip;]","og_url":"https:\/\/www.blogsoestado.com\/evandrojunior\/2026\/03\/06\/agnes-nunes-revisita-arlindo-cruz-em-sera-que-e-amor\/","og_site_name":"Evandro Junior","article_published_time":"2026-03-06T14:55:30+00:00","article_modified_time":"2026-03-06T14:55:34+00:00","og_image":[{"width":1317,"height":872,"url":"https:\/\/www.blogsoestado.com\/evandrojunior\/wp-content\/uploads\/sites\/3\/2026\/03\/Ensaio-Agnes-Nunes-Simone-Kontraluz-70.png","type":"image\/png"}],"author":"Evandro Junior","twitter_card":"summary_large_image","twitter_misc":{"Escrito por":"Evandro Junior","Est. tempo de leitura":"4 minutos"},"schema":{"@context":"https:\/\/schema.org","@graph":[{"@type":"WebPage","@id":"https:\/\/www.blogsoestado.com\/evandrojunior\/2026\/03\/06\/agnes-nunes-revisita-arlindo-cruz-em-sera-que-e-amor\/","url":"https:\/\/www.blogsoestado.com\/evandrojunior\/2026\/03\/06\/agnes-nunes-revisita-arlindo-cruz-em-sera-que-e-amor\/","name":"Agnes Nunes revisita Arlindo Cruz em \u201cSer\u00e1 que \u00e9 Amor\u201d - Evandro Junior","isPartOf":{"@id":"https:\/\/www.blogsoestado.com\/evandrojunior\/#website"},"primaryImageOfPage":{"@id":"https:\/\/www.blogsoestado.com\/evandrojunior\/2026\/03\/06\/agnes-nunes-revisita-arlindo-cruz-em-sera-que-e-amor\/#primaryimage"},"image":{"@id":"https:\/\/www.blogsoestado.com\/evandrojunior\/2026\/03\/06\/agnes-nunes-revisita-arlindo-cruz-em-sera-que-e-amor\/#primaryimage"},"thumbnailUrl":"https:\/\/www.blogsoestado.com\/evandrojunior\/wp-content\/uploads\/sites\/3\/2026\/03\/Ensaio-Agnes-Nunes-Simone-Kontraluz-70-1024x678.png","datePublished":"2026-03-06T14:55:30+00:00","dateModified":"2026-03-06T14:55:34+00:00","author":{"@id":"https:\/\/www.blogsoestado.com\/evandrojunior\/#\/schema\/person\/3e6c3d8dbb740d1c6878ebc935cfb3be"},"breadcrumb":{"@id":"https:\/\/www.blogsoestado.com\/evandrojunior\/2026\/03\/06\/agnes-nunes-revisita-arlindo-cruz-em-sera-que-e-amor\/#breadcrumb"},"inLanguage":"pt-BR","potentialAction":[{"@type":"ReadAction","target":["https:\/\/www.blogsoestado.com\/evandrojunior\/2026\/03\/06\/agnes-nunes-revisita-arlindo-cruz-em-sera-que-e-amor\/"]}]},{"@type":"ImageObject","inLanguage":"pt-BR","@id":"https:\/\/www.blogsoestado.com\/evandrojunior\/2026\/03\/06\/agnes-nunes-revisita-arlindo-cruz-em-sera-que-e-amor\/#primaryimage","url":"https:\/\/www.blogsoestado.com\/evandrojunior\/wp-content\/uploads\/sites\/3\/2026\/03\/Ensaio-Agnes-Nunes-Simone-Kontraluz-70.png","contentUrl":"https:\/\/www.blogsoestado.com\/evandrojunior\/wp-content\/uploads\/sites\/3\/2026\/03\/Ensaio-Agnes-Nunes-Simone-Kontraluz-70.png","width":1317,"height":872,"caption":"Agnes Nunes | Foto: Simone Kontraluz"},{"@type":"BreadcrumbList","@id":"https:\/\/www.blogsoestado.com\/evandrojunior\/2026\/03\/06\/agnes-nunes-revisita-arlindo-cruz-em-sera-que-e-amor\/#breadcrumb","itemListElement":[{"@type":"ListItem","position":1,"name":"In\u00edcio","item":"https:\/\/www.blogsoestado.com\/evandrojunior\/"},{"@type":"ListItem","position":2,"name":"Agnes Nunes revisita Arlindo Cruz em \u201cSer\u00e1 que \u00e9 Amor\u201d"}]},{"@type":"WebSite","@id":"https:\/\/www.blogsoestado.com\/evandrojunior\/#website","url":"https:\/\/www.blogsoestado.com\/evandrojunior\/","name":"Evandro Junior","description":"","potentialAction":[{"@type":"SearchAction","target":{"@type":"EntryPoint","urlTemplate":"https:\/\/www.blogsoestado.com\/evandrojunior\/?s={search_term_string}"},"query-input":{"@type":"PropertyValueSpecification","valueRequired":true,"valueName":"search_term_string"}}],"inLanguage":"pt-BR"},{"@type":"Person","@id":"https:\/\/www.blogsoestado.com\/evandrojunior\/#\/schema\/person\/3e6c3d8dbb740d1c6878ebc935cfb3be","name":"Evandro Junior","image":{"@type":"ImageObject","inLanguage":"pt-BR","@id":"https:\/\/www.blogsoestado.com\/evandrojunior\/#\/schema\/person\/image\/","url":"https:\/\/secure.gravatar.com\/avatar\/f80a03a2294a580cd2318bfb459bf354cfa8be661ef3d95b542cf9a04af8d129?s=96&d=mm&r=g","contentUrl":"https:\/\/secure.gravatar.com\/avatar\/f80a03a2294a580cd2318bfb459bf354cfa8be661ef3d95b542cf9a04af8d129?s=96&d=mm&r=g","caption":"Evandro Junior"},"url":"https:\/\/www.blogsoestado.com\/evandrojunior\/author\/evandrojunior\/"}]}},"jetpack_featured_media_url":"","_links":{"self":[{"href":"https:\/\/www.blogsoestado.com\/evandrojunior\/wp-json\/wp\/v2\/posts\/18172","targetHints":{"allow":["GET"]}}],"collection":[{"href":"https:\/\/www.blogsoestado.com\/evandrojunior\/wp-json\/wp\/v2\/posts"}],"about":[{"href":"https:\/\/www.blogsoestado.com\/evandrojunior\/wp-json\/wp\/v2\/types\/post"}],"author":[{"embeddable":true,"href":"https:\/\/www.blogsoestado.com\/evandrojunior\/wp-json\/wp\/v2\/users\/4"}],"replies":[{"embeddable":true,"href":"https:\/\/www.blogsoestado.com\/evandrojunior\/wp-json\/wp\/v2\/comments?post=18172"}],"version-history":[{"count":1,"href":"https:\/\/www.blogsoestado.com\/evandrojunior\/wp-json\/wp\/v2\/posts\/18172\/revisions"}],"predecessor-version":[{"id":18174,"href":"https:\/\/www.blogsoestado.com\/evandrojunior\/wp-json\/wp\/v2\/posts\/18172\/revisions\/18174"}],"wp:attachment":[{"href":"https:\/\/www.blogsoestado.com\/evandrojunior\/wp-json\/wp\/v2\/media?parent=18172"}],"wp:term":[{"taxonomy":"category","embeddable":true,"href":"https:\/\/www.blogsoestado.com\/evandrojunior\/wp-json\/wp\/v2\/categories?post=18172"},{"taxonomy":"post_tag","embeddable":true,"href":"https:\/\/www.blogsoestado.com\/evandrojunior\/wp-json\/wp\/v2\/tags?post=18172"}],"curies":[{"name":"wp","href":"https:\/\/api.w.org\/{rel}","templated":true}]}}