{"id":18194,"date":"2026-03-16T11:14:00","date_gmt":"2026-03-16T14:14:00","guid":{"rendered":"https:\/\/www.blogsoestado.com\/evandrojunior\/?p=18194"},"modified":"2026-03-16T11:15:13","modified_gmt":"2026-03-16T14:15:13","slug":"cristiano-sardinha-o-erro-do-anticristo","status":"publish","type":"post","link":"https:\/\/www.blogsoestado.com\/evandrojunior\/2026\/03\/16\/cristiano-sardinha-o-erro-do-anticristo\/","title":{"rendered":"Cristiano Sardinha: &#8220;O erro do anticristo&#8221;"},"content":{"rendered":"\n<figure class=\"wp-block-image aligncenter size-full is-resized\"><img fetchpriority=\"high\" decoding=\"async\" width=\"414\" height=\"319\" src=\"https:\/\/www.blogsoestado.com\/evandrojunior\/wp-content\/uploads\/sites\/3\/2026\/03\/WhatsApp-Image-2026-03-16-at-10.29.05.jpeg\" alt=\"\" class=\"wp-image-18195\" style=\"width:584px;height:auto\" srcset=\"https:\/\/www.blogsoestado.com\/evandrojunior\/wp-content\/uploads\/sites\/3\/2026\/03\/WhatsApp-Image-2026-03-16-at-10.29.05.jpeg 414w, https:\/\/www.blogsoestado.com\/evandrojunior\/wp-content\/uploads\/sites\/3\/2026\/03\/WhatsApp-Image-2026-03-16-at-10.29.05-300x231.jpeg 300w\" sizes=\"(max-width: 414px) 100vw, 414px\" \/><figcaption class=\"wp-element-caption\"><strong>&#8220;Na busca pela verdade, a conclus\u00e3o nem sempre \u00e9 a mais agrad\u00e1vel&#8221;, diz Cristiano Sardinha<\/strong><\/figcaption><\/figure>\n\n\n\n<p>Na obra O Anticristo, Friedrich Nietzsche criticou duramente os ensinamentos de Jesus de Nazar\u00e9 e considerou a religi\u00e3o crist\u00e3 uma forma de distor\u00e7\u00e3o moral que garantiria a vit\u00f3ria dos fracos sobre os mais fortes. Para esse pensador alem\u00e3o, o cristianismo promove uma invers\u00e3o de valores, impedindo o ser humano de alcan\u00e7ar o seu m\u00e1ximo potencial.<\/p>\n\n\n\n<p>Com sua chamada \u201cfilosofia do martelo\u201d, Nietzsche n\u00e3o poupou ataques a fil\u00f3sofos antigos e modernos. Tamb\u00e9m anunciou a suposta \u201cmorte de Deus\u201d e procurou destruir sistemas \u00e9ticos que, em sua percep\u00e7\u00e3o, limitavam a liberdade do homem. Para o pensador alem\u00e3o, o cristianismo teria rebaixado este mundo ao deslocar a possibilidade de uma vida plenamente feliz para o al\u00e9m.<\/p>\n\n\n\n<p>Na busca pela verdade, a conclus\u00e3o nem sempre \u00e9 a mais agrad\u00e1vel. Ainda assim, o compromisso com a realidade deve prevalecer. Ocorre que as conclus\u00f5es de Nietzsche sobre o cristianismo n\u00e3o foram apenas desagrad\u00e1veis; foram tamb\u00e9m incorretas e il\u00f3gicas em diversos aspectos.<\/p>\n\n\n\n<p>Para a plena ado\u00e7\u00e3o do pensamento e do comportamento propostos em <em>O Anticristo<\/em>, seria necess\u00e1rio que o indiv\u00edduo n\u00e3o demonstrasse o m\u00ednimo de empatia pela dor ou pelo sofrimento alheio. A obra sustenta a ideia de que o ser humano deveria ultrapassar sua pr\u00f3pria condi\u00e7\u00e3o por meio da for\u00e7a e do desprezo, ignorando Deus, a religi\u00e3o, a moral, a lei, a verdade, a ci\u00eancia, a justi\u00e7a, o bem e o mal, a fim de alcan\u00e7ar um suposto estado de superioridade que o transformaria no \u201csuper-homem\u201d.<\/p>\n\n\n\n<p>O erro central de Nietzsche em rela\u00e7\u00e3o ao cristianismo reside na concep\u00e7\u00e3o de que essa doutrina contraria a natureza, favorece apenas os mais fracos e impede a evolu\u00e7\u00e3o dos fortes. Na realidade, uma interpreta\u00e7\u00e3o correta do cristianismo favorece a conserva\u00e7\u00e3o da vida em toda a sua plenitude, por meio do amor e da compaix\u00e3o, contribuindo para rela\u00e7\u00f5es humanas mais saud\u00e1veis.<\/p>\n\n\n\n<p>Os seres vivos est\u00e3o interconectados de diversas maneiras, havendo especial rela\u00e7\u00e3o de interdepend\u00eancia em muitas esp\u00e9cies de animais sociais, entre elas o <em>Homo sapiens<\/em>. Ao cuidarmos uns dos outros, zelamos por n\u00f3s mesmos e por aqueles que amamos, colaborando para a preserva\u00e7\u00e3o da esp\u00e9cie humana.<\/p>\n\n\n\n<p>\u00c9 um fato not\u00f3rio que nascemos extremamente fr\u00e1geis e dependemos por muito tempo dos outros para termos chances de sobreviv\u00eancia. Desde a inf\u00e2ncia, passando pela juventude, pela idade adulta e pela velhice, estabelecemos la\u00e7os de depend\u00eancia f\u00edsica e emocional com os nossos semelhantes.<\/p>\n\n\n\n<p>Mesmo ap\u00f3s a morte, permanece a necessidade de outro algu\u00e9m para que nosso corpo receba um tratamento digno e para que o legado deixado possa prosseguir. Queiramos ou n\u00e3o, a vida humana somente atinge sua m\u00e1xima potencialidade com o aux\u00edlio do pr\u00f3ximo. A compaix\u00e3o, enquanto sentimento e pr\u00e1tica, constitui um dos caminhos mais seguros para a preserva\u00e7\u00e3o da esp\u00e9cie.<\/p>\n\n\n\n<p>Em sua obra, Nietzsche afirmou: \u201c[&#8230;] no fundo, houve apenas um crist\u00e3o, e esse morreu na cruz. O \u2018evangelho\u2019 morreu na cruz&#8230;\u201d. O peso dessas palavras n\u00e3o pode ser ignorado, pois muitos dos que se declaram crist\u00e3os realizam a\u00e7\u00f5es diametralmente opostas aos ensinamentos de Cristo. Tal distor\u00e7\u00e3o decorre, em grande parte, da falibilidade inerente ao ser humano. Contudo, o Mestre da Galileia n\u00e3o pode ser responsabilizado pelos erros de terceiros.<\/p>\n\n\n\n<p>No \u00e2mbito das sociedades democr\u00e1ticas contempor\u00e2neas, n\u00e3o h\u00e1 mais espa\u00e7o para a defesa da tese apresentada por Nietzsche de hierarquiza\u00e7\u00e3o e desigualdade de direitos com o objetivo de garantir privil\u00e9gios a poucos eleitos. Enquanto o pensador alem\u00e3o defendeu um abismo que separa as pessoas em castas sociais bem definidas, Jesus propagou a ideia de fraternidade universal, segundo a qual todos, sem distin\u00e7\u00e3o, s\u00e3o irm\u00e3os com uma origem comum.<\/p>\n\n\n\n<p>Jesus de Nazar\u00e9 nada reivindicou para si. Colocou-se ao lado dos exclu\u00eddos, suportou a cal\u00fania, o esc\u00e1rnio e o sofrimento, sem responder com ira, sem julgar os outros e amando sem limites. A \u201cboa-nova\u201d n\u00e3o \u00e9 privil\u00e9gio de poucos eleitos. Em um mundo marcado por guerras, \u00f3dio e intoler\u00e2ncia, os ensinamentos de Cristo tornaram-se ainda mais relevantes.<\/p>\n\n\n\n<p>\u2014\u2014\u2014\u2014\u2014\u2014\u2014\u2014\u2014\u2014\u2014\u2014\u2014\u2014\u2014\u2014\u2014\u2014\u2014\u2014\u2014\u2014\u2014\u2014\u2014\u2014\u2014\u2014\u2013<\/p>\n\n\n\n<p><strong>Cristiano Sardinha<\/strong>&nbsp;\u00e9 escritor, professor e tabeli\u00e3o, graduado em Direito, Filosofia e Hist\u00f3ria, Mestre em Cultura e Sociedade pela UFMA, Doutor em Ci\u00eancias Jur\u00eddicas e Sociais pela UMSA e Doutor em Direito Constitucional pela UNIFOR.<\/p>\n","protected":false},"excerpt":{"rendered":"<p>Na obra O Anticristo, Friedrich Nietzsche criticou duramente os ensinamentos de Jesus de Nazar\u00e9 e considerou a religi\u00e3o crist\u00e3 uma [&hellip;]<\/p>\n","protected":false},"author":4,"featured_media":0,"comment_status":"open","ping_status":"open","sticky":false,"template":"","format":"standard","meta":{"site-sidebar-layout":"default","site-content-layout":"","ast-site-content-layout":"default","site-content-style":"default","site-sidebar-style":"default","ast-global-header-display":"","ast-banner-title-visibility":"","ast-main-header-display":"","ast-hfb-above-header-display":"","ast-hfb-below-header-display":"","ast-hfb-mobile-header-display":"","site-post-title":"","ast-breadcrumbs-content":"","ast-featured-img":"","footer-sml-layout":"","ast-disable-related-posts":"","theme-transparent-header-meta":"","adv-header-id-meta":"","stick-header-meta":"","header-above-stick-meta":"","header-main-stick-meta":"","header-below-stick-meta":"","astra-migrate-meta-layouts":"default","ast-page-background-enabled":"default","ast-page-background-meta":{"desktop":{"background-color":"var(--ast-global-color-5)","background-image":"","background-repeat":"repeat","background-position":"center center","background-size":"auto","background-attachment":"scroll","background-type":"","background-media":"","overlay-type":"","overlay-color":"","overlay-opacity":"","overlay-gradient":""},"tablet":{"background-color":"","background-image":"","background-repeat":"repeat","background-position":"center center","background-size":"auto","background-attachment":"scroll","background-type":"","background-media":"","overlay-type":"","overlay-color":"","overlay-opacity":"","overlay-gradient":""},"mobile":{"background-color":"","background-image":"","background-repeat":"repeat","background-position":"center center","background-size":"auto","background-attachment":"scroll","background-type":"","background-media":"","overlay-type":"","overlay-color":"","overlay-opacity":"","overlay-gradient":""}},"ast-content-background-meta":{"desktop":{"background-color":"var(--ast-global-color-4)","background-image":"","background-repeat":"repeat","background-position":"center center","background-size":"auto","background-attachment":"scroll","background-type":"","background-media":"","overlay-type":"","overlay-color":"","overlay-opacity":"","overlay-gradient":""},"tablet":{"background-color":"var(--ast-global-color-4)","background-image":"","background-repeat":"repeat","background-position":"center center","background-size":"auto","background-attachment":"scroll","background-type":"","background-media":"","overlay-type":"","overlay-color":"","overlay-opacity":"","overlay-gradient":""},"mobile":{"background-color":"var(--ast-global-color-4)","background-image":"","background-repeat":"repeat","background-position":"center center","background-size":"auto","background-attachment":"scroll","background-type":"","background-media":"","overlay-type":"","overlay-color":"","overlay-opacity":"","overlay-gradient":""}},"footnotes":""},"categories":[1],"tags":[],"class_list":["post-18194","post","type-post","status-publish","format-standard","hentry","category-sem-categoria"],"yoast_head":"<!-- This site is optimized with the Yoast SEO plugin v26.6 - https:\/\/yoast.com\/wordpress\/plugins\/seo\/ -->\n<title>Cristiano Sardinha: &quot;O erro do anticristo&quot; - Evandro Junior<\/title>\n<meta name=\"robots\" content=\"index, follow, max-snippet:-1, max-image-preview:large, max-video-preview:-1\" \/>\n<link rel=\"canonical\" href=\"https:\/\/www.blogsoestado.com\/evandrojunior\/2026\/03\/16\/cristiano-sardinha-o-erro-do-anticristo\/\" \/>\n<meta property=\"og:locale\" content=\"pt_BR\" \/>\n<meta property=\"og:type\" content=\"article\" \/>\n<meta property=\"og:title\" content=\"Cristiano Sardinha: &quot;O erro do anticristo&quot; - Evandro Junior\" \/>\n<meta property=\"og:description\" content=\"Na obra O Anticristo, Friedrich Nietzsche criticou duramente os ensinamentos de Jesus de Nazar\u00e9 e considerou a religi\u00e3o crist\u00e3 uma [&hellip;]\" \/>\n<meta property=\"og:url\" content=\"https:\/\/www.blogsoestado.com\/evandrojunior\/2026\/03\/16\/cristiano-sardinha-o-erro-do-anticristo\/\" \/>\n<meta property=\"og:site_name\" content=\"Evandro Junior\" \/>\n<meta property=\"article:published_time\" content=\"2026-03-16T14:14:00+00:00\" \/>\n<meta property=\"article:modified_time\" content=\"2026-03-16T14:15:13+00:00\" \/>\n<meta property=\"og:image\" content=\"https:\/\/www.blogsoestado.com\/evandrojunior\/wp-content\/uploads\/sites\/3\/2026\/03\/WhatsApp-Image-2026-03-16-at-10.29.05.jpeg\" \/>\n\t<meta property=\"og:image:width\" content=\"414\" \/>\n\t<meta property=\"og:image:height\" content=\"319\" \/>\n\t<meta property=\"og:image:type\" content=\"image\/jpeg\" \/>\n<meta name=\"author\" content=\"Evandro Junior\" \/>\n<meta name=\"twitter:card\" content=\"summary_large_image\" \/>\n<meta name=\"twitter:label1\" content=\"Escrito por\" \/>\n\t<meta name=\"twitter:data1\" content=\"Evandro Junior\" \/>\n\t<meta name=\"twitter:label2\" content=\"Est. tempo de leitura\" \/>\n\t<meta name=\"twitter:data2\" content=\"5 minutos\" \/>\n<script type=\"application\/ld+json\" class=\"yoast-schema-graph\">{\"@context\":\"https:\/\/schema.org\",\"@graph\":[{\"@type\":\"WebPage\",\"@id\":\"https:\/\/www.blogsoestado.com\/evandrojunior\/2026\/03\/16\/cristiano-sardinha-o-erro-do-anticristo\/\",\"url\":\"https:\/\/www.blogsoestado.com\/evandrojunior\/2026\/03\/16\/cristiano-sardinha-o-erro-do-anticristo\/\",\"name\":\"Cristiano Sardinha: \\\"O erro do anticristo\\\" - Evandro Junior\",\"isPartOf\":{\"@id\":\"https:\/\/www.blogsoestado.com\/evandrojunior\/#website\"},\"primaryImageOfPage\":{\"@id\":\"https:\/\/www.blogsoestado.com\/evandrojunior\/2026\/03\/16\/cristiano-sardinha-o-erro-do-anticristo\/#primaryimage\"},\"image\":{\"@id\":\"https:\/\/www.blogsoestado.com\/evandrojunior\/2026\/03\/16\/cristiano-sardinha-o-erro-do-anticristo\/#primaryimage\"},\"thumbnailUrl\":\"https:\/\/www.blogsoestado.com\/evandrojunior\/wp-content\/uploads\/sites\/3\/2026\/03\/WhatsApp-Image-2026-03-16-at-10.29.05.jpeg\",\"datePublished\":\"2026-03-16T14:14:00+00:00\",\"dateModified\":\"2026-03-16T14:15:13+00:00\",\"author\":{\"@id\":\"https:\/\/www.blogsoestado.com\/evandrojunior\/#\/schema\/person\/3e6c3d8dbb740d1c6878ebc935cfb3be\"},\"breadcrumb\":{\"@id\":\"https:\/\/www.blogsoestado.com\/evandrojunior\/2026\/03\/16\/cristiano-sardinha-o-erro-do-anticristo\/#breadcrumb\"},\"inLanguage\":\"pt-BR\",\"potentialAction\":[{\"@type\":\"ReadAction\",\"target\":[\"https:\/\/www.blogsoestado.com\/evandrojunior\/2026\/03\/16\/cristiano-sardinha-o-erro-do-anticristo\/\"]}]},{\"@type\":\"ImageObject\",\"inLanguage\":\"pt-BR\",\"@id\":\"https:\/\/www.blogsoestado.com\/evandrojunior\/2026\/03\/16\/cristiano-sardinha-o-erro-do-anticristo\/#primaryimage\",\"url\":\"https:\/\/www.blogsoestado.com\/evandrojunior\/wp-content\/uploads\/sites\/3\/2026\/03\/WhatsApp-Image-2026-03-16-at-10.29.05.jpeg\",\"contentUrl\":\"https:\/\/www.blogsoestado.com\/evandrojunior\/wp-content\/uploads\/sites\/3\/2026\/03\/WhatsApp-Image-2026-03-16-at-10.29.05.jpeg\",\"width\":414,\"height\":319,\"caption\":\"\\\"Na busca pela verdade, a conclus\u00e3o nem sempre \u00e9 a mais agrad\u00e1vel\\\", diz Cristiano Sardinha\"},{\"@type\":\"BreadcrumbList\",\"@id\":\"https:\/\/www.blogsoestado.com\/evandrojunior\/2026\/03\/16\/cristiano-sardinha-o-erro-do-anticristo\/#breadcrumb\",\"itemListElement\":[{\"@type\":\"ListItem\",\"position\":1,\"name\":\"In\u00edcio\",\"item\":\"https:\/\/www.blogsoestado.com\/evandrojunior\/\"},{\"@type\":\"ListItem\",\"position\":2,\"name\":\"Cristiano Sardinha: &#8220;O erro do anticristo&#8221;\"}]},{\"@type\":\"WebSite\",\"@id\":\"https:\/\/www.blogsoestado.com\/evandrojunior\/#website\",\"url\":\"https:\/\/www.blogsoestado.com\/evandrojunior\/\",\"name\":\"Evandro Junior\",\"description\":\"\",\"potentialAction\":[{\"@type\":\"SearchAction\",\"target\":{\"@type\":\"EntryPoint\",\"urlTemplate\":\"https:\/\/www.blogsoestado.com\/evandrojunior\/?s={search_term_string}\"},\"query-input\":{\"@type\":\"PropertyValueSpecification\",\"valueRequired\":true,\"valueName\":\"search_term_string\"}}],\"inLanguage\":\"pt-BR\"},{\"@type\":\"Person\",\"@id\":\"https:\/\/www.blogsoestado.com\/evandrojunior\/#\/schema\/person\/3e6c3d8dbb740d1c6878ebc935cfb3be\",\"name\":\"Evandro Junior\",\"image\":{\"@type\":\"ImageObject\",\"inLanguage\":\"pt-BR\",\"@id\":\"https:\/\/www.blogsoestado.com\/evandrojunior\/#\/schema\/person\/image\/\",\"url\":\"https:\/\/secure.gravatar.com\/avatar\/f80a03a2294a580cd2318bfb459bf354cfa8be661ef3d95b542cf9a04af8d129?s=96&d=mm&r=g\",\"contentUrl\":\"https:\/\/secure.gravatar.com\/avatar\/f80a03a2294a580cd2318bfb459bf354cfa8be661ef3d95b542cf9a04af8d129?s=96&d=mm&r=g\",\"caption\":\"Evandro Junior\"},\"url\":\"https:\/\/www.blogsoestado.com\/evandrojunior\/author\/evandrojunior\/\"}]}<\/script>\n<!-- \/ Yoast SEO plugin. -->","yoast_head_json":{"title":"Cristiano Sardinha: \"O erro do anticristo\" - Evandro Junior","robots":{"index":"index","follow":"follow","max-snippet":"max-snippet:-1","max-image-preview":"max-image-preview:large","max-video-preview":"max-video-preview:-1"},"canonical":"https:\/\/www.blogsoestado.com\/evandrojunior\/2026\/03\/16\/cristiano-sardinha-o-erro-do-anticristo\/","og_locale":"pt_BR","og_type":"article","og_title":"Cristiano Sardinha: \"O erro do anticristo\" - Evandro Junior","og_description":"Na obra O Anticristo, Friedrich Nietzsche criticou duramente os ensinamentos de Jesus de Nazar\u00e9 e considerou a religi\u00e3o crist\u00e3 uma [&hellip;]","og_url":"https:\/\/www.blogsoestado.com\/evandrojunior\/2026\/03\/16\/cristiano-sardinha-o-erro-do-anticristo\/","og_site_name":"Evandro Junior","article_published_time":"2026-03-16T14:14:00+00:00","article_modified_time":"2026-03-16T14:15:13+00:00","og_image":[{"width":414,"height":319,"url":"https:\/\/www.blogsoestado.com\/evandrojunior\/wp-content\/uploads\/sites\/3\/2026\/03\/WhatsApp-Image-2026-03-16-at-10.29.05.jpeg","type":"image\/jpeg"}],"author":"Evandro Junior","twitter_card":"summary_large_image","twitter_misc":{"Escrito por":"Evandro Junior","Est. tempo de leitura":"5 minutos"},"schema":{"@context":"https:\/\/schema.org","@graph":[{"@type":"WebPage","@id":"https:\/\/www.blogsoestado.com\/evandrojunior\/2026\/03\/16\/cristiano-sardinha-o-erro-do-anticristo\/","url":"https:\/\/www.blogsoestado.com\/evandrojunior\/2026\/03\/16\/cristiano-sardinha-o-erro-do-anticristo\/","name":"Cristiano Sardinha: \"O erro do anticristo\" - Evandro Junior","isPartOf":{"@id":"https:\/\/www.blogsoestado.com\/evandrojunior\/#website"},"primaryImageOfPage":{"@id":"https:\/\/www.blogsoestado.com\/evandrojunior\/2026\/03\/16\/cristiano-sardinha-o-erro-do-anticristo\/#primaryimage"},"image":{"@id":"https:\/\/www.blogsoestado.com\/evandrojunior\/2026\/03\/16\/cristiano-sardinha-o-erro-do-anticristo\/#primaryimage"},"thumbnailUrl":"https:\/\/www.blogsoestado.com\/evandrojunior\/wp-content\/uploads\/sites\/3\/2026\/03\/WhatsApp-Image-2026-03-16-at-10.29.05.jpeg","datePublished":"2026-03-16T14:14:00+00:00","dateModified":"2026-03-16T14:15:13+00:00","author":{"@id":"https:\/\/www.blogsoestado.com\/evandrojunior\/#\/schema\/person\/3e6c3d8dbb740d1c6878ebc935cfb3be"},"breadcrumb":{"@id":"https:\/\/www.blogsoestado.com\/evandrojunior\/2026\/03\/16\/cristiano-sardinha-o-erro-do-anticristo\/#breadcrumb"},"inLanguage":"pt-BR","potentialAction":[{"@type":"ReadAction","target":["https:\/\/www.blogsoestado.com\/evandrojunior\/2026\/03\/16\/cristiano-sardinha-o-erro-do-anticristo\/"]}]},{"@type":"ImageObject","inLanguage":"pt-BR","@id":"https:\/\/www.blogsoestado.com\/evandrojunior\/2026\/03\/16\/cristiano-sardinha-o-erro-do-anticristo\/#primaryimage","url":"https:\/\/www.blogsoestado.com\/evandrojunior\/wp-content\/uploads\/sites\/3\/2026\/03\/WhatsApp-Image-2026-03-16-at-10.29.05.jpeg","contentUrl":"https:\/\/www.blogsoestado.com\/evandrojunior\/wp-content\/uploads\/sites\/3\/2026\/03\/WhatsApp-Image-2026-03-16-at-10.29.05.jpeg","width":414,"height":319,"caption":"\"Na busca pela verdade, a conclus\u00e3o nem sempre \u00e9 a mais agrad\u00e1vel\", diz Cristiano Sardinha"},{"@type":"BreadcrumbList","@id":"https:\/\/www.blogsoestado.com\/evandrojunior\/2026\/03\/16\/cristiano-sardinha-o-erro-do-anticristo\/#breadcrumb","itemListElement":[{"@type":"ListItem","position":1,"name":"In\u00edcio","item":"https:\/\/www.blogsoestado.com\/evandrojunior\/"},{"@type":"ListItem","position":2,"name":"Cristiano Sardinha: &#8220;O erro do anticristo&#8221;"}]},{"@type":"WebSite","@id":"https:\/\/www.blogsoestado.com\/evandrojunior\/#website","url":"https:\/\/www.blogsoestado.com\/evandrojunior\/","name":"Evandro Junior","description":"","potentialAction":[{"@type":"SearchAction","target":{"@type":"EntryPoint","urlTemplate":"https:\/\/www.blogsoestado.com\/evandrojunior\/?s={search_term_string}"},"query-input":{"@type":"PropertyValueSpecification","valueRequired":true,"valueName":"search_term_string"}}],"inLanguage":"pt-BR"},{"@type":"Person","@id":"https:\/\/www.blogsoestado.com\/evandrojunior\/#\/schema\/person\/3e6c3d8dbb740d1c6878ebc935cfb3be","name":"Evandro Junior","image":{"@type":"ImageObject","inLanguage":"pt-BR","@id":"https:\/\/www.blogsoestado.com\/evandrojunior\/#\/schema\/person\/image\/","url":"https:\/\/secure.gravatar.com\/avatar\/f80a03a2294a580cd2318bfb459bf354cfa8be661ef3d95b542cf9a04af8d129?s=96&d=mm&r=g","contentUrl":"https:\/\/secure.gravatar.com\/avatar\/f80a03a2294a580cd2318bfb459bf354cfa8be661ef3d95b542cf9a04af8d129?s=96&d=mm&r=g","caption":"Evandro Junior"},"url":"https:\/\/www.blogsoestado.com\/evandrojunior\/author\/evandrojunior\/"}]}},"jetpack_featured_media_url":"","_links":{"self":[{"href":"https:\/\/www.blogsoestado.com\/evandrojunior\/wp-json\/wp\/v2\/posts\/18194","targetHints":{"allow":["GET"]}}],"collection":[{"href":"https:\/\/www.blogsoestado.com\/evandrojunior\/wp-json\/wp\/v2\/posts"}],"about":[{"href":"https:\/\/www.blogsoestado.com\/evandrojunior\/wp-json\/wp\/v2\/types\/post"}],"author":[{"embeddable":true,"href":"https:\/\/www.blogsoestado.com\/evandrojunior\/wp-json\/wp\/v2\/users\/4"}],"replies":[{"embeddable":true,"href":"https:\/\/www.blogsoestado.com\/evandrojunior\/wp-json\/wp\/v2\/comments?post=18194"}],"version-history":[{"count":3,"href":"https:\/\/www.blogsoestado.com\/evandrojunior\/wp-json\/wp\/v2\/posts\/18194\/revisions"}],"predecessor-version":[{"id":18198,"href":"https:\/\/www.blogsoestado.com\/evandrojunior\/wp-json\/wp\/v2\/posts\/18194\/revisions\/18198"}],"wp:attachment":[{"href":"https:\/\/www.blogsoestado.com\/evandrojunior\/wp-json\/wp\/v2\/media?parent=18194"}],"wp:term":[{"taxonomy":"category","embeddable":true,"href":"https:\/\/www.blogsoestado.com\/evandrojunior\/wp-json\/wp\/v2\/categories?post=18194"},{"taxonomy":"post_tag","embeddable":true,"href":"https:\/\/www.blogsoestado.com\/evandrojunior\/wp-json\/wp\/v2\/tags?post=18194"}],"curies":[{"name":"wp","href":"https:\/\/api.w.org\/{rel}","templated":true}]}}