{"id":18455,"date":"2026-04-28T10:18:25","date_gmt":"2026-04-28T13:18:25","guid":{"rendered":"https:\/\/www.blogsoestado.com\/evandrojunior\/?p=18455"},"modified":"2026-04-28T10:18:27","modified_gmt":"2026-04-28T13:18:27","slug":"genny-reis-transforma-tradicao-em-afeto-para-o-dia-das-maes","status":"publish","type":"post","link":"https:\/\/www.blogsoestado.com\/evandrojunior\/2026\/04\/28\/genny-reis-transforma-tradicao-em-afeto-para-o-dia-das-maes\/","title":{"rendered":"Genny Reis transforma tradi\u00e7\u00e3o em afeto para o Dia das M\u00e3es"},"content":{"rendered":"\n<figure class=\"wp-block-image aligncenter size-large\"><img fetchpriority=\"high\" decoding=\"async\" width=\"683\" height=\"1024\" src=\"https:\/\/www.blogsoestado.com\/evandrojunior\/wp-content\/uploads\/sites\/3\/2026\/04\/WhatsApp-Image-2026-04-28-at-09.54.37-683x1024.jpeg\" alt=\"\" class=\"wp-image-18456\" srcset=\"https:\/\/www.blogsoestado.com\/evandrojunior\/wp-content\/uploads\/sites\/3\/2026\/04\/WhatsApp-Image-2026-04-28-at-09.54.37-683x1024.jpeg 683w, https:\/\/www.blogsoestado.com\/evandrojunior\/wp-content\/uploads\/sites\/3\/2026\/04\/WhatsApp-Image-2026-04-28-at-09.54.37-200x300.jpeg 200w, https:\/\/www.blogsoestado.com\/evandrojunior\/wp-content\/uploads\/sites\/3\/2026\/04\/WhatsApp-Image-2026-04-28-at-09.54.37-768x1152.jpeg 768w, https:\/\/www.blogsoestado.com\/evandrojunior\/wp-content\/uploads\/sites\/3\/2026\/04\/WhatsApp-Image-2026-04-28-at-09.54.37.jpeg 1024w\" sizes=\"(max-width: 683px) 100vw, 683px\" \/><figcaption class=\"wp-element-caption\"><strong>Trabalho esmerado de Genny Reis para o Dia das M\u00e3es transforma o bolo de rolo em verdadeiras obras de arte<\/strong><\/figcaption><\/figure>\n\n\n\n<p><strong>S\u00e3o Lu\u00eds<\/strong> &#8211; Os bolos de rolo da maranhense Genny Reis (@gennyreisboloderolo) inspirados na Virgem Maria chegam como uma delicada e emocionante novidade em S\u00e3o Lu\u00eds para o Dia das M\u00e3es. Mais do que uma op\u00e7\u00e3o de presente, a proposta carrega afeto, f\u00e9, tradi\u00e7\u00e3o e autenticidade, resgatando a ess\u00eancia de uma das receitas mais emblem\u00e1ticas de Pernambuco e transformando-a em uma verdadeira experi\u00eancia sensorial e afetiva.<\/p>\n\n\n\n<p>Cada bolo \u00e9 pensado nos m\u00ednimos detalhes, desde a escolha dos ingredientes at\u00e9 a finaliza\u00e7\u00e3o art\u00edstica. Com mais de 20 sabores dispon\u00edveis, Genny aposta em uma diversidade que agrada aos mais variados paladares, incluindo combina\u00e7\u00f5es que valorizam a identidade regional, como os sabores maranhenses de bacuri e cupua\u00e7u. A proposta \u00e9 unir tradi\u00e7\u00e3o e inova\u00e7\u00e3o, criando releituras que surpreendem tanto pelo sabor quanto pela originalidade.<\/p>\n\n\n\n<figure class=\"wp-block-image aligncenter size-large is-resized\"><img decoding=\"async\" width=\"699\" height=\"1024\" src=\"https:\/\/www.blogsoestado.com\/evandrojunior\/wp-content\/uploads\/sites\/3\/2026\/04\/WhatsApp-Image-2026-04-28-at-08.12.10-699x1024.jpeg\" alt=\"\" class=\"wp-image-18457\" style=\"aspect-ratio:0.6826227607043672;width:699px;height:auto\" srcset=\"https:\/\/www.blogsoestado.com\/evandrojunior\/wp-content\/uploads\/sites\/3\/2026\/04\/WhatsApp-Image-2026-04-28-at-08.12.10-699x1024.jpeg 699w, https:\/\/www.blogsoestado.com\/evandrojunior\/wp-content\/uploads\/sites\/3\/2026\/04\/WhatsApp-Image-2026-04-28-at-08.12.10-205x300.jpeg 205w, https:\/\/www.blogsoestado.com\/evandrojunior\/wp-content\/uploads\/sites\/3\/2026\/04\/WhatsApp-Image-2026-04-28-at-08.12.10-768x1125.jpeg 768w, https:\/\/www.blogsoestado.com\/evandrojunior\/wp-content\/uploads\/sites\/3\/2026\/04\/WhatsApp-Image-2026-04-28-at-08.12.10-1048x1536.jpeg 1048w, https:\/\/www.blogsoestado.com\/evandrojunior\/wp-content\/uploads\/sites\/3\/2026\/04\/WhatsApp-Image-2026-04-28-at-08.12.10.jpeg 1092w\" sizes=\"(max-width: 699px) 100vw, 699px\" \/><figcaption class=\"wp-element-caption\"><strong>Genny Reis sempre foi caprichosa em tudo a que se prop\u00f4s a fazer, desde a adolesc\u00eancia, primando pelos detalhes<\/strong><\/figcaption><\/figure>\n\n\n\n<p>Outro grande diferencial est\u00e1 na personaliza\u00e7\u00e3o. Os bolos s\u00e3o produzidos em diferentes formatos e recebem decora\u00e7\u00f5es exclusivas, inspiradas na imagem da Virgem Maria, trazendo um toque simb\u00f3lico e afetivo que torna cada encomenda ainda mais especial, ou seja, perfeita para celebrar o amor e a devo\u00e7\u00e3o presentes no Dia das M\u00e3es.<\/p>\n\n\n\n<p>Com mais de 12 anos de experi\u00eancia no mercado, Genny Reis construiu uma trajet\u00f3ria marcada pela dedica\u00e7\u00e3o e pelo cuidado em cada detalhe, algo que a acompanha desde a adolesc\u00eancia em tudo o que ela se prop\u00f4s a fazer. <\/p>\n\n\n\n<figure class=\"wp-block-image aligncenter size-large\"><img decoding=\"async\" width=\"576\" height=\"1024\" src=\"https:\/\/www.blogsoestado.com\/evandrojunior\/wp-content\/uploads\/sites\/3\/2026\/04\/WhatsApp-Image-2026-04-28-at-07.47.09-576x1024.jpeg\" alt=\"\" class=\"wp-image-18458\" srcset=\"https:\/\/www.blogsoestado.com\/evandrojunior\/wp-content\/uploads\/sites\/3\/2026\/04\/WhatsApp-Image-2026-04-28-at-07.47.09-576x1024.jpeg 576w, https:\/\/www.blogsoestado.com\/evandrojunior\/wp-content\/uploads\/sites\/3\/2026\/04\/WhatsApp-Image-2026-04-28-at-07.47.09-169x300.jpeg 169w, https:\/\/www.blogsoestado.com\/evandrojunior\/wp-content\/uploads\/sites\/3\/2026\/04\/WhatsApp-Image-2026-04-28-at-07.47.09-768x1365.jpeg 768w, https:\/\/www.blogsoestado.com\/evandrojunior\/wp-content\/uploads\/sites\/3\/2026\/04\/WhatsApp-Image-2026-04-28-at-07.47.09-864x1536.jpeg 864w, https:\/\/www.blogsoestado.com\/evandrojunior\/wp-content\/uploads\/sites\/3\/2026\/04\/WhatsApp-Image-2026-04-28-at-07.47.09.jpeg 900w\" sizes=\"(max-width: 576px) 100vw, 576px\" \/><figcaption class=\"wp-element-caption\"><strong>Bolo de rolo inspirado na Virgem Maria ser\u00e1 exportado para outros estados do Brasil <\/strong><\/figcaption><\/figure>\n\n\n\n<p>Ao longo dos anos, Genny j\u00e1 conquistou clientes em diversos estados do Brasil, consolidando sua marca como refer\u00eancia em qualidade e sabor. Neste per\u00edodo especial, a procura cresce significativamente, com encomendas vindas do Distrito Federal, S\u00e3o Paulo, Rio de Janeiro, Amazonas, Bahia e Pernambuco, demonstrando o alcance e a for\u00e7a do seu trabalho e criatividade.<\/p>\n\n\n\n<p>O bolo de rolo, por si s\u00f3, \u00e9 uma verdadeira obra de arte da confeitaria. Sua produ\u00e7\u00e3o exige t\u00e9cnica, paci\u00eancia e extrema precis\u00e3o. As camadas fin\u00edssimas e perfeitamente uniformes s\u00e3o o grande diferencial, resultado de um processo minucioso que garante n\u00e3o apenas um sabor inconfund\u00edvel, mas tamb\u00e9m uma apresenta\u00e7\u00e3o elegante e encantadora.<\/p>\n\n\n\n<figure class=\"wp-block-image aligncenter size-large\"><img loading=\"lazy\" decoding=\"async\" width=\"699\" height=\"1024\" src=\"https:\/\/www.blogsoestado.com\/evandrojunior\/wp-content\/uploads\/sites\/3\/2026\/04\/WhatsApp-Image-2026-04-28-at-07.49.05-699x1024.jpeg\" alt=\"\" class=\"wp-image-18459\" srcset=\"https:\/\/www.blogsoestado.com\/evandrojunior\/wp-content\/uploads\/sites\/3\/2026\/04\/WhatsApp-Image-2026-04-28-at-07.49.05-699x1024.jpeg 699w, https:\/\/www.blogsoestado.com\/evandrojunior\/wp-content\/uploads\/sites\/3\/2026\/04\/WhatsApp-Image-2026-04-28-at-07.49.05-205x300.jpeg 205w, https:\/\/www.blogsoestado.com\/evandrojunior\/wp-content\/uploads\/sites\/3\/2026\/04\/WhatsApp-Image-2026-04-28-at-07.49.05-768x1125.jpeg 768w, https:\/\/www.blogsoestado.com\/evandrojunior\/wp-content\/uploads\/sites\/3\/2026\/04\/WhatsApp-Image-2026-04-28-at-07.49.05.jpeg 874w\" sizes=\"(max-width: 699px) 100vw, 699px\" \/><figcaption class=\"wp-element-caption\"><strong>Os bolos de rolo tem\u00e1ticos para o Dia das M\u00e3es chegam em diversos sabores, inclusive nas  vers\u00f5es regionais de bacuri e cupua\u00e7u<\/strong><\/figcaption><\/figure>\n\n\n\n<p>Neste Dia das M\u00e3es, a proposta de Genny Reis vai al\u00e9m de um simples doce: \u00e9 um gesto de carinho traduzido em sabor, uma homenagem em forma de tradi\u00e7\u00e3o e beleza que promete emocionar e marcar momentos especiais.<\/p>\n","protected":false},"excerpt":{"rendered":"<p>S\u00e3o Lu\u00eds &#8211; Os bolos de rolo da maranhense Genny Reis (@gennyreisboloderolo) inspirados na Virgem Maria chegam como uma delicada [&hellip;]<\/p>\n","protected":false},"author":4,"featured_media":0,"comment_status":"open","ping_status":"open","sticky":false,"template":"","format":"standard","meta":{"site-sidebar-layout":"default","site-content-layout":"","ast-site-content-layout":"default","site-content-style":"default","site-sidebar-style":"default","ast-global-header-display":"","ast-banner-title-visibility":"","ast-main-header-display":"","ast-hfb-above-header-display":"","ast-hfb-below-header-display":"","ast-hfb-mobile-header-display":"","site-post-title":"","ast-breadcrumbs-content":"","ast-featured-img":"","footer-sml-layout":"","ast-disable-related-posts":"","theme-transparent-header-meta":"","adv-header-id-meta":"","stick-header-meta":"","header-above-stick-meta":"","header-main-stick-meta":"","header-below-stick-meta":"","astra-migrate-meta-layouts":"default","ast-page-background-enabled":"default","ast-page-background-meta":{"desktop":{"background-color":"var(--ast-global-color-5)","background-image":"","background-repeat":"repeat","background-position":"center center","background-size":"auto","background-attachment":"scroll","background-type":"","background-media":"","overlay-type":"","overlay-color":"","overlay-opacity":"","overlay-gradient":""},"tablet":{"background-color":"","background-image":"","background-repeat":"repeat","background-position":"center center","background-size":"auto","background-attachment":"scroll","background-type":"","background-media":"","overlay-type":"","overlay-color":"","overlay-opacity":"","overlay-gradient":""},"mobile":{"background-color":"","background-image":"","background-repeat":"repeat","background-position":"center center","background-size":"auto","background-attachment":"scroll","background-type":"","background-media":"","overlay-type":"","overlay-color":"","overlay-opacity":"","overlay-gradient":""}},"ast-content-background-meta":{"desktop":{"background-color":"var(--ast-global-color-4)","background-image":"","background-repeat":"repeat","background-position":"center center","background-size":"auto","background-attachment":"scroll","background-type":"","background-media":"","overlay-type":"","overlay-color":"","overlay-opacity":"","overlay-gradient":""},"tablet":{"background-color":"var(--ast-global-color-4)","background-image":"","background-repeat":"repeat","background-position":"center center","background-size":"auto","background-attachment":"scroll","background-type":"","background-media":"","overlay-type":"","overlay-color":"","overlay-opacity":"","overlay-gradient":""},"mobile":{"background-color":"var(--ast-global-color-4)","background-image":"","background-repeat":"repeat","background-position":"center center","background-size":"auto","background-attachment":"scroll","background-type":"","background-media":"","overlay-type":"","overlay-color":"","overlay-opacity":"","overlay-gradient":""}},"footnotes":""},"categories":[1],"tags":[],"class_list":["post-18455","post","type-post","status-publish","format-standard","hentry","category-sem-categoria"],"yoast_head":"<!-- This site is optimized with the Yoast SEO plugin v26.6 - https:\/\/yoast.com\/wordpress\/plugins\/seo\/ -->\n<title>Genny Reis transforma tradi\u00e7\u00e3o em afeto para o Dia das M\u00e3es - Evandro Junior<\/title>\n<meta name=\"robots\" content=\"index, follow, max-snippet:-1, max-image-preview:large, max-video-preview:-1\" \/>\n<link rel=\"canonical\" href=\"https:\/\/www.blogsoestado.com\/evandrojunior\/2026\/04\/28\/genny-reis-transforma-tradicao-em-afeto-para-o-dia-das-maes\/\" \/>\n<meta property=\"og:locale\" content=\"pt_BR\" \/>\n<meta property=\"og:type\" content=\"article\" \/>\n<meta property=\"og:title\" content=\"Genny Reis transforma tradi\u00e7\u00e3o em afeto para o Dia das M\u00e3es - Evandro Junior\" \/>\n<meta property=\"og:description\" content=\"S\u00e3o Lu\u00eds &#8211; Os bolos de rolo da maranhense Genny Reis (@gennyreisboloderolo) inspirados na Virgem Maria chegam como uma delicada [&hellip;]\" \/>\n<meta property=\"og:url\" content=\"https:\/\/www.blogsoestado.com\/evandrojunior\/2026\/04\/28\/genny-reis-transforma-tradicao-em-afeto-para-o-dia-das-maes\/\" \/>\n<meta property=\"og:site_name\" content=\"Evandro Junior\" \/>\n<meta property=\"article:published_time\" content=\"2026-04-28T13:18:25+00:00\" \/>\n<meta property=\"article:modified_time\" content=\"2026-04-28T13:18:27+00:00\" \/>\n<meta property=\"og:image\" content=\"https:\/\/www.blogsoestado.com\/evandrojunior\/wp-content\/uploads\/sites\/3\/2026\/04\/WhatsApp-Image-2026-04-28-at-09.54.37.jpeg\" \/>\n\t<meta property=\"og:image:width\" content=\"1024\" \/>\n\t<meta property=\"og:image:height\" content=\"1536\" \/>\n\t<meta property=\"og:image:type\" content=\"image\/jpeg\" \/>\n<meta name=\"author\" content=\"Evandro Junior\" \/>\n<meta name=\"twitter:card\" content=\"summary_large_image\" \/>\n<meta name=\"twitter:label1\" content=\"Escrito por\" \/>\n\t<meta name=\"twitter:data1\" content=\"Evandro Junior\" \/>\n\t<meta name=\"twitter:label2\" content=\"Est. tempo de leitura\" \/>\n\t<meta name=\"twitter:data2\" content=\"4 minutos\" \/>\n<script type=\"application\/ld+json\" class=\"yoast-schema-graph\">{\"@context\":\"https:\/\/schema.org\",\"@graph\":[{\"@type\":\"WebPage\",\"@id\":\"https:\/\/www.blogsoestado.com\/evandrojunior\/2026\/04\/28\/genny-reis-transforma-tradicao-em-afeto-para-o-dia-das-maes\/\",\"url\":\"https:\/\/www.blogsoestado.com\/evandrojunior\/2026\/04\/28\/genny-reis-transforma-tradicao-em-afeto-para-o-dia-das-maes\/\",\"name\":\"Genny Reis transforma tradi\u00e7\u00e3o em afeto para o Dia das M\u00e3es - Evandro Junior\",\"isPartOf\":{\"@id\":\"https:\/\/www.blogsoestado.com\/evandrojunior\/#website\"},\"primaryImageOfPage\":{\"@id\":\"https:\/\/www.blogsoestado.com\/evandrojunior\/2026\/04\/28\/genny-reis-transforma-tradicao-em-afeto-para-o-dia-das-maes\/#primaryimage\"},\"image\":{\"@id\":\"https:\/\/www.blogsoestado.com\/evandrojunior\/2026\/04\/28\/genny-reis-transforma-tradicao-em-afeto-para-o-dia-das-maes\/#primaryimage\"},\"thumbnailUrl\":\"https:\/\/www.blogsoestado.com\/evandrojunior\/wp-content\/uploads\/sites\/3\/2026\/04\/WhatsApp-Image-2026-04-28-at-09.54.37-683x1024.jpeg\",\"datePublished\":\"2026-04-28T13:18:25+00:00\",\"dateModified\":\"2026-04-28T13:18:27+00:00\",\"author\":{\"@id\":\"https:\/\/www.blogsoestado.com\/evandrojunior\/#\/schema\/person\/3e6c3d8dbb740d1c6878ebc935cfb3be\"},\"breadcrumb\":{\"@id\":\"https:\/\/www.blogsoestado.com\/evandrojunior\/2026\/04\/28\/genny-reis-transforma-tradicao-em-afeto-para-o-dia-das-maes\/#breadcrumb\"},\"inLanguage\":\"pt-BR\",\"potentialAction\":[{\"@type\":\"ReadAction\",\"target\":[\"https:\/\/www.blogsoestado.com\/evandrojunior\/2026\/04\/28\/genny-reis-transforma-tradicao-em-afeto-para-o-dia-das-maes\/\"]}]},{\"@type\":\"ImageObject\",\"inLanguage\":\"pt-BR\",\"@id\":\"https:\/\/www.blogsoestado.com\/evandrojunior\/2026\/04\/28\/genny-reis-transforma-tradicao-em-afeto-para-o-dia-das-maes\/#primaryimage\",\"url\":\"https:\/\/www.blogsoestado.com\/evandrojunior\/wp-content\/uploads\/sites\/3\/2026\/04\/WhatsApp-Image-2026-04-28-at-09.54.37.jpeg\",\"contentUrl\":\"https:\/\/www.blogsoestado.com\/evandrojunior\/wp-content\/uploads\/sites\/3\/2026\/04\/WhatsApp-Image-2026-04-28-at-09.54.37.jpeg\",\"width\":1024,\"height\":1536,\"caption\":\"Trabalho esmerado de Genny Reis para o Dia das M\u00e3es transformam o bolo de rolo em verdadeiras obras de arte\"},{\"@type\":\"BreadcrumbList\",\"@id\":\"https:\/\/www.blogsoestado.com\/evandrojunior\/2026\/04\/28\/genny-reis-transforma-tradicao-em-afeto-para-o-dia-das-maes\/#breadcrumb\",\"itemListElement\":[{\"@type\":\"ListItem\",\"position\":1,\"name\":\"In\u00edcio\",\"item\":\"https:\/\/www.blogsoestado.com\/evandrojunior\/\"},{\"@type\":\"ListItem\",\"position\":2,\"name\":\"Genny Reis transforma tradi\u00e7\u00e3o em afeto para o Dia das M\u00e3es\"}]},{\"@type\":\"WebSite\",\"@id\":\"https:\/\/www.blogsoestado.com\/evandrojunior\/#website\",\"url\":\"https:\/\/www.blogsoestado.com\/evandrojunior\/\",\"name\":\"Evandro Junior\",\"description\":\"\",\"potentialAction\":[{\"@type\":\"SearchAction\",\"target\":{\"@type\":\"EntryPoint\",\"urlTemplate\":\"https:\/\/www.blogsoestado.com\/evandrojunior\/?s={search_term_string}\"},\"query-input\":{\"@type\":\"PropertyValueSpecification\",\"valueRequired\":true,\"valueName\":\"search_term_string\"}}],\"inLanguage\":\"pt-BR\"},{\"@type\":\"Person\",\"@id\":\"https:\/\/www.blogsoestado.com\/evandrojunior\/#\/schema\/person\/3e6c3d8dbb740d1c6878ebc935cfb3be\",\"name\":\"Evandro Junior\",\"image\":{\"@type\":\"ImageObject\",\"inLanguage\":\"pt-BR\",\"@id\":\"https:\/\/www.blogsoestado.com\/evandrojunior\/#\/schema\/person\/image\/\",\"url\":\"https:\/\/secure.gravatar.com\/avatar\/f80a03a2294a580cd2318bfb459bf354cfa8be661ef3d95b542cf9a04af8d129?s=96&d=mm&r=g\",\"contentUrl\":\"https:\/\/secure.gravatar.com\/avatar\/f80a03a2294a580cd2318bfb459bf354cfa8be661ef3d95b542cf9a04af8d129?s=96&d=mm&r=g\",\"caption\":\"Evandro Junior\"},\"url\":\"https:\/\/www.blogsoestado.com\/evandrojunior\/author\/evandrojunior\/\"}]}<\/script>\n<!-- \/ Yoast SEO plugin. -->","yoast_head_json":{"title":"Genny Reis transforma tradi\u00e7\u00e3o em afeto para o Dia das M\u00e3es - Evandro Junior","robots":{"index":"index","follow":"follow","max-snippet":"max-snippet:-1","max-image-preview":"max-image-preview:large","max-video-preview":"max-video-preview:-1"},"canonical":"https:\/\/www.blogsoestado.com\/evandrojunior\/2026\/04\/28\/genny-reis-transforma-tradicao-em-afeto-para-o-dia-das-maes\/","og_locale":"pt_BR","og_type":"article","og_title":"Genny Reis transforma tradi\u00e7\u00e3o em afeto para o Dia das M\u00e3es - Evandro Junior","og_description":"S\u00e3o Lu\u00eds &#8211; Os bolos de rolo da maranhense Genny Reis (@gennyreisboloderolo) inspirados na Virgem Maria chegam como uma delicada [&hellip;]","og_url":"https:\/\/www.blogsoestado.com\/evandrojunior\/2026\/04\/28\/genny-reis-transforma-tradicao-em-afeto-para-o-dia-das-maes\/","og_site_name":"Evandro Junior","article_published_time":"2026-04-28T13:18:25+00:00","article_modified_time":"2026-04-28T13:18:27+00:00","og_image":[{"width":1024,"height":1536,"url":"https:\/\/www.blogsoestado.com\/evandrojunior\/wp-content\/uploads\/sites\/3\/2026\/04\/WhatsApp-Image-2026-04-28-at-09.54.37.jpeg","type":"image\/jpeg"}],"author":"Evandro Junior","twitter_card":"summary_large_image","twitter_misc":{"Escrito por":"Evandro Junior","Est. tempo de leitura":"4 minutos"},"schema":{"@context":"https:\/\/schema.org","@graph":[{"@type":"WebPage","@id":"https:\/\/www.blogsoestado.com\/evandrojunior\/2026\/04\/28\/genny-reis-transforma-tradicao-em-afeto-para-o-dia-das-maes\/","url":"https:\/\/www.blogsoestado.com\/evandrojunior\/2026\/04\/28\/genny-reis-transforma-tradicao-em-afeto-para-o-dia-das-maes\/","name":"Genny Reis transforma tradi\u00e7\u00e3o em afeto para o Dia das M\u00e3es - Evandro Junior","isPartOf":{"@id":"https:\/\/www.blogsoestado.com\/evandrojunior\/#website"},"primaryImageOfPage":{"@id":"https:\/\/www.blogsoestado.com\/evandrojunior\/2026\/04\/28\/genny-reis-transforma-tradicao-em-afeto-para-o-dia-das-maes\/#primaryimage"},"image":{"@id":"https:\/\/www.blogsoestado.com\/evandrojunior\/2026\/04\/28\/genny-reis-transforma-tradicao-em-afeto-para-o-dia-das-maes\/#primaryimage"},"thumbnailUrl":"https:\/\/www.blogsoestado.com\/evandrojunior\/wp-content\/uploads\/sites\/3\/2026\/04\/WhatsApp-Image-2026-04-28-at-09.54.37-683x1024.jpeg","datePublished":"2026-04-28T13:18:25+00:00","dateModified":"2026-04-28T13:18:27+00:00","author":{"@id":"https:\/\/www.blogsoestado.com\/evandrojunior\/#\/schema\/person\/3e6c3d8dbb740d1c6878ebc935cfb3be"},"breadcrumb":{"@id":"https:\/\/www.blogsoestado.com\/evandrojunior\/2026\/04\/28\/genny-reis-transforma-tradicao-em-afeto-para-o-dia-das-maes\/#breadcrumb"},"inLanguage":"pt-BR","potentialAction":[{"@type":"ReadAction","target":["https:\/\/www.blogsoestado.com\/evandrojunior\/2026\/04\/28\/genny-reis-transforma-tradicao-em-afeto-para-o-dia-das-maes\/"]}]},{"@type":"ImageObject","inLanguage":"pt-BR","@id":"https:\/\/www.blogsoestado.com\/evandrojunior\/2026\/04\/28\/genny-reis-transforma-tradicao-em-afeto-para-o-dia-das-maes\/#primaryimage","url":"https:\/\/www.blogsoestado.com\/evandrojunior\/wp-content\/uploads\/sites\/3\/2026\/04\/WhatsApp-Image-2026-04-28-at-09.54.37.jpeg","contentUrl":"https:\/\/www.blogsoestado.com\/evandrojunior\/wp-content\/uploads\/sites\/3\/2026\/04\/WhatsApp-Image-2026-04-28-at-09.54.37.jpeg","width":1024,"height":1536,"caption":"Trabalho esmerado de Genny Reis para o Dia das M\u00e3es transformam o bolo de rolo em verdadeiras obras de arte"},{"@type":"BreadcrumbList","@id":"https:\/\/www.blogsoestado.com\/evandrojunior\/2026\/04\/28\/genny-reis-transforma-tradicao-em-afeto-para-o-dia-das-maes\/#breadcrumb","itemListElement":[{"@type":"ListItem","position":1,"name":"In\u00edcio","item":"https:\/\/www.blogsoestado.com\/evandrojunior\/"},{"@type":"ListItem","position":2,"name":"Genny Reis transforma tradi\u00e7\u00e3o em afeto para o Dia das M\u00e3es"}]},{"@type":"WebSite","@id":"https:\/\/www.blogsoestado.com\/evandrojunior\/#website","url":"https:\/\/www.blogsoestado.com\/evandrojunior\/","name":"Evandro Junior","description":"","potentialAction":[{"@type":"SearchAction","target":{"@type":"EntryPoint","urlTemplate":"https:\/\/www.blogsoestado.com\/evandrojunior\/?s={search_term_string}"},"query-input":{"@type":"PropertyValueSpecification","valueRequired":true,"valueName":"search_term_string"}}],"inLanguage":"pt-BR"},{"@type":"Person","@id":"https:\/\/www.blogsoestado.com\/evandrojunior\/#\/schema\/person\/3e6c3d8dbb740d1c6878ebc935cfb3be","name":"Evandro Junior","image":{"@type":"ImageObject","inLanguage":"pt-BR","@id":"https:\/\/www.blogsoestado.com\/evandrojunior\/#\/schema\/person\/image\/","url":"https:\/\/secure.gravatar.com\/avatar\/f80a03a2294a580cd2318bfb459bf354cfa8be661ef3d95b542cf9a04af8d129?s=96&d=mm&r=g","contentUrl":"https:\/\/secure.gravatar.com\/avatar\/f80a03a2294a580cd2318bfb459bf354cfa8be661ef3d95b542cf9a04af8d129?s=96&d=mm&r=g","caption":"Evandro Junior"},"url":"https:\/\/www.blogsoestado.com\/evandrojunior\/author\/evandrojunior\/"}]}},"jetpack_featured_media_url":"","_links":{"self":[{"href":"https:\/\/www.blogsoestado.com\/evandrojunior\/wp-json\/wp\/v2\/posts\/18455","targetHints":{"allow":["GET"]}}],"collection":[{"href":"https:\/\/www.blogsoestado.com\/evandrojunior\/wp-json\/wp\/v2\/posts"}],"about":[{"href":"https:\/\/www.blogsoestado.com\/evandrojunior\/wp-json\/wp\/v2\/types\/post"}],"author":[{"embeddable":true,"href":"https:\/\/www.blogsoestado.com\/evandrojunior\/wp-json\/wp\/v2\/users\/4"}],"replies":[{"embeddable":true,"href":"https:\/\/www.blogsoestado.com\/evandrojunior\/wp-json\/wp\/v2\/comments?post=18455"}],"version-history":[{"count":1,"href":"https:\/\/www.blogsoestado.com\/evandrojunior\/wp-json\/wp\/v2\/posts\/18455\/revisions"}],"predecessor-version":[{"id":18460,"href":"https:\/\/www.blogsoestado.com\/evandrojunior\/wp-json\/wp\/v2\/posts\/18455\/revisions\/18460"}],"wp:attachment":[{"href":"https:\/\/www.blogsoestado.com\/evandrojunior\/wp-json\/wp\/v2\/media?parent=18455"}],"wp:term":[{"taxonomy":"category","embeddable":true,"href":"https:\/\/www.blogsoestado.com\/evandrojunior\/wp-json\/wp\/v2\/categories?post=18455"},{"taxonomy":"post_tag","embeddable":true,"href":"https:\/\/www.blogsoestado.com\/evandrojunior\/wp-json\/wp\/v2\/tags?post=18455"}],"curies":[{"name":"wp","href":"https:\/\/api.w.org\/{rel}","templated":true}]}}