{"id":18468,"date":"2026-04-28T17:33:46","date_gmt":"2026-04-28T20:33:46","guid":{"rendered":"https:\/\/www.blogsoestado.com\/evandrojunior\/?p=18468"},"modified":"2026-04-28T17:33:47","modified_gmt":"2026-04-28T20:33:47","slug":"roberto-carlos-e-aguardado-com-expectativa-em-sao-luis","status":"publish","type":"post","link":"https:\/\/www.blogsoestado.com\/evandrojunior\/2026\/04\/28\/roberto-carlos-e-aguardado-com-expectativa-em-sao-luis\/","title":{"rendered":"Roberto Carlos \u00e9 aguardado com expectativa em S\u00e3o Lu\u00eds"},"content":{"rendered":"\n<figure class=\"wp-block-image aligncenter size-full\"><img fetchpriority=\"high\" decoding=\"async\" width=\"667\" height=\"1000\" src=\"https:\/\/www.blogsoestado.com\/evandrojunior\/wp-content\/uploads\/sites\/3\/2026\/04\/WhatsApp-Image-2026-04-27-at-18.50.05.jpeg\" alt=\"\" class=\"wp-image-18469\" srcset=\"https:\/\/www.blogsoestado.com\/evandrojunior\/wp-content\/uploads\/sites\/3\/2026\/04\/WhatsApp-Image-2026-04-27-at-18.50.05.jpeg 667w, https:\/\/www.blogsoestado.com\/evandrojunior\/wp-content\/uploads\/sites\/3\/2026\/04\/WhatsApp-Image-2026-04-27-at-18.50.05-200x300.jpeg 200w\" sizes=\"(max-width: 667px) 100vw, 667px\" \/><figcaption class=\"wp-element-caption\"><strong>Roberto Carlos retorna a S\u00e3o Lu\u00eds para show em homenagem ao Dia das M\u00e3es<\/strong><\/figcaption><\/figure>\n\n\n\n<p><strong>S\u00e3o Lu\u00eds <\/strong>&#8211; Uma noite pensada para emocionar. \u00c9 assim que S\u00e3o Lu\u00eds vai celebrar a inaugura\u00e7\u00e3o do S\u00e3o Lu\u00eds Hall, novo espa\u00e7o de eventos da capital maranhense, que abre as portas no pr\u00f3ximo dia 9 de maio com um show especial de Roberto Carlos, artista que, h\u00e1 d\u00e9cadas, embala gera\u00e7\u00f5es com can\u00e7\u00f5es que atravessam o tempo.<\/p>\n\n\n\n<p>Com abertura marcada para as 19h30, o p\u00fablico vai vivenciar uma experi\u00eancia que une m\u00fasica, mem\u00f3ria afetiva e celebra\u00e7\u00e3o, em um espet\u00e1culo que dialoga diretamente com o clima do m\u00eas das m\u00e3es, tradicionalmente associado \u00e0s apresenta\u00e7\u00f5es do cantor.<\/p>\n\n\n\n<p>Dono de uma das carreiras mais s\u00f3lidas da m\u00fasica mundial, Roberto Carlos acumula mais de 70 \u00e1lbuns lan\u00e7ados no Brasil e mais de 150 milh\u00f5es de c\u00f3pias vendidas ao longo de sua trajet\u00f3ria . Em turn\u00ea com o show \u201cEu Ofere\u00e7o Flores\u201d, o artista mant\u00e9m uma rela\u00e7\u00e3o \u00fanica com o p\u00fablico, reunindo sucessos que marcaram diferentes gera\u00e7\u00f5es.<\/p>\n\n\n\n<p>A escolha de S\u00e3o Lu\u00eds para esse momento especial refor\u00e7a o novo posicionamento da cidade no circuito de grandes eventos e inaugura uma fase importante para o entretenimento local.<\/p>\n\n\n\n<p>Localizado na \u00e1rea interna do S\u00e3o Lu\u00eds Shopping, o S\u00e3o Lu\u00eds Hall chega com uma proposta que une estrutura moderna, conforto e versatilidade. Com 5.800 m\u00b2 de \u00e1rea \u00fatil e capacidade para at\u00e9 9 mil pessoas, o espa\u00e7o foi planejado para oferecer experi\u00eancias completas, tanto para o p\u00fablico quanto para artistas e produtores.<\/p>\n\n\n\n<p>O sal\u00e3o principal conta com tr\u00eas bares e seis banheiros. No mezanino, onde est\u00e3o os camarotes, o p\u00fablico encontra bares e banheiros exclusivos, garantindo mais conforto e fluidez durante os eventos.<\/p>\n\n\n\n<p>A estrutura inclui ainda 21 portas de emerg\u00eancia, sistema de preven\u00e7\u00e3o e combate a inc\u00eandio, acessibilidade, climatiza\u00e7\u00e3o, ac\u00fastica qualificada, palco modular, foyer, backstage completo, camarins, docas, energia de alta confiabilidade e internet banda larga em toda a \u00e1rea.<\/p>\n\n\n\n<p>Pensado para receber shows, festivais, feiras, congressos e grandes celebra\u00e7\u00f5es, o S\u00e3o Lu\u00eds Hall nasce com voca\u00e7\u00e3o para se tornar um novo ponto de encontro entre cultura, entretenimento e grandes experi\u00eancias na cidade.<\/p>\n\n\n\n<p>Os ingressos para o show de inaugura\u00e7\u00e3o est\u00e3o dispon\u00edveis no ponto f\u00edsico, no pr\u00f3prio shopping, e tamb\u00e9m de forma online.<\/p>\n","protected":false},"excerpt":{"rendered":"<p>S\u00e3o Lu\u00eds &#8211; Uma noite pensada para emocionar. \u00c9 assim que S\u00e3o Lu\u00eds vai celebrar a inaugura\u00e7\u00e3o do S\u00e3o Lu\u00eds [&hellip;]<\/p>\n","protected":false},"author":4,"featured_media":0,"comment_status":"open","ping_status":"open","sticky":false,"template":"","format":"standard","meta":{"site-sidebar-layout":"default","site-content-layout":"","ast-site-content-layout":"default","site-content-style":"default","site-sidebar-style":"default","ast-global-header-display":"","ast-banner-title-visibility":"","ast-main-header-display":"","ast-hfb-above-header-display":"","ast-hfb-below-header-display":"","ast-hfb-mobile-header-display":"","site-post-title":"","ast-breadcrumbs-content":"","ast-featured-img":"","footer-sml-layout":"","ast-disable-related-posts":"","theme-transparent-header-meta":"","adv-header-id-meta":"","stick-header-meta":"","header-above-stick-meta":"","header-main-stick-meta":"","header-below-stick-meta":"","astra-migrate-meta-layouts":"default","ast-page-background-enabled":"default","ast-page-background-meta":{"desktop":{"background-color":"var(--ast-global-color-5)","background-image":"","background-repeat":"repeat","background-position":"center center","background-size":"auto","background-attachment":"scroll","background-type":"","background-media":"","overlay-type":"","overlay-color":"","overlay-opacity":"","overlay-gradient":""},"tablet":{"background-color":"","background-image":"","background-repeat":"repeat","background-position":"center center","background-size":"auto","background-attachment":"scroll","background-type":"","background-media":"","overlay-type":"","overlay-color":"","overlay-opacity":"","overlay-gradient":""},"mobile":{"background-color":"","background-image":"","background-repeat":"repeat","background-position":"center center","background-size":"auto","background-attachment":"scroll","background-type":"","background-media":"","overlay-type":"","overlay-color":"","overlay-opacity":"","overlay-gradient":""}},"ast-content-background-meta":{"desktop":{"background-color":"var(--ast-global-color-4)","background-image":"","background-repeat":"repeat","background-position":"center center","background-size":"auto","background-attachment":"scroll","background-type":"","background-media":"","overlay-type":"","overlay-color":"","overlay-opacity":"","overlay-gradient":""},"tablet":{"background-color":"var(--ast-global-color-4)","background-image":"","background-repeat":"repeat","background-position":"center center","background-size":"auto","background-attachment":"scroll","background-type":"","background-media":"","overlay-type":"","overlay-color":"","overlay-opacity":"","overlay-gradient":""},"mobile":{"background-color":"var(--ast-global-color-4)","background-image":"","background-repeat":"repeat","background-position":"center center","background-size":"auto","background-attachment":"scroll","background-type":"","background-media":"","overlay-type":"","overlay-color":"","overlay-opacity":"","overlay-gradient":""}},"footnotes":""},"categories":[1],"tags":[],"class_list":["post-18468","post","type-post","status-publish","format-standard","hentry","category-sem-categoria"],"yoast_head":"<!-- This site is optimized with the Yoast SEO plugin v26.6 - https:\/\/yoast.com\/wordpress\/plugins\/seo\/ -->\n<title>Roberto Carlos \u00e9 aguardado com expectativa em S\u00e3o Lu\u00eds - Evandro Junior<\/title>\n<meta name=\"robots\" content=\"index, follow, max-snippet:-1, max-image-preview:large, max-video-preview:-1\" \/>\n<link rel=\"canonical\" href=\"https:\/\/www.blogsoestado.com\/evandrojunior\/2026\/04\/28\/roberto-carlos-e-aguardado-com-expectativa-em-sao-luis\/\" \/>\n<meta property=\"og:locale\" content=\"pt_BR\" \/>\n<meta property=\"og:type\" content=\"article\" \/>\n<meta property=\"og:title\" content=\"Roberto Carlos \u00e9 aguardado com expectativa em S\u00e3o Lu\u00eds - Evandro Junior\" \/>\n<meta property=\"og:description\" content=\"S\u00e3o Lu\u00eds &#8211; Uma noite pensada para emocionar. \u00c9 assim que S\u00e3o Lu\u00eds vai celebrar a inaugura\u00e7\u00e3o do S\u00e3o Lu\u00eds [&hellip;]\" \/>\n<meta property=\"og:url\" content=\"https:\/\/www.blogsoestado.com\/evandrojunior\/2026\/04\/28\/roberto-carlos-e-aguardado-com-expectativa-em-sao-luis\/\" \/>\n<meta property=\"og:site_name\" content=\"Evandro Junior\" \/>\n<meta property=\"article:published_time\" content=\"2026-04-28T20:33:46+00:00\" \/>\n<meta property=\"article:modified_time\" content=\"2026-04-28T20:33:47+00:00\" \/>\n<meta property=\"og:image\" content=\"https:\/\/www.blogsoestado.com\/evandrojunior\/wp-content\/uploads\/sites\/3\/2026\/04\/WhatsApp-Image-2026-04-27-at-18.50.05.jpeg\" \/>\n\t<meta property=\"og:image:width\" content=\"667\" \/>\n\t<meta property=\"og:image:height\" content=\"1000\" \/>\n\t<meta property=\"og:image:type\" content=\"image\/jpeg\" \/>\n<meta name=\"author\" content=\"Evandro Junior\" \/>\n<meta name=\"twitter:card\" content=\"summary_large_image\" \/>\n<meta name=\"twitter:label1\" content=\"Escrito por\" \/>\n\t<meta name=\"twitter:data1\" content=\"Evandro Junior\" \/>\n\t<meta name=\"twitter:label2\" content=\"Est. tempo de leitura\" \/>\n\t<meta name=\"twitter:data2\" content=\"3 minutos\" \/>\n<script type=\"application\/ld+json\" class=\"yoast-schema-graph\">{\"@context\":\"https:\/\/schema.org\",\"@graph\":[{\"@type\":\"WebPage\",\"@id\":\"https:\/\/www.blogsoestado.com\/evandrojunior\/2026\/04\/28\/roberto-carlos-e-aguardado-com-expectativa-em-sao-luis\/\",\"url\":\"https:\/\/www.blogsoestado.com\/evandrojunior\/2026\/04\/28\/roberto-carlos-e-aguardado-com-expectativa-em-sao-luis\/\",\"name\":\"Roberto Carlos \u00e9 aguardado com expectativa em S\u00e3o Lu\u00eds - Evandro Junior\",\"isPartOf\":{\"@id\":\"https:\/\/www.blogsoestado.com\/evandrojunior\/#website\"},\"primaryImageOfPage\":{\"@id\":\"https:\/\/www.blogsoestado.com\/evandrojunior\/2026\/04\/28\/roberto-carlos-e-aguardado-com-expectativa-em-sao-luis\/#primaryimage\"},\"image\":{\"@id\":\"https:\/\/www.blogsoestado.com\/evandrojunior\/2026\/04\/28\/roberto-carlos-e-aguardado-com-expectativa-em-sao-luis\/#primaryimage\"},\"thumbnailUrl\":\"https:\/\/www.blogsoestado.com\/evandrojunior\/wp-content\/uploads\/sites\/3\/2026\/04\/WhatsApp-Image-2026-04-27-at-18.50.05.jpeg\",\"datePublished\":\"2026-04-28T20:33:46+00:00\",\"dateModified\":\"2026-04-28T20:33:47+00:00\",\"author\":{\"@id\":\"https:\/\/www.blogsoestado.com\/evandrojunior\/#\/schema\/person\/3e6c3d8dbb740d1c6878ebc935cfb3be\"},\"breadcrumb\":{\"@id\":\"https:\/\/www.blogsoestado.com\/evandrojunior\/2026\/04\/28\/roberto-carlos-e-aguardado-com-expectativa-em-sao-luis\/#breadcrumb\"},\"inLanguage\":\"pt-BR\",\"potentialAction\":[{\"@type\":\"ReadAction\",\"target\":[\"https:\/\/www.blogsoestado.com\/evandrojunior\/2026\/04\/28\/roberto-carlos-e-aguardado-com-expectativa-em-sao-luis\/\"]}]},{\"@type\":\"ImageObject\",\"inLanguage\":\"pt-BR\",\"@id\":\"https:\/\/www.blogsoestado.com\/evandrojunior\/2026\/04\/28\/roberto-carlos-e-aguardado-com-expectativa-em-sao-luis\/#primaryimage\",\"url\":\"https:\/\/www.blogsoestado.com\/evandrojunior\/wp-content\/uploads\/sites\/3\/2026\/04\/WhatsApp-Image-2026-04-27-at-18.50.05.jpeg\",\"contentUrl\":\"https:\/\/www.blogsoestado.com\/evandrojunior\/wp-content\/uploads\/sites\/3\/2026\/04\/WhatsApp-Image-2026-04-27-at-18.50.05.jpeg\",\"width\":667,\"height\":1000,\"caption\":\"Roberto Carlos retorna a S\u00e3o Lu\u00eds para show em homenagem ao Dia das M\u00e3es\"},{\"@type\":\"BreadcrumbList\",\"@id\":\"https:\/\/www.blogsoestado.com\/evandrojunior\/2026\/04\/28\/roberto-carlos-e-aguardado-com-expectativa-em-sao-luis\/#breadcrumb\",\"itemListElement\":[{\"@type\":\"ListItem\",\"position\":1,\"name\":\"In\u00edcio\",\"item\":\"https:\/\/www.blogsoestado.com\/evandrojunior\/\"},{\"@type\":\"ListItem\",\"position\":2,\"name\":\"Roberto Carlos \u00e9 aguardado com expectativa em S\u00e3o Lu\u00eds\"}]},{\"@type\":\"WebSite\",\"@id\":\"https:\/\/www.blogsoestado.com\/evandrojunior\/#website\",\"url\":\"https:\/\/www.blogsoestado.com\/evandrojunior\/\",\"name\":\"Evandro Junior\",\"description\":\"\",\"potentialAction\":[{\"@type\":\"SearchAction\",\"target\":{\"@type\":\"EntryPoint\",\"urlTemplate\":\"https:\/\/www.blogsoestado.com\/evandrojunior\/?s={search_term_string}\"},\"query-input\":{\"@type\":\"PropertyValueSpecification\",\"valueRequired\":true,\"valueName\":\"search_term_string\"}}],\"inLanguage\":\"pt-BR\"},{\"@type\":\"Person\",\"@id\":\"https:\/\/www.blogsoestado.com\/evandrojunior\/#\/schema\/person\/3e6c3d8dbb740d1c6878ebc935cfb3be\",\"name\":\"Evandro Junior\",\"image\":{\"@type\":\"ImageObject\",\"inLanguage\":\"pt-BR\",\"@id\":\"https:\/\/www.blogsoestado.com\/evandrojunior\/#\/schema\/person\/image\/\",\"url\":\"https:\/\/secure.gravatar.com\/avatar\/f80a03a2294a580cd2318bfb459bf354cfa8be661ef3d95b542cf9a04af8d129?s=96&d=mm&r=g\",\"contentUrl\":\"https:\/\/secure.gravatar.com\/avatar\/f80a03a2294a580cd2318bfb459bf354cfa8be661ef3d95b542cf9a04af8d129?s=96&d=mm&r=g\",\"caption\":\"Evandro Junior\"},\"url\":\"https:\/\/www.blogsoestado.com\/evandrojunior\/author\/evandrojunior\/\"}]}<\/script>\n<!-- \/ Yoast SEO plugin. -->","yoast_head_json":{"title":"Roberto Carlos \u00e9 aguardado com expectativa em S\u00e3o Lu\u00eds - Evandro Junior","robots":{"index":"index","follow":"follow","max-snippet":"max-snippet:-1","max-image-preview":"max-image-preview:large","max-video-preview":"max-video-preview:-1"},"canonical":"https:\/\/www.blogsoestado.com\/evandrojunior\/2026\/04\/28\/roberto-carlos-e-aguardado-com-expectativa-em-sao-luis\/","og_locale":"pt_BR","og_type":"article","og_title":"Roberto Carlos \u00e9 aguardado com expectativa em S\u00e3o Lu\u00eds - Evandro Junior","og_description":"S\u00e3o Lu\u00eds &#8211; Uma noite pensada para emocionar. \u00c9 assim que S\u00e3o Lu\u00eds vai celebrar a inaugura\u00e7\u00e3o do S\u00e3o Lu\u00eds [&hellip;]","og_url":"https:\/\/www.blogsoestado.com\/evandrojunior\/2026\/04\/28\/roberto-carlos-e-aguardado-com-expectativa-em-sao-luis\/","og_site_name":"Evandro Junior","article_published_time":"2026-04-28T20:33:46+00:00","article_modified_time":"2026-04-28T20:33:47+00:00","og_image":[{"width":667,"height":1000,"url":"https:\/\/www.blogsoestado.com\/evandrojunior\/wp-content\/uploads\/sites\/3\/2026\/04\/WhatsApp-Image-2026-04-27-at-18.50.05.jpeg","type":"image\/jpeg"}],"author":"Evandro Junior","twitter_card":"summary_large_image","twitter_misc":{"Escrito por":"Evandro Junior","Est. tempo de leitura":"3 minutos"},"schema":{"@context":"https:\/\/schema.org","@graph":[{"@type":"WebPage","@id":"https:\/\/www.blogsoestado.com\/evandrojunior\/2026\/04\/28\/roberto-carlos-e-aguardado-com-expectativa-em-sao-luis\/","url":"https:\/\/www.blogsoestado.com\/evandrojunior\/2026\/04\/28\/roberto-carlos-e-aguardado-com-expectativa-em-sao-luis\/","name":"Roberto Carlos \u00e9 aguardado com expectativa em S\u00e3o Lu\u00eds - Evandro Junior","isPartOf":{"@id":"https:\/\/www.blogsoestado.com\/evandrojunior\/#website"},"primaryImageOfPage":{"@id":"https:\/\/www.blogsoestado.com\/evandrojunior\/2026\/04\/28\/roberto-carlos-e-aguardado-com-expectativa-em-sao-luis\/#primaryimage"},"image":{"@id":"https:\/\/www.blogsoestado.com\/evandrojunior\/2026\/04\/28\/roberto-carlos-e-aguardado-com-expectativa-em-sao-luis\/#primaryimage"},"thumbnailUrl":"https:\/\/www.blogsoestado.com\/evandrojunior\/wp-content\/uploads\/sites\/3\/2026\/04\/WhatsApp-Image-2026-04-27-at-18.50.05.jpeg","datePublished":"2026-04-28T20:33:46+00:00","dateModified":"2026-04-28T20:33:47+00:00","author":{"@id":"https:\/\/www.blogsoestado.com\/evandrojunior\/#\/schema\/person\/3e6c3d8dbb740d1c6878ebc935cfb3be"},"breadcrumb":{"@id":"https:\/\/www.blogsoestado.com\/evandrojunior\/2026\/04\/28\/roberto-carlos-e-aguardado-com-expectativa-em-sao-luis\/#breadcrumb"},"inLanguage":"pt-BR","potentialAction":[{"@type":"ReadAction","target":["https:\/\/www.blogsoestado.com\/evandrojunior\/2026\/04\/28\/roberto-carlos-e-aguardado-com-expectativa-em-sao-luis\/"]}]},{"@type":"ImageObject","inLanguage":"pt-BR","@id":"https:\/\/www.blogsoestado.com\/evandrojunior\/2026\/04\/28\/roberto-carlos-e-aguardado-com-expectativa-em-sao-luis\/#primaryimage","url":"https:\/\/www.blogsoestado.com\/evandrojunior\/wp-content\/uploads\/sites\/3\/2026\/04\/WhatsApp-Image-2026-04-27-at-18.50.05.jpeg","contentUrl":"https:\/\/www.blogsoestado.com\/evandrojunior\/wp-content\/uploads\/sites\/3\/2026\/04\/WhatsApp-Image-2026-04-27-at-18.50.05.jpeg","width":667,"height":1000,"caption":"Roberto Carlos retorna a S\u00e3o Lu\u00eds para show em homenagem ao Dia das M\u00e3es"},{"@type":"BreadcrumbList","@id":"https:\/\/www.blogsoestado.com\/evandrojunior\/2026\/04\/28\/roberto-carlos-e-aguardado-com-expectativa-em-sao-luis\/#breadcrumb","itemListElement":[{"@type":"ListItem","position":1,"name":"In\u00edcio","item":"https:\/\/www.blogsoestado.com\/evandrojunior\/"},{"@type":"ListItem","position":2,"name":"Roberto Carlos \u00e9 aguardado com expectativa em S\u00e3o Lu\u00eds"}]},{"@type":"WebSite","@id":"https:\/\/www.blogsoestado.com\/evandrojunior\/#website","url":"https:\/\/www.blogsoestado.com\/evandrojunior\/","name":"Evandro Junior","description":"","potentialAction":[{"@type":"SearchAction","target":{"@type":"EntryPoint","urlTemplate":"https:\/\/www.blogsoestado.com\/evandrojunior\/?s={search_term_string}"},"query-input":{"@type":"PropertyValueSpecification","valueRequired":true,"valueName":"search_term_string"}}],"inLanguage":"pt-BR"},{"@type":"Person","@id":"https:\/\/www.blogsoestado.com\/evandrojunior\/#\/schema\/person\/3e6c3d8dbb740d1c6878ebc935cfb3be","name":"Evandro Junior","image":{"@type":"ImageObject","inLanguage":"pt-BR","@id":"https:\/\/www.blogsoestado.com\/evandrojunior\/#\/schema\/person\/image\/","url":"https:\/\/secure.gravatar.com\/avatar\/f80a03a2294a580cd2318bfb459bf354cfa8be661ef3d95b542cf9a04af8d129?s=96&d=mm&r=g","contentUrl":"https:\/\/secure.gravatar.com\/avatar\/f80a03a2294a580cd2318bfb459bf354cfa8be661ef3d95b542cf9a04af8d129?s=96&d=mm&r=g","caption":"Evandro Junior"},"url":"https:\/\/www.blogsoestado.com\/evandrojunior\/author\/evandrojunior\/"}]}},"jetpack_featured_media_url":"","_links":{"self":[{"href":"https:\/\/www.blogsoestado.com\/evandrojunior\/wp-json\/wp\/v2\/posts\/18468","targetHints":{"allow":["GET"]}}],"collection":[{"href":"https:\/\/www.blogsoestado.com\/evandrojunior\/wp-json\/wp\/v2\/posts"}],"about":[{"href":"https:\/\/www.blogsoestado.com\/evandrojunior\/wp-json\/wp\/v2\/types\/post"}],"author":[{"embeddable":true,"href":"https:\/\/www.blogsoestado.com\/evandrojunior\/wp-json\/wp\/v2\/users\/4"}],"replies":[{"embeddable":true,"href":"https:\/\/www.blogsoestado.com\/evandrojunior\/wp-json\/wp\/v2\/comments?post=18468"}],"version-history":[{"count":1,"href":"https:\/\/www.blogsoestado.com\/evandrojunior\/wp-json\/wp\/v2\/posts\/18468\/revisions"}],"predecessor-version":[{"id":18470,"href":"https:\/\/www.blogsoestado.com\/evandrojunior\/wp-json\/wp\/v2\/posts\/18468\/revisions\/18470"}],"wp:attachment":[{"href":"https:\/\/www.blogsoestado.com\/evandrojunior\/wp-json\/wp\/v2\/media?parent=18468"}],"wp:term":[{"taxonomy":"category","embeddable":true,"href":"https:\/\/www.blogsoestado.com\/evandrojunior\/wp-json\/wp\/v2\/categories?post=18468"},{"taxonomy":"post_tag","embeddable":true,"href":"https:\/\/www.blogsoestado.com\/evandrojunior\/wp-json\/wp\/v2\/tags?post=18468"}],"curies":[{"name":"wp","href":"https:\/\/api.w.org\/{rel}","templated":true}]}}