{"id":18474,"date":"2026-04-29T18:39:31","date_gmt":"2026-04-29T21:39:31","guid":{"rendered":"https:\/\/www.blogsoestado.com\/evandrojunior\/?p=18474"},"modified":"2026-04-29T18:39:32","modified_gmt":"2026-04-29T21:39:32","slug":"silvanno-salles-vai-cantar-na-festa-do-trabalhador","status":"publish","type":"post","link":"https:\/\/www.blogsoestado.com\/evandrojunior\/2026\/04\/29\/silvanno-salles-vai-cantar-na-festa-do-trabalhador\/","title":{"rendered":"Silvanno Salles vai cantar na Festa do Trabalhador"},"content":{"rendered":"\n<figure class=\"wp-block-image aligncenter size-large\"><img fetchpriority=\"high\" decoding=\"async\" width=\"1024\" height=\"683\" src=\"https:\/\/www.blogsoestado.com\/evandrojunior\/wp-content\/uploads\/sites\/3\/2026\/04\/WhatsApp-Image-2026-04-29-at-18.32.23-1024x683.jpeg\" alt=\"\" class=\"wp-image-18475\" srcset=\"https:\/\/www.blogsoestado.com\/evandrojunior\/wp-content\/uploads\/sites\/3\/2026\/04\/WhatsApp-Image-2026-04-29-at-18.32.23-1024x683.jpeg 1024w, https:\/\/www.blogsoestado.com\/evandrojunior\/wp-content\/uploads\/sites\/3\/2026\/04\/WhatsApp-Image-2026-04-29-at-18.32.23-300x200.jpeg 300w, https:\/\/www.blogsoestado.com\/evandrojunior\/wp-content\/uploads\/sites\/3\/2026\/04\/WhatsApp-Image-2026-04-29-at-18.32.23-768x512.jpeg 768w, https:\/\/www.blogsoestado.com\/evandrojunior\/wp-content\/uploads\/sites\/3\/2026\/04\/WhatsApp-Image-2026-04-29-at-18.32.23-1536x1024.jpeg 1536w, https:\/\/www.blogsoestado.com\/evandrojunior\/wp-content\/uploads\/sites\/3\/2026\/04\/WhatsApp-Image-2026-04-29-at-18.32.23-2048x1366.jpeg 2048w\" sizes=\"(max-width: 1024px) 100vw, 1024px\" \/><figcaption class=\"wp-element-caption\"><strong>Silvano Sales far\u00e1 estreia na maior Festa do Trabalhador do Maranh\u00e3o, no Cais da Alegria<\/strong><\/figcaption><\/figure>\n\n\n\n<p><strong>S\u00c3O LU\u00cdS<\/strong> \u2013 A tradicional celebra\u00e7\u00e3o do Dia do Trabalhador em S\u00e3o Lu\u00eds chega \u00e0 sua 26\u00aa edi\u00e7\u00e3o, a maior festa comemorativa dos trabalhadores, no Maranh\u00e3o. Marcada para o dia 1\u00ba de maio (sexta-feira), o Cais da Alegria recebe o cantor Silvanno Salles, que se apresenta pela primeira vez no palco do evento, consolidando a programa\u00e7\u00e3o como uma das maiores da hist\u00f3ria.<\/p>\n\n\n\n<p>O evento, que come\u00e7a \u00e0s 16h, se destaca por ser totalmente gratuito e oferece uma experi\u00eancia completa de lazer, al\u00e9m de toda seguran\u00e7a ao seu p\u00fablico, com apoio da Pol\u00edcia Militar, Civil, Bombeiros e seguran\u00e7a privada contratada. <\/p>\n\n\n\n<p>Al\u00e9m dos shows, o p\u00fablico contar\u00e1 com o tradicional churrasco liberado e a chance de ganhar pr\u00eamios: ser\u00e3o realizados 100 sorteios de R$ 200 em dinheiro vivo ao longo de toda a programa\u00e7\u00e3o, totalizando R$ 20 mil em premia\u00e7\u00f5es distribu\u00eddas.<\/p>\n\n\n\n<p>&#8220;Chegar \u00e0 26\u00aa edi\u00e7\u00e3o mostra a for\u00e7a desta tradi\u00e7\u00e3o. Este ano, preparamos uma estrutura para que o trabalhador se sinta valorizado, al\u00e9m da entrada gratuita, grandes atra\u00e7\u00f5es e benef\u00edcios como o churrasco e os sorteios. Tamb\u00e9m aproveitamos para destacar o apoio da Secretaria de Estado da Cultura e do Governo do Maranh\u00e3o, que ajudam a potencializar esse grande evento\u201d, afirma a organiza\u00e7\u00e3o do Grupo Itamaraty.<\/p>\n\n\n\n<p><strong>Diversidade musical<\/strong><\/p>\n\n\n\n<p>A estrutura no Cais da Alegria foi planejada para abra\u00e7ar diferentes estilos culturais e musicais no mesmo local, dividida em tr\u00eas espa\u00e7os simult\u00e2neos:<\/p>\n\n\n\n<p>\u00c1rea Principal: O arrocha de Silvanno Salles divide o palco com o agito de Bruno Shinoda, Jhony Boy e a pot\u00eancia sonora da Mega Itamaraty.<\/p>\n\n\n\n<p>Tenda Toca Tudo: Espa\u00e7o dedicado aos f\u00e3s de som automotivo e sistemas de som, com o Caminh\u00e3o Pit Bull, Pared\u00e3o Super Top e Quarteto Fant\u00e1stico.<\/p>\n\n\n\n<p>Tenda Roots: O melhor do reggae, marca registrada da cidade, sob o comando de FM Natty Nayfson e DJs convidados.<\/p>\n\n\n\n<p><strong>Fen\u00f4meno do Arrocha<\/strong><\/p>\n\n\n\n<p>Com mais de 30 anos de carreira, Silvanno Salles \u00e9 um dos grandes pilares da m\u00fasica rom\u00e2ntica e do arrocha no Brasil. Consagrado como o &#8220;Cantor Apaixonado&#8221;, o artista possui uma trajet\u00f3ria marcada por dezenas de discos lan\u00e7ados e sucessos que se tornaram hinos populares, como &#8220;Amor de Buz\u00fa&#8221; e &#8220;\u00c1guas de Chuva&#8221;.<\/p>\n\n\n\n<p><\/p>\n","protected":false},"excerpt":{"rendered":"<p>S\u00c3O LU\u00cdS \u2013 A tradicional celebra\u00e7\u00e3o do Dia do Trabalhador em S\u00e3o Lu\u00eds chega \u00e0 sua 26\u00aa edi\u00e7\u00e3o, a maior [&hellip;]<\/p>\n","protected":false},"author":4,"featured_media":0,"comment_status":"open","ping_status":"open","sticky":false,"template":"","format":"standard","meta":{"site-sidebar-layout":"default","site-content-layout":"","ast-site-content-layout":"default","site-content-style":"default","site-sidebar-style":"default","ast-global-header-display":"","ast-banner-title-visibility":"","ast-main-header-display":"","ast-hfb-above-header-display":"","ast-hfb-below-header-display":"","ast-hfb-mobile-header-display":"","site-post-title":"","ast-breadcrumbs-content":"","ast-featured-img":"","footer-sml-layout":"","ast-disable-related-posts":"","theme-transparent-header-meta":"","adv-header-id-meta":"","stick-header-meta":"","header-above-stick-meta":"","header-main-stick-meta":"","header-below-stick-meta":"","astra-migrate-meta-layouts":"default","ast-page-background-enabled":"default","ast-page-background-meta":{"desktop":{"background-color":"var(--ast-global-color-5)","background-image":"","background-repeat":"repeat","background-position":"center center","background-size":"auto","background-attachment":"scroll","background-type":"","background-media":"","overlay-type":"","overlay-color":"","overlay-opacity":"","overlay-gradient":""},"tablet":{"background-color":"","background-image":"","background-repeat":"repeat","background-position":"center center","background-size":"auto","background-attachment":"scroll","background-type":"","background-media":"","overlay-type":"","overlay-color":"","overlay-opacity":"","overlay-gradient":""},"mobile":{"background-color":"","background-image":"","background-repeat":"repeat","background-position":"center center","background-size":"auto","background-attachment":"scroll","background-type":"","background-media":"","overlay-type":"","overlay-color":"","overlay-opacity":"","overlay-gradient":""}},"ast-content-background-meta":{"desktop":{"background-color":"var(--ast-global-color-4)","background-image":"","background-repeat":"repeat","background-position":"center center","background-size":"auto","background-attachment":"scroll","background-type":"","background-media":"","overlay-type":"","overlay-color":"","overlay-opacity":"","overlay-gradient":""},"tablet":{"background-color":"var(--ast-global-color-4)","background-image":"","background-repeat":"repeat","background-position":"center center","background-size":"auto","background-attachment":"scroll","background-type":"","background-media":"","overlay-type":"","overlay-color":"","overlay-opacity":"","overlay-gradient":""},"mobile":{"background-color":"var(--ast-global-color-4)","background-image":"","background-repeat":"repeat","background-position":"center center","background-size":"auto","background-attachment":"scroll","background-type":"","background-media":"","overlay-type":"","overlay-color":"","overlay-opacity":"","overlay-gradient":""}},"footnotes":""},"categories":[1],"tags":[],"class_list":["post-18474","post","type-post","status-publish","format-standard","hentry","category-sem-categoria"],"yoast_head":"<!-- This site is optimized with the Yoast SEO plugin v26.6 - https:\/\/yoast.com\/wordpress\/plugins\/seo\/ -->\n<title>Silvanno Salles vai cantar na Festa do Trabalhador - Evandro Junior<\/title>\n<meta name=\"robots\" content=\"index, follow, max-snippet:-1, max-image-preview:large, max-video-preview:-1\" \/>\n<link rel=\"canonical\" href=\"https:\/\/www.blogsoestado.com\/evandrojunior\/2026\/04\/29\/silvanno-salles-vai-cantar-na-festa-do-trabalhador\/\" \/>\n<meta property=\"og:locale\" content=\"pt_BR\" \/>\n<meta property=\"og:type\" content=\"article\" \/>\n<meta property=\"og:title\" content=\"Silvanno Salles vai cantar na Festa do Trabalhador - Evandro Junior\" \/>\n<meta property=\"og:description\" content=\"S\u00c3O LU\u00cdS \u2013 A tradicional celebra\u00e7\u00e3o do Dia do Trabalhador em S\u00e3o Lu\u00eds chega \u00e0 sua 26\u00aa edi\u00e7\u00e3o, a maior [&hellip;]\" \/>\n<meta property=\"og:url\" content=\"https:\/\/www.blogsoestado.com\/evandrojunior\/2026\/04\/29\/silvanno-salles-vai-cantar-na-festa-do-trabalhador\/\" \/>\n<meta property=\"og:site_name\" content=\"Evandro Junior\" \/>\n<meta property=\"article:published_time\" content=\"2026-04-29T21:39:31+00:00\" \/>\n<meta property=\"article:modified_time\" content=\"2026-04-29T21:39:32+00:00\" \/>\n<meta property=\"og:image\" content=\"https:\/\/www.blogsoestado.com\/evandrojunior\/wp-content\/uploads\/sites\/3\/2026\/04\/WhatsApp-Image-2026-04-29-at-18.32.23.jpeg\" \/>\n\t<meta property=\"og:image:width\" content=\"2560\" \/>\n\t<meta property=\"og:image:height\" content=\"1707\" \/>\n\t<meta property=\"og:image:type\" content=\"image\/jpeg\" \/>\n<meta name=\"author\" content=\"Evandro Junior\" \/>\n<meta name=\"twitter:card\" content=\"summary_large_image\" \/>\n<meta name=\"twitter:label1\" content=\"Escrito por\" \/>\n\t<meta name=\"twitter:data1\" content=\"Evandro Junior\" \/>\n\t<meta name=\"twitter:label2\" content=\"Est. tempo de leitura\" \/>\n\t<meta name=\"twitter:data2\" content=\"3 minutos\" \/>\n<script type=\"application\/ld+json\" class=\"yoast-schema-graph\">{\"@context\":\"https:\/\/schema.org\",\"@graph\":[{\"@type\":\"WebPage\",\"@id\":\"https:\/\/www.blogsoestado.com\/evandrojunior\/2026\/04\/29\/silvanno-salles-vai-cantar-na-festa-do-trabalhador\/\",\"url\":\"https:\/\/www.blogsoestado.com\/evandrojunior\/2026\/04\/29\/silvanno-salles-vai-cantar-na-festa-do-trabalhador\/\",\"name\":\"Silvanno Salles vai cantar na Festa do Trabalhador - Evandro Junior\",\"isPartOf\":{\"@id\":\"https:\/\/www.blogsoestado.com\/evandrojunior\/#website\"},\"primaryImageOfPage\":{\"@id\":\"https:\/\/www.blogsoestado.com\/evandrojunior\/2026\/04\/29\/silvanno-salles-vai-cantar-na-festa-do-trabalhador\/#primaryimage\"},\"image\":{\"@id\":\"https:\/\/www.blogsoestado.com\/evandrojunior\/2026\/04\/29\/silvanno-salles-vai-cantar-na-festa-do-trabalhador\/#primaryimage\"},\"thumbnailUrl\":\"https:\/\/www.blogsoestado.com\/evandrojunior\/wp-content\/uploads\/sites\/3\/2026\/04\/WhatsApp-Image-2026-04-29-at-18.32.23-1024x683.jpeg\",\"datePublished\":\"2026-04-29T21:39:31+00:00\",\"dateModified\":\"2026-04-29T21:39:32+00:00\",\"author\":{\"@id\":\"https:\/\/www.blogsoestado.com\/evandrojunior\/#\/schema\/person\/3e6c3d8dbb740d1c6878ebc935cfb3be\"},\"breadcrumb\":{\"@id\":\"https:\/\/www.blogsoestado.com\/evandrojunior\/2026\/04\/29\/silvanno-salles-vai-cantar-na-festa-do-trabalhador\/#breadcrumb\"},\"inLanguage\":\"pt-BR\",\"potentialAction\":[{\"@type\":\"ReadAction\",\"target\":[\"https:\/\/www.blogsoestado.com\/evandrojunior\/2026\/04\/29\/silvanno-salles-vai-cantar-na-festa-do-trabalhador\/\"]}]},{\"@type\":\"ImageObject\",\"inLanguage\":\"pt-BR\",\"@id\":\"https:\/\/www.blogsoestado.com\/evandrojunior\/2026\/04\/29\/silvanno-salles-vai-cantar-na-festa-do-trabalhador\/#primaryimage\",\"url\":\"https:\/\/www.blogsoestado.com\/evandrojunior\/wp-content\/uploads\/sites\/3\/2026\/04\/WhatsApp-Image-2026-04-29-at-18.32.23.jpeg\",\"contentUrl\":\"https:\/\/www.blogsoestado.com\/evandrojunior\/wp-content\/uploads\/sites\/3\/2026\/04\/WhatsApp-Image-2026-04-29-at-18.32.23.jpeg\",\"width\":2560,\"height\":1707,\"caption\":\"Silvano Sales\"},{\"@type\":\"BreadcrumbList\",\"@id\":\"https:\/\/www.blogsoestado.com\/evandrojunior\/2026\/04\/29\/silvanno-salles-vai-cantar-na-festa-do-trabalhador\/#breadcrumb\",\"itemListElement\":[{\"@type\":\"ListItem\",\"position\":1,\"name\":\"In\u00edcio\",\"item\":\"https:\/\/www.blogsoestado.com\/evandrojunior\/\"},{\"@type\":\"ListItem\",\"position\":2,\"name\":\"Silvanno Salles vai cantar na Festa do Trabalhador\"}]},{\"@type\":\"WebSite\",\"@id\":\"https:\/\/www.blogsoestado.com\/evandrojunior\/#website\",\"url\":\"https:\/\/www.blogsoestado.com\/evandrojunior\/\",\"name\":\"Evandro Junior\",\"description\":\"\",\"potentialAction\":[{\"@type\":\"SearchAction\",\"target\":{\"@type\":\"EntryPoint\",\"urlTemplate\":\"https:\/\/www.blogsoestado.com\/evandrojunior\/?s={search_term_string}\"},\"query-input\":{\"@type\":\"PropertyValueSpecification\",\"valueRequired\":true,\"valueName\":\"search_term_string\"}}],\"inLanguage\":\"pt-BR\"},{\"@type\":\"Person\",\"@id\":\"https:\/\/www.blogsoestado.com\/evandrojunior\/#\/schema\/person\/3e6c3d8dbb740d1c6878ebc935cfb3be\",\"name\":\"Evandro Junior\",\"image\":{\"@type\":\"ImageObject\",\"inLanguage\":\"pt-BR\",\"@id\":\"https:\/\/www.blogsoestado.com\/evandrojunior\/#\/schema\/person\/image\/\",\"url\":\"https:\/\/secure.gravatar.com\/avatar\/f80a03a2294a580cd2318bfb459bf354cfa8be661ef3d95b542cf9a04af8d129?s=96&d=mm&r=g\",\"contentUrl\":\"https:\/\/secure.gravatar.com\/avatar\/f80a03a2294a580cd2318bfb459bf354cfa8be661ef3d95b542cf9a04af8d129?s=96&d=mm&r=g\",\"caption\":\"Evandro Junior\"},\"url\":\"https:\/\/www.blogsoestado.com\/evandrojunior\/author\/evandrojunior\/\"}]}<\/script>\n<!-- \/ Yoast SEO plugin. -->","yoast_head_json":{"title":"Silvanno Salles vai cantar na Festa do Trabalhador - Evandro Junior","robots":{"index":"index","follow":"follow","max-snippet":"max-snippet:-1","max-image-preview":"max-image-preview:large","max-video-preview":"max-video-preview:-1"},"canonical":"https:\/\/www.blogsoestado.com\/evandrojunior\/2026\/04\/29\/silvanno-salles-vai-cantar-na-festa-do-trabalhador\/","og_locale":"pt_BR","og_type":"article","og_title":"Silvanno Salles vai cantar na Festa do Trabalhador - Evandro Junior","og_description":"S\u00c3O LU\u00cdS \u2013 A tradicional celebra\u00e7\u00e3o do Dia do Trabalhador em S\u00e3o Lu\u00eds chega \u00e0 sua 26\u00aa edi\u00e7\u00e3o, a maior [&hellip;]","og_url":"https:\/\/www.blogsoestado.com\/evandrojunior\/2026\/04\/29\/silvanno-salles-vai-cantar-na-festa-do-trabalhador\/","og_site_name":"Evandro Junior","article_published_time":"2026-04-29T21:39:31+00:00","article_modified_time":"2026-04-29T21:39:32+00:00","og_image":[{"width":2560,"height":1707,"url":"https:\/\/www.blogsoestado.com\/evandrojunior\/wp-content\/uploads\/sites\/3\/2026\/04\/WhatsApp-Image-2026-04-29-at-18.32.23.jpeg","type":"image\/jpeg"}],"author":"Evandro Junior","twitter_card":"summary_large_image","twitter_misc":{"Escrito por":"Evandro Junior","Est. tempo de leitura":"3 minutos"},"schema":{"@context":"https:\/\/schema.org","@graph":[{"@type":"WebPage","@id":"https:\/\/www.blogsoestado.com\/evandrojunior\/2026\/04\/29\/silvanno-salles-vai-cantar-na-festa-do-trabalhador\/","url":"https:\/\/www.blogsoestado.com\/evandrojunior\/2026\/04\/29\/silvanno-salles-vai-cantar-na-festa-do-trabalhador\/","name":"Silvanno Salles vai cantar na Festa do Trabalhador - Evandro Junior","isPartOf":{"@id":"https:\/\/www.blogsoestado.com\/evandrojunior\/#website"},"primaryImageOfPage":{"@id":"https:\/\/www.blogsoestado.com\/evandrojunior\/2026\/04\/29\/silvanno-salles-vai-cantar-na-festa-do-trabalhador\/#primaryimage"},"image":{"@id":"https:\/\/www.blogsoestado.com\/evandrojunior\/2026\/04\/29\/silvanno-salles-vai-cantar-na-festa-do-trabalhador\/#primaryimage"},"thumbnailUrl":"https:\/\/www.blogsoestado.com\/evandrojunior\/wp-content\/uploads\/sites\/3\/2026\/04\/WhatsApp-Image-2026-04-29-at-18.32.23-1024x683.jpeg","datePublished":"2026-04-29T21:39:31+00:00","dateModified":"2026-04-29T21:39:32+00:00","author":{"@id":"https:\/\/www.blogsoestado.com\/evandrojunior\/#\/schema\/person\/3e6c3d8dbb740d1c6878ebc935cfb3be"},"breadcrumb":{"@id":"https:\/\/www.blogsoestado.com\/evandrojunior\/2026\/04\/29\/silvanno-salles-vai-cantar-na-festa-do-trabalhador\/#breadcrumb"},"inLanguage":"pt-BR","potentialAction":[{"@type":"ReadAction","target":["https:\/\/www.blogsoestado.com\/evandrojunior\/2026\/04\/29\/silvanno-salles-vai-cantar-na-festa-do-trabalhador\/"]}]},{"@type":"ImageObject","inLanguage":"pt-BR","@id":"https:\/\/www.blogsoestado.com\/evandrojunior\/2026\/04\/29\/silvanno-salles-vai-cantar-na-festa-do-trabalhador\/#primaryimage","url":"https:\/\/www.blogsoestado.com\/evandrojunior\/wp-content\/uploads\/sites\/3\/2026\/04\/WhatsApp-Image-2026-04-29-at-18.32.23.jpeg","contentUrl":"https:\/\/www.blogsoestado.com\/evandrojunior\/wp-content\/uploads\/sites\/3\/2026\/04\/WhatsApp-Image-2026-04-29-at-18.32.23.jpeg","width":2560,"height":1707,"caption":"Silvano Sales"},{"@type":"BreadcrumbList","@id":"https:\/\/www.blogsoestado.com\/evandrojunior\/2026\/04\/29\/silvanno-salles-vai-cantar-na-festa-do-trabalhador\/#breadcrumb","itemListElement":[{"@type":"ListItem","position":1,"name":"In\u00edcio","item":"https:\/\/www.blogsoestado.com\/evandrojunior\/"},{"@type":"ListItem","position":2,"name":"Silvanno Salles vai cantar na Festa do Trabalhador"}]},{"@type":"WebSite","@id":"https:\/\/www.blogsoestado.com\/evandrojunior\/#website","url":"https:\/\/www.blogsoestado.com\/evandrojunior\/","name":"Evandro Junior","description":"","potentialAction":[{"@type":"SearchAction","target":{"@type":"EntryPoint","urlTemplate":"https:\/\/www.blogsoestado.com\/evandrojunior\/?s={search_term_string}"},"query-input":{"@type":"PropertyValueSpecification","valueRequired":true,"valueName":"search_term_string"}}],"inLanguage":"pt-BR"},{"@type":"Person","@id":"https:\/\/www.blogsoestado.com\/evandrojunior\/#\/schema\/person\/3e6c3d8dbb740d1c6878ebc935cfb3be","name":"Evandro Junior","image":{"@type":"ImageObject","inLanguage":"pt-BR","@id":"https:\/\/www.blogsoestado.com\/evandrojunior\/#\/schema\/person\/image\/","url":"https:\/\/secure.gravatar.com\/avatar\/f80a03a2294a580cd2318bfb459bf354cfa8be661ef3d95b542cf9a04af8d129?s=96&d=mm&r=g","contentUrl":"https:\/\/secure.gravatar.com\/avatar\/f80a03a2294a580cd2318bfb459bf354cfa8be661ef3d95b542cf9a04af8d129?s=96&d=mm&r=g","caption":"Evandro Junior"},"url":"https:\/\/www.blogsoestado.com\/evandrojunior\/author\/evandrojunior\/"}]}},"jetpack_featured_media_url":"","_links":{"self":[{"href":"https:\/\/www.blogsoestado.com\/evandrojunior\/wp-json\/wp\/v2\/posts\/18474","targetHints":{"allow":["GET"]}}],"collection":[{"href":"https:\/\/www.blogsoestado.com\/evandrojunior\/wp-json\/wp\/v2\/posts"}],"about":[{"href":"https:\/\/www.blogsoestado.com\/evandrojunior\/wp-json\/wp\/v2\/types\/post"}],"author":[{"embeddable":true,"href":"https:\/\/www.blogsoestado.com\/evandrojunior\/wp-json\/wp\/v2\/users\/4"}],"replies":[{"embeddable":true,"href":"https:\/\/www.blogsoestado.com\/evandrojunior\/wp-json\/wp\/v2\/comments?post=18474"}],"version-history":[{"count":1,"href":"https:\/\/www.blogsoestado.com\/evandrojunior\/wp-json\/wp\/v2\/posts\/18474\/revisions"}],"predecessor-version":[{"id":18476,"href":"https:\/\/www.blogsoestado.com\/evandrojunior\/wp-json\/wp\/v2\/posts\/18474\/revisions\/18476"}],"wp:attachment":[{"href":"https:\/\/www.blogsoestado.com\/evandrojunior\/wp-json\/wp\/v2\/media?parent=18474"}],"wp:term":[{"taxonomy":"category","embeddable":true,"href":"https:\/\/www.blogsoestado.com\/evandrojunior\/wp-json\/wp\/v2\/categories?post=18474"},{"taxonomy":"post_tag","embeddable":true,"href":"https:\/\/www.blogsoestado.com\/evandrojunior\/wp-json\/wp\/v2\/tags?post=18474"}],"curies":[{"name":"wp","href":"https:\/\/api.w.org\/{rel}","templated":true}]}}