{"id":18477,"date":"2026-04-29T18:47:12","date_gmt":"2026-04-29T21:47:12","guid":{"rendered":"https:\/\/www.blogsoestado.com\/evandrojunior\/?p=18477"},"modified":"2026-04-29T18:47:13","modified_gmt":"2026-04-29T21:47:13","slug":"preparativos-para-corrida-de-corpus-christi-entram-na-reta-final","status":"publish","type":"post","link":"https:\/\/www.blogsoestado.com\/evandrojunior\/2026\/04\/29\/preparativos-para-corrida-de-corpus-christi-entram-na-reta-final\/","title":{"rendered":"Preparativos para Corrida de Corpus Christi entram na reta final"},"content":{"rendered":"\n<figure class=\"wp-block-image aligncenter size-large\"><img fetchpriority=\"high\" decoding=\"async\" width=\"1024\" height=\"853\" src=\"https:\/\/www.blogsoestado.com\/evandrojunior\/wp-content\/uploads\/sites\/3\/2026\/04\/WhatsApp-Image-2026-04-29-at-18.50.20-1024x853.jpeg\" alt=\"\" class=\"wp-image-18478\" srcset=\"https:\/\/www.blogsoestado.com\/evandrojunior\/wp-content\/uploads\/sites\/3\/2026\/04\/WhatsApp-Image-2026-04-29-at-18.50.20-1024x853.jpeg 1024w, https:\/\/www.blogsoestado.com\/evandrojunior\/wp-content\/uploads\/sites\/3\/2026\/04\/WhatsApp-Image-2026-04-29-at-18.50.20-300x250.jpeg 300w, https:\/\/www.blogsoestado.com\/evandrojunior\/wp-content\/uploads\/sites\/3\/2026\/04\/WhatsApp-Image-2026-04-29-at-18.50.20-768x640.jpeg 768w, https:\/\/www.blogsoestado.com\/evandrojunior\/wp-content\/uploads\/sites\/3\/2026\/04\/WhatsApp-Image-2026-04-29-at-18.50.20-1536x1280.jpeg 1536w, https:\/\/www.blogsoestado.com\/evandrojunior\/wp-content\/uploads\/sites\/3\/2026\/04\/WhatsApp-Image-2026-04-29-at-18.50.20.jpeg 1600w\" sizes=\"(max-width: 1024px) 100vw, 1024px\" \/><figcaption class=\"wp-element-caption\"><strong>Medalha aben\u00e7oada ser\u00e1 entregue a vencedores da corrida<\/strong><\/figcaption><\/figure>\n\n\n\n<p><strong>S\u00e3o Lu\u00eds<\/strong> &#8211; A poucos dias da largada, a I Corrida Corpus Christi acelera para seus \u00faltimos momentos de inscri\u00e7\u00e3o e aposta em uma experi\u00eancia ampliada para atrair o p\u00fablico na manh\u00e3 deste domingo (3), na Avenida Litor\u00e2nea, em S\u00e3o Lu\u00eds.<\/p>\n\n\n\n<p>Em sintonia com o crescimento das corridas de rua na capital maranhense, o evento promovido pela Arquidiocese de S\u00e3o Lu\u00eds refor\u00e7a seu diferencial: unir pr\u00e1tica esportiva, estrutura de prova e elementos de espiritualidade. O evento marca tamb\u00e9m o in\u00edcio das celebra\u00e7\u00f5es oficiais de Corpus Christi da Igreja Cat\u00f3lica nesse ano.<\/p>\n\n\n\n<p>Com expectativa de reunir cerca de 2 mil participantes, a organiza\u00e7\u00e3o anuncia novidades na Arena de Servi\u00e7os, que vai receber os corredores e visitantes, na Pra\u00e7a do Pescador, ponto oficial de largada e chegada, e que funcionar\u00e1 como o cora\u00e7\u00e3o do evento.<\/p>\n\n\n\n<p>O espa\u00e7o oferece conforto e mimos aos participantes: banheiros, pontos de hidrata\u00e7\u00e3o e distribui\u00e7\u00e3o de frutas, servi\u00e7os m\u00e9dicos, \u00e1rea de relaxamento e estandes de degusta\u00e7\u00e3o de patrocinadores.<\/p>\n\n\n\n<p>A proposta da organiza\u00e7\u00e3o \u00e9 transformar a corrida em uma experi\u00eancia completa, que vai al\u00e9m do percurso. A arena tamb\u00e9m ser\u00e1 palco de programa\u00e7\u00e3o musical, com a presen\u00e7a de DJ e uma apresenta\u00e7\u00e3o mais que especial, e ao vivo, da Banda da Par\u00f3quia S\u00e3o Paulo Ap\u00f3stolo na chegada dos atletas. Grupo criado em 2025 com a proposta de evangelizar por meio de uma linguagem musical mais din\u00e2mica, a Banda \u00e9 sucesso a cada apresenta\u00e7\u00e3o que faz, e mistura louvor tradicional com arranjos contempor\u00e2neos que contagia o p\u00fablico.<\/p>\n\n\n\n<p>A Banda da Par\u00f3quia \u00e9 formada por Frederico Moreira (voz e viol\u00e3o); Edilson Lobato (voz e viol\u00e3o \/ maestro); Werton Luis (bateria); Alex Rahbani (baixo); Nerivaldo (teclado): Luciana Menezes e Karla Baldez (back vocal); Marlise Moreira (tri\u00e2ngulo); Jorge Lima (zabumba); Fabiano Massula e Roclides Lima (sanfona), que prometem um grande show muito especial.<\/p>\n\n\n\n<p><strong>PRESENTES E NOVIDADES PARA OS INSCRITOS<\/strong><\/p>\n\n\n\n<p>Entre as novidades, um detalhe chama aten\u00e7\u00e3o: todas as medalhas trazem o nome Corpus Christi SLZ e estar\u00e3o previamente aben\u00e7oadas pelo arcebispo de S\u00e3o Lu\u00eds, dom Gilberto Pastana. O item, que j\u00e1 carrega valor simb\u00f3lico, ganha aqui uma dimens\u00e3o religiosa. Cada participante receber\u00e1 com a medalha, um suporte pl\u00e1stico para guardar a mesma ou utiliz\u00e1-la em espa\u00e7os de devo\u00e7\u00e3o.<\/p>\n\n\n\n<p>Al\u00e9m de receber o kit completo da Corrida, outro presente extra \u00e9 o Kit Corpus Christi, uma bela lembran\u00e7a da solenidade. V\u00e1lido para todas as inscri\u00e7\u00f5es realizadas diretamente no site oficial da corrida.<\/p>\n","protected":false},"excerpt":{"rendered":"<p>S\u00e3o Lu\u00eds &#8211; A poucos dias da largada, a I Corrida Corpus Christi acelera para seus \u00faltimos momentos de inscri\u00e7\u00e3o [&hellip;]<\/p>\n","protected":false},"author":4,"featured_media":0,"comment_status":"open","ping_status":"open","sticky":false,"template":"","format":"standard","meta":{"site-sidebar-layout":"default","site-content-layout":"","ast-site-content-layout":"default","site-content-style":"default","site-sidebar-style":"default","ast-global-header-display":"","ast-banner-title-visibility":"","ast-main-header-display":"","ast-hfb-above-header-display":"","ast-hfb-below-header-display":"","ast-hfb-mobile-header-display":"","site-post-title":"","ast-breadcrumbs-content":"","ast-featured-img":"","footer-sml-layout":"","ast-disable-related-posts":"","theme-transparent-header-meta":"","adv-header-id-meta":"","stick-header-meta":"","header-above-stick-meta":"","header-main-stick-meta":"","header-below-stick-meta":"","astra-migrate-meta-layouts":"default","ast-page-background-enabled":"default","ast-page-background-meta":{"desktop":{"background-color":"var(--ast-global-color-5)","background-image":"","background-repeat":"repeat","background-position":"center center","background-size":"auto","background-attachment":"scroll","background-type":"","background-media":"","overlay-type":"","overlay-color":"","overlay-opacity":"","overlay-gradient":""},"tablet":{"background-color":"","background-image":"","background-repeat":"repeat","background-position":"center center","background-size":"auto","background-attachment":"scroll","background-type":"","background-media":"","overlay-type":"","overlay-color":"","overlay-opacity":"","overlay-gradient":""},"mobile":{"background-color":"","background-image":"","background-repeat":"repeat","background-position":"center center","background-size":"auto","background-attachment":"scroll","background-type":"","background-media":"","overlay-type":"","overlay-color":"","overlay-opacity":"","overlay-gradient":""}},"ast-content-background-meta":{"desktop":{"background-color":"var(--ast-global-color-4)","background-image":"","background-repeat":"repeat","background-position":"center center","background-size":"auto","background-attachment":"scroll","background-type":"","background-media":"","overlay-type":"","overlay-color":"","overlay-opacity":"","overlay-gradient":""},"tablet":{"background-color":"var(--ast-global-color-4)","background-image":"","background-repeat":"repeat","background-position":"center center","background-size":"auto","background-attachment":"scroll","background-type":"","background-media":"","overlay-type":"","overlay-color":"","overlay-opacity":"","overlay-gradient":""},"mobile":{"background-color":"var(--ast-global-color-4)","background-image":"","background-repeat":"repeat","background-position":"center center","background-size":"auto","background-attachment":"scroll","background-type":"","background-media":"","overlay-type":"","overlay-color":"","overlay-opacity":"","overlay-gradient":""}},"footnotes":""},"categories":[1],"tags":[],"class_list":["post-18477","post","type-post","status-publish","format-standard","hentry","category-sem-categoria"],"yoast_head":"<!-- This site is optimized with the Yoast SEO plugin v26.6 - https:\/\/yoast.com\/wordpress\/plugins\/seo\/ -->\n<title>Preparativos para Corrida de Corpus Christi entram na reta final - Evandro Junior<\/title>\n<meta name=\"robots\" content=\"index, follow, max-snippet:-1, max-image-preview:large, max-video-preview:-1\" \/>\n<link rel=\"canonical\" href=\"https:\/\/www.blogsoestado.com\/evandrojunior\/2026\/04\/29\/preparativos-para-corrida-de-corpus-christi-entram-na-reta-final\/\" \/>\n<meta property=\"og:locale\" content=\"pt_BR\" \/>\n<meta property=\"og:type\" content=\"article\" \/>\n<meta property=\"og:title\" content=\"Preparativos para Corrida de Corpus Christi entram na reta final - Evandro Junior\" \/>\n<meta property=\"og:description\" content=\"S\u00e3o Lu\u00eds &#8211; A poucos dias da largada, a I Corrida Corpus Christi acelera para seus \u00faltimos momentos de inscri\u00e7\u00e3o [&hellip;]\" \/>\n<meta property=\"og:url\" content=\"https:\/\/www.blogsoestado.com\/evandrojunior\/2026\/04\/29\/preparativos-para-corrida-de-corpus-christi-entram-na-reta-final\/\" \/>\n<meta property=\"og:site_name\" content=\"Evandro Junior\" \/>\n<meta property=\"article:published_time\" content=\"2026-04-29T21:47:12+00:00\" \/>\n<meta property=\"article:modified_time\" content=\"2026-04-29T21:47:13+00:00\" \/>\n<meta property=\"og:image\" content=\"https:\/\/www.blogsoestado.com\/evandrojunior\/wp-content\/uploads\/sites\/3\/2026\/04\/WhatsApp-Image-2026-04-29-at-18.50.20.jpeg\" \/>\n\t<meta property=\"og:image:width\" content=\"1600\" \/>\n\t<meta property=\"og:image:height\" content=\"1333\" \/>\n\t<meta property=\"og:image:type\" content=\"image\/jpeg\" \/>\n<meta name=\"author\" content=\"Evandro Junior\" \/>\n<meta name=\"twitter:card\" content=\"summary_large_image\" \/>\n<meta name=\"twitter:label1\" content=\"Escrito por\" \/>\n\t<meta name=\"twitter:data1\" content=\"Evandro Junior\" \/>\n\t<meta name=\"twitter:label2\" content=\"Est. tempo de leitura\" \/>\n\t<meta name=\"twitter:data2\" content=\"3 minutos\" \/>\n<script type=\"application\/ld+json\" class=\"yoast-schema-graph\">{\"@context\":\"https:\/\/schema.org\",\"@graph\":[{\"@type\":\"WebPage\",\"@id\":\"https:\/\/www.blogsoestado.com\/evandrojunior\/2026\/04\/29\/preparativos-para-corrida-de-corpus-christi-entram-na-reta-final\/\",\"url\":\"https:\/\/www.blogsoestado.com\/evandrojunior\/2026\/04\/29\/preparativos-para-corrida-de-corpus-christi-entram-na-reta-final\/\",\"name\":\"Preparativos para Corrida de Corpus Christi entram na reta final - Evandro Junior\",\"isPartOf\":{\"@id\":\"https:\/\/www.blogsoestado.com\/evandrojunior\/#website\"},\"primaryImageOfPage\":{\"@id\":\"https:\/\/www.blogsoestado.com\/evandrojunior\/2026\/04\/29\/preparativos-para-corrida-de-corpus-christi-entram-na-reta-final\/#primaryimage\"},\"image\":{\"@id\":\"https:\/\/www.blogsoestado.com\/evandrojunior\/2026\/04\/29\/preparativos-para-corrida-de-corpus-christi-entram-na-reta-final\/#primaryimage\"},\"thumbnailUrl\":\"https:\/\/www.blogsoestado.com\/evandrojunior\/wp-content\/uploads\/sites\/3\/2026\/04\/WhatsApp-Image-2026-04-29-at-18.50.20-1024x853.jpeg\",\"datePublished\":\"2026-04-29T21:47:12+00:00\",\"dateModified\":\"2026-04-29T21:47:13+00:00\",\"author\":{\"@id\":\"https:\/\/www.blogsoestado.com\/evandrojunior\/#\/schema\/person\/3e6c3d8dbb740d1c6878ebc935cfb3be\"},\"breadcrumb\":{\"@id\":\"https:\/\/www.blogsoestado.com\/evandrojunior\/2026\/04\/29\/preparativos-para-corrida-de-corpus-christi-entram-na-reta-final\/#breadcrumb\"},\"inLanguage\":\"pt-BR\",\"potentialAction\":[{\"@type\":\"ReadAction\",\"target\":[\"https:\/\/www.blogsoestado.com\/evandrojunior\/2026\/04\/29\/preparativos-para-corrida-de-corpus-christi-entram-na-reta-final\/\"]}]},{\"@type\":\"ImageObject\",\"inLanguage\":\"pt-BR\",\"@id\":\"https:\/\/www.blogsoestado.com\/evandrojunior\/2026\/04\/29\/preparativos-para-corrida-de-corpus-christi-entram-na-reta-final\/#primaryimage\",\"url\":\"https:\/\/www.blogsoestado.com\/evandrojunior\/wp-content\/uploads\/sites\/3\/2026\/04\/WhatsApp-Image-2026-04-29-at-18.50.20.jpeg\",\"contentUrl\":\"https:\/\/www.blogsoestado.com\/evandrojunior\/wp-content\/uploads\/sites\/3\/2026\/04\/WhatsApp-Image-2026-04-29-at-18.50.20.jpeg\",\"width\":1600,\"height\":1333,\"caption\":\"Medalha aben\u00e7oada ser\u00e1 entregue a vencedores da corrida\"},{\"@type\":\"BreadcrumbList\",\"@id\":\"https:\/\/www.blogsoestado.com\/evandrojunior\/2026\/04\/29\/preparativos-para-corrida-de-corpus-christi-entram-na-reta-final\/#breadcrumb\",\"itemListElement\":[{\"@type\":\"ListItem\",\"position\":1,\"name\":\"In\u00edcio\",\"item\":\"https:\/\/www.blogsoestado.com\/evandrojunior\/\"},{\"@type\":\"ListItem\",\"position\":2,\"name\":\"Preparativos para Corrida de Corpus Christi entram na reta final\"}]},{\"@type\":\"WebSite\",\"@id\":\"https:\/\/www.blogsoestado.com\/evandrojunior\/#website\",\"url\":\"https:\/\/www.blogsoestado.com\/evandrojunior\/\",\"name\":\"Evandro Junior\",\"description\":\"\",\"potentialAction\":[{\"@type\":\"SearchAction\",\"target\":{\"@type\":\"EntryPoint\",\"urlTemplate\":\"https:\/\/www.blogsoestado.com\/evandrojunior\/?s={search_term_string}\"},\"query-input\":{\"@type\":\"PropertyValueSpecification\",\"valueRequired\":true,\"valueName\":\"search_term_string\"}}],\"inLanguage\":\"pt-BR\"},{\"@type\":\"Person\",\"@id\":\"https:\/\/www.blogsoestado.com\/evandrojunior\/#\/schema\/person\/3e6c3d8dbb740d1c6878ebc935cfb3be\",\"name\":\"Evandro Junior\",\"image\":{\"@type\":\"ImageObject\",\"inLanguage\":\"pt-BR\",\"@id\":\"https:\/\/www.blogsoestado.com\/evandrojunior\/#\/schema\/person\/image\/\",\"url\":\"https:\/\/secure.gravatar.com\/avatar\/f80a03a2294a580cd2318bfb459bf354cfa8be661ef3d95b542cf9a04af8d129?s=96&d=mm&r=g\",\"contentUrl\":\"https:\/\/secure.gravatar.com\/avatar\/f80a03a2294a580cd2318bfb459bf354cfa8be661ef3d95b542cf9a04af8d129?s=96&d=mm&r=g\",\"caption\":\"Evandro Junior\"},\"url\":\"https:\/\/www.blogsoestado.com\/evandrojunior\/author\/evandrojunior\/\"}]}<\/script>\n<!-- \/ Yoast SEO plugin. -->","yoast_head_json":{"title":"Preparativos para Corrida de Corpus Christi entram na reta final - Evandro Junior","robots":{"index":"index","follow":"follow","max-snippet":"max-snippet:-1","max-image-preview":"max-image-preview:large","max-video-preview":"max-video-preview:-1"},"canonical":"https:\/\/www.blogsoestado.com\/evandrojunior\/2026\/04\/29\/preparativos-para-corrida-de-corpus-christi-entram-na-reta-final\/","og_locale":"pt_BR","og_type":"article","og_title":"Preparativos para Corrida de Corpus Christi entram na reta final - Evandro Junior","og_description":"S\u00e3o Lu\u00eds &#8211; A poucos dias da largada, a I Corrida Corpus Christi acelera para seus \u00faltimos momentos de inscri\u00e7\u00e3o [&hellip;]","og_url":"https:\/\/www.blogsoestado.com\/evandrojunior\/2026\/04\/29\/preparativos-para-corrida-de-corpus-christi-entram-na-reta-final\/","og_site_name":"Evandro Junior","article_published_time":"2026-04-29T21:47:12+00:00","article_modified_time":"2026-04-29T21:47:13+00:00","og_image":[{"width":1600,"height":1333,"url":"https:\/\/www.blogsoestado.com\/evandrojunior\/wp-content\/uploads\/sites\/3\/2026\/04\/WhatsApp-Image-2026-04-29-at-18.50.20.jpeg","type":"image\/jpeg"}],"author":"Evandro Junior","twitter_card":"summary_large_image","twitter_misc":{"Escrito por":"Evandro Junior","Est. tempo de leitura":"3 minutos"},"schema":{"@context":"https:\/\/schema.org","@graph":[{"@type":"WebPage","@id":"https:\/\/www.blogsoestado.com\/evandrojunior\/2026\/04\/29\/preparativos-para-corrida-de-corpus-christi-entram-na-reta-final\/","url":"https:\/\/www.blogsoestado.com\/evandrojunior\/2026\/04\/29\/preparativos-para-corrida-de-corpus-christi-entram-na-reta-final\/","name":"Preparativos para Corrida de Corpus Christi entram na reta final - Evandro Junior","isPartOf":{"@id":"https:\/\/www.blogsoestado.com\/evandrojunior\/#website"},"primaryImageOfPage":{"@id":"https:\/\/www.blogsoestado.com\/evandrojunior\/2026\/04\/29\/preparativos-para-corrida-de-corpus-christi-entram-na-reta-final\/#primaryimage"},"image":{"@id":"https:\/\/www.blogsoestado.com\/evandrojunior\/2026\/04\/29\/preparativos-para-corrida-de-corpus-christi-entram-na-reta-final\/#primaryimage"},"thumbnailUrl":"https:\/\/www.blogsoestado.com\/evandrojunior\/wp-content\/uploads\/sites\/3\/2026\/04\/WhatsApp-Image-2026-04-29-at-18.50.20-1024x853.jpeg","datePublished":"2026-04-29T21:47:12+00:00","dateModified":"2026-04-29T21:47:13+00:00","author":{"@id":"https:\/\/www.blogsoestado.com\/evandrojunior\/#\/schema\/person\/3e6c3d8dbb740d1c6878ebc935cfb3be"},"breadcrumb":{"@id":"https:\/\/www.blogsoestado.com\/evandrojunior\/2026\/04\/29\/preparativos-para-corrida-de-corpus-christi-entram-na-reta-final\/#breadcrumb"},"inLanguage":"pt-BR","potentialAction":[{"@type":"ReadAction","target":["https:\/\/www.blogsoestado.com\/evandrojunior\/2026\/04\/29\/preparativos-para-corrida-de-corpus-christi-entram-na-reta-final\/"]}]},{"@type":"ImageObject","inLanguage":"pt-BR","@id":"https:\/\/www.blogsoestado.com\/evandrojunior\/2026\/04\/29\/preparativos-para-corrida-de-corpus-christi-entram-na-reta-final\/#primaryimage","url":"https:\/\/www.blogsoestado.com\/evandrojunior\/wp-content\/uploads\/sites\/3\/2026\/04\/WhatsApp-Image-2026-04-29-at-18.50.20.jpeg","contentUrl":"https:\/\/www.blogsoestado.com\/evandrojunior\/wp-content\/uploads\/sites\/3\/2026\/04\/WhatsApp-Image-2026-04-29-at-18.50.20.jpeg","width":1600,"height":1333,"caption":"Medalha aben\u00e7oada ser\u00e1 entregue a vencedores da corrida"},{"@type":"BreadcrumbList","@id":"https:\/\/www.blogsoestado.com\/evandrojunior\/2026\/04\/29\/preparativos-para-corrida-de-corpus-christi-entram-na-reta-final\/#breadcrumb","itemListElement":[{"@type":"ListItem","position":1,"name":"In\u00edcio","item":"https:\/\/www.blogsoestado.com\/evandrojunior\/"},{"@type":"ListItem","position":2,"name":"Preparativos para Corrida de Corpus Christi entram na reta final"}]},{"@type":"WebSite","@id":"https:\/\/www.blogsoestado.com\/evandrojunior\/#website","url":"https:\/\/www.blogsoestado.com\/evandrojunior\/","name":"Evandro Junior","description":"","potentialAction":[{"@type":"SearchAction","target":{"@type":"EntryPoint","urlTemplate":"https:\/\/www.blogsoestado.com\/evandrojunior\/?s={search_term_string}"},"query-input":{"@type":"PropertyValueSpecification","valueRequired":true,"valueName":"search_term_string"}}],"inLanguage":"pt-BR"},{"@type":"Person","@id":"https:\/\/www.blogsoestado.com\/evandrojunior\/#\/schema\/person\/3e6c3d8dbb740d1c6878ebc935cfb3be","name":"Evandro Junior","image":{"@type":"ImageObject","inLanguage":"pt-BR","@id":"https:\/\/www.blogsoestado.com\/evandrojunior\/#\/schema\/person\/image\/","url":"https:\/\/secure.gravatar.com\/avatar\/f80a03a2294a580cd2318bfb459bf354cfa8be661ef3d95b542cf9a04af8d129?s=96&d=mm&r=g","contentUrl":"https:\/\/secure.gravatar.com\/avatar\/f80a03a2294a580cd2318bfb459bf354cfa8be661ef3d95b542cf9a04af8d129?s=96&d=mm&r=g","caption":"Evandro Junior"},"url":"https:\/\/www.blogsoestado.com\/evandrojunior\/author\/evandrojunior\/"}]}},"jetpack_featured_media_url":"","_links":{"self":[{"href":"https:\/\/www.blogsoestado.com\/evandrojunior\/wp-json\/wp\/v2\/posts\/18477","targetHints":{"allow":["GET"]}}],"collection":[{"href":"https:\/\/www.blogsoestado.com\/evandrojunior\/wp-json\/wp\/v2\/posts"}],"about":[{"href":"https:\/\/www.blogsoestado.com\/evandrojunior\/wp-json\/wp\/v2\/types\/post"}],"author":[{"embeddable":true,"href":"https:\/\/www.blogsoestado.com\/evandrojunior\/wp-json\/wp\/v2\/users\/4"}],"replies":[{"embeddable":true,"href":"https:\/\/www.blogsoestado.com\/evandrojunior\/wp-json\/wp\/v2\/comments?post=18477"}],"version-history":[{"count":1,"href":"https:\/\/www.blogsoestado.com\/evandrojunior\/wp-json\/wp\/v2\/posts\/18477\/revisions"}],"predecessor-version":[{"id":18479,"href":"https:\/\/www.blogsoestado.com\/evandrojunior\/wp-json\/wp\/v2\/posts\/18477\/revisions\/18479"}],"wp:attachment":[{"href":"https:\/\/www.blogsoestado.com\/evandrojunior\/wp-json\/wp\/v2\/media?parent=18477"}],"wp:term":[{"taxonomy":"category","embeddable":true,"href":"https:\/\/www.blogsoestado.com\/evandrojunior\/wp-json\/wp\/v2\/categories?post=18477"},{"taxonomy":"post_tag","embeddable":true,"href":"https:\/\/www.blogsoestado.com\/evandrojunior\/wp-json\/wp\/v2\/tags?post=18477"}],"curies":[{"name":"wp","href":"https:\/\/api.w.org\/{rel}","templated":true}]}}