{"id":18481,"date":"2026-04-30T07:30:52","date_gmt":"2026-04-30T10:30:52","guid":{"rendered":"https:\/\/www.blogsoestado.com\/evandrojunior\/?p=18481"},"modified":"2026-04-30T07:30:53","modified_gmt":"2026-04-30T10:30:53","slug":"beira-dumar-recebe-universitarios-para-calourada-de-medicina-nesta-quinta","status":"publish","type":"post","link":"https:\/\/www.blogsoestado.com\/evandrojunior\/2026\/04\/30\/beira-dumar-recebe-universitarios-para-calourada-de-medicina-nesta-quinta\/","title":{"rendered":"Beira Dumar recebe universit\u00e1rios para Calourada de Medicina nesta quinta"},"content":{"rendered":"\n<figure class=\"wp-block-image aligncenter size-full\"><img fetchpriority=\"high\" decoding=\"async\" width=\"539\" height=\"711\" src=\"https:\/\/www.blogsoestado.com\/evandrojunior\/wp-content\/uploads\/sites\/3\/2026\/04\/image-2.png\" alt=\"\" class=\"wp-image-18482\" srcset=\"https:\/\/www.blogsoestado.com\/evandrojunior\/wp-content\/uploads\/sites\/3\/2026\/04\/image-2.png 539w, https:\/\/www.blogsoestado.com\/evandrojunior\/wp-content\/uploads\/sites\/3\/2026\/04\/image-2-227x300.png 227w\" sizes=\"(max-width: 539px) 100vw, 539px\" \/><figcaption class=\"wp-element-caption\"><strong>Cantor Ricardinho ser\u00e1 a principal atra\u00e7\u00e3o da festa <\/strong><\/figcaption><\/figure>\n\n\n\n<p><strong>S\u00e3o Lu\u00eds<\/strong> &#8211; O clima \u00e9 de estreia, celebra\u00e7\u00e3o e muita energia boa no Casar\u00e3o Beira Dumar (Avenida Beira-Mar), que ganha vida nesta quinta-feira (30) com a Calourada de Medicina Ideia. A partir das 19h, o espa\u00e7o \u00e0 beira-mar se transforma em ponto de encontro da galera universit\u00e1ria, reunindo m\u00fasica, integra\u00e7\u00e3o e aquele esp\u00edrito leve que marca o in\u00edcio de uma nova jornada acad\u00eamica.<\/p>\n\n\n\n<p>A festa \u00e9 fruto de uma parceria animada entre a Atl\u00e9tica Toada e a turma de Medicina Ideia, prometendo um line-up que mistura ritmos e n\u00e3o deixa ningu\u00e9m parado. No palco, o cantor Ricardinho chega com repert\u00f3rio vibrante, enquanto os DJs Dyogennes, Tiago e Wolf comandam as pick-ups com sets cheios de batidas envolventes.<\/p>\n\n\n\n<p>Mais do que uma festa, a calourada carrega um significado especial: \u00e9 a primeira produ\u00e7\u00e3o assinada pelos estagi\u00e1rios da Pororoca Produ\u00e7\u00e3o. Um verdadeiro laborat\u00f3rio pr\u00e1tico, onde talento, criatividade e vontade de fazer acontecer se encontram para entregar uma experi\u00eancia memor\u00e1vel.<\/p>\n\n\n\n<p>Com cen\u00e1rio privilegiado, m\u00fasica de qualidade e uma vibe contagiante, a noite promete ser daquelas que ficam na mem\u00f3ria, ou seja, do jeitinho que uma boa calourada deve ser.<\/p>\n","protected":false},"excerpt":{"rendered":"<p>S\u00e3o Lu\u00eds &#8211; O clima \u00e9 de estreia, celebra\u00e7\u00e3o e muita energia boa no Casar\u00e3o Beira Dumar (Avenida Beira-Mar), que [&hellip;]<\/p>\n","protected":false},"author":4,"featured_media":0,"comment_status":"open","ping_status":"open","sticky":false,"template":"","format":"standard","meta":{"site-sidebar-layout":"default","site-content-layout":"","ast-site-content-layout":"default","site-content-style":"default","site-sidebar-style":"default","ast-global-header-display":"","ast-banner-title-visibility":"","ast-main-header-display":"","ast-hfb-above-header-display":"","ast-hfb-below-header-display":"","ast-hfb-mobile-header-display":"","site-post-title":"","ast-breadcrumbs-content":"","ast-featured-img":"","footer-sml-layout":"","ast-disable-related-posts":"","theme-transparent-header-meta":"","adv-header-id-meta":"","stick-header-meta":"","header-above-stick-meta":"","header-main-stick-meta":"","header-below-stick-meta":"","astra-migrate-meta-layouts":"default","ast-page-background-enabled":"default","ast-page-background-meta":{"desktop":{"background-color":"var(--ast-global-color-5)","background-image":"","background-repeat":"repeat","background-position":"center center","background-size":"auto","background-attachment":"scroll","background-type":"","background-media":"","overlay-type":"","overlay-color":"","overlay-opacity":"","overlay-gradient":""},"tablet":{"background-color":"","background-image":"","background-repeat":"repeat","background-position":"center center","background-size":"auto","background-attachment":"scroll","background-type":"","background-media":"","overlay-type":"","overlay-color":"","overlay-opacity":"","overlay-gradient":""},"mobile":{"background-color":"","background-image":"","background-repeat":"repeat","background-position":"center center","background-size":"auto","background-attachment":"scroll","background-type":"","background-media":"","overlay-type":"","overlay-color":"","overlay-opacity":"","overlay-gradient":""}},"ast-content-background-meta":{"desktop":{"background-color":"var(--ast-global-color-4)","background-image":"","background-repeat":"repeat","background-position":"center center","background-size":"auto","background-attachment":"scroll","background-type":"","background-media":"","overlay-type":"","overlay-color":"","overlay-opacity":"","overlay-gradient":""},"tablet":{"background-color":"var(--ast-global-color-4)","background-image":"","background-repeat":"repeat","background-position":"center center","background-size":"auto","background-attachment":"scroll","background-type":"","background-media":"","overlay-type":"","overlay-color":"","overlay-opacity":"","overlay-gradient":""},"mobile":{"background-color":"var(--ast-global-color-4)","background-image":"","background-repeat":"repeat","background-position":"center center","background-size":"auto","background-attachment":"scroll","background-type":"","background-media":"","overlay-type":"","overlay-color":"","overlay-opacity":"","overlay-gradient":""}},"footnotes":""},"categories":[1],"tags":[],"class_list":["post-18481","post","type-post","status-publish","format-standard","hentry","category-sem-categoria"],"yoast_head":"<!-- This site is optimized with the Yoast SEO plugin v26.6 - https:\/\/yoast.com\/wordpress\/plugins\/seo\/ -->\n<title>Beira Dumar recebe universit\u00e1rios para Calourada de Medicina nesta quinta - Evandro Junior<\/title>\n<meta name=\"robots\" content=\"index, follow, max-snippet:-1, max-image-preview:large, max-video-preview:-1\" \/>\n<link rel=\"canonical\" href=\"https:\/\/www.blogsoestado.com\/evandrojunior\/2026\/04\/30\/beira-dumar-recebe-universitarios-para-calourada-de-medicina-nesta-quinta\/\" \/>\n<meta property=\"og:locale\" content=\"pt_BR\" \/>\n<meta property=\"og:type\" content=\"article\" \/>\n<meta property=\"og:title\" content=\"Beira Dumar recebe universit\u00e1rios para Calourada de Medicina nesta quinta - Evandro Junior\" \/>\n<meta property=\"og:description\" content=\"S\u00e3o Lu\u00eds &#8211; O clima \u00e9 de estreia, celebra\u00e7\u00e3o e muita energia boa no Casar\u00e3o Beira Dumar (Avenida Beira-Mar), que [&hellip;]\" \/>\n<meta property=\"og:url\" content=\"https:\/\/www.blogsoestado.com\/evandrojunior\/2026\/04\/30\/beira-dumar-recebe-universitarios-para-calourada-de-medicina-nesta-quinta\/\" \/>\n<meta property=\"og:site_name\" content=\"Evandro Junior\" \/>\n<meta property=\"article:published_time\" content=\"2026-04-30T10:30:52+00:00\" \/>\n<meta property=\"article:modified_time\" content=\"2026-04-30T10:30:53+00:00\" \/>\n<meta property=\"og:image\" content=\"https:\/\/www.blogsoestado.com\/evandrojunior\/wp-content\/uploads\/sites\/3\/2026\/04\/image-2.png\" \/>\n\t<meta property=\"og:image:width\" content=\"539\" \/>\n\t<meta property=\"og:image:height\" content=\"711\" \/>\n\t<meta property=\"og:image:type\" content=\"image\/png\" \/>\n<meta name=\"author\" content=\"Evandro Junior\" \/>\n<meta name=\"twitter:card\" content=\"summary_large_image\" \/>\n<meta name=\"twitter:label1\" content=\"Escrito por\" \/>\n\t<meta name=\"twitter:data1\" content=\"Evandro Junior\" \/>\n\t<meta name=\"twitter:label2\" content=\"Est. tempo de leitura\" \/>\n\t<meta name=\"twitter:data2\" content=\"2 minutos\" \/>\n<script type=\"application\/ld+json\" class=\"yoast-schema-graph\">{\"@context\":\"https:\/\/schema.org\",\"@graph\":[{\"@type\":\"WebPage\",\"@id\":\"https:\/\/www.blogsoestado.com\/evandrojunior\/2026\/04\/30\/beira-dumar-recebe-universitarios-para-calourada-de-medicina-nesta-quinta\/\",\"url\":\"https:\/\/www.blogsoestado.com\/evandrojunior\/2026\/04\/30\/beira-dumar-recebe-universitarios-para-calourada-de-medicina-nesta-quinta\/\",\"name\":\"Beira Dumar recebe universit\u00e1rios para Calourada de Medicina nesta quinta - Evandro Junior\",\"isPartOf\":{\"@id\":\"https:\/\/www.blogsoestado.com\/evandrojunior\/#website\"},\"primaryImageOfPage\":{\"@id\":\"https:\/\/www.blogsoestado.com\/evandrojunior\/2026\/04\/30\/beira-dumar-recebe-universitarios-para-calourada-de-medicina-nesta-quinta\/#primaryimage\"},\"image\":{\"@id\":\"https:\/\/www.blogsoestado.com\/evandrojunior\/2026\/04\/30\/beira-dumar-recebe-universitarios-para-calourada-de-medicina-nesta-quinta\/#primaryimage\"},\"thumbnailUrl\":\"https:\/\/www.blogsoestado.com\/evandrojunior\/wp-content\/uploads\/sites\/3\/2026\/04\/image-2.png\",\"datePublished\":\"2026-04-30T10:30:52+00:00\",\"dateModified\":\"2026-04-30T10:30:53+00:00\",\"author\":{\"@id\":\"https:\/\/www.blogsoestado.com\/evandrojunior\/#\/schema\/person\/3e6c3d8dbb740d1c6878ebc935cfb3be\"},\"breadcrumb\":{\"@id\":\"https:\/\/www.blogsoestado.com\/evandrojunior\/2026\/04\/30\/beira-dumar-recebe-universitarios-para-calourada-de-medicina-nesta-quinta\/#breadcrumb\"},\"inLanguage\":\"pt-BR\",\"potentialAction\":[{\"@type\":\"ReadAction\",\"target\":[\"https:\/\/www.blogsoestado.com\/evandrojunior\/2026\/04\/30\/beira-dumar-recebe-universitarios-para-calourada-de-medicina-nesta-quinta\/\"]}]},{\"@type\":\"ImageObject\",\"inLanguage\":\"pt-BR\",\"@id\":\"https:\/\/www.blogsoestado.com\/evandrojunior\/2026\/04\/30\/beira-dumar-recebe-universitarios-para-calourada-de-medicina-nesta-quinta\/#primaryimage\",\"url\":\"https:\/\/www.blogsoestado.com\/evandrojunior\/wp-content\/uploads\/sites\/3\/2026\/04\/image-2.png\",\"contentUrl\":\"https:\/\/www.blogsoestado.com\/evandrojunior\/wp-content\/uploads\/sites\/3\/2026\/04\/image-2.png\",\"width\":539,\"height\":711,\"caption\":\"Cantor Ricardinho ser\u00e1 a principal atra\u00e7\u00e3o da festa\"},{\"@type\":\"BreadcrumbList\",\"@id\":\"https:\/\/www.blogsoestado.com\/evandrojunior\/2026\/04\/30\/beira-dumar-recebe-universitarios-para-calourada-de-medicina-nesta-quinta\/#breadcrumb\",\"itemListElement\":[{\"@type\":\"ListItem\",\"position\":1,\"name\":\"In\u00edcio\",\"item\":\"https:\/\/www.blogsoestado.com\/evandrojunior\/\"},{\"@type\":\"ListItem\",\"position\":2,\"name\":\"Beira Dumar recebe universit\u00e1rios para Calourada de Medicina nesta quinta\"}]},{\"@type\":\"WebSite\",\"@id\":\"https:\/\/www.blogsoestado.com\/evandrojunior\/#website\",\"url\":\"https:\/\/www.blogsoestado.com\/evandrojunior\/\",\"name\":\"Evandro Junior\",\"description\":\"\",\"potentialAction\":[{\"@type\":\"SearchAction\",\"target\":{\"@type\":\"EntryPoint\",\"urlTemplate\":\"https:\/\/www.blogsoestado.com\/evandrojunior\/?s={search_term_string}\"},\"query-input\":{\"@type\":\"PropertyValueSpecification\",\"valueRequired\":true,\"valueName\":\"search_term_string\"}}],\"inLanguage\":\"pt-BR\"},{\"@type\":\"Person\",\"@id\":\"https:\/\/www.blogsoestado.com\/evandrojunior\/#\/schema\/person\/3e6c3d8dbb740d1c6878ebc935cfb3be\",\"name\":\"Evandro Junior\",\"image\":{\"@type\":\"ImageObject\",\"inLanguage\":\"pt-BR\",\"@id\":\"https:\/\/www.blogsoestado.com\/evandrojunior\/#\/schema\/person\/image\/\",\"url\":\"https:\/\/secure.gravatar.com\/avatar\/f80a03a2294a580cd2318bfb459bf354cfa8be661ef3d95b542cf9a04af8d129?s=96&d=mm&r=g\",\"contentUrl\":\"https:\/\/secure.gravatar.com\/avatar\/f80a03a2294a580cd2318bfb459bf354cfa8be661ef3d95b542cf9a04af8d129?s=96&d=mm&r=g\",\"caption\":\"Evandro Junior\"},\"url\":\"https:\/\/www.blogsoestado.com\/evandrojunior\/author\/evandrojunior\/\"}]}<\/script>\n<!-- \/ Yoast SEO plugin. -->","yoast_head_json":{"title":"Beira Dumar recebe universit\u00e1rios para Calourada de Medicina nesta quinta - Evandro Junior","robots":{"index":"index","follow":"follow","max-snippet":"max-snippet:-1","max-image-preview":"max-image-preview:large","max-video-preview":"max-video-preview:-1"},"canonical":"https:\/\/www.blogsoestado.com\/evandrojunior\/2026\/04\/30\/beira-dumar-recebe-universitarios-para-calourada-de-medicina-nesta-quinta\/","og_locale":"pt_BR","og_type":"article","og_title":"Beira Dumar recebe universit\u00e1rios para Calourada de Medicina nesta quinta - Evandro Junior","og_description":"S\u00e3o Lu\u00eds &#8211; O clima \u00e9 de estreia, celebra\u00e7\u00e3o e muita energia boa no Casar\u00e3o Beira Dumar (Avenida Beira-Mar), que [&hellip;]","og_url":"https:\/\/www.blogsoestado.com\/evandrojunior\/2026\/04\/30\/beira-dumar-recebe-universitarios-para-calourada-de-medicina-nesta-quinta\/","og_site_name":"Evandro Junior","article_published_time":"2026-04-30T10:30:52+00:00","article_modified_time":"2026-04-30T10:30:53+00:00","og_image":[{"width":539,"height":711,"url":"https:\/\/www.blogsoestado.com\/evandrojunior\/wp-content\/uploads\/sites\/3\/2026\/04\/image-2.png","type":"image\/png"}],"author":"Evandro Junior","twitter_card":"summary_large_image","twitter_misc":{"Escrito por":"Evandro Junior","Est. tempo de leitura":"2 minutos"},"schema":{"@context":"https:\/\/schema.org","@graph":[{"@type":"WebPage","@id":"https:\/\/www.blogsoestado.com\/evandrojunior\/2026\/04\/30\/beira-dumar-recebe-universitarios-para-calourada-de-medicina-nesta-quinta\/","url":"https:\/\/www.blogsoestado.com\/evandrojunior\/2026\/04\/30\/beira-dumar-recebe-universitarios-para-calourada-de-medicina-nesta-quinta\/","name":"Beira Dumar recebe universit\u00e1rios para Calourada de Medicina nesta quinta - Evandro Junior","isPartOf":{"@id":"https:\/\/www.blogsoestado.com\/evandrojunior\/#website"},"primaryImageOfPage":{"@id":"https:\/\/www.blogsoestado.com\/evandrojunior\/2026\/04\/30\/beira-dumar-recebe-universitarios-para-calourada-de-medicina-nesta-quinta\/#primaryimage"},"image":{"@id":"https:\/\/www.blogsoestado.com\/evandrojunior\/2026\/04\/30\/beira-dumar-recebe-universitarios-para-calourada-de-medicina-nesta-quinta\/#primaryimage"},"thumbnailUrl":"https:\/\/www.blogsoestado.com\/evandrojunior\/wp-content\/uploads\/sites\/3\/2026\/04\/image-2.png","datePublished":"2026-04-30T10:30:52+00:00","dateModified":"2026-04-30T10:30:53+00:00","author":{"@id":"https:\/\/www.blogsoestado.com\/evandrojunior\/#\/schema\/person\/3e6c3d8dbb740d1c6878ebc935cfb3be"},"breadcrumb":{"@id":"https:\/\/www.blogsoestado.com\/evandrojunior\/2026\/04\/30\/beira-dumar-recebe-universitarios-para-calourada-de-medicina-nesta-quinta\/#breadcrumb"},"inLanguage":"pt-BR","potentialAction":[{"@type":"ReadAction","target":["https:\/\/www.blogsoestado.com\/evandrojunior\/2026\/04\/30\/beira-dumar-recebe-universitarios-para-calourada-de-medicina-nesta-quinta\/"]}]},{"@type":"ImageObject","inLanguage":"pt-BR","@id":"https:\/\/www.blogsoestado.com\/evandrojunior\/2026\/04\/30\/beira-dumar-recebe-universitarios-para-calourada-de-medicina-nesta-quinta\/#primaryimage","url":"https:\/\/www.blogsoestado.com\/evandrojunior\/wp-content\/uploads\/sites\/3\/2026\/04\/image-2.png","contentUrl":"https:\/\/www.blogsoestado.com\/evandrojunior\/wp-content\/uploads\/sites\/3\/2026\/04\/image-2.png","width":539,"height":711,"caption":"Cantor Ricardinho ser\u00e1 a principal atra\u00e7\u00e3o da festa"},{"@type":"BreadcrumbList","@id":"https:\/\/www.blogsoestado.com\/evandrojunior\/2026\/04\/30\/beira-dumar-recebe-universitarios-para-calourada-de-medicina-nesta-quinta\/#breadcrumb","itemListElement":[{"@type":"ListItem","position":1,"name":"In\u00edcio","item":"https:\/\/www.blogsoestado.com\/evandrojunior\/"},{"@type":"ListItem","position":2,"name":"Beira Dumar recebe universit\u00e1rios para Calourada de Medicina nesta quinta"}]},{"@type":"WebSite","@id":"https:\/\/www.blogsoestado.com\/evandrojunior\/#website","url":"https:\/\/www.blogsoestado.com\/evandrojunior\/","name":"Evandro Junior","description":"","potentialAction":[{"@type":"SearchAction","target":{"@type":"EntryPoint","urlTemplate":"https:\/\/www.blogsoestado.com\/evandrojunior\/?s={search_term_string}"},"query-input":{"@type":"PropertyValueSpecification","valueRequired":true,"valueName":"search_term_string"}}],"inLanguage":"pt-BR"},{"@type":"Person","@id":"https:\/\/www.blogsoestado.com\/evandrojunior\/#\/schema\/person\/3e6c3d8dbb740d1c6878ebc935cfb3be","name":"Evandro Junior","image":{"@type":"ImageObject","inLanguage":"pt-BR","@id":"https:\/\/www.blogsoestado.com\/evandrojunior\/#\/schema\/person\/image\/","url":"https:\/\/secure.gravatar.com\/avatar\/f80a03a2294a580cd2318bfb459bf354cfa8be661ef3d95b542cf9a04af8d129?s=96&d=mm&r=g","contentUrl":"https:\/\/secure.gravatar.com\/avatar\/f80a03a2294a580cd2318bfb459bf354cfa8be661ef3d95b542cf9a04af8d129?s=96&d=mm&r=g","caption":"Evandro Junior"},"url":"https:\/\/www.blogsoestado.com\/evandrojunior\/author\/evandrojunior\/"}]}},"jetpack_featured_media_url":"","_links":{"self":[{"href":"https:\/\/www.blogsoestado.com\/evandrojunior\/wp-json\/wp\/v2\/posts\/18481","targetHints":{"allow":["GET"]}}],"collection":[{"href":"https:\/\/www.blogsoestado.com\/evandrojunior\/wp-json\/wp\/v2\/posts"}],"about":[{"href":"https:\/\/www.blogsoestado.com\/evandrojunior\/wp-json\/wp\/v2\/types\/post"}],"author":[{"embeddable":true,"href":"https:\/\/www.blogsoestado.com\/evandrojunior\/wp-json\/wp\/v2\/users\/4"}],"replies":[{"embeddable":true,"href":"https:\/\/www.blogsoestado.com\/evandrojunior\/wp-json\/wp\/v2\/comments?post=18481"}],"version-history":[{"count":1,"href":"https:\/\/www.blogsoestado.com\/evandrojunior\/wp-json\/wp\/v2\/posts\/18481\/revisions"}],"predecessor-version":[{"id":18483,"href":"https:\/\/www.blogsoestado.com\/evandrojunior\/wp-json\/wp\/v2\/posts\/18481\/revisions\/18483"}],"wp:attachment":[{"href":"https:\/\/www.blogsoestado.com\/evandrojunior\/wp-json\/wp\/v2\/media?parent=18481"}],"wp:term":[{"taxonomy":"category","embeddable":true,"href":"https:\/\/www.blogsoestado.com\/evandrojunior\/wp-json\/wp\/v2\/categories?post=18481"},{"taxonomy":"post_tag","embeddable":true,"href":"https:\/\/www.blogsoestado.com\/evandrojunior\/wp-json\/wp\/v2\/tags?post=18481"}],"curies":[{"name":"wp","href":"https:\/\/api.w.org\/{rel}","templated":true}]}}