{"id":18484,"date":"2026-05-01T09:00:37","date_gmt":"2026-05-01T12:00:37","guid":{"rendered":"https:\/\/www.blogsoestado.com\/evandrojunior\/?p=18484"},"modified":"2026-05-01T09:08:05","modified_gmt":"2026-05-01T12:08:05","slug":"rafinha-asas-agita-a-seresta-prime-deste-domingo","status":"publish","type":"post","link":"https:\/\/www.blogsoestado.com\/evandrojunior\/2026\/05\/01\/rafinha-asas-agita-a-seresta-prime-deste-domingo\/","title":{"rendered":"Rafinha Asas agita a Seresta Prime deste domingo"},"content":{"rendered":"\n<figure class=\"wp-block-image aligncenter size-full\"><img fetchpriority=\"high\" decoding=\"async\" width=\"569\" height=\"716\" src=\"https:\/\/www.blogsoestado.com\/evandrojunior\/wp-content\/uploads\/sites\/3\/2026\/05\/WhatsApp-Image-2026-05-01-at-09.04.19.jpeg\" alt=\"\" class=\"wp-image-18485\" srcset=\"https:\/\/www.blogsoestado.com\/evandrojunior\/wp-content\/uploads\/sites\/3\/2026\/05\/WhatsApp-Image-2026-05-01-at-09.04.19.jpeg 569w, https:\/\/www.blogsoestado.com\/evandrojunior\/wp-content\/uploads\/sites\/3\/2026\/05\/WhatsApp-Image-2026-05-01-at-09.04.19-238x300.jpeg 238w\" sizes=\"(max-width: 569px) 100vw, 569px\" \/><figcaption class=\"wp-element-caption\"><strong>Rafinha Asas vai se apresentar na Seretsa Prime neste domingo (3)<\/strong><\/figcaption><\/figure>\n\n\n\n<p><strong>S\u00e3o Lu\u00eds <\/strong>&#8211; Diretamente da Bahia, o cantor Rafinha Asas \u00e9 a grande atra\u00e7\u00e3o deste domingo (3) em S\u00e3o Lu\u00eds, durante mais uma edi\u00e7\u00e3o da j\u00e1 consagrada Seresta Prime, evento que vem conquistando cada vez mais p\u00fablico na capital maranhense e se firmando como um dos principais encontros dominicais para os amantes da m\u00fasica rom\u00e2ntica.<\/p>\n\n\n\n<p>Com quase 20 anos de carreira, Rafinha construiu uma trajet\u00f3ria s\u00f3lida e respeitada no cen\u00e1rio musical brasileiro. O artista ficou nacionalmente conhecido por sua atua\u00e7\u00e3o \u00e0 frente da banda Asas Livres, considerada pioneira do g\u00eanero arrocha no Brasil. Ao longo dos anos, sua voz marcante e seu estilo envolvente ajudaram a embalar hist\u00f3rias de amor e a consolidar o arrocha como um dos ritmos mais populares do pa\u00eds.<\/p>\n\n\n\n<p>A apresenta\u00e7\u00e3o ser\u00e1 realizada na Associa\u00e7\u00e3o da Sucam, com in\u00edcio a partir das 15h, reunindo um p\u00fablico fiel que j\u00e1 transformou a Seresta Prime em tradi\u00e7\u00e3o aos domingos. O evento se destaca n\u00e3o apenas pelas atra\u00e7\u00f5es musicais, mas tamb\u00e9m pelo ambiente acolhedor, dan\u00e7ante e nost\u00e1lgico, ideal para quem aprecia can\u00e7\u00f5es rom\u00e2nticas e quer aproveitar o fim de semana em grande estilo.<\/p>\n\n\n\n<p>Al\u00e9m de Rafinha Asas, a programa\u00e7\u00e3o conta com outros nomes que prometem animar o p\u00fablico, como Benna Brasil, conhecido como o rei do serebrega, al\u00e9m de Adriana Adrillys, Eduardo \u00c9bano, Fabiana Alves e a banda Seresta Prime, que comanda a festa com um repert\u00f3rio recheado de sucessos.<\/p>\n\n\n\n<p>O evento tamb\u00e9m oferece condi\u00e7\u00f5es especiais para o p\u00fablico. Mulheres t\u00eam entrada gratuita at\u00e9 \u00e0s 17h, incentivando a presen\u00e7a feminina desde o in\u00edcio da programa\u00e7\u00e3o. J\u00e1 os terapeutas da dan\u00e7a ficam dispon\u00edveis at\u00e9 18h. Ap\u00f3s esse hor\u00e1rio, eles cobram uma taxa simb\u00f3lica para ensinar o p\u00fablico a dan\u00e7ar.<\/p>\n\n\n\n<p>A cada edi\u00e7\u00e3o, a Seresta Prime refor\u00e7a seu sucesso e cresce em popularidade, reunindo diferentes gera\u00e7\u00f5es em torno da m\u00fasica rom\u00e2ntica e da dan\u00e7a. O evento j\u00e1 se tornou ponto de encontro para casais, amigos e apaixonados por seresta, arrocha e brega, consolidando-se como uma das programa\u00e7\u00f5es mais queridas dos domingos em S\u00e3o Lu\u00eds.<\/p>\n\n\n\n<p>Para quem busca boa m\u00fasica, energia positiva e momentos inesquec\u00edveis, a pedida deste domingo j\u00e1 est\u00e1 definida. Basta reunir os amigos e aproveitar mais uma edi\u00e7\u00e3o desse grande sucesso que \u00e9 a Seresta Prime.<\/p>\n","protected":false},"excerpt":{"rendered":"<p>S\u00e3o Lu\u00eds &#8211; Diretamente da Bahia, o cantor Rafinha Asas \u00e9 a grande atra\u00e7\u00e3o deste domingo (3) em S\u00e3o Lu\u00eds, [&hellip;]<\/p>\n","protected":false},"author":4,"featured_media":0,"comment_status":"open","ping_status":"open","sticky":false,"template":"","format":"standard","meta":{"site-sidebar-layout":"default","site-content-layout":"","ast-site-content-layout":"default","site-content-style":"default","site-sidebar-style":"default","ast-global-header-display":"","ast-banner-title-visibility":"","ast-main-header-display":"","ast-hfb-above-header-display":"","ast-hfb-below-header-display":"","ast-hfb-mobile-header-display":"","site-post-title":"","ast-breadcrumbs-content":"","ast-featured-img":"","footer-sml-layout":"","ast-disable-related-posts":"","theme-transparent-header-meta":"","adv-header-id-meta":"","stick-header-meta":"","header-above-stick-meta":"","header-main-stick-meta":"","header-below-stick-meta":"","astra-migrate-meta-layouts":"default","ast-page-background-enabled":"default","ast-page-background-meta":{"desktop":{"background-color":"var(--ast-global-color-5)","background-image":"","background-repeat":"repeat","background-position":"center center","background-size":"auto","background-attachment":"scroll","background-type":"","background-media":"","overlay-type":"","overlay-color":"","overlay-opacity":"","overlay-gradient":""},"tablet":{"background-color":"","background-image":"","background-repeat":"repeat","background-position":"center center","background-size":"auto","background-attachment":"scroll","background-type":"","background-media":"","overlay-type":"","overlay-color":"","overlay-opacity":"","overlay-gradient":""},"mobile":{"background-color":"","background-image":"","background-repeat":"repeat","background-position":"center center","background-size":"auto","background-attachment":"scroll","background-type":"","background-media":"","overlay-type":"","overlay-color":"","overlay-opacity":"","overlay-gradient":""}},"ast-content-background-meta":{"desktop":{"background-color":"var(--ast-global-color-4)","background-image":"","background-repeat":"repeat","background-position":"center center","background-size":"auto","background-attachment":"scroll","background-type":"","background-media":"","overlay-type":"","overlay-color":"","overlay-opacity":"","overlay-gradient":""},"tablet":{"background-color":"var(--ast-global-color-4)","background-image":"","background-repeat":"repeat","background-position":"center center","background-size":"auto","background-attachment":"scroll","background-type":"","background-media":"","overlay-type":"","overlay-color":"","overlay-opacity":"","overlay-gradient":""},"mobile":{"background-color":"var(--ast-global-color-4)","background-image":"","background-repeat":"repeat","background-position":"center center","background-size":"auto","background-attachment":"scroll","background-type":"","background-media":"","overlay-type":"","overlay-color":"","overlay-opacity":"","overlay-gradient":""}},"footnotes":""},"categories":[1],"tags":[],"class_list":["post-18484","post","type-post","status-publish","format-standard","hentry","category-sem-categoria"],"yoast_head":"<!-- This site is optimized with the Yoast SEO plugin v26.6 - https:\/\/yoast.com\/wordpress\/plugins\/seo\/ -->\n<title>Rafinha Asas agita a Seresta Prime deste domingo - Evandro Junior<\/title>\n<meta name=\"robots\" content=\"index, follow, max-snippet:-1, max-image-preview:large, max-video-preview:-1\" \/>\n<link rel=\"canonical\" href=\"https:\/\/www.blogsoestado.com\/evandrojunior\/2026\/05\/01\/rafinha-asas-agita-a-seresta-prime-deste-domingo\/\" \/>\n<meta property=\"og:locale\" content=\"pt_BR\" \/>\n<meta property=\"og:type\" content=\"article\" \/>\n<meta property=\"og:title\" content=\"Rafinha Asas agita a Seresta Prime deste domingo - Evandro Junior\" \/>\n<meta property=\"og:description\" content=\"S\u00e3o Lu\u00eds &#8211; Diretamente da Bahia, o cantor Rafinha Asas \u00e9 a grande atra\u00e7\u00e3o deste domingo (3) em S\u00e3o Lu\u00eds, [&hellip;]\" \/>\n<meta property=\"og:url\" content=\"https:\/\/www.blogsoestado.com\/evandrojunior\/2026\/05\/01\/rafinha-asas-agita-a-seresta-prime-deste-domingo\/\" \/>\n<meta property=\"og:site_name\" content=\"Evandro Junior\" \/>\n<meta property=\"article:published_time\" content=\"2026-05-01T12:00:37+00:00\" \/>\n<meta property=\"article:modified_time\" content=\"2026-05-01T12:08:05+00:00\" \/>\n<meta property=\"og:image\" content=\"https:\/\/www.blogsoestado.com\/evandrojunior\/wp-content\/uploads\/sites\/3\/2026\/05\/WhatsApp-Image-2026-05-01-at-09.04.19.jpeg\" \/>\n\t<meta property=\"og:image:width\" content=\"569\" \/>\n\t<meta property=\"og:image:height\" content=\"716\" \/>\n\t<meta property=\"og:image:type\" content=\"image\/jpeg\" \/>\n<meta name=\"author\" content=\"Evandro Junior\" \/>\n<meta name=\"twitter:card\" content=\"summary_large_image\" \/>\n<meta name=\"twitter:label1\" content=\"Escrito por\" \/>\n\t<meta name=\"twitter:data1\" content=\"Evandro Junior\" \/>\n\t<meta name=\"twitter:label2\" content=\"Est. tempo de leitura\" \/>\n\t<meta name=\"twitter:data2\" content=\"3 minutos\" \/>\n<script type=\"application\/ld+json\" class=\"yoast-schema-graph\">{\"@context\":\"https:\/\/schema.org\",\"@graph\":[{\"@type\":\"WebPage\",\"@id\":\"https:\/\/www.blogsoestado.com\/evandrojunior\/2026\/05\/01\/rafinha-asas-agita-a-seresta-prime-deste-domingo\/\",\"url\":\"https:\/\/www.blogsoestado.com\/evandrojunior\/2026\/05\/01\/rafinha-asas-agita-a-seresta-prime-deste-domingo\/\",\"name\":\"Rafinha Asas agita a Seresta Prime deste domingo - Evandro Junior\",\"isPartOf\":{\"@id\":\"https:\/\/www.blogsoestado.com\/evandrojunior\/#website\"},\"primaryImageOfPage\":{\"@id\":\"https:\/\/www.blogsoestado.com\/evandrojunior\/2026\/05\/01\/rafinha-asas-agita-a-seresta-prime-deste-domingo\/#primaryimage\"},\"image\":{\"@id\":\"https:\/\/www.blogsoestado.com\/evandrojunior\/2026\/05\/01\/rafinha-asas-agita-a-seresta-prime-deste-domingo\/#primaryimage\"},\"thumbnailUrl\":\"https:\/\/www.blogsoestado.com\/evandrojunior\/wp-content\/uploads\/sites\/3\/2026\/05\/WhatsApp-Image-2026-05-01-at-09.04.19.jpeg\",\"datePublished\":\"2026-05-01T12:00:37+00:00\",\"dateModified\":\"2026-05-01T12:08:05+00:00\",\"author\":{\"@id\":\"https:\/\/www.blogsoestado.com\/evandrojunior\/#\/schema\/person\/3e6c3d8dbb740d1c6878ebc935cfb3be\"},\"breadcrumb\":{\"@id\":\"https:\/\/www.blogsoestado.com\/evandrojunior\/2026\/05\/01\/rafinha-asas-agita-a-seresta-prime-deste-domingo\/#breadcrumb\"},\"inLanguage\":\"pt-BR\",\"potentialAction\":[{\"@type\":\"ReadAction\",\"target\":[\"https:\/\/www.blogsoestado.com\/evandrojunior\/2026\/05\/01\/rafinha-asas-agita-a-seresta-prime-deste-domingo\/\"]}]},{\"@type\":\"ImageObject\",\"inLanguage\":\"pt-BR\",\"@id\":\"https:\/\/www.blogsoestado.com\/evandrojunior\/2026\/05\/01\/rafinha-asas-agita-a-seresta-prime-deste-domingo\/#primaryimage\",\"url\":\"https:\/\/www.blogsoestado.com\/evandrojunior\/wp-content\/uploads\/sites\/3\/2026\/05\/WhatsApp-Image-2026-05-01-at-09.04.19.jpeg\",\"contentUrl\":\"https:\/\/www.blogsoestado.com\/evandrojunior\/wp-content\/uploads\/sites\/3\/2026\/05\/WhatsApp-Image-2026-05-01-at-09.04.19.jpeg\",\"width\":569,\"height\":716,\"caption\":\"Rafinha Asas vai se apresentar na Seretsa Prime neste domingo (3)\"},{\"@type\":\"BreadcrumbList\",\"@id\":\"https:\/\/www.blogsoestado.com\/evandrojunior\/2026\/05\/01\/rafinha-asas-agita-a-seresta-prime-deste-domingo\/#breadcrumb\",\"itemListElement\":[{\"@type\":\"ListItem\",\"position\":1,\"name\":\"In\u00edcio\",\"item\":\"https:\/\/www.blogsoestado.com\/evandrojunior\/\"},{\"@type\":\"ListItem\",\"position\":2,\"name\":\"Rafinha Asas agita a Seresta Prime deste domingo\"}]},{\"@type\":\"WebSite\",\"@id\":\"https:\/\/www.blogsoestado.com\/evandrojunior\/#website\",\"url\":\"https:\/\/www.blogsoestado.com\/evandrojunior\/\",\"name\":\"Evandro Junior\",\"description\":\"\",\"potentialAction\":[{\"@type\":\"SearchAction\",\"target\":{\"@type\":\"EntryPoint\",\"urlTemplate\":\"https:\/\/www.blogsoestado.com\/evandrojunior\/?s={search_term_string}\"},\"query-input\":{\"@type\":\"PropertyValueSpecification\",\"valueRequired\":true,\"valueName\":\"search_term_string\"}}],\"inLanguage\":\"pt-BR\"},{\"@type\":\"Person\",\"@id\":\"https:\/\/www.blogsoestado.com\/evandrojunior\/#\/schema\/person\/3e6c3d8dbb740d1c6878ebc935cfb3be\",\"name\":\"Evandro Junior\",\"image\":{\"@type\":\"ImageObject\",\"inLanguage\":\"pt-BR\",\"@id\":\"https:\/\/www.blogsoestado.com\/evandrojunior\/#\/schema\/person\/image\/\",\"url\":\"https:\/\/secure.gravatar.com\/avatar\/f80a03a2294a580cd2318bfb459bf354cfa8be661ef3d95b542cf9a04af8d129?s=96&d=mm&r=g\",\"contentUrl\":\"https:\/\/secure.gravatar.com\/avatar\/f80a03a2294a580cd2318bfb459bf354cfa8be661ef3d95b542cf9a04af8d129?s=96&d=mm&r=g\",\"caption\":\"Evandro Junior\"},\"url\":\"https:\/\/www.blogsoestado.com\/evandrojunior\/author\/evandrojunior\/\"}]}<\/script>\n<!-- \/ Yoast SEO plugin. -->","yoast_head_json":{"title":"Rafinha Asas agita a Seresta Prime deste domingo - Evandro Junior","robots":{"index":"index","follow":"follow","max-snippet":"max-snippet:-1","max-image-preview":"max-image-preview:large","max-video-preview":"max-video-preview:-1"},"canonical":"https:\/\/www.blogsoestado.com\/evandrojunior\/2026\/05\/01\/rafinha-asas-agita-a-seresta-prime-deste-domingo\/","og_locale":"pt_BR","og_type":"article","og_title":"Rafinha Asas agita a Seresta Prime deste domingo - Evandro Junior","og_description":"S\u00e3o Lu\u00eds &#8211; Diretamente da Bahia, o cantor Rafinha Asas \u00e9 a grande atra\u00e7\u00e3o deste domingo (3) em S\u00e3o Lu\u00eds, [&hellip;]","og_url":"https:\/\/www.blogsoestado.com\/evandrojunior\/2026\/05\/01\/rafinha-asas-agita-a-seresta-prime-deste-domingo\/","og_site_name":"Evandro Junior","article_published_time":"2026-05-01T12:00:37+00:00","article_modified_time":"2026-05-01T12:08:05+00:00","og_image":[{"width":569,"height":716,"url":"https:\/\/www.blogsoestado.com\/evandrojunior\/wp-content\/uploads\/sites\/3\/2026\/05\/WhatsApp-Image-2026-05-01-at-09.04.19.jpeg","type":"image\/jpeg"}],"author":"Evandro Junior","twitter_card":"summary_large_image","twitter_misc":{"Escrito por":"Evandro Junior","Est. tempo de leitura":"3 minutos"},"schema":{"@context":"https:\/\/schema.org","@graph":[{"@type":"WebPage","@id":"https:\/\/www.blogsoestado.com\/evandrojunior\/2026\/05\/01\/rafinha-asas-agita-a-seresta-prime-deste-domingo\/","url":"https:\/\/www.blogsoestado.com\/evandrojunior\/2026\/05\/01\/rafinha-asas-agita-a-seresta-prime-deste-domingo\/","name":"Rafinha Asas agita a Seresta Prime deste domingo - Evandro Junior","isPartOf":{"@id":"https:\/\/www.blogsoestado.com\/evandrojunior\/#website"},"primaryImageOfPage":{"@id":"https:\/\/www.blogsoestado.com\/evandrojunior\/2026\/05\/01\/rafinha-asas-agita-a-seresta-prime-deste-domingo\/#primaryimage"},"image":{"@id":"https:\/\/www.blogsoestado.com\/evandrojunior\/2026\/05\/01\/rafinha-asas-agita-a-seresta-prime-deste-domingo\/#primaryimage"},"thumbnailUrl":"https:\/\/www.blogsoestado.com\/evandrojunior\/wp-content\/uploads\/sites\/3\/2026\/05\/WhatsApp-Image-2026-05-01-at-09.04.19.jpeg","datePublished":"2026-05-01T12:00:37+00:00","dateModified":"2026-05-01T12:08:05+00:00","author":{"@id":"https:\/\/www.blogsoestado.com\/evandrojunior\/#\/schema\/person\/3e6c3d8dbb740d1c6878ebc935cfb3be"},"breadcrumb":{"@id":"https:\/\/www.blogsoestado.com\/evandrojunior\/2026\/05\/01\/rafinha-asas-agita-a-seresta-prime-deste-domingo\/#breadcrumb"},"inLanguage":"pt-BR","potentialAction":[{"@type":"ReadAction","target":["https:\/\/www.blogsoestado.com\/evandrojunior\/2026\/05\/01\/rafinha-asas-agita-a-seresta-prime-deste-domingo\/"]}]},{"@type":"ImageObject","inLanguage":"pt-BR","@id":"https:\/\/www.blogsoestado.com\/evandrojunior\/2026\/05\/01\/rafinha-asas-agita-a-seresta-prime-deste-domingo\/#primaryimage","url":"https:\/\/www.blogsoestado.com\/evandrojunior\/wp-content\/uploads\/sites\/3\/2026\/05\/WhatsApp-Image-2026-05-01-at-09.04.19.jpeg","contentUrl":"https:\/\/www.blogsoestado.com\/evandrojunior\/wp-content\/uploads\/sites\/3\/2026\/05\/WhatsApp-Image-2026-05-01-at-09.04.19.jpeg","width":569,"height":716,"caption":"Rafinha Asas vai se apresentar na Seretsa Prime neste domingo (3)"},{"@type":"BreadcrumbList","@id":"https:\/\/www.blogsoestado.com\/evandrojunior\/2026\/05\/01\/rafinha-asas-agita-a-seresta-prime-deste-domingo\/#breadcrumb","itemListElement":[{"@type":"ListItem","position":1,"name":"In\u00edcio","item":"https:\/\/www.blogsoestado.com\/evandrojunior\/"},{"@type":"ListItem","position":2,"name":"Rafinha Asas agita a Seresta Prime deste domingo"}]},{"@type":"WebSite","@id":"https:\/\/www.blogsoestado.com\/evandrojunior\/#website","url":"https:\/\/www.blogsoestado.com\/evandrojunior\/","name":"Evandro Junior","description":"","potentialAction":[{"@type":"SearchAction","target":{"@type":"EntryPoint","urlTemplate":"https:\/\/www.blogsoestado.com\/evandrojunior\/?s={search_term_string}"},"query-input":{"@type":"PropertyValueSpecification","valueRequired":true,"valueName":"search_term_string"}}],"inLanguage":"pt-BR"},{"@type":"Person","@id":"https:\/\/www.blogsoestado.com\/evandrojunior\/#\/schema\/person\/3e6c3d8dbb740d1c6878ebc935cfb3be","name":"Evandro Junior","image":{"@type":"ImageObject","inLanguage":"pt-BR","@id":"https:\/\/www.blogsoestado.com\/evandrojunior\/#\/schema\/person\/image\/","url":"https:\/\/secure.gravatar.com\/avatar\/f80a03a2294a580cd2318bfb459bf354cfa8be661ef3d95b542cf9a04af8d129?s=96&d=mm&r=g","contentUrl":"https:\/\/secure.gravatar.com\/avatar\/f80a03a2294a580cd2318bfb459bf354cfa8be661ef3d95b542cf9a04af8d129?s=96&d=mm&r=g","caption":"Evandro Junior"},"url":"https:\/\/www.blogsoestado.com\/evandrojunior\/author\/evandrojunior\/"}]}},"jetpack_featured_media_url":"","_links":{"self":[{"href":"https:\/\/www.blogsoestado.com\/evandrojunior\/wp-json\/wp\/v2\/posts\/18484","targetHints":{"allow":["GET"]}}],"collection":[{"href":"https:\/\/www.blogsoestado.com\/evandrojunior\/wp-json\/wp\/v2\/posts"}],"about":[{"href":"https:\/\/www.blogsoestado.com\/evandrojunior\/wp-json\/wp\/v2\/types\/post"}],"author":[{"embeddable":true,"href":"https:\/\/www.blogsoestado.com\/evandrojunior\/wp-json\/wp\/v2\/users\/4"}],"replies":[{"embeddable":true,"href":"https:\/\/www.blogsoestado.com\/evandrojunior\/wp-json\/wp\/v2\/comments?post=18484"}],"version-history":[{"count":2,"href":"https:\/\/www.blogsoestado.com\/evandrojunior\/wp-json\/wp\/v2\/posts\/18484\/revisions"}],"predecessor-version":[{"id":18488,"href":"https:\/\/www.blogsoestado.com\/evandrojunior\/wp-json\/wp\/v2\/posts\/18484\/revisions\/18488"}],"wp:attachment":[{"href":"https:\/\/www.blogsoestado.com\/evandrojunior\/wp-json\/wp\/v2\/media?parent=18484"}],"wp:term":[{"taxonomy":"category","embeddable":true,"href":"https:\/\/www.blogsoestado.com\/evandrojunior\/wp-json\/wp\/v2\/categories?post=18484"},{"taxonomy":"post_tag","embeddable":true,"href":"https:\/\/www.blogsoestado.com\/evandrojunior\/wp-json\/wp\/v2\/tags?post=18484"}],"curies":[{"name":"wp","href":"https:\/\/api.w.org\/{rel}","templated":true}]}}