{"id":1947,"date":"2019-04-15T14:50:45","date_gmt":"2019-04-15T17:50:45","guid":{"rendered":"https:\/\/www.blogsoestado.com\/evandrojunior\/?p=1947"},"modified":"2019-04-15T14:50:45","modified_gmt":"2019-04-15T17:50:45","slug":"deputado-roberto-costa-acompanha-primeiros-atendimentos-do-castramovel","status":"publish","type":"post","link":"https:\/\/www.blogsoestado.com\/evandrojunior\/2019\/04\/15\/deputado-roberto-costa-acompanha-primeiros-atendimentos-do-castramovel\/","title":{"rendered":"Deputado Roberto Costa acompanha primeiros atendimentos do Castram\u00f3vel"},"content":{"rendered":"\n<figure class=\"wp-block-image\"><img fetchpriority=\"high\" decoding=\"async\" width=\"1024\" height=\"682\" src=\"https:\/\/www.blogsoestado.com\/evandrojunior\/wp-content\/uploads\/sites\/3\/2019\/04\/ACAO-SOSIAL-CASTRAMOVEL-JR-CELEDONIO-22-Medium-1024x682.jpg\" alt=\"\" class=\"wp-image-1948\" srcset=\"https:\/\/www.blogsoestado.com\/evandrojunior\/wp-content\/uploads\/sites\/3\/2019\/04\/ACAO-SOSIAL-CASTRAMOVEL-JR-CELEDONIO-22-Medium-1024x682.jpg 1024w, https:\/\/www.blogsoestado.com\/evandrojunior\/wp-content\/uploads\/sites\/3\/2019\/04\/ACAO-SOSIAL-CASTRAMOVEL-JR-CELEDONIO-22-Medium-300x200.jpg 300w, https:\/\/www.blogsoestado.com\/evandrojunior\/wp-content\/uploads\/sites\/3\/2019\/04\/ACAO-SOSIAL-CASTRAMOVEL-JR-CELEDONIO-22-Medium-768x512.jpg 768w, https:\/\/www.blogsoestado.com\/evandrojunior\/wp-content\/uploads\/sites\/3\/2019\/04\/ACAO-SOSIAL-CASTRAMOVEL-JR-CELEDONIO-22-Medium.jpg 1153w\" sizes=\"(max-width: 1024px) 100vw, 1024px\" \/><\/figure>\n\n\n\n<p>S\u00e3o Lu\u00eds &#8211;  O deputado Roberto Costa (MDB) particippu, na manh\u00e3 de s\u00e1bado (13), na Escola S\u00e3o Jos\u00e9 Oper\u00e1rio, no bairro Cidade Oper\u00e1ria, da primeira a\u00e7\u00e3o do\u00a0Castram\u00f3vel\u00a0da Universidade Estadual do Maranh\u00e3o (Uema).\u00a0<\/p>\n\n\n\n<p>O ve\u00edculo ofereceu servi\u00e7os de castra\u00e7\u00e3o de animais machos, vacina\u00e7\u00e3o contra viroses para c\u00e3es\u00a0e gatos, vacina\u00e7\u00e3o contra raiva e orienta\u00e7\u00f5es de m\u00e9dicos veterin\u00e1rios. Para a castra\u00e7\u00e3o de\u00a0f\u00eameas, foram realizados pr\u00e9-agendamentos. No total, foram\u00a0realizados\u00a0700 atendimentos.<\/p>\n\n\n\n<p>O parlamentar \u00e9 autor da Lei Estadual de Prote\u00e7\u00e3o aos Animais (Lei 10.169\/14). Ele afirmou que a a\u00e7\u00e3o revela a import\u00e2ncia de\u00a0proteger\u00a0os animais e mostra a for\u00e7a da sociedade civil organizada. E lembrou que a ideia n\u00e3o \u00e9 um desdobramento apenas da lei por ele apresentada na Assembleia Legislativa\u00a0e da cria\u00e7\u00e3o do primeiro C\u00f3digo de Defesa Animal, mas, tamb\u00e9m, de uma articula\u00e7\u00e3o do poder p\u00fablico com a sociedade civil, via\u00a0Associa\u00e7\u00e3o Maranhense em Defesa dos Animais (Amada), junto ao ent\u00e3o deputado federal Victor Mendes,\u00a0encaminhou\u00a0emenda parlamentar para a aquisi\u00e7\u00e3o do Castram\u00f3vel.<\/p>\n\n\n\n<p>\u201cE a ele agradecemos, pela sua sensibilidade e apoio \u00e0 causa animal. E agradecemos, tamb\u00e9m, \u00e0 Uema, que tem um papel fundamental para melhorar a situa\u00e7\u00e3o dos animais em S\u00e3o Lu\u00eds. Essa \u00e9 uma quest\u00e3o de sa\u00fade p\u00fablica, dentro de uma problem\u00e1tica que abrange todo o Maranh\u00e3o, passando&nbsp;pela&nbsp;falta de estrutura e de apoio. O Castram\u00f3vel&nbsp;\u00e9 fundamental, pois gera expectativas extremamente positivas, tanto da sociedade quanto&nbsp;do poder p\u00fablico, mostrando que a grande sa\u00edda est\u00e1 justamente nessas parcerias\u201d, frisou.<\/p>\n","protected":false},"excerpt":{"rendered":"<p>S\u00e3o Lu\u00eds &#8211; O deputado Roberto Costa (MDB) particippu, na manh\u00e3 de s\u00e1bado (13), na Escola S\u00e3o Jos\u00e9 Oper\u00e1rio, no [&hellip;]<\/p>\n","protected":false},"author":4,"featured_media":0,"comment_status":"open","ping_status":"open","sticky":false,"template":"","format":"standard","meta":{"site-sidebar-layout":"default","site-content-layout":"","ast-site-content-layout":"default","site-content-style":"default","site-sidebar-style":"default","ast-global-header-display":"","ast-banner-title-visibility":"","ast-main-header-display":"","ast-hfb-above-header-display":"","ast-hfb-below-header-display":"","ast-hfb-mobile-header-display":"","site-post-title":"","ast-breadcrumbs-content":"","ast-featured-img":"","footer-sml-layout":"","ast-disable-related-posts":"","theme-transparent-header-meta":"","adv-header-id-meta":"","stick-header-meta":"","header-above-stick-meta":"","header-main-stick-meta":"","header-below-stick-meta":"","astra-migrate-meta-layouts":"default","ast-page-background-enabled":"default","ast-page-background-meta":{"desktop":{"background-color":"var(--ast-global-color-5)","background-image":"","background-repeat":"repeat","background-position":"center center","background-size":"auto","background-attachment":"scroll","background-type":"","background-media":"","overlay-type":"","overlay-color":"","overlay-opacity":"","overlay-gradient":""},"tablet":{"background-color":"","background-image":"","background-repeat":"repeat","background-position":"center center","background-size":"auto","background-attachment":"scroll","background-type":"","background-media":"","overlay-type":"","overlay-color":"","overlay-opacity":"","overlay-gradient":""},"mobile":{"background-color":"","background-image":"","background-repeat":"repeat","background-position":"center center","background-size":"auto","background-attachment":"scroll","background-type":"","background-media":"","overlay-type":"","overlay-color":"","overlay-opacity":"","overlay-gradient":""}},"ast-content-background-meta":{"desktop":{"background-color":"var(--ast-global-color-4)","background-image":"","background-repeat":"repeat","background-position":"center center","background-size":"auto","background-attachment":"scroll","background-type":"","background-media":"","overlay-type":"","overlay-color":"","overlay-opacity":"","overlay-gradient":""},"tablet":{"background-color":"var(--ast-global-color-4)","background-image":"","background-repeat":"repeat","background-position":"center center","background-size":"auto","background-attachment":"scroll","background-type":"","background-media":"","overlay-type":"","overlay-color":"","overlay-opacity":"","overlay-gradient":""},"mobile":{"background-color":"var(--ast-global-color-4)","background-image":"","background-repeat":"repeat","background-position":"center center","background-size":"auto","background-attachment":"scroll","background-type":"","background-media":"","overlay-type":"","overlay-color":"","overlay-opacity":"","overlay-gradient":""}},"footnotes":""},"categories":[1],"tags":[],"class_list":["post-1947","post","type-post","status-publish","format-standard","hentry","category-sem-categoria"],"yoast_head":"<!-- This site is optimized with the Yoast SEO plugin v26.6 - https:\/\/yoast.com\/wordpress\/plugins\/seo\/ -->\n<title>Deputado Roberto Costa acompanha primeiros atendimentos do Castram\u00f3vel - Evandro Junior<\/title>\n<meta name=\"robots\" content=\"index, follow, max-snippet:-1, max-image-preview:large, max-video-preview:-1\" \/>\n<link rel=\"canonical\" href=\"https:\/\/www.blogsoestado.com\/evandrojunior\/2019\/04\/15\/deputado-roberto-costa-acompanha-primeiros-atendimentos-do-castramovel\/\" \/>\n<meta property=\"og:locale\" content=\"pt_BR\" \/>\n<meta property=\"og:type\" content=\"article\" \/>\n<meta property=\"og:title\" content=\"Deputado Roberto Costa acompanha primeiros atendimentos do Castram\u00f3vel - Evandro Junior\" \/>\n<meta property=\"og:description\" content=\"S\u00e3o Lu\u00eds &#8211; O deputado Roberto Costa (MDB) particippu, na manh\u00e3 de s\u00e1bado (13), na Escola S\u00e3o Jos\u00e9 Oper\u00e1rio, no [&hellip;]\" \/>\n<meta property=\"og:url\" content=\"https:\/\/www.blogsoestado.com\/evandrojunior\/2019\/04\/15\/deputado-roberto-costa-acompanha-primeiros-atendimentos-do-castramovel\/\" \/>\n<meta property=\"og:site_name\" content=\"Evandro Junior\" \/>\n<meta property=\"article:published_time\" content=\"2019-04-15T17:50:45+00:00\" \/>\n<meta property=\"og:image\" content=\"https:\/\/www.blogsoestado.com\/evandrojunior\/wp-content\/uploads\/sites\/3\/2019\/04\/ACAO-SOSIAL-CASTRAMOVEL-JR-CELEDONIO-22-Medium-1024x682.jpg\" \/>\n<meta name=\"author\" content=\"Evandro Junior\" \/>\n<meta name=\"twitter:card\" content=\"summary_large_image\" \/>\n<meta name=\"twitter:label1\" content=\"Escrito por\" \/>\n\t<meta name=\"twitter:data1\" content=\"Evandro Junior\" \/>\n\t<meta name=\"twitter:label2\" content=\"Est. tempo de leitura\" \/>\n\t<meta name=\"twitter:data2\" content=\"1 minuto\" \/>\n<script type=\"application\/ld+json\" class=\"yoast-schema-graph\">{\"@context\":\"https:\/\/schema.org\",\"@graph\":[{\"@type\":\"WebPage\",\"@id\":\"https:\/\/www.blogsoestado.com\/evandrojunior\/2019\/04\/15\/deputado-roberto-costa-acompanha-primeiros-atendimentos-do-castramovel\/\",\"url\":\"https:\/\/www.blogsoestado.com\/evandrojunior\/2019\/04\/15\/deputado-roberto-costa-acompanha-primeiros-atendimentos-do-castramovel\/\",\"name\":\"Deputado Roberto Costa acompanha primeiros atendimentos do Castram\u00f3vel - Evandro Junior\",\"isPartOf\":{\"@id\":\"https:\/\/www.blogsoestado.com\/evandrojunior\/#website\"},\"primaryImageOfPage\":{\"@id\":\"https:\/\/www.blogsoestado.com\/evandrojunior\/2019\/04\/15\/deputado-roberto-costa-acompanha-primeiros-atendimentos-do-castramovel\/#primaryimage\"},\"image\":{\"@id\":\"https:\/\/www.blogsoestado.com\/evandrojunior\/2019\/04\/15\/deputado-roberto-costa-acompanha-primeiros-atendimentos-do-castramovel\/#primaryimage\"},\"thumbnailUrl\":\"https:\/\/www.blogsoestado.com\/evandrojunior\/wp-content\/uploads\/sites\/3\/2019\/04\/ACAO-SOSIAL-CASTRAMOVEL-JR-CELEDONIO-22-Medium-1024x682.jpg\",\"datePublished\":\"2019-04-15T17:50:45+00:00\",\"author\":{\"@id\":\"https:\/\/www.blogsoestado.com\/evandrojunior\/#\/schema\/person\/3e6c3d8dbb740d1c6878ebc935cfb3be\"},\"breadcrumb\":{\"@id\":\"https:\/\/www.blogsoestado.com\/evandrojunior\/2019\/04\/15\/deputado-roberto-costa-acompanha-primeiros-atendimentos-do-castramovel\/#breadcrumb\"},\"inLanguage\":\"pt-BR\",\"potentialAction\":[{\"@type\":\"ReadAction\",\"target\":[\"https:\/\/www.blogsoestado.com\/evandrojunior\/2019\/04\/15\/deputado-roberto-costa-acompanha-primeiros-atendimentos-do-castramovel\/\"]}]},{\"@type\":\"ImageObject\",\"inLanguage\":\"pt-BR\",\"@id\":\"https:\/\/www.blogsoestado.com\/evandrojunior\/2019\/04\/15\/deputado-roberto-costa-acompanha-primeiros-atendimentos-do-castramovel\/#primaryimage\",\"url\":\"https:\/\/www.blogsoestado.com\/evandrojunior\/wp-content\/uploads\/sites\/3\/2019\/04\/ACAO-SOSIAL-CASTRAMOVEL-JR-CELEDONIO-22-Medium.jpg\",\"contentUrl\":\"https:\/\/www.blogsoestado.com\/evandrojunior\/wp-content\/uploads\/sites\/3\/2019\/04\/ACAO-SOSIAL-CASTRAMOVEL-JR-CELEDONIO-22-Medium.jpg\",\"width\":1153,\"height\":768},{\"@type\":\"BreadcrumbList\",\"@id\":\"https:\/\/www.blogsoestado.com\/evandrojunior\/2019\/04\/15\/deputado-roberto-costa-acompanha-primeiros-atendimentos-do-castramovel\/#breadcrumb\",\"itemListElement\":[{\"@type\":\"ListItem\",\"position\":1,\"name\":\"In\u00edcio\",\"item\":\"https:\/\/www.blogsoestado.com\/evandrojunior\/\"},{\"@type\":\"ListItem\",\"position\":2,\"name\":\"Deputado Roberto Costa acompanha primeiros atendimentos do Castram\u00f3vel\"}]},{\"@type\":\"WebSite\",\"@id\":\"https:\/\/www.blogsoestado.com\/evandrojunior\/#website\",\"url\":\"https:\/\/www.blogsoestado.com\/evandrojunior\/\",\"name\":\"Evandro Junior\",\"description\":\"\",\"potentialAction\":[{\"@type\":\"SearchAction\",\"target\":{\"@type\":\"EntryPoint\",\"urlTemplate\":\"https:\/\/www.blogsoestado.com\/evandrojunior\/?s={search_term_string}\"},\"query-input\":{\"@type\":\"PropertyValueSpecification\",\"valueRequired\":true,\"valueName\":\"search_term_string\"}}],\"inLanguage\":\"pt-BR\"},{\"@type\":\"Person\",\"@id\":\"https:\/\/www.blogsoestado.com\/evandrojunior\/#\/schema\/person\/3e6c3d8dbb740d1c6878ebc935cfb3be\",\"name\":\"Evandro Junior\",\"image\":{\"@type\":\"ImageObject\",\"inLanguage\":\"pt-BR\",\"@id\":\"https:\/\/www.blogsoestado.com\/evandrojunior\/#\/schema\/person\/image\/\",\"url\":\"https:\/\/secure.gravatar.com\/avatar\/f80a03a2294a580cd2318bfb459bf354cfa8be661ef3d95b542cf9a04af8d129?s=96&d=mm&r=g\",\"contentUrl\":\"https:\/\/secure.gravatar.com\/avatar\/f80a03a2294a580cd2318bfb459bf354cfa8be661ef3d95b542cf9a04af8d129?s=96&d=mm&r=g\",\"caption\":\"Evandro Junior\"},\"url\":\"https:\/\/www.blogsoestado.com\/evandrojunior\/author\/evandrojunior\/\"}]}<\/script>\n<!-- \/ Yoast SEO plugin. -->","yoast_head_json":{"title":"Deputado Roberto Costa acompanha primeiros atendimentos do Castram\u00f3vel - Evandro Junior","robots":{"index":"index","follow":"follow","max-snippet":"max-snippet:-1","max-image-preview":"max-image-preview:large","max-video-preview":"max-video-preview:-1"},"canonical":"https:\/\/www.blogsoestado.com\/evandrojunior\/2019\/04\/15\/deputado-roberto-costa-acompanha-primeiros-atendimentos-do-castramovel\/","og_locale":"pt_BR","og_type":"article","og_title":"Deputado Roberto Costa acompanha primeiros atendimentos do Castram\u00f3vel - Evandro Junior","og_description":"S\u00e3o Lu\u00eds &#8211; O deputado Roberto Costa (MDB) particippu, na manh\u00e3 de s\u00e1bado (13), na Escola S\u00e3o Jos\u00e9 Oper\u00e1rio, no [&hellip;]","og_url":"https:\/\/www.blogsoestado.com\/evandrojunior\/2019\/04\/15\/deputado-roberto-costa-acompanha-primeiros-atendimentos-do-castramovel\/","og_site_name":"Evandro Junior","article_published_time":"2019-04-15T17:50:45+00:00","og_image":[{"url":"https:\/\/www.blogsoestado.com\/evandrojunior\/wp-content\/uploads\/sites\/3\/2019\/04\/ACAO-SOSIAL-CASTRAMOVEL-JR-CELEDONIO-22-Medium-1024x682.jpg","type":"","width":"","height":""}],"author":"Evandro Junior","twitter_card":"summary_large_image","twitter_misc":{"Escrito por":"Evandro Junior","Est. tempo de leitura":"1 minuto"},"schema":{"@context":"https:\/\/schema.org","@graph":[{"@type":"WebPage","@id":"https:\/\/www.blogsoestado.com\/evandrojunior\/2019\/04\/15\/deputado-roberto-costa-acompanha-primeiros-atendimentos-do-castramovel\/","url":"https:\/\/www.blogsoestado.com\/evandrojunior\/2019\/04\/15\/deputado-roberto-costa-acompanha-primeiros-atendimentos-do-castramovel\/","name":"Deputado Roberto Costa acompanha primeiros atendimentos do Castram\u00f3vel - Evandro Junior","isPartOf":{"@id":"https:\/\/www.blogsoestado.com\/evandrojunior\/#website"},"primaryImageOfPage":{"@id":"https:\/\/www.blogsoestado.com\/evandrojunior\/2019\/04\/15\/deputado-roberto-costa-acompanha-primeiros-atendimentos-do-castramovel\/#primaryimage"},"image":{"@id":"https:\/\/www.blogsoestado.com\/evandrojunior\/2019\/04\/15\/deputado-roberto-costa-acompanha-primeiros-atendimentos-do-castramovel\/#primaryimage"},"thumbnailUrl":"https:\/\/www.blogsoestado.com\/evandrojunior\/wp-content\/uploads\/sites\/3\/2019\/04\/ACAO-SOSIAL-CASTRAMOVEL-JR-CELEDONIO-22-Medium-1024x682.jpg","datePublished":"2019-04-15T17:50:45+00:00","author":{"@id":"https:\/\/www.blogsoestado.com\/evandrojunior\/#\/schema\/person\/3e6c3d8dbb740d1c6878ebc935cfb3be"},"breadcrumb":{"@id":"https:\/\/www.blogsoestado.com\/evandrojunior\/2019\/04\/15\/deputado-roberto-costa-acompanha-primeiros-atendimentos-do-castramovel\/#breadcrumb"},"inLanguage":"pt-BR","potentialAction":[{"@type":"ReadAction","target":["https:\/\/www.blogsoestado.com\/evandrojunior\/2019\/04\/15\/deputado-roberto-costa-acompanha-primeiros-atendimentos-do-castramovel\/"]}]},{"@type":"ImageObject","inLanguage":"pt-BR","@id":"https:\/\/www.blogsoestado.com\/evandrojunior\/2019\/04\/15\/deputado-roberto-costa-acompanha-primeiros-atendimentos-do-castramovel\/#primaryimage","url":"https:\/\/www.blogsoestado.com\/evandrojunior\/wp-content\/uploads\/sites\/3\/2019\/04\/ACAO-SOSIAL-CASTRAMOVEL-JR-CELEDONIO-22-Medium.jpg","contentUrl":"https:\/\/www.blogsoestado.com\/evandrojunior\/wp-content\/uploads\/sites\/3\/2019\/04\/ACAO-SOSIAL-CASTRAMOVEL-JR-CELEDONIO-22-Medium.jpg","width":1153,"height":768},{"@type":"BreadcrumbList","@id":"https:\/\/www.blogsoestado.com\/evandrojunior\/2019\/04\/15\/deputado-roberto-costa-acompanha-primeiros-atendimentos-do-castramovel\/#breadcrumb","itemListElement":[{"@type":"ListItem","position":1,"name":"In\u00edcio","item":"https:\/\/www.blogsoestado.com\/evandrojunior\/"},{"@type":"ListItem","position":2,"name":"Deputado Roberto Costa acompanha primeiros atendimentos do Castram\u00f3vel"}]},{"@type":"WebSite","@id":"https:\/\/www.blogsoestado.com\/evandrojunior\/#website","url":"https:\/\/www.blogsoestado.com\/evandrojunior\/","name":"Evandro Junior","description":"","potentialAction":[{"@type":"SearchAction","target":{"@type":"EntryPoint","urlTemplate":"https:\/\/www.blogsoestado.com\/evandrojunior\/?s={search_term_string}"},"query-input":{"@type":"PropertyValueSpecification","valueRequired":true,"valueName":"search_term_string"}}],"inLanguage":"pt-BR"},{"@type":"Person","@id":"https:\/\/www.blogsoestado.com\/evandrojunior\/#\/schema\/person\/3e6c3d8dbb740d1c6878ebc935cfb3be","name":"Evandro Junior","image":{"@type":"ImageObject","inLanguage":"pt-BR","@id":"https:\/\/www.blogsoestado.com\/evandrojunior\/#\/schema\/person\/image\/","url":"https:\/\/secure.gravatar.com\/avatar\/f80a03a2294a580cd2318bfb459bf354cfa8be661ef3d95b542cf9a04af8d129?s=96&d=mm&r=g","contentUrl":"https:\/\/secure.gravatar.com\/avatar\/f80a03a2294a580cd2318bfb459bf354cfa8be661ef3d95b542cf9a04af8d129?s=96&d=mm&r=g","caption":"Evandro Junior"},"url":"https:\/\/www.blogsoestado.com\/evandrojunior\/author\/evandrojunior\/"}]}},"jetpack_featured_media_url":"","_links":{"self":[{"href":"https:\/\/www.blogsoestado.com\/evandrojunior\/wp-json\/wp\/v2\/posts\/1947","targetHints":{"allow":["GET"]}}],"collection":[{"href":"https:\/\/www.blogsoestado.com\/evandrojunior\/wp-json\/wp\/v2\/posts"}],"about":[{"href":"https:\/\/www.blogsoestado.com\/evandrojunior\/wp-json\/wp\/v2\/types\/post"}],"author":[{"embeddable":true,"href":"https:\/\/www.blogsoestado.com\/evandrojunior\/wp-json\/wp\/v2\/users\/4"}],"replies":[{"embeddable":true,"href":"https:\/\/www.blogsoestado.com\/evandrojunior\/wp-json\/wp\/v2\/comments?post=1947"}],"version-history":[{"count":0,"href":"https:\/\/www.blogsoestado.com\/evandrojunior\/wp-json\/wp\/v2\/posts\/1947\/revisions"}],"wp:attachment":[{"href":"https:\/\/www.blogsoestado.com\/evandrojunior\/wp-json\/wp\/v2\/media?parent=1947"}],"wp:term":[{"taxonomy":"category","embeddable":true,"href":"https:\/\/www.blogsoestado.com\/evandrojunior\/wp-json\/wp\/v2\/categories?post=1947"},{"taxonomy":"post_tag","embeddable":true,"href":"https:\/\/www.blogsoestado.com\/evandrojunior\/wp-json\/wp\/v2\/tags?post=1947"}],"curies":[{"name":"wp","href":"https:\/\/api.w.org\/{rel}","templated":true}]}}