{"id":2197,"date":"2019-07-12T17:03:36","date_gmt":"2019-07-12T20:03:36","guid":{"rendered":"https:\/\/www.blogsoestado.com\/evandrojunior\/?p=2197"},"modified":"2019-07-12T17:03:36","modified_gmt":"2019-07-12T20:03:36","slug":"samba-no-casarao-colonial-bomba-no-centro-historico-de-sao-luis","status":"publish","type":"post","link":"https:\/\/www.blogsoestado.com\/evandrojunior\/2019\/07\/12\/samba-no-casarao-colonial-bomba-no-centro-historico-de-sao-luis\/","title":{"rendered":"Samba no Casar\u00e3o Colonial bomba no Centro Hist\u00f3rico de S\u00e3o Lu\u00eds"},"content":{"rendered":"\n<figure class=\"wp-block-image\"><img fetchpriority=\"high\" decoding=\"async\" width=\"1024\" height=\"682\" src=\"https:\/\/www.blogsoestado.com\/evandrojunior\/wp-content\/uploads\/sites\/3\/2019\/07\/WhatsApp-Image-2019-07-12-at-16.39.55-1-1024x682.jpeg\" alt=\"\" class=\"wp-image-2198\" srcset=\"https:\/\/www.blogsoestado.com\/evandrojunior\/wp-content\/uploads\/sites\/3\/2019\/07\/WhatsApp-Image-2019-07-12-at-16.39.55-1-1024x682.jpeg 1024w, https:\/\/www.blogsoestado.com\/evandrojunior\/wp-content\/uploads\/sites\/3\/2019\/07\/WhatsApp-Image-2019-07-12-at-16.39.55-1-300x200.jpeg 300w, https:\/\/www.blogsoestado.com\/evandrojunior\/wp-content\/uploads\/sites\/3\/2019\/07\/WhatsApp-Image-2019-07-12-at-16.39.55-1-768x512.jpeg 768w, https:\/\/www.blogsoestado.com\/evandrojunior\/wp-content\/uploads\/sites\/3\/2019\/07\/WhatsApp-Image-2019-07-12-at-16.39.55-1.jpeg 1280w\" sizes=\"(max-width: 1024px) 100vw, 1024px\" \/><figcaption>O Samba no Casar\u00e3o Colonial da Afonso Pena \u00e9 o ponto de encontro aos domingos <\/figcaption><\/figure>\n\n\n\n<p>S\u00e3o Lu\u00eds &#8211; N\u00e3o \u00e9 impress\u00e3o quando se afirma que o Centro Hist\u00f3rico de S\u00e3o Lu\u00eds, com suas riquezas arquitet\u00f4nicas surpreendendo cidad\u00e3os cosmopolitas, est\u00e1 voltando a respirar vida. <\/p>\n\n\n\n<figure class=\"wp-block-image\"><img decoding=\"async\" width=\"1024\" height=\"682\" src=\"https:\/\/www.blogsoestado.com\/evandrojunior\/wp-content\/uploads\/sites\/3\/2019\/07\/WhatsApp-Image-2019-07-12-at-16.39.50-1-1024x682.jpeg\" alt=\"\" class=\"wp-image-2203\" srcset=\"https:\/\/www.blogsoestado.com\/evandrojunior\/wp-content\/uploads\/sites\/3\/2019\/07\/WhatsApp-Image-2019-07-12-at-16.39.50-1-1024x682.jpeg 1024w, https:\/\/www.blogsoestado.com\/evandrojunior\/wp-content\/uploads\/sites\/3\/2019\/07\/WhatsApp-Image-2019-07-12-at-16.39.50-1-300x200.jpeg 300w, https:\/\/www.blogsoestado.com\/evandrojunior\/wp-content\/uploads\/sites\/3\/2019\/07\/WhatsApp-Image-2019-07-12-at-16.39.50-1-768x512.jpeg 768w, https:\/\/www.blogsoestado.com\/evandrojunior\/wp-content\/uploads\/sites\/3\/2019\/07\/WhatsApp-Image-2019-07-12-at-16.39.50-1.jpeg 1280w\" sizes=\"(max-width: 1024px) 100vw, 1024px\" \/><figcaption>A turma do samba n\u00e3o perde uma tarde\/noite<\/figcaption><\/figure>\n\n\n\n<p>Basta ir \u00e0 feira dos domingos, na Pra\u00e7a Benedito Leite, e testemunhar a majestosa est\u00e1tua do pol\u00edtico e jornalista sendo cortejada pelos p\u00e1ssaros das manh\u00e3s e, ao mesmo tempo, por um numeroso p\u00fablico, que s\u00f3 debanda com os \u00faltimos raios de sol.<\/p>\n\n\n\n<p>Mas este post n\u00e3o \u00e9 para falar da feira, j\u00e1 conhecida do p\u00fablico local e turistas.  \u00c9 para mencionar a m\u00fasica que est\u00e1 ecoando, tamb\u00e9m aos domingos, em um endere\u00e7o para onde v\u00e3o os p\u00e1ssaros e o numeroso p\u00fablico assim que se encerra a programa\u00e7\u00e3o na pra\u00e7a do jornalista.<\/p>\n\n\n\n<figure class=\"wp-block-image\"><img decoding=\"async\" width=\"1024\" height=\"682\" src=\"https:\/\/www.blogsoestado.com\/evandrojunior\/wp-content\/uploads\/sites\/3\/2019\/07\/WhatsApp-Image-2019-07-12-at-16.39.52-1-1024x682.jpeg\" alt=\"\" class=\"wp-image-2199\" srcset=\"https:\/\/www.blogsoestado.com\/evandrojunior\/wp-content\/uploads\/sites\/3\/2019\/07\/WhatsApp-Image-2019-07-12-at-16.39.52-1-1024x682.jpeg 1024w, https:\/\/www.blogsoestado.com\/evandrojunior\/wp-content\/uploads\/sites\/3\/2019\/07\/WhatsApp-Image-2019-07-12-at-16.39.52-1-300x200.jpeg 300w, https:\/\/www.blogsoestado.com\/evandrojunior\/wp-content\/uploads\/sites\/3\/2019\/07\/WhatsApp-Image-2019-07-12-at-16.39.52-1-768x512.jpeg 768w, https:\/\/www.blogsoestado.com\/evandrojunior\/wp-content\/uploads\/sites\/3\/2019\/07\/WhatsApp-Image-2019-07-12-at-16.39.52-1.jpeg 1280w\" sizes=\"(max-width: 1024px) 100vw, 1024px\" \/><figcaption>Turma animada que bate ponto no Casar\u00e3o<\/figcaption><\/figure>\n\n\n\n<p>O g\u00eanero \u00e9 samba e o endere\u00e7o fica na Rua Afonso Pena, em um simp\u00e1tico casar\u00e3o colonial, que atrai pela simplicidade e por sugerir o encontro do passado com o presente. E onde a turma bonita e de bem com a vida est\u00e1 batendo ponto. <\/p>\n\n\n\n<figure class=\"wp-block-image\"><img loading=\"lazy\" decoding=\"async\" width=\"1024\" height=\"682\" src=\"https:\/\/www.blogsoestado.com\/evandrojunior\/wp-content\/uploads\/sites\/3\/2019\/07\/WhatsApp-Image-2019-07-12-at-16.39.46-1-1024x682.jpeg\" alt=\"\" class=\"wp-image-2201\" srcset=\"https:\/\/www.blogsoestado.com\/evandrojunior\/wp-content\/uploads\/sites\/3\/2019\/07\/WhatsApp-Image-2019-07-12-at-16.39.46-1-1024x682.jpeg 1024w, https:\/\/www.blogsoestado.com\/evandrojunior\/wp-content\/uploads\/sites\/3\/2019\/07\/WhatsApp-Image-2019-07-12-at-16.39.46-1-300x200.jpeg 300w, https:\/\/www.blogsoestado.com\/evandrojunior\/wp-content\/uploads\/sites\/3\/2019\/07\/WhatsApp-Image-2019-07-12-at-16.39.46-1-768x512.jpeg 768w, https:\/\/www.blogsoestado.com\/evandrojunior\/wp-content\/uploads\/sites\/3\/2019\/07\/WhatsApp-Image-2019-07-12-at-16.39.46-1.jpeg 1280w\" sizes=\"(max-width: 1024px) 100vw, 1024px\" \/><figcaption>A descontra\u00e7\u00e3o e as boas conversas s\u00e3o elementos adicionais e sempre presentes<\/figcaption><\/figure>\n\n\n\n<p>A ideia \u00e9 do produtor cultural Ricardo Fernandes, nome associado \u00e0 Pororoca Produ\u00e7\u00f5es: um homem vision\u00e1rio, criativo e cheio de ideias.<\/p>\n\n\n\n<figure class=\"wp-block-image\"><img loading=\"lazy\" decoding=\"async\" width=\"1024\" height=\"682\" src=\"https:\/\/www.blogsoestado.com\/evandrojunior\/wp-content\/uploads\/sites\/3\/2019\/07\/WhatsApp-Image-2019-07-12-at-16.39.53-1-1024x682.jpeg\" alt=\"\" class=\"wp-image-2204\" srcset=\"https:\/\/www.blogsoestado.com\/evandrojunior\/wp-content\/uploads\/sites\/3\/2019\/07\/WhatsApp-Image-2019-07-12-at-16.39.53-1-1024x682.jpeg 1024w, https:\/\/www.blogsoestado.com\/evandrojunior\/wp-content\/uploads\/sites\/3\/2019\/07\/WhatsApp-Image-2019-07-12-at-16.39.53-1-300x200.jpeg 300w, https:\/\/www.blogsoestado.com\/evandrojunior\/wp-content\/uploads\/sites\/3\/2019\/07\/WhatsApp-Image-2019-07-12-at-16.39.53-1-768x512.jpeg 768w, https:\/\/www.blogsoestado.com\/evandrojunior\/wp-content\/uploads\/sites\/3\/2019\/07\/WhatsApp-Image-2019-07-12-at-16.39.53-1.jpeg 1280w\" sizes=\"(max-width: 1024px) 100vw, 1024px\" \/><figcaption>Quer pedir uma m\u00fasica? Fique \u00e0 vontade!<\/figcaption><\/figure>\n\n\n\n<figure class=\"wp-block-image\"><img loading=\"lazy\" decoding=\"async\" width=\"1024\" height=\"682\" src=\"https:\/\/www.blogsoestado.com\/evandrojunior\/wp-content\/uploads\/sites\/3\/2019\/07\/WhatsApp-Image-2019-07-12-at-16.40.56-1-1-1024x682.jpeg\" alt=\"\" class=\"wp-image-2217\" srcset=\"https:\/\/www.blogsoestado.com\/evandrojunior\/wp-content\/uploads\/sites\/3\/2019\/07\/WhatsApp-Image-2019-07-12-at-16.40.56-1-1-1024x682.jpeg 1024w, https:\/\/www.blogsoestado.com\/evandrojunior\/wp-content\/uploads\/sites\/3\/2019\/07\/WhatsApp-Image-2019-07-12-at-16.40.56-1-1-300x200.jpeg 300w, https:\/\/www.blogsoestado.com\/evandrojunior\/wp-content\/uploads\/sites\/3\/2019\/07\/WhatsApp-Image-2019-07-12-at-16.40.56-1-1-768x512.jpeg 768w, https:\/\/www.blogsoestado.com\/evandrojunior\/wp-content\/uploads\/sites\/3\/2019\/07\/WhatsApp-Image-2019-07-12-at-16.40.56-1-1.jpeg 1280w\" sizes=\"(max-width: 1024px) 100vw, 1024px\" \/><figcaption>Enquanto isso, na \u00e1rea interna <\/figcaption><\/figure>\n\n\n\n<p>Ricardo viu naquele casar\u00e3o o cen\u00e1rio ideal para proporcionar tardes\/noites agrad\u00e1veis ao p\u00fablico jovem. E \u00e9 justamente o que est\u00e1 acontecendo com o Samba no Casar\u00e3o Colonial. A turma animada perde a hora ao adentrar a estrutura e sentir a atmosfera aconchegante que reina absoluta em seu jardim e demais c\u00f4modos.<\/p>\n\n\n\n<figure class=\"wp-block-image\"><img loading=\"lazy\" decoding=\"async\" width=\"1024\" height=\"682\" src=\"https:\/\/www.blogsoestado.com\/evandrojunior\/wp-content\/uploads\/sites\/3\/2019\/07\/WhatsApp-Image-2019-07-12-at-16.39.48-1-1024x682.jpeg\" alt=\"\" class=\"wp-image-2200\" srcset=\"https:\/\/www.blogsoestado.com\/evandrojunior\/wp-content\/uploads\/sites\/3\/2019\/07\/WhatsApp-Image-2019-07-12-at-16.39.48-1-1024x682.jpeg 1024w, https:\/\/www.blogsoestado.com\/evandrojunior\/wp-content\/uploads\/sites\/3\/2019\/07\/WhatsApp-Image-2019-07-12-at-16.39.48-1-300x200.jpeg 300w, https:\/\/www.blogsoestado.com\/evandrojunior\/wp-content\/uploads\/sites\/3\/2019\/07\/WhatsApp-Image-2019-07-12-at-16.39.48-1-768x512.jpeg 768w, https:\/\/www.blogsoestado.com\/evandrojunior\/wp-content\/uploads\/sites\/3\/2019\/07\/WhatsApp-Image-2019-07-12-at-16.39.48-1.jpeg 1280w\" sizes=\"(max-width: 1024px) 100vw, 1024px\" \/><figcaption>Elas adoram <\/figcaption><\/figure>\n\n\n\n<figure class=\"wp-block-image\"><img loading=\"lazy\" decoding=\"async\" width=\"1024\" height=\"682\" src=\"https:\/\/www.blogsoestado.com\/evandrojunior\/wp-content\/uploads\/sites\/3\/2019\/07\/WhatsApp-Image-2019-07-12-at-16.39.45-1-1024x682.jpeg\" alt=\"\" class=\"wp-image-2202\" srcset=\"https:\/\/www.blogsoestado.com\/evandrojunior\/wp-content\/uploads\/sites\/3\/2019\/07\/WhatsApp-Image-2019-07-12-at-16.39.45-1-1024x682.jpeg 1024w, https:\/\/www.blogsoestado.com\/evandrojunior\/wp-content\/uploads\/sites\/3\/2019\/07\/WhatsApp-Image-2019-07-12-at-16.39.45-1-300x200.jpeg 300w, https:\/\/www.blogsoestado.com\/evandrojunior\/wp-content\/uploads\/sites\/3\/2019\/07\/WhatsApp-Image-2019-07-12-at-16.39.45-1-768x512.jpeg 768w, https:\/\/www.blogsoestado.com\/evandrojunior\/wp-content\/uploads\/sites\/3\/2019\/07\/WhatsApp-Image-2019-07-12-at-16.39.45-1.jpeg 1280w\" sizes=\"(max-width: 1024px) 100vw, 1024px\" \/><figcaption>Alegria na janela do Casar\u00e3o <\/figcaption><\/figure>\n\n\n\n<figure class=\"wp-block-image\"><img loading=\"lazy\" decoding=\"async\" width=\"1024\" height=\"682\" src=\"https:\/\/www.blogsoestado.com\/evandrojunior\/wp-content\/uploads\/sites\/3\/2019\/07\/WhatsApp-Image-2019-07-12-at-16.40.58-1-1024x682.jpeg\" alt=\"\" class=\"wp-image-2205\" srcset=\"https:\/\/www.blogsoestado.com\/evandrojunior\/wp-content\/uploads\/sites\/3\/2019\/07\/WhatsApp-Image-2019-07-12-at-16.40.58-1-1024x682.jpeg 1024w, https:\/\/www.blogsoestado.com\/evandrojunior\/wp-content\/uploads\/sites\/3\/2019\/07\/WhatsApp-Image-2019-07-12-at-16.40.58-1-300x200.jpeg 300w, https:\/\/www.blogsoestado.com\/evandrojunior\/wp-content\/uploads\/sites\/3\/2019\/07\/WhatsApp-Image-2019-07-12-at-16.40.58-1-768x512.jpeg 768w, https:\/\/www.blogsoestado.com\/evandrojunior\/wp-content\/uploads\/sites\/3\/2019\/07\/WhatsApp-Image-2019-07-12-at-16.40.58-1.jpeg 1280w\" sizes=\"(max-width: 1024px) 100vw, 1024px\" \/><figcaption>Com esse sorriso, acho que ele viu algu\u00e9m interessante<\/figcaption><\/figure>\n\n\n\n<p>Neste domingo, tem mais samba e acontece o lan\u00e7amento do mais novo grupo do g\u00eanero, batizado de Salve Simpatia, que ser\u00e1 o oficial das tardes\/noites de domingo naquele endere\u00e7o, sempre das 15h at\u00e9 a meia-noite. <\/p>\n\n\n\n<figure class=\"wp-block-image\"><img loading=\"lazy\" decoding=\"async\" width=\"1024\" height=\"682\" src=\"https:\/\/www.blogsoestado.com\/evandrojunior\/wp-content\/uploads\/sites\/3\/2019\/07\/WhatsApp-Image-2019-07-12-at-16.40.59-1-1-1024x682.jpeg\" alt=\"\" class=\"wp-image-2209\" srcset=\"https:\/\/www.blogsoestado.com\/evandrojunior\/wp-content\/uploads\/sites\/3\/2019\/07\/WhatsApp-Image-2019-07-12-at-16.40.59-1-1-1024x682.jpeg 1024w, https:\/\/www.blogsoestado.com\/evandrojunior\/wp-content\/uploads\/sites\/3\/2019\/07\/WhatsApp-Image-2019-07-12-at-16.40.59-1-1-300x200.jpeg 300w, https:\/\/www.blogsoestado.com\/evandrojunior\/wp-content\/uploads\/sites\/3\/2019\/07\/WhatsApp-Image-2019-07-12-at-16.40.59-1-1-768x512.jpeg 768w, https:\/\/www.blogsoestado.com\/evandrojunior\/wp-content\/uploads\/sites\/3\/2019\/07\/WhatsApp-Image-2019-07-12-at-16.40.59-1-1.jpeg 1280w\" sizes=\"(max-width: 1024px) 100vw, 1024px\" \/><figcaption>Ponto de encontro dos amigos<\/figcaption><\/figure>\n\n\n\n<p>A lista de atra\u00e7\u00f5es inclui ainda DJ Adriano Sound, SoulReggae, Feijoada Completa e Nega Gl\u00edcia. <\/p>\n\n\n\n<figure class=\"wp-block-image\"><img loading=\"lazy\" decoding=\"async\" width=\"999\" height=\"853\" src=\"https:\/\/www.blogsoestado.com\/evandrojunior\/wp-content\/uploads\/sites\/3\/2019\/07\/WhatsApp-Image-2019-07-12-at-16.40.57-1.jpeg\" alt=\"\" class=\"wp-image-2211\" srcset=\"https:\/\/www.blogsoestado.com\/evandrojunior\/wp-content\/uploads\/sites\/3\/2019\/07\/WhatsApp-Image-2019-07-12-at-16.40.57-1.jpeg 999w, https:\/\/www.blogsoestado.com\/evandrojunior\/wp-content\/uploads\/sites\/3\/2019\/07\/WhatsApp-Image-2019-07-12-at-16.40.57-1-300x256.jpeg 300w, https:\/\/www.blogsoestado.com\/evandrojunior\/wp-content\/uploads\/sites\/3\/2019\/07\/WhatsApp-Image-2019-07-12-at-16.40.57-1-768x656.jpeg 768w\" sizes=\"(max-width: 999px) 100vw, 999px\" \/><figcaption>Parcerias em nome do samba <\/figcaption><\/figure>\n\n\n\n<figure class=\"wp-block-image\"><img loading=\"lazy\" decoding=\"async\" width=\"841\" height=\"841\" src=\"https:\/\/www.blogsoestado.com\/evandrojunior\/wp-content\/uploads\/sites\/3\/2019\/07\/WhatsApp-Image-2019-07-12-at-16.39.51-1.jpeg\" alt=\"\" class=\"wp-image-2213\" srcset=\"https:\/\/www.blogsoestado.com\/evandrojunior\/wp-content\/uploads\/sites\/3\/2019\/07\/WhatsApp-Image-2019-07-12-at-16.39.51-1.jpeg 841w, https:\/\/www.blogsoestado.com\/evandrojunior\/wp-content\/uploads\/sites\/3\/2019\/07\/WhatsApp-Image-2019-07-12-at-16.39.51-1-300x300.jpeg 300w, https:\/\/www.blogsoestado.com\/evandrojunior\/wp-content\/uploads\/sites\/3\/2019\/07\/WhatsApp-Image-2019-07-12-at-16.39.51-1-150x150.jpeg 150w, https:\/\/www.blogsoestado.com\/evandrojunior\/wp-content\/uploads\/sites\/3\/2019\/07\/WhatsApp-Image-2019-07-12-at-16.39.51-1-768x768.jpeg 768w\" sizes=\"(max-width: 841px) 100vw, 841px\" \/><figcaption>Trio de amigas no Casar\u00e3o <\/figcaption><\/figure>\n\n\n\n<figure class=\"wp-block-image\"><img loading=\"lazy\" decoding=\"async\" width=\"1024\" height=\"682\" src=\"https:\/\/www.blogsoestado.com\/evandrojunior\/wp-content\/uploads\/sites\/3\/2019\/07\/WhatsApp-Image-2019-07-12-at-16.40.59-3-1-1024x682.jpeg\" alt=\"\" class=\"wp-image-2215\" srcset=\"https:\/\/www.blogsoestado.com\/evandrojunior\/wp-content\/uploads\/sites\/3\/2019\/07\/WhatsApp-Image-2019-07-12-at-16.40.59-3-1-1024x682.jpeg 1024w, https:\/\/www.blogsoestado.com\/evandrojunior\/wp-content\/uploads\/sites\/3\/2019\/07\/WhatsApp-Image-2019-07-12-at-16.40.59-3-1-300x200.jpeg 300w, https:\/\/www.blogsoestado.com\/evandrojunior\/wp-content\/uploads\/sites\/3\/2019\/07\/WhatsApp-Image-2019-07-12-at-16.40.59-3-1-768x512.jpeg 768w, https:\/\/www.blogsoestado.com\/evandrojunior\/wp-content\/uploads\/sites\/3\/2019\/07\/WhatsApp-Image-2019-07-12-at-16.40.59-3-1.jpeg 1280w\" sizes=\"(max-width: 1024px) 100vw, 1024px\" \/><figcaption>Alegria estampada<\/figcaption><\/figure>\n\n\n\n<p> <br>O casar\u00e3o est\u00e1 bombando e virou point.  V\u00e1 e confira!<\/p>\n","protected":false},"excerpt":{"rendered":"<p>S\u00e3o Lu\u00eds &#8211; N\u00e3o \u00e9 impress\u00e3o quando se afirma que o Centro Hist\u00f3rico de S\u00e3o Lu\u00eds, com suas riquezas arquitet\u00f4nicas [&hellip;]<\/p>\n","protected":false},"author":4,"featured_media":0,"comment_status":"open","ping_status":"open","sticky":false,"template":"","format":"standard","meta":{"site-sidebar-layout":"default","site-content-layout":"","ast-site-content-layout":"default","site-content-style":"default","site-sidebar-style":"default","ast-global-header-display":"","ast-banner-title-visibility":"","ast-main-header-display":"","ast-hfb-above-header-display":"","ast-hfb-below-header-display":"","ast-hfb-mobile-header-display":"","site-post-title":"","ast-breadcrumbs-content":"","ast-featured-img":"","footer-sml-layout":"","ast-disable-related-posts":"","theme-transparent-header-meta":"","adv-header-id-meta":"","stick-header-meta":"","header-above-stick-meta":"","header-main-stick-meta":"","header-below-stick-meta":"","astra-migrate-meta-layouts":"default","ast-page-background-enabled":"default","ast-page-background-meta":{"desktop":{"background-color":"var(--ast-global-color-5)","background-image":"","background-repeat":"repeat","background-position":"center center","background-size":"auto","background-attachment":"scroll","background-type":"","background-media":"","overlay-type":"","overlay-color":"","overlay-opacity":"","overlay-gradient":""},"tablet":{"background-color":"","background-image":"","background-repeat":"repeat","background-position":"center center","background-size":"auto","background-attachment":"scroll","background-type":"","background-media":"","overlay-type":"","overlay-color":"","overlay-opacity":"","overlay-gradient":""},"mobile":{"background-color":"","background-image":"","background-repeat":"repeat","background-position":"center center","background-size":"auto","background-attachment":"scroll","background-type":"","background-media":"","overlay-type":"","overlay-color":"","overlay-opacity":"","overlay-gradient":""}},"ast-content-background-meta":{"desktop":{"background-color":"var(--ast-global-color-4)","background-image":"","background-repeat":"repeat","background-position":"center center","background-size":"auto","background-attachment":"scroll","background-type":"","background-media":"","overlay-type":"","overlay-color":"","overlay-opacity":"","overlay-gradient":""},"tablet":{"background-color":"var(--ast-global-color-4)","background-image":"","background-repeat":"repeat","background-position":"center center","background-size":"auto","background-attachment":"scroll","background-type":"","background-media":"","overlay-type":"","overlay-color":"","overlay-opacity":"","overlay-gradient":""},"mobile":{"background-color":"var(--ast-global-color-4)","background-image":"","background-repeat":"repeat","background-position":"center center","background-size":"auto","background-attachment":"scroll","background-type":"","background-media":"","overlay-type":"","overlay-color":"","overlay-opacity":"","overlay-gradient":""}},"footnotes":""},"categories":[1],"tags":[],"class_list":["post-2197","post","type-post","status-publish","format-standard","hentry","category-sem-categoria"],"yoast_head":"<!-- This site is optimized with the Yoast SEO plugin v26.6 - https:\/\/yoast.com\/wordpress\/plugins\/seo\/ -->\n<title>Samba no Casar\u00e3o Colonial bomba no Centro Hist\u00f3rico de S\u00e3o Lu\u00eds - Evandro Junior<\/title>\n<meta name=\"robots\" content=\"index, follow, max-snippet:-1, max-image-preview:large, max-video-preview:-1\" \/>\n<link rel=\"canonical\" href=\"https:\/\/www.blogsoestado.com\/evandrojunior\/2019\/07\/12\/samba-no-casarao-colonial-bomba-no-centro-historico-de-sao-luis\/\" \/>\n<meta property=\"og:locale\" content=\"pt_BR\" \/>\n<meta property=\"og:type\" content=\"article\" \/>\n<meta property=\"og:title\" content=\"Samba no Casar\u00e3o Colonial bomba no Centro Hist\u00f3rico de S\u00e3o Lu\u00eds - Evandro Junior\" \/>\n<meta property=\"og:description\" content=\"S\u00e3o Lu\u00eds &#8211; N\u00e3o \u00e9 impress\u00e3o quando se afirma que o Centro Hist\u00f3rico de S\u00e3o Lu\u00eds, com suas riquezas arquitet\u00f4nicas [&hellip;]\" \/>\n<meta property=\"og:url\" content=\"https:\/\/www.blogsoestado.com\/evandrojunior\/2019\/07\/12\/samba-no-casarao-colonial-bomba-no-centro-historico-de-sao-luis\/\" \/>\n<meta property=\"og:site_name\" content=\"Evandro Junior\" \/>\n<meta property=\"article:published_time\" content=\"2019-07-12T20:03:36+00:00\" \/>\n<meta property=\"og:image\" content=\"https:\/\/www.blogsoestado.com\/evandrojunior\/wp-content\/uploads\/sites\/3\/2019\/07\/WhatsApp-Image-2019-07-12-at-16.39.55-1-1024x682.jpeg\" \/>\n<meta name=\"author\" content=\"Evandro Junior\" \/>\n<meta name=\"twitter:card\" content=\"summary_large_image\" \/>\n<meta name=\"twitter:label1\" content=\"Escrito por\" \/>\n\t<meta name=\"twitter:data1\" content=\"Evandro Junior\" \/>\n\t<meta name=\"twitter:label2\" content=\"Est. tempo de leitura\" \/>\n\t<meta name=\"twitter:data2\" content=\"2 minutos\" \/>\n<script type=\"application\/ld+json\" class=\"yoast-schema-graph\">{\"@context\":\"https:\/\/schema.org\",\"@graph\":[{\"@type\":\"WebPage\",\"@id\":\"https:\/\/www.blogsoestado.com\/evandrojunior\/2019\/07\/12\/samba-no-casarao-colonial-bomba-no-centro-historico-de-sao-luis\/\",\"url\":\"https:\/\/www.blogsoestado.com\/evandrojunior\/2019\/07\/12\/samba-no-casarao-colonial-bomba-no-centro-historico-de-sao-luis\/\",\"name\":\"Samba no Casar\u00e3o Colonial bomba no Centro Hist\u00f3rico de S\u00e3o Lu\u00eds - Evandro Junior\",\"isPartOf\":{\"@id\":\"https:\/\/www.blogsoestado.com\/evandrojunior\/#website\"},\"primaryImageOfPage\":{\"@id\":\"https:\/\/www.blogsoestado.com\/evandrojunior\/2019\/07\/12\/samba-no-casarao-colonial-bomba-no-centro-historico-de-sao-luis\/#primaryimage\"},\"image\":{\"@id\":\"https:\/\/www.blogsoestado.com\/evandrojunior\/2019\/07\/12\/samba-no-casarao-colonial-bomba-no-centro-historico-de-sao-luis\/#primaryimage\"},\"thumbnailUrl\":\"https:\/\/www.blogsoestado.com\/evandrojunior\/wp-content\/uploads\/sites\/3\/2019\/07\/WhatsApp-Image-2019-07-12-at-16.39.55-1-1024x682.jpeg\",\"datePublished\":\"2019-07-12T20:03:36+00:00\",\"author\":{\"@id\":\"https:\/\/www.blogsoestado.com\/evandrojunior\/#\/schema\/person\/3e6c3d8dbb740d1c6878ebc935cfb3be\"},\"breadcrumb\":{\"@id\":\"https:\/\/www.blogsoestado.com\/evandrojunior\/2019\/07\/12\/samba-no-casarao-colonial-bomba-no-centro-historico-de-sao-luis\/#breadcrumb\"},\"inLanguage\":\"pt-BR\",\"potentialAction\":[{\"@type\":\"ReadAction\",\"target\":[\"https:\/\/www.blogsoestado.com\/evandrojunior\/2019\/07\/12\/samba-no-casarao-colonial-bomba-no-centro-historico-de-sao-luis\/\"]}]},{\"@type\":\"ImageObject\",\"inLanguage\":\"pt-BR\",\"@id\":\"https:\/\/www.blogsoestado.com\/evandrojunior\/2019\/07\/12\/samba-no-casarao-colonial-bomba-no-centro-historico-de-sao-luis\/#primaryimage\",\"url\":\"https:\/\/www.blogsoestado.com\/evandrojunior\/wp-content\/uploads\/sites\/3\/2019\/07\/WhatsApp-Image-2019-07-12-at-16.39.55-1-1024x682.jpeg\",\"contentUrl\":\"https:\/\/www.blogsoestado.com\/evandrojunior\/wp-content\/uploads\/sites\/3\/2019\/07\/WhatsApp-Image-2019-07-12-at-16.39.55-1-1024x682.jpeg\"},{\"@type\":\"BreadcrumbList\",\"@id\":\"https:\/\/www.blogsoestado.com\/evandrojunior\/2019\/07\/12\/samba-no-casarao-colonial-bomba-no-centro-historico-de-sao-luis\/#breadcrumb\",\"itemListElement\":[{\"@type\":\"ListItem\",\"position\":1,\"name\":\"In\u00edcio\",\"item\":\"https:\/\/www.blogsoestado.com\/evandrojunior\/\"},{\"@type\":\"ListItem\",\"position\":2,\"name\":\"Samba no Casar\u00e3o Colonial bomba no Centro Hist\u00f3rico de S\u00e3o Lu\u00eds\"}]},{\"@type\":\"WebSite\",\"@id\":\"https:\/\/www.blogsoestado.com\/evandrojunior\/#website\",\"url\":\"https:\/\/www.blogsoestado.com\/evandrojunior\/\",\"name\":\"Evandro Junior\",\"description\":\"\",\"potentialAction\":[{\"@type\":\"SearchAction\",\"target\":{\"@type\":\"EntryPoint\",\"urlTemplate\":\"https:\/\/www.blogsoestado.com\/evandrojunior\/?s={search_term_string}\"},\"query-input\":{\"@type\":\"PropertyValueSpecification\",\"valueRequired\":true,\"valueName\":\"search_term_string\"}}],\"inLanguage\":\"pt-BR\"},{\"@type\":\"Person\",\"@id\":\"https:\/\/www.blogsoestado.com\/evandrojunior\/#\/schema\/person\/3e6c3d8dbb740d1c6878ebc935cfb3be\",\"name\":\"Evandro Junior\",\"image\":{\"@type\":\"ImageObject\",\"inLanguage\":\"pt-BR\",\"@id\":\"https:\/\/www.blogsoestado.com\/evandrojunior\/#\/schema\/person\/image\/\",\"url\":\"https:\/\/secure.gravatar.com\/avatar\/f80a03a2294a580cd2318bfb459bf354cfa8be661ef3d95b542cf9a04af8d129?s=96&d=mm&r=g\",\"contentUrl\":\"https:\/\/secure.gravatar.com\/avatar\/f80a03a2294a580cd2318bfb459bf354cfa8be661ef3d95b542cf9a04af8d129?s=96&d=mm&r=g\",\"caption\":\"Evandro Junior\"},\"url\":\"https:\/\/www.blogsoestado.com\/evandrojunior\/author\/evandrojunior\/\"}]}<\/script>\n<!-- \/ Yoast SEO plugin. -->","yoast_head_json":{"title":"Samba no Casar\u00e3o Colonial bomba no Centro Hist\u00f3rico de S\u00e3o Lu\u00eds - Evandro Junior","robots":{"index":"index","follow":"follow","max-snippet":"max-snippet:-1","max-image-preview":"max-image-preview:large","max-video-preview":"max-video-preview:-1"},"canonical":"https:\/\/www.blogsoestado.com\/evandrojunior\/2019\/07\/12\/samba-no-casarao-colonial-bomba-no-centro-historico-de-sao-luis\/","og_locale":"pt_BR","og_type":"article","og_title":"Samba no Casar\u00e3o Colonial bomba no Centro Hist\u00f3rico de S\u00e3o Lu\u00eds - Evandro Junior","og_description":"S\u00e3o Lu\u00eds &#8211; N\u00e3o \u00e9 impress\u00e3o quando se afirma que o Centro Hist\u00f3rico de S\u00e3o Lu\u00eds, com suas riquezas arquitet\u00f4nicas [&hellip;]","og_url":"https:\/\/www.blogsoestado.com\/evandrojunior\/2019\/07\/12\/samba-no-casarao-colonial-bomba-no-centro-historico-de-sao-luis\/","og_site_name":"Evandro Junior","article_published_time":"2019-07-12T20:03:36+00:00","og_image":[{"url":"https:\/\/www.blogsoestado.com\/evandrojunior\/wp-content\/uploads\/sites\/3\/2019\/07\/WhatsApp-Image-2019-07-12-at-16.39.55-1-1024x682.jpeg","type":"","width":"","height":""}],"author":"Evandro Junior","twitter_card":"summary_large_image","twitter_misc":{"Escrito por":"Evandro Junior","Est. tempo de leitura":"2 minutos"},"schema":{"@context":"https:\/\/schema.org","@graph":[{"@type":"WebPage","@id":"https:\/\/www.blogsoestado.com\/evandrojunior\/2019\/07\/12\/samba-no-casarao-colonial-bomba-no-centro-historico-de-sao-luis\/","url":"https:\/\/www.blogsoestado.com\/evandrojunior\/2019\/07\/12\/samba-no-casarao-colonial-bomba-no-centro-historico-de-sao-luis\/","name":"Samba no Casar\u00e3o Colonial bomba no Centro Hist\u00f3rico de S\u00e3o Lu\u00eds - Evandro Junior","isPartOf":{"@id":"https:\/\/www.blogsoestado.com\/evandrojunior\/#website"},"primaryImageOfPage":{"@id":"https:\/\/www.blogsoestado.com\/evandrojunior\/2019\/07\/12\/samba-no-casarao-colonial-bomba-no-centro-historico-de-sao-luis\/#primaryimage"},"image":{"@id":"https:\/\/www.blogsoestado.com\/evandrojunior\/2019\/07\/12\/samba-no-casarao-colonial-bomba-no-centro-historico-de-sao-luis\/#primaryimage"},"thumbnailUrl":"https:\/\/www.blogsoestado.com\/evandrojunior\/wp-content\/uploads\/sites\/3\/2019\/07\/WhatsApp-Image-2019-07-12-at-16.39.55-1-1024x682.jpeg","datePublished":"2019-07-12T20:03:36+00:00","author":{"@id":"https:\/\/www.blogsoestado.com\/evandrojunior\/#\/schema\/person\/3e6c3d8dbb740d1c6878ebc935cfb3be"},"breadcrumb":{"@id":"https:\/\/www.blogsoestado.com\/evandrojunior\/2019\/07\/12\/samba-no-casarao-colonial-bomba-no-centro-historico-de-sao-luis\/#breadcrumb"},"inLanguage":"pt-BR","potentialAction":[{"@type":"ReadAction","target":["https:\/\/www.blogsoestado.com\/evandrojunior\/2019\/07\/12\/samba-no-casarao-colonial-bomba-no-centro-historico-de-sao-luis\/"]}]},{"@type":"ImageObject","inLanguage":"pt-BR","@id":"https:\/\/www.blogsoestado.com\/evandrojunior\/2019\/07\/12\/samba-no-casarao-colonial-bomba-no-centro-historico-de-sao-luis\/#primaryimage","url":"https:\/\/www.blogsoestado.com\/evandrojunior\/wp-content\/uploads\/sites\/3\/2019\/07\/WhatsApp-Image-2019-07-12-at-16.39.55-1-1024x682.jpeg","contentUrl":"https:\/\/www.blogsoestado.com\/evandrojunior\/wp-content\/uploads\/sites\/3\/2019\/07\/WhatsApp-Image-2019-07-12-at-16.39.55-1-1024x682.jpeg"},{"@type":"BreadcrumbList","@id":"https:\/\/www.blogsoestado.com\/evandrojunior\/2019\/07\/12\/samba-no-casarao-colonial-bomba-no-centro-historico-de-sao-luis\/#breadcrumb","itemListElement":[{"@type":"ListItem","position":1,"name":"In\u00edcio","item":"https:\/\/www.blogsoestado.com\/evandrojunior\/"},{"@type":"ListItem","position":2,"name":"Samba no Casar\u00e3o Colonial bomba no Centro Hist\u00f3rico de S\u00e3o Lu\u00eds"}]},{"@type":"WebSite","@id":"https:\/\/www.blogsoestado.com\/evandrojunior\/#website","url":"https:\/\/www.blogsoestado.com\/evandrojunior\/","name":"Evandro Junior","description":"","potentialAction":[{"@type":"SearchAction","target":{"@type":"EntryPoint","urlTemplate":"https:\/\/www.blogsoestado.com\/evandrojunior\/?s={search_term_string}"},"query-input":{"@type":"PropertyValueSpecification","valueRequired":true,"valueName":"search_term_string"}}],"inLanguage":"pt-BR"},{"@type":"Person","@id":"https:\/\/www.blogsoestado.com\/evandrojunior\/#\/schema\/person\/3e6c3d8dbb740d1c6878ebc935cfb3be","name":"Evandro Junior","image":{"@type":"ImageObject","inLanguage":"pt-BR","@id":"https:\/\/www.blogsoestado.com\/evandrojunior\/#\/schema\/person\/image\/","url":"https:\/\/secure.gravatar.com\/avatar\/f80a03a2294a580cd2318bfb459bf354cfa8be661ef3d95b542cf9a04af8d129?s=96&d=mm&r=g","contentUrl":"https:\/\/secure.gravatar.com\/avatar\/f80a03a2294a580cd2318bfb459bf354cfa8be661ef3d95b542cf9a04af8d129?s=96&d=mm&r=g","caption":"Evandro Junior"},"url":"https:\/\/www.blogsoestado.com\/evandrojunior\/author\/evandrojunior\/"}]}},"jetpack_featured_media_url":"","_links":{"self":[{"href":"https:\/\/www.blogsoestado.com\/evandrojunior\/wp-json\/wp\/v2\/posts\/2197","targetHints":{"allow":["GET"]}}],"collection":[{"href":"https:\/\/www.blogsoestado.com\/evandrojunior\/wp-json\/wp\/v2\/posts"}],"about":[{"href":"https:\/\/www.blogsoestado.com\/evandrojunior\/wp-json\/wp\/v2\/types\/post"}],"author":[{"embeddable":true,"href":"https:\/\/www.blogsoestado.com\/evandrojunior\/wp-json\/wp\/v2\/users\/4"}],"replies":[{"embeddable":true,"href":"https:\/\/www.blogsoestado.com\/evandrojunior\/wp-json\/wp\/v2\/comments?post=2197"}],"version-history":[{"count":0,"href":"https:\/\/www.blogsoestado.com\/evandrojunior\/wp-json\/wp\/v2\/posts\/2197\/revisions"}],"wp:attachment":[{"href":"https:\/\/www.blogsoestado.com\/evandrojunior\/wp-json\/wp\/v2\/media?parent=2197"}],"wp:term":[{"taxonomy":"category","embeddable":true,"href":"https:\/\/www.blogsoestado.com\/evandrojunior\/wp-json\/wp\/v2\/categories?post=2197"},{"taxonomy":"post_tag","embeddable":true,"href":"https:\/\/www.blogsoestado.com\/evandrojunior\/wp-json\/wp\/v2\/tags?post=2197"}],"curies":[{"name":"wp","href":"https:\/\/api.w.org\/{rel}","templated":true}]}}