{"id":2222,"date":"2019-07-12T18:58:30","date_gmt":"2019-07-12T21:58:30","guid":{"rendered":"https:\/\/www.blogsoestado.com\/evandrojunior\/?p=2222"},"modified":"2019-07-12T18:58:30","modified_gmt":"2019-07-12T21:58:30","slug":"comedia-pao-com-ovo-ja-foi-vista-por-mais-de-1-milhao-e-20-mil-pessoas","status":"publish","type":"post","link":"https:\/\/www.blogsoestado.com\/evandrojunior\/2019\/07\/12\/comedia-pao-com-ovo-ja-foi-vista-por-mais-de-1-milhao-e-20-mil-pessoas\/","title":{"rendered":"Com\u00e9dia P\u00e3o com Ovo j\u00e1 foi vista por mais de 1 milh\u00e3o e 20 mil pessoas"},"content":{"rendered":"\n<figure class=\"wp-block-image\"><img decoding=\"async\" src=\"https:\/\/www.blogsoestado.com\/evandrojunior\/wp-content\/uploads\/sites\/3\/2019\/07\/WhatsApp-Image-2019-07-12-at-01.28.03-1-1-1024x682.jpeg\" alt=\"\" class=\"wp-image-2224\"\/><figcaption>No palco, Adeilson Santos e C\u00e9sar Boaes viram Dij\u00e9 e Clarisse Milhomem, respectivamente, dando um show de interpreta\u00e7\u00e3o e criatividade<\/figcaption><\/figure>\n\n\n\n<p>S\u00e3o Lu\u00eds &#8211; Qual \u00e9 o segredo do espet\u00e1culo P\u00e3o com Ovo? A pe\u00e7a j\u00e1 foi vista por mais de 1 milh\u00e3o e 20 mil pessoas.<\/p>\n\n\n\n<p>N\u00e3o \u00e9 \u00e0 toa que, ao t\u00e9rmino de cada apresenta\u00e7\u00e3o, os atores da com\u00e9dia maranhense estampam sempre um largo sorriso: C\u00e9sar Boaes e Adeilson Santos, e agora Davyd Dias e grande elenco, est\u00e3o arrebentando.  <\/p>\n\n\n\n<p>As bilheterias s\u00e3o sempre generosas, tudo fruto do enorme talento desses tr\u00eas rapazes, que assumem v\u00e1rios personagens em cena.<\/p>\n\n\n\n<p>Neste fim de semana, a com\u00e9dia da Companhia Santa Ignor\u00e2ncia retornou ao palco do Teatro Arthur Azevedo (Rua do Sol) novinha em folha com o Cabar\u00e9 P\u00e3o com Ovo, ou seja, com todas as cenas in\u00e9ditas.<\/p>\n\n\n\n<p>A hist\u00f3ria \u00e9 hil\u00e1ria: duas amigas de longas datas que tomaram rumos diferentes na vida (uma pobre e a outra decadente, mas que n\u00e3o perde a pose) se reencontram e da\u00ed surgem as atrapalhadas. <\/p>\n\n\n\n<figure class=\"wp-block-image\"><img decoding=\"async\" src=\"https:\/\/www.blogsoestado.com\/evandrojunior\/wp-content\/uploads\/sites\/3\/2019\/07\/WhatsApp-Image-2019-07-12-at-01.26.33-1-1024x682.jpeg\" alt=\"\" class=\"wp-image-2225\"\/><figcaption>Uma das cenas no espet\u00e1culo Cabar\u00e9 P\u00e3o com Ovo, no Teatro Arthur Azevedo, em S\u00e3o Lu\u00eds<\/figcaption><\/figure>\n\n\n\n<p>A  participa\u00e7\u00e3o especial \u00e9 o cantor In\u00e1cio Pinheiro, uma das vozes de ouro da Companhia Barrica, acostumado a cantar nos mais diferentes cen\u00e1rios do globo nas viagens do Boi Barrica pelo mundo.<\/p>\n\n\n\n<p> A trupe da dobradinha p\u00e3o e ovo est\u00e1 muito bem assessorada nesta fase. Foi buscar o talento profissional de Bruno Magno e Lauande Aires. E o elenco est\u00e1 recauchutado.<\/p>\n\n\n\n<figure class=\"wp-block-image\"><img fetchpriority=\"high\" decoding=\"async\" width=\"1024\" height=\"682\" src=\"https:\/\/www.blogsoestado.com\/evandrojunior\/wp-content\/uploads\/sites\/3\/2019\/07\/WhatsApp-Image-2019-07-12-at-01.26.33-1-1-1024x682.jpeg\" alt=\"\" class=\"wp-image-2226\" srcset=\"https:\/\/www.blogsoestado.com\/evandrojunior\/wp-content\/uploads\/sites\/3\/2019\/07\/WhatsApp-Image-2019-07-12-at-01.26.33-1-1-1024x682.jpeg 1024w, https:\/\/www.blogsoestado.com\/evandrojunior\/wp-content\/uploads\/sites\/3\/2019\/07\/WhatsApp-Image-2019-07-12-at-01.26.33-1-1-300x200.jpeg 300w, https:\/\/www.blogsoestado.com\/evandrojunior\/wp-content\/uploads\/sites\/3\/2019\/07\/WhatsApp-Image-2019-07-12-at-01.26.33-1-1-768x512.jpeg 768w, https:\/\/www.blogsoestado.com\/evandrojunior\/wp-content\/uploads\/sites\/3\/2019\/07\/WhatsApp-Image-2019-07-12-at-01.26.33-1-1.jpeg 1280w\" sizes=\"(max-width: 1024px) 100vw, 1024px\" \/><figcaption>Cena comum em dia de espet\u00e1culo: longas filas<\/figcaption><\/figure>\n\n\n\n<p>Na estreia, na quinta-feira, repetiu-se a cena que j\u00e1 \u00e9 comum: as filas na porta do teatro e todos os setores ocupados.<\/p>\n\n\n\n<p>Resumo da \u00f3pera: eles s\u00e3o um sucesso aqui e alhures (j\u00e1 se apresentaram fora do Maranh\u00e3o com o mesmo sucesso de p\u00fablico) e todo mundo gosta de dar risadas.<\/p>\n\n\n\n<figure class=\"wp-block-image\"><img decoding=\"async\" src=\"https:\/\/www.blogsoestado.com\/evandrojunior\/wp-content\/uploads\/sites\/3\/2019\/07\/WhatsApp-Image-2019-07-12-at-01.26.34-1-1024x682.jpeg\" alt=\"\" class=\"wp-image-2227\"\/><figcaption>O ator e diretor C\u00e9sar Boaes \u00e9 impag\u00e1vel. \u00c9 ele o respons\u00e1vel por costurar a hist\u00f3ria que caiu nas gra\u00e7as do p\u00fablico<\/figcaption><\/figure>\n\n\n\n<figure class=\"wp-block-image\"><img decoding=\"async\" width=\"1024\" height=\"682\" src=\"https:\/\/www.blogsoestado.com\/evandrojunior\/wp-content\/uploads\/sites\/3\/2019\/07\/WhatsApp-Image-2019-07-12-at-01.26.34-1-1-1024x682.jpeg\" alt=\"\" class=\"wp-image-2228\" srcset=\"https:\/\/www.blogsoestado.com\/evandrojunior\/wp-content\/uploads\/sites\/3\/2019\/07\/WhatsApp-Image-2019-07-12-at-01.26.34-1-1-1024x682.jpeg 1024w, https:\/\/www.blogsoestado.com\/evandrojunior\/wp-content\/uploads\/sites\/3\/2019\/07\/WhatsApp-Image-2019-07-12-at-01.26.34-1-1-300x200.jpeg 300w, https:\/\/www.blogsoestado.com\/evandrojunior\/wp-content\/uploads\/sites\/3\/2019\/07\/WhatsApp-Image-2019-07-12-at-01.26.34-1-1-768x512.jpeg 768w, https:\/\/www.blogsoestado.com\/evandrojunior\/wp-content\/uploads\/sites\/3\/2019\/07\/WhatsApp-Image-2019-07-12-at-01.26.34-1-1.jpeg 1280w\" sizes=\"(max-width: 1024px) 100vw, 1024px\" \/><figcaption>Adeilson Santos deveria ganhar um pr\u00eamio por sua atua\u00e7\u00e3o na com\u00e9dia <\/figcaption><\/figure>\n\n\n\n<figure class=\"wp-block-image\"><img decoding=\"async\" width=\"1024\" height=\"682\" src=\"https:\/\/www.blogsoestado.com\/evandrojunior\/wp-content\/uploads\/sites\/3\/2019\/07\/WhatsApp-Image-2019-07-12-at-01.26.35-1-1024x682.jpeg\" alt=\"\" class=\"wp-image-2229\" srcset=\"https:\/\/www.blogsoestado.com\/evandrojunior\/wp-content\/uploads\/sites\/3\/2019\/07\/WhatsApp-Image-2019-07-12-at-01.26.35-1-1024x682.jpeg 1024w, https:\/\/www.blogsoestado.com\/evandrojunior\/wp-content\/uploads\/sites\/3\/2019\/07\/WhatsApp-Image-2019-07-12-at-01.26.35-1-300x200.jpeg 300w, https:\/\/www.blogsoestado.com\/evandrojunior\/wp-content\/uploads\/sites\/3\/2019\/07\/WhatsApp-Image-2019-07-12-at-01.26.35-1-768x512.jpeg 768w, https:\/\/www.blogsoestado.com\/evandrojunior\/wp-content\/uploads\/sites\/3\/2019\/07\/WhatsApp-Image-2019-07-12-at-01.26.35-1.jpeg 1280w\" sizes=\"(max-width: 1024px) 100vw, 1024px\" \/><figcaption>O ator Davyd Dias \u00e9 a nova contrata\u00e7\u00e3o da Companhia Santa Ignor\u00e2ncia <\/figcaption><\/figure>\n\n\n\n<figure class=\"wp-block-image\"><img loading=\"lazy\" decoding=\"async\" width=\"1024\" height=\"682\" src=\"https:\/\/www.blogsoestado.com\/evandrojunior\/wp-content\/uploads\/sites\/3\/2019\/07\/WhatsApp-Image-2019-07-12-at-01.28.03-1-1-1-1024x682.jpeg\" alt=\"\" class=\"wp-image-2230\" srcset=\"https:\/\/www.blogsoestado.com\/evandrojunior\/wp-content\/uploads\/sites\/3\/2019\/07\/WhatsApp-Image-2019-07-12-at-01.28.03-1-1-1-1024x682.jpeg 1024w, https:\/\/www.blogsoestado.com\/evandrojunior\/wp-content\/uploads\/sites\/3\/2019\/07\/WhatsApp-Image-2019-07-12-at-01.28.03-1-1-1-300x200.jpeg 300w, https:\/\/www.blogsoestado.com\/evandrojunior\/wp-content\/uploads\/sites\/3\/2019\/07\/WhatsApp-Image-2019-07-12-at-01.28.03-1-1-1-768x512.jpeg 768w, https:\/\/www.blogsoestado.com\/evandrojunior\/wp-content\/uploads\/sites\/3\/2019\/07\/WhatsApp-Image-2019-07-12-at-01.28.03-1-1-1.jpeg 1280w\" sizes=\"(max-width: 1024px) 100vw, 1024px\" \/><figcaption>O cantor In\u00e1cio Pinheiro \u00e9 um dos convidados especiais desta temporada da com\u00e9dia <\/figcaption><\/figure>\n\n\n\n<p><\/p>\n","protected":false},"excerpt":{"rendered":"<p>S\u00e3o Lu\u00eds &#8211; Qual \u00e9 o segredo do espet\u00e1culo P\u00e3o com Ovo? A pe\u00e7a j\u00e1 foi vista por mais de [&hellip;]<\/p>\n","protected":false},"author":4,"featured_media":0,"comment_status":"open","ping_status":"open","sticky":false,"template":"","format":"standard","meta":{"site-sidebar-layout":"default","site-content-layout":"","ast-site-content-layout":"default","site-content-style":"default","site-sidebar-style":"default","ast-global-header-display":"","ast-banner-title-visibility":"","ast-main-header-display":"","ast-hfb-above-header-display":"","ast-hfb-below-header-display":"","ast-hfb-mobile-header-display":"","site-post-title":"","ast-breadcrumbs-content":"","ast-featured-img":"","footer-sml-layout":"","ast-disable-related-posts":"","theme-transparent-header-meta":"","adv-header-id-meta":"","stick-header-meta":"","header-above-stick-meta":"","header-main-stick-meta":"","header-below-stick-meta":"","astra-migrate-meta-layouts":"default","ast-page-background-enabled":"default","ast-page-background-meta":{"desktop":{"background-color":"var(--ast-global-color-5)","background-image":"","background-repeat":"repeat","background-position":"center center","background-size":"auto","background-attachment":"scroll","background-type":"","background-media":"","overlay-type":"","overlay-color":"","overlay-opacity":"","overlay-gradient":""},"tablet":{"background-color":"","background-image":"","background-repeat":"repeat","background-position":"center center","background-size":"auto","background-attachment":"scroll","background-type":"","background-media":"","overlay-type":"","overlay-color":"","overlay-opacity":"","overlay-gradient":""},"mobile":{"background-color":"","background-image":"","background-repeat":"repeat","background-position":"center center","background-size":"auto","background-attachment":"scroll","background-type":"","background-media":"","overlay-type":"","overlay-color":"","overlay-opacity":"","overlay-gradient":""}},"ast-content-background-meta":{"desktop":{"background-color":"var(--ast-global-color-4)","background-image":"","background-repeat":"repeat","background-position":"center center","background-size":"auto","background-attachment":"scroll","background-type":"","background-media":"","overlay-type":"","overlay-color":"","overlay-opacity":"","overlay-gradient":""},"tablet":{"background-color":"var(--ast-global-color-4)","background-image":"","background-repeat":"repeat","background-position":"center center","background-size":"auto","background-attachment":"scroll","background-type":"","background-media":"","overlay-type":"","overlay-color":"","overlay-opacity":"","overlay-gradient":""},"mobile":{"background-color":"var(--ast-global-color-4)","background-image":"","background-repeat":"repeat","background-position":"center center","background-size":"auto","background-attachment":"scroll","background-type":"","background-media":"","overlay-type":"","overlay-color":"","overlay-opacity":"","overlay-gradient":""}},"footnotes":""},"categories":[1],"tags":[],"class_list":["post-2222","post","type-post","status-publish","format-standard","hentry","category-sem-categoria"],"yoast_head":"<!-- This site is optimized with the Yoast SEO plugin v26.6 - https:\/\/yoast.com\/wordpress\/plugins\/seo\/ -->\n<title>Com\u00e9dia P\u00e3o com Ovo j\u00e1 foi vista por mais de 1 milh\u00e3o e 20 mil pessoas - Evandro Junior<\/title>\n<meta name=\"robots\" content=\"index, follow, max-snippet:-1, max-image-preview:large, max-video-preview:-1\" \/>\n<link rel=\"canonical\" href=\"https:\/\/www.blogsoestado.com\/evandrojunior\/2019\/07\/12\/comedia-pao-com-ovo-ja-foi-vista-por-mais-de-1-milhao-e-20-mil-pessoas\/\" \/>\n<meta property=\"og:locale\" content=\"pt_BR\" \/>\n<meta property=\"og:type\" content=\"article\" \/>\n<meta property=\"og:title\" content=\"Com\u00e9dia P\u00e3o com Ovo j\u00e1 foi vista por mais de 1 milh\u00e3o e 20 mil pessoas - Evandro Junior\" \/>\n<meta property=\"og:description\" content=\"S\u00e3o Lu\u00eds &#8211; Qual \u00e9 o segredo do espet\u00e1culo P\u00e3o com Ovo? A pe\u00e7a j\u00e1 foi vista por mais de [&hellip;]\" \/>\n<meta property=\"og:url\" content=\"https:\/\/www.blogsoestado.com\/evandrojunior\/2019\/07\/12\/comedia-pao-com-ovo-ja-foi-vista-por-mais-de-1-milhao-e-20-mil-pessoas\/\" \/>\n<meta property=\"og:site_name\" content=\"Evandro Junior\" \/>\n<meta property=\"article:published_time\" content=\"2019-07-12T21:58:30+00:00\" \/>\n<meta property=\"og:image\" content=\"https:\/\/www.blogsoestado.com\/evandrojunior\/wp-content\/uploads\/sites\/3\/2019\/07\/WhatsApp-Image-2019-07-12-at-01.28.03-1-1-1024x682.jpeg\" \/>\n<meta name=\"author\" content=\"Evandro Junior\" \/>\n<meta name=\"twitter:card\" content=\"summary_large_image\" \/>\n<meta name=\"twitter:label1\" content=\"Escrito por\" \/>\n\t<meta name=\"twitter:data1\" content=\"Evandro Junior\" \/>\n\t<meta name=\"twitter:label2\" content=\"Est. tempo de leitura\" \/>\n\t<meta name=\"twitter:data2\" content=\"2 minutos\" \/>\n<script type=\"application\/ld+json\" class=\"yoast-schema-graph\">{\"@context\":\"https:\/\/schema.org\",\"@graph\":[{\"@type\":\"WebPage\",\"@id\":\"https:\/\/www.blogsoestado.com\/evandrojunior\/2019\/07\/12\/comedia-pao-com-ovo-ja-foi-vista-por-mais-de-1-milhao-e-20-mil-pessoas\/\",\"url\":\"https:\/\/www.blogsoestado.com\/evandrojunior\/2019\/07\/12\/comedia-pao-com-ovo-ja-foi-vista-por-mais-de-1-milhao-e-20-mil-pessoas\/\",\"name\":\"Com\u00e9dia P\u00e3o com Ovo j\u00e1 foi vista por mais de 1 milh\u00e3o e 20 mil pessoas - Evandro Junior\",\"isPartOf\":{\"@id\":\"https:\/\/www.blogsoestado.com\/evandrojunior\/#website\"},\"primaryImageOfPage\":{\"@id\":\"https:\/\/www.blogsoestado.com\/evandrojunior\/2019\/07\/12\/comedia-pao-com-ovo-ja-foi-vista-por-mais-de-1-milhao-e-20-mil-pessoas\/#primaryimage\"},\"image\":{\"@id\":\"https:\/\/www.blogsoestado.com\/evandrojunior\/2019\/07\/12\/comedia-pao-com-ovo-ja-foi-vista-por-mais-de-1-milhao-e-20-mil-pessoas\/#primaryimage\"},\"thumbnailUrl\":\"https:\/\/www.blogsoestado.com\/evandrojunior\/wp-content\/uploads\/sites\/3\/2019\/07\/WhatsApp-Image-2019-07-12-at-01.28.03-1-1-1024x682.jpeg\",\"datePublished\":\"2019-07-12T21:58:30+00:00\",\"author\":{\"@id\":\"https:\/\/www.blogsoestado.com\/evandrojunior\/#\/schema\/person\/3e6c3d8dbb740d1c6878ebc935cfb3be\"},\"breadcrumb\":{\"@id\":\"https:\/\/www.blogsoestado.com\/evandrojunior\/2019\/07\/12\/comedia-pao-com-ovo-ja-foi-vista-por-mais-de-1-milhao-e-20-mil-pessoas\/#breadcrumb\"},\"inLanguage\":\"pt-BR\",\"potentialAction\":[{\"@type\":\"ReadAction\",\"target\":[\"https:\/\/www.blogsoestado.com\/evandrojunior\/2019\/07\/12\/comedia-pao-com-ovo-ja-foi-vista-por-mais-de-1-milhao-e-20-mil-pessoas\/\"]}]},{\"@type\":\"ImageObject\",\"inLanguage\":\"pt-BR\",\"@id\":\"https:\/\/www.blogsoestado.com\/evandrojunior\/2019\/07\/12\/comedia-pao-com-ovo-ja-foi-vista-por-mais-de-1-milhao-e-20-mil-pessoas\/#primaryimage\",\"url\":\"https:\/\/www.blogsoestado.com\/evandrojunior\/wp-content\/uploads\/sites\/3\/2019\/07\/WhatsApp-Image-2019-07-12-at-01.28.03-1-1-1024x682.jpeg\",\"contentUrl\":\"https:\/\/www.blogsoestado.com\/evandrojunior\/wp-content\/uploads\/sites\/3\/2019\/07\/WhatsApp-Image-2019-07-12-at-01.28.03-1-1-1024x682.jpeg\"},{\"@type\":\"BreadcrumbList\",\"@id\":\"https:\/\/www.blogsoestado.com\/evandrojunior\/2019\/07\/12\/comedia-pao-com-ovo-ja-foi-vista-por-mais-de-1-milhao-e-20-mil-pessoas\/#breadcrumb\",\"itemListElement\":[{\"@type\":\"ListItem\",\"position\":1,\"name\":\"In\u00edcio\",\"item\":\"https:\/\/www.blogsoestado.com\/evandrojunior\/\"},{\"@type\":\"ListItem\",\"position\":2,\"name\":\"Com\u00e9dia P\u00e3o com Ovo j\u00e1 foi vista por mais de 1 milh\u00e3o e 20 mil pessoas\"}]},{\"@type\":\"WebSite\",\"@id\":\"https:\/\/www.blogsoestado.com\/evandrojunior\/#website\",\"url\":\"https:\/\/www.blogsoestado.com\/evandrojunior\/\",\"name\":\"Evandro Junior\",\"description\":\"\",\"potentialAction\":[{\"@type\":\"SearchAction\",\"target\":{\"@type\":\"EntryPoint\",\"urlTemplate\":\"https:\/\/www.blogsoestado.com\/evandrojunior\/?s={search_term_string}\"},\"query-input\":{\"@type\":\"PropertyValueSpecification\",\"valueRequired\":true,\"valueName\":\"search_term_string\"}}],\"inLanguage\":\"pt-BR\"},{\"@type\":\"Person\",\"@id\":\"https:\/\/www.blogsoestado.com\/evandrojunior\/#\/schema\/person\/3e6c3d8dbb740d1c6878ebc935cfb3be\",\"name\":\"Evandro Junior\",\"image\":{\"@type\":\"ImageObject\",\"inLanguage\":\"pt-BR\",\"@id\":\"https:\/\/www.blogsoestado.com\/evandrojunior\/#\/schema\/person\/image\/\",\"url\":\"https:\/\/secure.gravatar.com\/avatar\/f80a03a2294a580cd2318bfb459bf354cfa8be661ef3d95b542cf9a04af8d129?s=96&d=mm&r=g\",\"contentUrl\":\"https:\/\/secure.gravatar.com\/avatar\/f80a03a2294a580cd2318bfb459bf354cfa8be661ef3d95b542cf9a04af8d129?s=96&d=mm&r=g\",\"caption\":\"Evandro Junior\"},\"url\":\"https:\/\/www.blogsoestado.com\/evandrojunior\/author\/evandrojunior\/\"}]}<\/script>\n<!-- \/ Yoast SEO plugin. -->","yoast_head_json":{"title":"Com\u00e9dia P\u00e3o com Ovo j\u00e1 foi vista por mais de 1 milh\u00e3o e 20 mil pessoas - Evandro Junior","robots":{"index":"index","follow":"follow","max-snippet":"max-snippet:-1","max-image-preview":"max-image-preview:large","max-video-preview":"max-video-preview:-1"},"canonical":"https:\/\/www.blogsoestado.com\/evandrojunior\/2019\/07\/12\/comedia-pao-com-ovo-ja-foi-vista-por-mais-de-1-milhao-e-20-mil-pessoas\/","og_locale":"pt_BR","og_type":"article","og_title":"Com\u00e9dia P\u00e3o com Ovo j\u00e1 foi vista por mais de 1 milh\u00e3o e 20 mil pessoas - Evandro Junior","og_description":"S\u00e3o Lu\u00eds &#8211; Qual \u00e9 o segredo do espet\u00e1culo P\u00e3o com Ovo? A pe\u00e7a j\u00e1 foi vista por mais de [&hellip;]","og_url":"https:\/\/www.blogsoestado.com\/evandrojunior\/2019\/07\/12\/comedia-pao-com-ovo-ja-foi-vista-por-mais-de-1-milhao-e-20-mil-pessoas\/","og_site_name":"Evandro Junior","article_published_time":"2019-07-12T21:58:30+00:00","og_image":[{"url":"https:\/\/www.blogsoestado.com\/evandrojunior\/wp-content\/uploads\/sites\/3\/2019\/07\/WhatsApp-Image-2019-07-12-at-01.28.03-1-1-1024x682.jpeg","type":"","width":"","height":""}],"author":"Evandro Junior","twitter_card":"summary_large_image","twitter_misc":{"Escrito por":"Evandro Junior","Est. tempo de leitura":"2 minutos"},"schema":{"@context":"https:\/\/schema.org","@graph":[{"@type":"WebPage","@id":"https:\/\/www.blogsoestado.com\/evandrojunior\/2019\/07\/12\/comedia-pao-com-ovo-ja-foi-vista-por-mais-de-1-milhao-e-20-mil-pessoas\/","url":"https:\/\/www.blogsoestado.com\/evandrojunior\/2019\/07\/12\/comedia-pao-com-ovo-ja-foi-vista-por-mais-de-1-milhao-e-20-mil-pessoas\/","name":"Com\u00e9dia P\u00e3o com Ovo j\u00e1 foi vista por mais de 1 milh\u00e3o e 20 mil pessoas - Evandro Junior","isPartOf":{"@id":"https:\/\/www.blogsoestado.com\/evandrojunior\/#website"},"primaryImageOfPage":{"@id":"https:\/\/www.blogsoestado.com\/evandrojunior\/2019\/07\/12\/comedia-pao-com-ovo-ja-foi-vista-por-mais-de-1-milhao-e-20-mil-pessoas\/#primaryimage"},"image":{"@id":"https:\/\/www.blogsoestado.com\/evandrojunior\/2019\/07\/12\/comedia-pao-com-ovo-ja-foi-vista-por-mais-de-1-milhao-e-20-mil-pessoas\/#primaryimage"},"thumbnailUrl":"https:\/\/www.blogsoestado.com\/evandrojunior\/wp-content\/uploads\/sites\/3\/2019\/07\/WhatsApp-Image-2019-07-12-at-01.28.03-1-1-1024x682.jpeg","datePublished":"2019-07-12T21:58:30+00:00","author":{"@id":"https:\/\/www.blogsoestado.com\/evandrojunior\/#\/schema\/person\/3e6c3d8dbb740d1c6878ebc935cfb3be"},"breadcrumb":{"@id":"https:\/\/www.blogsoestado.com\/evandrojunior\/2019\/07\/12\/comedia-pao-com-ovo-ja-foi-vista-por-mais-de-1-milhao-e-20-mil-pessoas\/#breadcrumb"},"inLanguage":"pt-BR","potentialAction":[{"@type":"ReadAction","target":["https:\/\/www.blogsoestado.com\/evandrojunior\/2019\/07\/12\/comedia-pao-com-ovo-ja-foi-vista-por-mais-de-1-milhao-e-20-mil-pessoas\/"]}]},{"@type":"ImageObject","inLanguage":"pt-BR","@id":"https:\/\/www.blogsoestado.com\/evandrojunior\/2019\/07\/12\/comedia-pao-com-ovo-ja-foi-vista-por-mais-de-1-milhao-e-20-mil-pessoas\/#primaryimage","url":"https:\/\/www.blogsoestado.com\/evandrojunior\/wp-content\/uploads\/sites\/3\/2019\/07\/WhatsApp-Image-2019-07-12-at-01.28.03-1-1-1024x682.jpeg","contentUrl":"https:\/\/www.blogsoestado.com\/evandrojunior\/wp-content\/uploads\/sites\/3\/2019\/07\/WhatsApp-Image-2019-07-12-at-01.28.03-1-1-1024x682.jpeg"},{"@type":"BreadcrumbList","@id":"https:\/\/www.blogsoestado.com\/evandrojunior\/2019\/07\/12\/comedia-pao-com-ovo-ja-foi-vista-por-mais-de-1-milhao-e-20-mil-pessoas\/#breadcrumb","itemListElement":[{"@type":"ListItem","position":1,"name":"In\u00edcio","item":"https:\/\/www.blogsoestado.com\/evandrojunior\/"},{"@type":"ListItem","position":2,"name":"Com\u00e9dia P\u00e3o com Ovo j\u00e1 foi vista por mais de 1 milh\u00e3o e 20 mil pessoas"}]},{"@type":"WebSite","@id":"https:\/\/www.blogsoestado.com\/evandrojunior\/#website","url":"https:\/\/www.blogsoestado.com\/evandrojunior\/","name":"Evandro Junior","description":"","potentialAction":[{"@type":"SearchAction","target":{"@type":"EntryPoint","urlTemplate":"https:\/\/www.blogsoestado.com\/evandrojunior\/?s={search_term_string}"},"query-input":{"@type":"PropertyValueSpecification","valueRequired":true,"valueName":"search_term_string"}}],"inLanguage":"pt-BR"},{"@type":"Person","@id":"https:\/\/www.blogsoestado.com\/evandrojunior\/#\/schema\/person\/3e6c3d8dbb740d1c6878ebc935cfb3be","name":"Evandro Junior","image":{"@type":"ImageObject","inLanguage":"pt-BR","@id":"https:\/\/www.blogsoestado.com\/evandrojunior\/#\/schema\/person\/image\/","url":"https:\/\/secure.gravatar.com\/avatar\/f80a03a2294a580cd2318bfb459bf354cfa8be661ef3d95b542cf9a04af8d129?s=96&d=mm&r=g","contentUrl":"https:\/\/secure.gravatar.com\/avatar\/f80a03a2294a580cd2318bfb459bf354cfa8be661ef3d95b542cf9a04af8d129?s=96&d=mm&r=g","caption":"Evandro Junior"},"url":"https:\/\/www.blogsoestado.com\/evandrojunior\/author\/evandrojunior\/"}]}},"jetpack_featured_media_url":"","_links":{"self":[{"href":"https:\/\/www.blogsoestado.com\/evandrojunior\/wp-json\/wp\/v2\/posts\/2222","targetHints":{"allow":["GET"]}}],"collection":[{"href":"https:\/\/www.blogsoestado.com\/evandrojunior\/wp-json\/wp\/v2\/posts"}],"about":[{"href":"https:\/\/www.blogsoestado.com\/evandrojunior\/wp-json\/wp\/v2\/types\/post"}],"author":[{"embeddable":true,"href":"https:\/\/www.blogsoestado.com\/evandrojunior\/wp-json\/wp\/v2\/users\/4"}],"replies":[{"embeddable":true,"href":"https:\/\/www.blogsoestado.com\/evandrojunior\/wp-json\/wp\/v2\/comments?post=2222"}],"version-history":[{"count":0,"href":"https:\/\/www.blogsoestado.com\/evandrojunior\/wp-json\/wp\/v2\/posts\/2222\/revisions"}],"wp:attachment":[{"href":"https:\/\/www.blogsoestado.com\/evandrojunior\/wp-json\/wp\/v2\/media?parent=2222"}],"wp:term":[{"taxonomy":"category","embeddable":true,"href":"https:\/\/www.blogsoestado.com\/evandrojunior\/wp-json\/wp\/v2\/categories?post=2222"},{"taxonomy":"post_tag","embeddable":true,"href":"https:\/\/www.blogsoestado.com\/evandrojunior\/wp-json\/wp\/v2\/tags?post=2222"}],"curies":[{"name":"wp","href":"https:\/\/api.w.org\/{rel}","templated":true}]}}