{"id":2273,"date":"2019-07-24T16:02:23","date_gmt":"2019-07-24T19:02:23","guid":{"rendered":"https:\/\/www.blogsoestado.com\/evandrojunior\/?p=2273"},"modified":"2019-07-24T16:02:23","modified_gmt":"2019-07-24T19:02:23","slug":"auto-da-compadecida-no-palco-do-teatro-arthur-azevedo","status":"publish","type":"post","link":"https:\/\/www.blogsoestado.com\/evandrojunior\/2019\/07\/24\/auto-da-compadecida-no-palco-do-teatro-arthur-azevedo\/","title":{"rendered":"&#8220;Auto da Compadecida&#8221; no palco do Teatro Arthur Azevedo"},"content":{"rendered":"\n<figure class=\"wp-block-image\"><img fetchpriority=\"high\" decoding=\"async\" width=\"1024\" height=\"640\" src=\"https:\/\/www.blogsoestado.com\/evandrojunior\/wp-content\/uploads\/sites\/3\/2019\/07\/OAutoDaCompadecida-193-1-1024x640.jpg\" alt=\"\" class=\"wp-image-2274\" srcset=\"https:\/\/www.blogsoestado.com\/evandrojunior\/wp-content\/uploads\/sites\/3\/2019\/07\/OAutoDaCompadecida-193-1-1024x640.jpg 1024w, https:\/\/www.blogsoestado.com\/evandrojunior\/wp-content\/uploads\/sites\/3\/2019\/07\/OAutoDaCompadecida-193-1-300x188.jpg 300w, https:\/\/www.blogsoestado.com\/evandrojunior\/wp-content\/uploads\/sites\/3\/2019\/07\/OAutoDaCompadecida-193-1-768x480.jpg 768w, https:\/\/www.blogsoestado.com\/evandrojunior\/wp-content\/uploads\/sites\/3\/2019\/07\/OAutoDaCompadecida-193-1-1536x960.jpg 1536w, https:\/\/www.blogsoestado.com\/evandrojunior\/wp-content\/uploads\/sites\/3\/2019\/07\/OAutoDaCompadecida-193-1.jpg 2024w\" sizes=\"(max-width: 1024px) 100vw, 1024px\" \/><figcaption>A pe\u00e7a conta a hist\u00f3ria de Jo\u00e3o Grilo e Chic\u00f3, dois nordestinos pobres que vivem de golpes para sobreviver<\/figcaption><\/figure>\n\n\n\n<p>S\u00e3o Lu\u00eds &#8211; Sucesso de p\u00fablico desde 2018, a com\u00e9dia &#8220;Auto da Compadecida&#8221;, da Cia de Teatro Gracielle Costa, voltar\u00e1 ao Teatro Arthur Azevedo nos dias 27 e 28 de julho, \u00e0s 19h. A pe\u00e7a foi um dos espet\u00e1culos mais esperados da Semana do Teatro no Maranh\u00e3o (2018) e do GEMA &#8211; Grandes Espet\u00e1culos do Maranh\u00e3o, realizado em fevereiro deste ano.<\/p>\n\n\n\n<p>A receptividade foi tamanha que a montagem inspirada na obra de Ariano Suassuna recebeu indica\u00e7\u00e3o ao pr\u00eamio de melhor atriz na Semana do Teatro no Maranh\u00e3o do ano passado.<\/p>\n\n\n\n<p>A pe\u00e7a conta a hist\u00f3ria de Jo\u00e3o Grilo e Chic\u00f3, dois nordestinos pobres que vivem de golpes para sobreviver. Eles est\u00e3o sempre enganando o povo do interior do Maranh\u00e3o chamado.\u00a0<\/p>\n\n\n\n<p>Jo\u00e3o Grilo e Chic\u00f3 v\u00e3o trabalhar em uma padaria e convivem com patr\u00f5es \u201cp\u00e3es duros\u201d. No decorrer da hist\u00f3ria, Chic\u00f3 se envolve com Dora, esposa do seu patr\u00e3o. Todos v\u00e3o sofrer na m\u00e3o da temida cangaceira Severina de Aracaju, que os persegue pela regi\u00e3o. Somente a apari\u00e7\u00e3o de Nossa Senhora, o Diabo e Deus poder\u00e3o salvar essa dupla.<\/p>\n\n\n\n<p>Os ingressos para assistir ao espet\u00e1culo est\u00e3o \u00e0 venda na bilheteria do Teatro Arthur Azevedo e pelo site da Bilheteria Digital (<a href=\"http:\/\/bilheteriadigital.com\/\" target=\"_blank\" rel=\"noreferrer noopener\">bilheteriadigital.com<\/a>).&nbsp;<\/p>\n","protected":false},"excerpt":{"rendered":"<p>S\u00e3o Lu\u00eds &#8211; Sucesso de p\u00fablico desde 2018, a com\u00e9dia &#8220;Auto da Compadecida&#8221;, da Cia de Teatro Gracielle Costa, voltar\u00e1 [&hellip;]<\/p>\n","protected":false},"author":4,"featured_media":0,"comment_status":"open","ping_status":"open","sticky":false,"template":"","format":"standard","meta":{"site-sidebar-layout":"default","site-content-layout":"","ast-site-content-layout":"default","site-content-style":"default","site-sidebar-style":"default","ast-global-header-display":"","ast-banner-title-visibility":"","ast-main-header-display":"","ast-hfb-above-header-display":"","ast-hfb-below-header-display":"","ast-hfb-mobile-header-display":"","site-post-title":"","ast-breadcrumbs-content":"","ast-featured-img":"","footer-sml-layout":"","ast-disable-related-posts":"","theme-transparent-header-meta":"","adv-header-id-meta":"","stick-header-meta":"","header-above-stick-meta":"","header-main-stick-meta":"","header-below-stick-meta":"","astra-migrate-meta-layouts":"default","ast-page-background-enabled":"default","ast-page-background-meta":{"desktop":{"background-color":"var(--ast-global-color-5)","background-image":"","background-repeat":"repeat","background-position":"center center","background-size":"auto","background-attachment":"scroll","background-type":"","background-media":"","overlay-type":"","overlay-color":"","overlay-opacity":"","overlay-gradient":""},"tablet":{"background-color":"","background-image":"","background-repeat":"repeat","background-position":"center center","background-size":"auto","background-attachment":"scroll","background-type":"","background-media":"","overlay-type":"","overlay-color":"","overlay-opacity":"","overlay-gradient":""},"mobile":{"background-color":"","background-image":"","background-repeat":"repeat","background-position":"center center","background-size":"auto","background-attachment":"scroll","background-type":"","background-media":"","overlay-type":"","overlay-color":"","overlay-opacity":"","overlay-gradient":""}},"ast-content-background-meta":{"desktop":{"background-color":"var(--ast-global-color-4)","background-image":"","background-repeat":"repeat","background-position":"center center","background-size":"auto","background-attachment":"scroll","background-type":"","background-media":"","overlay-type":"","overlay-color":"","overlay-opacity":"","overlay-gradient":""},"tablet":{"background-color":"var(--ast-global-color-4)","background-image":"","background-repeat":"repeat","background-position":"center center","background-size":"auto","background-attachment":"scroll","background-type":"","background-media":"","overlay-type":"","overlay-color":"","overlay-opacity":"","overlay-gradient":""},"mobile":{"background-color":"var(--ast-global-color-4)","background-image":"","background-repeat":"repeat","background-position":"center center","background-size":"auto","background-attachment":"scroll","background-type":"","background-media":"","overlay-type":"","overlay-color":"","overlay-opacity":"","overlay-gradient":""}},"footnotes":""},"categories":[1],"tags":[],"class_list":["post-2273","post","type-post","status-publish","format-standard","hentry","category-sem-categoria"],"yoast_head":"<!-- This site is optimized with the Yoast SEO plugin v26.6 - https:\/\/yoast.com\/wordpress\/plugins\/seo\/ -->\n<title>&quot;Auto da Compadecida&quot; no palco do Teatro Arthur Azevedo - Evandro Junior<\/title>\n<meta name=\"robots\" content=\"index, follow, max-snippet:-1, max-image-preview:large, max-video-preview:-1\" \/>\n<link rel=\"canonical\" href=\"https:\/\/www.blogsoestado.com\/evandrojunior\/2019\/07\/24\/auto-da-compadecida-no-palco-do-teatro-arthur-azevedo\/\" \/>\n<meta property=\"og:locale\" content=\"pt_BR\" \/>\n<meta property=\"og:type\" content=\"article\" \/>\n<meta property=\"og:title\" content=\"&quot;Auto da Compadecida&quot; no palco do Teatro Arthur Azevedo - Evandro Junior\" \/>\n<meta property=\"og:description\" content=\"S\u00e3o Lu\u00eds &#8211; Sucesso de p\u00fablico desde 2018, a com\u00e9dia &#8220;Auto da Compadecida&#8221;, da Cia de Teatro Gracielle Costa, voltar\u00e1 [&hellip;]\" \/>\n<meta property=\"og:url\" content=\"https:\/\/www.blogsoestado.com\/evandrojunior\/2019\/07\/24\/auto-da-compadecida-no-palco-do-teatro-arthur-azevedo\/\" \/>\n<meta property=\"og:site_name\" content=\"Evandro Junior\" \/>\n<meta property=\"article:published_time\" content=\"2019-07-24T19:02:23+00:00\" \/>\n<meta property=\"og:image\" content=\"https:\/\/www.blogsoestado.com\/evandrojunior\/wp-content\/uploads\/sites\/3\/2019\/07\/OAutoDaCompadecida-193-1-1024x640.jpg\" \/>\n<meta name=\"author\" content=\"Evandro Junior\" \/>\n<meta name=\"twitter:card\" content=\"summary_large_image\" \/>\n<meta name=\"twitter:label1\" content=\"Escrito por\" \/>\n\t<meta name=\"twitter:data1\" content=\"Evandro Junior\" \/>\n\t<meta name=\"twitter:label2\" content=\"Est. tempo de leitura\" \/>\n\t<meta name=\"twitter:data2\" content=\"1 minuto\" \/>\n<script type=\"application\/ld+json\" class=\"yoast-schema-graph\">{\"@context\":\"https:\/\/schema.org\",\"@graph\":[{\"@type\":\"WebPage\",\"@id\":\"https:\/\/www.blogsoestado.com\/evandrojunior\/2019\/07\/24\/auto-da-compadecida-no-palco-do-teatro-arthur-azevedo\/\",\"url\":\"https:\/\/www.blogsoestado.com\/evandrojunior\/2019\/07\/24\/auto-da-compadecida-no-palco-do-teatro-arthur-azevedo\/\",\"name\":\"\\\"Auto da Compadecida\\\" no palco do Teatro Arthur Azevedo - Evandro Junior\",\"isPartOf\":{\"@id\":\"https:\/\/www.blogsoestado.com\/evandrojunior\/#website\"},\"primaryImageOfPage\":{\"@id\":\"https:\/\/www.blogsoestado.com\/evandrojunior\/2019\/07\/24\/auto-da-compadecida-no-palco-do-teatro-arthur-azevedo\/#primaryimage\"},\"image\":{\"@id\":\"https:\/\/www.blogsoestado.com\/evandrojunior\/2019\/07\/24\/auto-da-compadecida-no-palco-do-teatro-arthur-azevedo\/#primaryimage\"},\"thumbnailUrl\":\"https:\/\/www.blogsoestado.com\/evandrojunior\/wp-content\/uploads\/sites\/3\/2019\/07\/OAutoDaCompadecida-193-1-1024x640.jpg\",\"datePublished\":\"2019-07-24T19:02:23+00:00\",\"author\":{\"@id\":\"https:\/\/www.blogsoestado.com\/evandrojunior\/#\/schema\/person\/3e6c3d8dbb740d1c6878ebc935cfb3be\"},\"breadcrumb\":{\"@id\":\"https:\/\/www.blogsoestado.com\/evandrojunior\/2019\/07\/24\/auto-da-compadecida-no-palco-do-teatro-arthur-azevedo\/#breadcrumb\"},\"inLanguage\":\"pt-BR\",\"potentialAction\":[{\"@type\":\"ReadAction\",\"target\":[\"https:\/\/www.blogsoestado.com\/evandrojunior\/2019\/07\/24\/auto-da-compadecida-no-palco-do-teatro-arthur-azevedo\/\"]}]},{\"@type\":\"ImageObject\",\"inLanguage\":\"pt-BR\",\"@id\":\"https:\/\/www.blogsoestado.com\/evandrojunior\/2019\/07\/24\/auto-da-compadecida-no-palco-do-teatro-arthur-azevedo\/#primaryimage\",\"url\":\"https:\/\/www.blogsoestado.com\/evandrojunior\/wp-content\/uploads\/sites\/3\/2019\/07\/OAutoDaCompadecida-193-1.jpg\",\"contentUrl\":\"https:\/\/www.blogsoestado.com\/evandrojunior\/wp-content\/uploads\/sites\/3\/2019\/07\/OAutoDaCompadecida-193-1.jpg\",\"width\":2024,\"height\":1265,\"caption\":\"A pe\u00e7a conta a hist\u00f3ria de Jo\u00e3o Grilo e Chic\u00f3, dois nordestinos pobres que vivem de golpes para sobreviver\"},{\"@type\":\"BreadcrumbList\",\"@id\":\"https:\/\/www.blogsoestado.com\/evandrojunior\/2019\/07\/24\/auto-da-compadecida-no-palco-do-teatro-arthur-azevedo\/#breadcrumb\",\"itemListElement\":[{\"@type\":\"ListItem\",\"position\":1,\"name\":\"In\u00edcio\",\"item\":\"https:\/\/www.blogsoestado.com\/evandrojunior\/\"},{\"@type\":\"ListItem\",\"position\":2,\"name\":\"&#8220;Auto da Compadecida&#8221; no palco do Teatro Arthur Azevedo\"}]},{\"@type\":\"WebSite\",\"@id\":\"https:\/\/www.blogsoestado.com\/evandrojunior\/#website\",\"url\":\"https:\/\/www.blogsoestado.com\/evandrojunior\/\",\"name\":\"Evandro Junior\",\"description\":\"\",\"potentialAction\":[{\"@type\":\"SearchAction\",\"target\":{\"@type\":\"EntryPoint\",\"urlTemplate\":\"https:\/\/www.blogsoestado.com\/evandrojunior\/?s={search_term_string}\"},\"query-input\":{\"@type\":\"PropertyValueSpecification\",\"valueRequired\":true,\"valueName\":\"search_term_string\"}}],\"inLanguage\":\"pt-BR\"},{\"@type\":\"Person\",\"@id\":\"https:\/\/www.blogsoestado.com\/evandrojunior\/#\/schema\/person\/3e6c3d8dbb740d1c6878ebc935cfb3be\",\"name\":\"Evandro Junior\",\"image\":{\"@type\":\"ImageObject\",\"inLanguage\":\"pt-BR\",\"@id\":\"https:\/\/www.blogsoestado.com\/evandrojunior\/#\/schema\/person\/image\/\",\"url\":\"https:\/\/secure.gravatar.com\/avatar\/f80a03a2294a580cd2318bfb459bf354cfa8be661ef3d95b542cf9a04af8d129?s=96&d=mm&r=g\",\"contentUrl\":\"https:\/\/secure.gravatar.com\/avatar\/f80a03a2294a580cd2318bfb459bf354cfa8be661ef3d95b542cf9a04af8d129?s=96&d=mm&r=g\",\"caption\":\"Evandro Junior\"},\"url\":\"https:\/\/www.blogsoestado.com\/evandrojunior\/author\/evandrojunior\/\"}]}<\/script>\n<!-- \/ Yoast SEO plugin. -->","yoast_head_json":{"title":"\"Auto da Compadecida\" no palco do Teatro Arthur Azevedo - Evandro Junior","robots":{"index":"index","follow":"follow","max-snippet":"max-snippet:-1","max-image-preview":"max-image-preview:large","max-video-preview":"max-video-preview:-1"},"canonical":"https:\/\/www.blogsoestado.com\/evandrojunior\/2019\/07\/24\/auto-da-compadecida-no-palco-do-teatro-arthur-azevedo\/","og_locale":"pt_BR","og_type":"article","og_title":"\"Auto da Compadecida\" no palco do Teatro Arthur Azevedo - Evandro Junior","og_description":"S\u00e3o Lu\u00eds &#8211; Sucesso de p\u00fablico desde 2018, a com\u00e9dia &#8220;Auto da Compadecida&#8221;, da Cia de Teatro Gracielle Costa, voltar\u00e1 [&hellip;]","og_url":"https:\/\/www.blogsoestado.com\/evandrojunior\/2019\/07\/24\/auto-da-compadecida-no-palco-do-teatro-arthur-azevedo\/","og_site_name":"Evandro Junior","article_published_time":"2019-07-24T19:02:23+00:00","og_image":[{"url":"https:\/\/www.blogsoestado.com\/evandrojunior\/wp-content\/uploads\/sites\/3\/2019\/07\/OAutoDaCompadecida-193-1-1024x640.jpg","type":"","width":"","height":""}],"author":"Evandro Junior","twitter_card":"summary_large_image","twitter_misc":{"Escrito por":"Evandro Junior","Est. tempo de leitura":"1 minuto"},"schema":{"@context":"https:\/\/schema.org","@graph":[{"@type":"WebPage","@id":"https:\/\/www.blogsoestado.com\/evandrojunior\/2019\/07\/24\/auto-da-compadecida-no-palco-do-teatro-arthur-azevedo\/","url":"https:\/\/www.blogsoestado.com\/evandrojunior\/2019\/07\/24\/auto-da-compadecida-no-palco-do-teatro-arthur-azevedo\/","name":"\"Auto da Compadecida\" no palco do Teatro Arthur Azevedo - Evandro Junior","isPartOf":{"@id":"https:\/\/www.blogsoestado.com\/evandrojunior\/#website"},"primaryImageOfPage":{"@id":"https:\/\/www.blogsoestado.com\/evandrojunior\/2019\/07\/24\/auto-da-compadecida-no-palco-do-teatro-arthur-azevedo\/#primaryimage"},"image":{"@id":"https:\/\/www.blogsoestado.com\/evandrojunior\/2019\/07\/24\/auto-da-compadecida-no-palco-do-teatro-arthur-azevedo\/#primaryimage"},"thumbnailUrl":"https:\/\/www.blogsoestado.com\/evandrojunior\/wp-content\/uploads\/sites\/3\/2019\/07\/OAutoDaCompadecida-193-1-1024x640.jpg","datePublished":"2019-07-24T19:02:23+00:00","author":{"@id":"https:\/\/www.blogsoestado.com\/evandrojunior\/#\/schema\/person\/3e6c3d8dbb740d1c6878ebc935cfb3be"},"breadcrumb":{"@id":"https:\/\/www.blogsoestado.com\/evandrojunior\/2019\/07\/24\/auto-da-compadecida-no-palco-do-teatro-arthur-azevedo\/#breadcrumb"},"inLanguage":"pt-BR","potentialAction":[{"@type":"ReadAction","target":["https:\/\/www.blogsoestado.com\/evandrojunior\/2019\/07\/24\/auto-da-compadecida-no-palco-do-teatro-arthur-azevedo\/"]}]},{"@type":"ImageObject","inLanguage":"pt-BR","@id":"https:\/\/www.blogsoestado.com\/evandrojunior\/2019\/07\/24\/auto-da-compadecida-no-palco-do-teatro-arthur-azevedo\/#primaryimage","url":"https:\/\/www.blogsoestado.com\/evandrojunior\/wp-content\/uploads\/sites\/3\/2019\/07\/OAutoDaCompadecida-193-1.jpg","contentUrl":"https:\/\/www.blogsoestado.com\/evandrojunior\/wp-content\/uploads\/sites\/3\/2019\/07\/OAutoDaCompadecida-193-1.jpg","width":2024,"height":1265,"caption":"A pe\u00e7a conta a hist\u00f3ria de Jo\u00e3o Grilo e Chic\u00f3, dois nordestinos pobres que vivem de golpes para sobreviver"},{"@type":"BreadcrumbList","@id":"https:\/\/www.blogsoestado.com\/evandrojunior\/2019\/07\/24\/auto-da-compadecida-no-palco-do-teatro-arthur-azevedo\/#breadcrumb","itemListElement":[{"@type":"ListItem","position":1,"name":"In\u00edcio","item":"https:\/\/www.blogsoestado.com\/evandrojunior\/"},{"@type":"ListItem","position":2,"name":"&#8220;Auto da Compadecida&#8221; no palco do Teatro Arthur Azevedo"}]},{"@type":"WebSite","@id":"https:\/\/www.blogsoestado.com\/evandrojunior\/#website","url":"https:\/\/www.blogsoestado.com\/evandrojunior\/","name":"Evandro Junior","description":"","potentialAction":[{"@type":"SearchAction","target":{"@type":"EntryPoint","urlTemplate":"https:\/\/www.blogsoestado.com\/evandrojunior\/?s={search_term_string}"},"query-input":{"@type":"PropertyValueSpecification","valueRequired":true,"valueName":"search_term_string"}}],"inLanguage":"pt-BR"},{"@type":"Person","@id":"https:\/\/www.blogsoestado.com\/evandrojunior\/#\/schema\/person\/3e6c3d8dbb740d1c6878ebc935cfb3be","name":"Evandro Junior","image":{"@type":"ImageObject","inLanguage":"pt-BR","@id":"https:\/\/www.blogsoestado.com\/evandrojunior\/#\/schema\/person\/image\/","url":"https:\/\/secure.gravatar.com\/avatar\/f80a03a2294a580cd2318bfb459bf354cfa8be661ef3d95b542cf9a04af8d129?s=96&d=mm&r=g","contentUrl":"https:\/\/secure.gravatar.com\/avatar\/f80a03a2294a580cd2318bfb459bf354cfa8be661ef3d95b542cf9a04af8d129?s=96&d=mm&r=g","caption":"Evandro Junior"},"url":"https:\/\/www.blogsoestado.com\/evandrojunior\/author\/evandrojunior\/"}]}},"jetpack_featured_media_url":"","_links":{"self":[{"href":"https:\/\/www.blogsoestado.com\/evandrojunior\/wp-json\/wp\/v2\/posts\/2273","targetHints":{"allow":["GET"]}}],"collection":[{"href":"https:\/\/www.blogsoestado.com\/evandrojunior\/wp-json\/wp\/v2\/posts"}],"about":[{"href":"https:\/\/www.blogsoestado.com\/evandrojunior\/wp-json\/wp\/v2\/types\/post"}],"author":[{"embeddable":true,"href":"https:\/\/www.blogsoestado.com\/evandrojunior\/wp-json\/wp\/v2\/users\/4"}],"replies":[{"embeddable":true,"href":"https:\/\/www.blogsoestado.com\/evandrojunior\/wp-json\/wp\/v2\/comments?post=2273"}],"version-history":[{"count":0,"href":"https:\/\/www.blogsoestado.com\/evandrojunior\/wp-json\/wp\/v2\/posts\/2273\/revisions"}],"wp:attachment":[{"href":"https:\/\/www.blogsoestado.com\/evandrojunior\/wp-json\/wp\/v2\/media?parent=2273"}],"wp:term":[{"taxonomy":"category","embeddable":true,"href":"https:\/\/www.blogsoestado.com\/evandrojunior\/wp-json\/wp\/v2\/categories?post=2273"},{"taxonomy":"post_tag","embeddable":true,"href":"https:\/\/www.blogsoestado.com\/evandrojunior\/wp-json\/wp\/v2\/tags?post=2273"}],"curies":[{"name":"wp","href":"https:\/\/api.w.org\/{rel}","templated":true}]}}