{"id":2317,"date":"2019-08-06T15:50:04","date_gmt":"2019-08-06T18:50:04","guid":{"rendered":"https:\/\/www.blogsoestado.com\/evandrojunior\/?p=2317"},"modified":"2019-08-06T15:50:04","modified_gmt":"2019-08-06T18:50:04","slug":"almoco-dos-pais-no-blue-tree-towers-tera-show-de-marconi-rezende","status":"publish","type":"post","link":"https:\/\/www.blogsoestado.com\/evandrojunior\/2019\/08\/06\/almoco-dos-pais-no-blue-tree-towers-tera-show-de-marconi-rezende\/","title":{"rendered":"Almo\u00e7o dos pais no Blue Tree Towers ter\u00e1 show de Marconi Rezende"},"content":{"rendered":"\n<figure class=\"wp-block-image\"><img fetchpriority=\"high\" decoding=\"async\" width=\"556\" height=\"804\" src=\"https:\/\/www.blogsoestado.com\/evandrojunior\/wp-content\/uploads\/sites\/3\/2019\/08\/Marconi-1-1.jpg\" alt=\"\" class=\"wp-image-2318\" srcset=\"https:\/\/www.blogsoestado.com\/evandrojunior\/wp-content\/uploads\/sites\/3\/2019\/08\/Marconi-1-1.jpg 556w, https:\/\/www.blogsoestado.com\/evandrojunior\/wp-content\/uploads\/sites\/3\/2019\/08\/Marconi-1-1-207x300.jpg 207w\" sizes=\"(max-width: 556px) 100vw, 556px\" \/><figcaption>O cantor Marconi Rezende \u00e9 presen\u00e7a confirmada no almo\u00e7o em homenagem ao Dia dos Pais no Blue Tree Towers Hotel<\/figcaption><\/figure>\n\n\n\n<p>S\u00e3o Lu\u00eds &#8211; O cantor Marconi Rezende ser\u00e1 a grande atra\u00e7\u00e3o do almo\u00e7o do Dia dos Pais do pr\u00f3ximo domingo, 11, no Blue Tree Towers S\u00e3o Lu\u00eds.<\/p>\n\n\n\n<p> Dono de uma trajet\u00f3ria musical de mais de 25 anos, Marconi Rezende promete uma empolgante apresenta\u00e7\u00e3o, com o melhor da m\u00fasica popular brasileira. Para o domingo de celebra\u00e7\u00e3o, o menu especial leva a assinatura do chef Rilson Tiburtino.<\/p>\n\n\n\n<p>Marconi Rezende iniciou a carreira musical por volta de 1992, no bar Deusimar, na Avenida Litor\u00e2nea. Nessa \u00e9poca, j\u00e1 atraia numeroso p\u00fablico, gra\u00e7as ao seu repert\u00f3rio refinado, com can\u00e7\u00f5es de Jo\u00e3o Bosco, Tom Jobim e Chico Buarque. <\/p>\n\n\n\n<p>Ele toca e comp\u00f5e desde os 18 anos. Dom herdado do pai, o violonista Chico Rezende, que j\u00e1 se foi. <\/p>\n\n\n\n<p><strong>Anote<\/strong>:<\/p>\n\n\n\n<p>O qu\u00ea<\/p>\n\n\n\n<p>Almo\u00e7o Especial Dia dos Pais com Marconi Rezende<\/p>\n\n\n\n<p>Onde<\/p>\n\n\n\n<p> Hotel Blue Tree Towers S\u00e3o Lu\u00eds<\/p>\n\n\n\n<p>Quando<\/p>\n\n\n\n<p>Neste domingo, 11 de agosto<\/p>\n\n\n\n<p>Quanto: R$ 140,00 por pessoa<\/p>\n\n\n\n<p>Reservas: 2106-0505<\/p>\n\n\n\n<p>*******************************************************<\/p>\n\n\n\n<p><\/p>\n\n\n\n<p><strong>S\u00e3o Domingos em celebra\u00e7\u00e3o por tr\u00eas d\u00e9cadas de trabalho<\/strong><\/p>\n\n\n\n<p>O Hospital S\u00e3o Domingos comemorou seus 30 anos de labor incessante em prol da sa\u00fade com uma solenidade no Teatro Arthur Azevedo. Na oportunidade, sua trajet\u00f3ria de sucesso no Maranh\u00e3o foi contada de maneira teatralizada a partir de um interessante espet\u00e1culo, que contou, ainda, com a performance afinada da Orquestra Guajajaras. Os anfitri\u00f5es eram H\u00e9lio Mendes e Maria Ant\u00f4nia Andrade da Silva, fundadores do hospital <\/p>\n\n\n\n<figure class=\"wp-block-image\"><img decoding=\"async\" width=\"1024\" height=\"688\" src=\"https:\/\/www.blogsoestado.com\/evandrojunior\/wp-content\/uploads\/sites\/3\/2019\/08\/FOTO-1-1-1024x688.jpg\" alt=\"\" class=\"wp-image-2319\" srcset=\"https:\/\/www.blogsoestado.com\/evandrojunior\/wp-content\/uploads\/sites\/3\/2019\/08\/FOTO-1-1-1024x688.jpg 1024w, https:\/\/www.blogsoestado.com\/evandrojunior\/wp-content\/uploads\/sites\/3\/2019\/08\/FOTO-1-1-300x202.jpg 300w, https:\/\/www.blogsoestado.com\/evandrojunior\/wp-content\/uploads\/sites\/3\/2019\/08\/FOTO-1-1-768x516.jpg 768w, https:\/\/www.blogsoestado.com\/evandrojunior\/wp-content\/uploads\/sites\/3\/2019\/08\/FOTO-1-1.jpg 1280w\" sizes=\"(max-width: 1024px) 100vw, 1024px\" \/><figcaption>Dr. H\u00e9lio Mendes da Silva e Maria Ant\u00f4nia Andrade da Silva, fundadores do Hospital S\u00e3o Domingos<br><br> ******************************************************* <\/figcaption><\/figure>\n\n\n\n<p><strong>Para eles<\/strong><\/p>\n\n\n\n<p>Com a chegada do m\u00eas do bom gosto, as aten\u00e7\u00f5es nos lares voltam-se para o&nbsp;Dia&nbsp;dos&nbsp;Pais. O que dar de presente para um her\u00f3i? Essa d\u00favida, claro, paira na cabe\u00e7a dos filhos. Que tal roupas que deixem eles mais bonitos e \u00e0 vontade. Em S\u00e3o Lu\u00eds, as lojas da&nbsp;Calvin&nbsp;Klein&nbsp;e Tommy Hilfiger&nbsp;(ambas no S\u00e3o Lu\u00eds Shopping) v\u00e3o bombar com suas belas camisas, bermudas e acess\u00f3rios.<\/p>\n\n\n\n<p><strong>Meta: mil bolsas<\/strong><\/p>\n\n\n\n<p>Agosto \u00e9 o m\u00eas da campanha de doa\u00e7\u00e3o de sangue capitaneada pelo Grupo Merc\u00fario e suas diversas empresas da \u00e1rea da sa\u00fade.&nbsp;Pelo quarto ano consecutivo, ele cai em campo em prol do Hemomar e a meta \u00e9 ainda mais arrojada: coletar mil bolsas de sangue at\u00e9 o dia 31.<\/p>\n\n\n\n<p><strong>Linha descendente<\/strong><\/p>\n\n\n\n<p>O poder de consumo da maior parte da popula\u00e7\u00e3o segue uma linha descendente. Ou seja, resultado da carga tribut\u00e1ria no Brasil, que est\u00e1 pr\u00f3xima de 40% do Produto Interno Bruto. No entanto, os s\u00e1bios da gest\u00e3o p\u00fablica sempre recorrem \u00e0 eleva\u00e7\u00e3o de impostos, acreditando que esta \u00e9 a solu\u00e7\u00e3o mais f\u00e1cil e confort\u00e1vel. Mas n\u00e3o \u00e9!&nbsp;<\/p>\n","protected":false},"excerpt":{"rendered":"<p>S\u00e3o Lu\u00eds &#8211; O cantor Marconi Rezende ser\u00e1 a grande atra\u00e7\u00e3o do almo\u00e7o do Dia dos Pais do pr\u00f3ximo domingo, [&hellip;]<\/p>\n","protected":false},"author":4,"featured_media":0,"comment_status":"open","ping_status":"open","sticky":false,"template":"","format":"standard","meta":{"site-sidebar-layout":"default","site-content-layout":"","ast-site-content-layout":"default","site-content-style":"default","site-sidebar-style":"default","ast-global-header-display":"","ast-banner-title-visibility":"","ast-main-header-display":"","ast-hfb-above-header-display":"","ast-hfb-below-header-display":"","ast-hfb-mobile-header-display":"","site-post-title":"","ast-breadcrumbs-content":"","ast-featured-img":"","footer-sml-layout":"","ast-disable-related-posts":"","theme-transparent-header-meta":"","adv-header-id-meta":"","stick-header-meta":"","header-above-stick-meta":"","header-main-stick-meta":"","header-below-stick-meta":"","astra-migrate-meta-layouts":"default","ast-page-background-enabled":"default","ast-page-background-meta":{"desktop":{"background-color":"var(--ast-global-color-5)","background-image":"","background-repeat":"repeat","background-position":"center center","background-size":"auto","background-attachment":"scroll","background-type":"","background-media":"","overlay-type":"","overlay-color":"","overlay-opacity":"","overlay-gradient":""},"tablet":{"background-color":"","background-image":"","background-repeat":"repeat","background-position":"center center","background-size":"auto","background-attachment":"scroll","background-type":"","background-media":"","overlay-type":"","overlay-color":"","overlay-opacity":"","overlay-gradient":""},"mobile":{"background-color":"","background-image":"","background-repeat":"repeat","background-position":"center center","background-size":"auto","background-attachment":"scroll","background-type":"","background-media":"","overlay-type":"","overlay-color":"","overlay-opacity":"","overlay-gradient":""}},"ast-content-background-meta":{"desktop":{"background-color":"var(--ast-global-color-4)","background-image":"","background-repeat":"repeat","background-position":"center center","background-size":"auto","background-attachment":"scroll","background-type":"","background-media":"","overlay-type":"","overlay-color":"","overlay-opacity":"","overlay-gradient":""},"tablet":{"background-color":"var(--ast-global-color-4)","background-image":"","background-repeat":"repeat","background-position":"center center","background-size":"auto","background-attachment":"scroll","background-type":"","background-media":"","overlay-type":"","overlay-color":"","overlay-opacity":"","overlay-gradient":""},"mobile":{"background-color":"var(--ast-global-color-4)","background-image":"","background-repeat":"repeat","background-position":"center center","background-size":"auto","background-attachment":"scroll","background-type":"","background-media":"","overlay-type":"","overlay-color":"","overlay-opacity":"","overlay-gradient":""}},"footnotes":""},"categories":[1],"tags":[],"class_list":["post-2317","post","type-post","status-publish","format-standard","hentry","category-sem-categoria"],"yoast_head":"<!-- This site is optimized with the Yoast SEO plugin v26.6 - https:\/\/yoast.com\/wordpress\/plugins\/seo\/ -->\n<title>Almo\u00e7o dos pais no Blue Tree Towers ter\u00e1 show de Marconi Rezende - Evandro Junior<\/title>\n<meta name=\"robots\" content=\"index, follow, max-snippet:-1, max-image-preview:large, max-video-preview:-1\" \/>\n<link rel=\"canonical\" href=\"https:\/\/www.blogsoestado.com\/evandrojunior\/2019\/08\/06\/almoco-dos-pais-no-blue-tree-towers-tera-show-de-marconi-rezende\/\" \/>\n<meta property=\"og:locale\" content=\"pt_BR\" \/>\n<meta property=\"og:type\" content=\"article\" \/>\n<meta property=\"og:title\" content=\"Almo\u00e7o dos pais no Blue Tree Towers ter\u00e1 show de Marconi Rezende - Evandro Junior\" \/>\n<meta property=\"og:description\" content=\"S\u00e3o Lu\u00eds &#8211; O cantor Marconi Rezende ser\u00e1 a grande atra\u00e7\u00e3o do almo\u00e7o do Dia dos Pais do pr\u00f3ximo domingo, [&hellip;]\" \/>\n<meta property=\"og:url\" content=\"https:\/\/www.blogsoestado.com\/evandrojunior\/2019\/08\/06\/almoco-dos-pais-no-blue-tree-towers-tera-show-de-marconi-rezende\/\" \/>\n<meta property=\"og:site_name\" content=\"Evandro Junior\" \/>\n<meta property=\"article:published_time\" content=\"2019-08-06T18:50:04+00:00\" \/>\n<meta property=\"og:image\" content=\"https:\/\/www.blogsoestado.com\/evandrojunior\/wp-content\/uploads\/sites\/3\/2019\/08\/Marconi-1-1.jpg\" \/>\n<meta name=\"author\" content=\"Evandro Junior\" \/>\n<meta name=\"twitter:card\" content=\"summary_large_image\" \/>\n<meta name=\"twitter:label1\" content=\"Escrito por\" \/>\n\t<meta name=\"twitter:data1\" content=\"Evandro Junior\" \/>\n\t<meta name=\"twitter:label2\" content=\"Est. tempo de leitura\" \/>\n\t<meta name=\"twitter:data2\" content=\"3 minutos\" \/>\n<script type=\"application\/ld+json\" class=\"yoast-schema-graph\">{\"@context\":\"https:\/\/schema.org\",\"@graph\":[{\"@type\":\"WebPage\",\"@id\":\"https:\/\/www.blogsoestado.com\/evandrojunior\/2019\/08\/06\/almoco-dos-pais-no-blue-tree-towers-tera-show-de-marconi-rezende\/\",\"url\":\"https:\/\/www.blogsoestado.com\/evandrojunior\/2019\/08\/06\/almoco-dos-pais-no-blue-tree-towers-tera-show-de-marconi-rezende\/\",\"name\":\"Almo\u00e7o dos pais no Blue Tree Towers ter\u00e1 show de Marconi Rezende - Evandro Junior\",\"isPartOf\":{\"@id\":\"https:\/\/www.blogsoestado.com\/evandrojunior\/#website\"},\"primaryImageOfPage\":{\"@id\":\"https:\/\/www.blogsoestado.com\/evandrojunior\/2019\/08\/06\/almoco-dos-pais-no-blue-tree-towers-tera-show-de-marconi-rezende\/#primaryimage\"},\"image\":{\"@id\":\"https:\/\/www.blogsoestado.com\/evandrojunior\/2019\/08\/06\/almoco-dos-pais-no-blue-tree-towers-tera-show-de-marconi-rezende\/#primaryimage\"},\"thumbnailUrl\":\"https:\/\/www.blogsoestado.com\/evandrojunior\/wp-content\/uploads\/sites\/3\/2019\/08\/Marconi-1-1.jpg\",\"datePublished\":\"2019-08-06T18:50:04+00:00\",\"author\":{\"@id\":\"https:\/\/www.blogsoestado.com\/evandrojunior\/#\/schema\/person\/3e6c3d8dbb740d1c6878ebc935cfb3be\"},\"breadcrumb\":{\"@id\":\"https:\/\/www.blogsoestado.com\/evandrojunior\/2019\/08\/06\/almoco-dos-pais-no-blue-tree-towers-tera-show-de-marconi-rezende\/#breadcrumb\"},\"inLanguage\":\"pt-BR\",\"potentialAction\":[{\"@type\":\"ReadAction\",\"target\":[\"https:\/\/www.blogsoestado.com\/evandrojunior\/2019\/08\/06\/almoco-dos-pais-no-blue-tree-towers-tera-show-de-marconi-rezende\/\"]}]},{\"@type\":\"ImageObject\",\"inLanguage\":\"pt-BR\",\"@id\":\"https:\/\/www.blogsoestado.com\/evandrojunior\/2019\/08\/06\/almoco-dos-pais-no-blue-tree-towers-tera-show-de-marconi-rezende\/#primaryimage\",\"url\":\"https:\/\/www.blogsoestado.com\/evandrojunior\/wp-content\/uploads\/sites\/3\/2019\/08\/Marconi-1-1.jpg\",\"contentUrl\":\"https:\/\/www.blogsoestado.com\/evandrojunior\/wp-content\/uploads\/sites\/3\/2019\/08\/Marconi-1-1.jpg\",\"width\":556,\"height\":804},{\"@type\":\"BreadcrumbList\",\"@id\":\"https:\/\/www.blogsoestado.com\/evandrojunior\/2019\/08\/06\/almoco-dos-pais-no-blue-tree-towers-tera-show-de-marconi-rezende\/#breadcrumb\",\"itemListElement\":[{\"@type\":\"ListItem\",\"position\":1,\"name\":\"In\u00edcio\",\"item\":\"https:\/\/www.blogsoestado.com\/evandrojunior\/\"},{\"@type\":\"ListItem\",\"position\":2,\"name\":\"Almo\u00e7o dos pais no Blue Tree Towers ter\u00e1 show de Marconi Rezende\"}]},{\"@type\":\"WebSite\",\"@id\":\"https:\/\/www.blogsoestado.com\/evandrojunior\/#website\",\"url\":\"https:\/\/www.blogsoestado.com\/evandrojunior\/\",\"name\":\"Evandro Junior\",\"description\":\"\",\"potentialAction\":[{\"@type\":\"SearchAction\",\"target\":{\"@type\":\"EntryPoint\",\"urlTemplate\":\"https:\/\/www.blogsoestado.com\/evandrojunior\/?s={search_term_string}\"},\"query-input\":{\"@type\":\"PropertyValueSpecification\",\"valueRequired\":true,\"valueName\":\"search_term_string\"}}],\"inLanguage\":\"pt-BR\"},{\"@type\":\"Person\",\"@id\":\"https:\/\/www.blogsoestado.com\/evandrojunior\/#\/schema\/person\/3e6c3d8dbb740d1c6878ebc935cfb3be\",\"name\":\"Evandro Junior\",\"image\":{\"@type\":\"ImageObject\",\"inLanguage\":\"pt-BR\",\"@id\":\"https:\/\/www.blogsoestado.com\/evandrojunior\/#\/schema\/person\/image\/\",\"url\":\"https:\/\/secure.gravatar.com\/avatar\/f80a03a2294a580cd2318bfb459bf354cfa8be661ef3d95b542cf9a04af8d129?s=96&d=mm&r=g\",\"contentUrl\":\"https:\/\/secure.gravatar.com\/avatar\/f80a03a2294a580cd2318bfb459bf354cfa8be661ef3d95b542cf9a04af8d129?s=96&d=mm&r=g\",\"caption\":\"Evandro Junior\"},\"url\":\"https:\/\/www.blogsoestado.com\/evandrojunior\/author\/evandrojunior\/\"}]}<\/script>\n<!-- \/ Yoast SEO plugin. -->","yoast_head_json":{"title":"Almo\u00e7o dos pais no Blue Tree Towers ter\u00e1 show de Marconi Rezende - Evandro Junior","robots":{"index":"index","follow":"follow","max-snippet":"max-snippet:-1","max-image-preview":"max-image-preview:large","max-video-preview":"max-video-preview:-1"},"canonical":"https:\/\/www.blogsoestado.com\/evandrojunior\/2019\/08\/06\/almoco-dos-pais-no-blue-tree-towers-tera-show-de-marconi-rezende\/","og_locale":"pt_BR","og_type":"article","og_title":"Almo\u00e7o dos pais no Blue Tree Towers ter\u00e1 show de Marconi Rezende - Evandro Junior","og_description":"S\u00e3o Lu\u00eds &#8211; O cantor Marconi Rezende ser\u00e1 a grande atra\u00e7\u00e3o do almo\u00e7o do Dia dos Pais do pr\u00f3ximo domingo, [&hellip;]","og_url":"https:\/\/www.blogsoestado.com\/evandrojunior\/2019\/08\/06\/almoco-dos-pais-no-blue-tree-towers-tera-show-de-marconi-rezende\/","og_site_name":"Evandro Junior","article_published_time":"2019-08-06T18:50:04+00:00","og_image":[{"url":"https:\/\/www.blogsoestado.com\/evandrojunior\/wp-content\/uploads\/sites\/3\/2019\/08\/Marconi-1-1.jpg","type":"","width":"","height":""}],"author":"Evandro Junior","twitter_card":"summary_large_image","twitter_misc":{"Escrito por":"Evandro Junior","Est. tempo de leitura":"3 minutos"},"schema":{"@context":"https:\/\/schema.org","@graph":[{"@type":"WebPage","@id":"https:\/\/www.blogsoestado.com\/evandrojunior\/2019\/08\/06\/almoco-dos-pais-no-blue-tree-towers-tera-show-de-marconi-rezende\/","url":"https:\/\/www.blogsoestado.com\/evandrojunior\/2019\/08\/06\/almoco-dos-pais-no-blue-tree-towers-tera-show-de-marconi-rezende\/","name":"Almo\u00e7o dos pais no Blue Tree Towers ter\u00e1 show de Marconi Rezende - Evandro Junior","isPartOf":{"@id":"https:\/\/www.blogsoestado.com\/evandrojunior\/#website"},"primaryImageOfPage":{"@id":"https:\/\/www.blogsoestado.com\/evandrojunior\/2019\/08\/06\/almoco-dos-pais-no-blue-tree-towers-tera-show-de-marconi-rezende\/#primaryimage"},"image":{"@id":"https:\/\/www.blogsoestado.com\/evandrojunior\/2019\/08\/06\/almoco-dos-pais-no-blue-tree-towers-tera-show-de-marconi-rezende\/#primaryimage"},"thumbnailUrl":"https:\/\/www.blogsoestado.com\/evandrojunior\/wp-content\/uploads\/sites\/3\/2019\/08\/Marconi-1-1.jpg","datePublished":"2019-08-06T18:50:04+00:00","author":{"@id":"https:\/\/www.blogsoestado.com\/evandrojunior\/#\/schema\/person\/3e6c3d8dbb740d1c6878ebc935cfb3be"},"breadcrumb":{"@id":"https:\/\/www.blogsoestado.com\/evandrojunior\/2019\/08\/06\/almoco-dos-pais-no-blue-tree-towers-tera-show-de-marconi-rezende\/#breadcrumb"},"inLanguage":"pt-BR","potentialAction":[{"@type":"ReadAction","target":["https:\/\/www.blogsoestado.com\/evandrojunior\/2019\/08\/06\/almoco-dos-pais-no-blue-tree-towers-tera-show-de-marconi-rezende\/"]}]},{"@type":"ImageObject","inLanguage":"pt-BR","@id":"https:\/\/www.blogsoestado.com\/evandrojunior\/2019\/08\/06\/almoco-dos-pais-no-blue-tree-towers-tera-show-de-marconi-rezende\/#primaryimage","url":"https:\/\/www.blogsoestado.com\/evandrojunior\/wp-content\/uploads\/sites\/3\/2019\/08\/Marconi-1-1.jpg","contentUrl":"https:\/\/www.blogsoestado.com\/evandrojunior\/wp-content\/uploads\/sites\/3\/2019\/08\/Marconi-1-1.jpg","width":556,"height":804},{"@type":"BreadcrumbList","@id":"https:\/\/www.blogsoestado.com\/evandrojunior\/2019\/08\/06\/almoco-dos-pais-no-blue-tree-towers-tera-show-de-marconi-rezende\/#breadcrumb","itemListElement":[{"@type":"ListItem","position":1,"name":"In\u00edcio","item":"https:\/\/www.blogsoestado.com\/evandrojunior\/"},{"@type":"ListItem","position":2,"name":"Almo\u00e7o dos pais no Blue Tree Towers ter\u00e1 show de Marconi Rezende"}]},{"@type":"WebSite","@id":"https:\/\/www.blogsoestado.com\/evandrojunior\/#website","url":"https:\/\/www.blogsoestado.com\/evandrojunior\/","name":"Evandro Junior","description":"","potentialAction":[{"@type":"SearchAction","target":{"@type":"EntryPoint","urlTemplate":"https:\/\/www.blogsoestado.com\/evandrojunior\/?s={search_term_string}"},"query-input":{"@type":"PropertyValueSpecification","valueRequired":true,"valueName":"search_term_string"}}],"inLanguage":"pt-BR"},{"@type":"Person","@id":"https:\/\/www.blogsoestado.com\/evandrojunior\/#\/schema\/person\/3e6c3d8dbb740d1c6878ebc935cfb3be","name":"Evandro Junior","image":{"@type":"ImageObject","inLanguage":"pt-BR","@id":"https:\/\/www.blogsoestado.com\/evandrojunior\/#\/schema\/person\/image\/","url":"https:\/\/secure.gravatar.com\/avatar\/f80a03a2294a580cd2318bfb459bf354cfa8be661ef3d95b542cf9a04af8d129?s=96&d=mm&r=g","contentUrl":"https:\/\/secure.gravatar.com\/avatar\/f80a03a2294a580cd2318bfb459bf354cfa8be661ef3d95b542cf9a04af8d129?s=96&d=mm&r=g","caption":"Evandro Junior"},"url":"https:\/\/www.blogsoestado.com\/evandrojunior\/author\/evandrojunior\/"}]}},"jetpack_featured_media_url":"","_links":{"self":[{"href":"https:\/\/www.blogsoestado.com\/evandrojunior\/wp-json\/wp\/v2\/posts\/2317","targetHints":{"allow":["GET"]}}],"collection":[{"href":"https:\/\/www.blogsoestado.com\/evandrojunior\/wp-json\/wp\/v2\/posts"}],"about":[{"href":"https:\/\/www.blogsoestado.com\/evandrojunior\/wp-json\/wp\/v2\/types\/post"}],"author":[{"embeddable":true,"href":"https:\/\/www.blogsoestado.com\/evandrojunior\/wp-json\/wp\/v2\/users\/4"}],"replies":[{"embeddable":true,"href":"https:\/\/www.blogsoestado.com\/evandrojunior\/wp-json\/wp\/v2\/comments?post=2317"}],"version-history":[{"count":0,"href":"https:\/\/www.blogsoestado.com\/evandrojunior\/wp-json\/wp\/v2\/posts\/2317\/revisions"}],"wp:attachment":[{"href":"https:\/\/www.blogsoestado.com\/evandrojunior\/wp-json\/wp\/v2\/media?parent=2317"}],"wp:term":[{"taxonomy":"category","embeddable":true,"href":"https:\/\/www.blogsoestado.com\/evandrojunior\/wp-json\/wp\/v2\/categories?post=2317"},{"taxonomy":"post_tag","embeddable":true,"href":"https:\/\/www.blogsoestado.com\/evandrojunior\/wp-json\/wp\/v2\/tags?post=2317"}],"curies":[{"name":"wp","href":"https:\/\/api.w.org\/{rel}","templated":true}]}}