{"id":2330,"date":"2019-08-07T20:45:56","date_gmt":"2019-08-07T23:45:56","guid":{"rendered":"https:\/\/www.blogsoestado.com\/evandrojunior\/?p=2330"},"modified":"2019-08-07T20:45:56","modified_gmt":"2019-08-07T23:45:56","slug":"art-popular-e-cavalo-de-pau-na-tom-music-nesta-sexta-feira","status":"publish","type":"post","link":"https:\/\/www.blogsoestado.com\/evandrojunior\/2019\/08\/07\/art-popular-e-cavalo-de-pau-na-tom-music-nesta-sexta-feira\/","title":{"rendered":"Art Popular e Cavalo de Pau na Tom Music nesta sexta-feira"},"content":{"rendered":"\n<figure class=\"wp-block-image\"><img fetchpriority=\"high\" decoding=\"async\" width=\"717\" height=\"406\" src=\"https:\/\/www.blogsoestado.com\/evandrojunior\/wp-content\/uploads\/sites\/3\/2019\/08\/art-popular-1.jpg\" alt=\"\" class=\"wp-image-2331\" srcset=\"https:\/\/www.blogsoestado.com\/evandrojunior\/wp-content\/uploads\/sites\/3\/2019\/08\/art-popular-1.jpg 717w, https:\/\/www.blogsoestado.com\/evandrojunior\/wp-content\/uploads\/sites\/3\/2019\/08\/art-popular-1-300x170.jpg 300w\" sizes=\"(max-width: 717px) 100vw, 717px\" \/><figcaption>Os integrantes do grupo de pagode Art Popular<\/figcaption><\/figure>\n\n\n\n<p><strong>S\u00e3o Lu\u00eds<\/strong> &#8211; Duas grandes atra\u00e7\u00f5es prometem ferver a noite desta sexta-feira na Tom Music (Turu), em S\u00e3o Lu\u00eds: o grupo de pagode Art Popular (&#8220;ela est\u00e1 dan\u00e7ando e o Pimpolho est\u00e1 de olho&#8230;&#8221;) e a banda de forr\u00f3 Cavalo de Pau, que s\u00e3o os convidados especiais do \u201cBaile do Pimpolho\u201d. Al\u00e9m deles, se apresentar\u00e3o os rapazes do grupo Argumento.<\/p>\n\n\n\n<p>A Tom Music,\u00a0\u00a0para quem n\u00e3o sabe. est\u00e1 localizada na Avenida S\u00e3o Lu\u00eds Rei de Fran\u00e7a. O endere\u00e7o \u00e9 bastante movimentado aos fins de semana, atraindo expressivo n\u00famero de jovens.  <\/p>\n\n\n\n<figure class=\"wp-block-image\"><img decoding=\"async\" width=\"1011\" height=\"533\" src=\"https:\/\/www.blogsoestado.com\/evandrojunior\/wp-content\/uploads\/sites\/3\/2019\/08\/CAVALO-DE-PAU-1.jpg\" alt=\"\" class=\"wp-image-2332\" srcset=\"https:\/\/www.blogsoestado.com\/evandrojunior\/wp-content\/uploads\/sites\/3\/2019\/08\/CAVALO-DE-PAU-1.jpg 1011w, https:\/\/www.blogsoestado.com\/evandrojunior\/wp-content\/uploads\/sites\/3\/2019\/08\/CAVALO-DE-PAU-1-300x158.jpg 300w, https:\/\/www.blogsoestado.com\/evandrojunior\/wp-content\/uploads\/sites\/3\/2019\/08\/CAVALO-DE-PAU-1-768x405.jpg 768w\" sizes=\"(max-width: 1011px) 100vw, 1011px\" \/><figcaption>O forr\u00f3 est\u00e1 garantido com a banda Cavalo de Pau  no &#8220;Baile do Pimpolho&#8221;<\/figcaption><\/figure>\n\n\n\n<p><strong>Servi\u00e7o<\/strong><\/p>\n\n\n\n<p><strong>O que<\/strong><\/p>\n\n\n\n<p> Baile do Pimpolho <\/p>\n\n\n\n<p><strong>Quando<\/strong><\/p>\n\n\n\n<p>Nesta sexta-feira, dia 9 de agosto<\/p>\n\n\n\n<p><strong>Onde<\/strong><\/p>\n\n\n\n<p>Tom Music (Turu)<\/p>\n\n\n\n<p><strong>Ingressos<\/strong>: R$ 40,00 (pista) e R$ 70,00 (camarote)<\/p>\n\n\n\n<p>Reservas e mais informa\u00e7\u00f5es: (98) 99101-73 01<\/p>\n\n\n\n<p>Pontos de venda antecipados:<\/p>\n\n\n\n<p>Bilheteria Digital do: Shopping da Ilha, Rio Anil Shopping e Rio Poty Hotel<\/p>\n","protected":false},"excerpt":{"rendered":"<p>S\u00e3o Lu\u00eds &#8211; Duas grandes atra\u00e7\u00f5es prometem ferver a noite desta sexta-feira na Tom Music (Turu), em S\u00e3o Lu\u00eds: o [&hellip;]<\/p>\n","protected":false},"author":4,"featured_media":0,"comment_status":"open","ping_status":"open","sticky":false,"template":"","format":"standard","meta":{"site-sidebar-layout":"default","site-content-layout":"","ast-site-content-layout":"default","site-content-style":"default","site-sidebar-style":"default","ast-global-header-display":"","ast-banner-title-visibility":"","ast-main-header-display":"","ast-hfb-above-header-display":"","ast-hfb-below-header-display":"","ast-hfb-mobile-header-display":"","site-post-title":"","ast-breadcrumbs-content":"","ast-featured-img":"","footer-sml-layout":"","ast-disable-related-posts":"","theme-transparent-header-meta":"","adv-header-id-meta":"","stick-header-meta":"","header-above-stick-meta":"","header-main-stick-meta":"","header-below-stick-meta":"","astra-migrate-meta-layouts":"default","ast-page-background-enabled":"default","ast-page-background-meta":{"desktop":{"background-color":"var(--ast-global-color-5)","background-image":"","background-repeat":"repeat","background-position":"center center","background-size":"auto","background-attachment":"scroll","background-type":"","background-media":"","overlay-type":"","overlay-color":"","overlay-opacity":"","overlay-gradient":""},"tablet":{"background-color":"","background-image":"","background-repeat":"repeat","background-position":"center center","background-size":"auto","background-attachment":"scroll","background-type":"","background-media":"","overlay-type":"","overlay-color":"","overlay-opacity":"","overlay-gradient":""},"mobile":{"background-color":"","background-image":"","background-repeat":"repeat","background-position":"center center","background-size":"auto","background-attachment":"scroll","background-type":"","background-media":"","overlay-type":"","overlay-color":"","overlay-opacity":"","overlay-gradient":""}},"ast-content-background-meta":{"desktop":{"background-color":"var(--ast-global-color-4)","background-image":"","background-repeat":"repeat","background-position":"center center","background-size":"auto","background-attachment":"scroll","background-type":"","background-media":"","overlay-type":"","overlay-color":"","overlay-opacity":"","overlay-gradient":""},"tablet":{"background-color":"var(--ast-global-color-4)","background-image":"","background-repeat":"repeat","background-position":"center center","background-size":"auto","background-attachment":"scroll","background-type":"","background-media":"","overlay-type":"","overlay-color":"","overlay-opacity":"","overlay-gradient":""},"mobile":{"background-color":"var(--ast-global-color-4)","background-image":"","background-repeat":"repeat","background-position":"center center","background-size":"auto","background-attachment":"scroll","background-type":"","background-media":"","overlay-type":"","overlay-color":"","overlay-opacity":"","overlay-gradient":""}},"footnotes":""},"categories":[1],"tags":[],"class_list":["post-2330","post","type-post","status-publish","format-standard","hentry","category-sem-categoria"],"yoast_head":"<!-- This site is optimized with the Yoast SEO plugin v26.6 - https:\/\/yoast.com\/wordpress\/plugins\/seo\/ -->\n<title>Art Popular e Cavalo de Pau na Tom Music nesta sexta-feira - Evandro Junior<\/title>\n<meta name=\"robots\" content=\"index, follow, max-snippet:-1, max-image-preview:large, max-video-preview:-1\" \/>\n<link rel=\"canonical\" href=\"https:\/\/www.blogsoestado.com\/evandrojunior\/2019\/08\/07\/art-popular-e-cavalo-de-pau-na-tom-music-nesta-sexta-feira\/\" \/>\n<meta property=\"og:locale\" content=\"pt_BR\" \/>\n<meta property=\"og:type\" content=\"article\" \/>\n<meta property=\"og:title\" content=\"Art Popular e Cavalo de Pau na Tom Music nesta sexta-feira - Evandro Junior\" \/>\n<meta property=\"og:description\" content=\"S\u00e3o Lu\u00eds &#8211; Duas grandes atra\u00e7\u00f5es prometem ferver a noite desta sexta-feira na Tom Music (Turu), em S\u00e3o Lu\u00eds: o [&hellip;]\" \/>\n<meta property=\"og:url\" content=\"https:\/\/www.blogsoestado.com\/evandrojunior\/2019\/08\/07\/art-popular-e-cavalo-de-pau-na-tom-music-nesta-sexta-feira\/\" \/>\n<meta property=\"og:site_name\" content=\"Evandro Junior\" \/>\n<meta property=\"article:published_time\" content=\"2019-08-07T23:45:56+00:00\" \/>\n<meta property=\"og:image\" content=\"https:\/\/www.blogsoestado.com\/evandrojunior\/wp-content\/uploads\/sites\/3\/2019\/08\/art-popular-1.jpg\" \/>\n<meta name=\"author\" content=\"Evandro Junior\" \/>\n<meta name=\"twitter:card\" content=\"summary_large_image\" \/>\n<meta name=\"twitter:label1\" content=\"Escrito por\" \/>\n\t<meta name=\"twitter:data1\" content=\"Evandro Junior\" \/>\n\t<meta name=\"twitter:label2\" content=\"Est. tempo de leitura\" \/>\n\t<meta name=\"twitter:data2\" content=\"1 minuto\" \/>\n<script type=\"application\/ld+json\" class=\"yoast-schema-graph\">{\"@context\":\"https:\/\/schema.org\",\"@graph\":[{\"@type\":\"WebPage\",\"@id\":\"https:\/\/www.blogsoestado.com\/evandrojunior\/2019\/08\/07\/art-popular-e-cavalo-de-pau-na-tom-music-nesta-sexta-feira\/\",\"url\":\"https:\/\/www.blogsoestado.com\/evandrojunior\/2019\/08\/07\/art-popular-e-cavalo-de-pau-na-tom-music-nesta-sexta-feira\/\",\"name\":\"Art Popular e Cavalo de Pau na Tom Music nesta sexta-feira - Evandro Junior\",\"isPartOf\":{\"@id\":\"https:\/\/www.blogsoestado.com\/evandrojunior\/#website\"},\"primaryImageOfPage\":{\"@id\":\"https:\/\/www.blogsoestado.com\/evandrojunior\/2019\/08\/07\/art-popular-e-cavalo-de-pau-na-tom-music-nesta-sexta-feira\/#primaryimage\"},\"image\":{\"@id\":\"https:\/\/www.blogsoestado.com\/evandrojunior\/2019\/08\/07\/art-popular-e-cavalo-de-pau-na-tom-music-nesta-sexta-feira\/#primaryimage\"},\"thumbnailUrl\":\"https:\/\/www.blogsoestado.com\/evandrojunior\/wp-content\/uploads\/sites\/3\/2019\/08\/art-popular-1.jpg\",\"datePublished\":\"2019-08-07T23:45:56+00:00\",\"author\":{\"@id\":\"https:\/\/www.blogsoestado.com\/evandrojunior\/#\/schema\/person\/3e6c3d8dbb740d1c6878ebc935cfb3be\"},\"breadcrumb\":{\"@id\":\"https:\/\/www.blogsoestado.com\/evandrojunior\/2019\/08\/07\/art-popular-e-cavalo-de-pau-na-tom-music-nesta-sexta-feira\/#breadcrumb\"},\"inLanguage\":\"pt-BR\",\"potentialAction\":[{\"@type\":\"ReadAction\",\"target\":[\"https:\/\/www.blogsoestado.com\/evandrojunior\/2019\/08\/07\/art-popular-e-cavalo-de-pau-na-tom-music-nesta-sexta-feira\/\"]}]},{\"@type\":\"ImageObject\",\"inLanguage\":\"pt-BR\",\"@id\":\"https:\/\/www.blogsoestado.com\/evandrojunior\/2019\/08\/07\/art-popular-e-cavalo-de-pau-na-tom-music-nesta-sexta-feira\/#primaryimage\",\"url\":\"https:\/\/www.blogsoestado.com\/evandrojunior\/wp-content\/uploads\/sites\/3\/2019\/08\/art-popular-1.jpg\",\"contentUrl\":\"https:\/\/www.blogsoestado.com\/evandrojunior\/wp-content\/uploads\/sites\/3\/2019\/08\/art-popular-1.jpg\",\"width\":717,\"height\":406,\"caption\":\"O grupo de pagode Art Popular\"},{\"@type\":\"BreadcrumbList\",\"@id\":\"https:\/\/www.blogsoestado.com\/evandrojunior\/2019\/08\/07\/art-popular-e-cavalo-de-pau-na-tom-music-nesta-sexta-feira\/#breadcrumb\",\"itemListElement\":[{\"@type\":\"ListItem\",\"position\":1,\"name\":\"In\u00edcio\",\"item\":\"https:\/\/www.blogsoestado.com\/evandrojunior\/\"},{\"@type\":\"ListItem\",\"position\":2,\"name\":\"Art Popular e Cavalo de Pau na Tom Music nesta sexta-feira\"}]},{\"@type\":\"WebSite\",\"@id\":\"https:\/\/www.blogsoestado.com\/evandrojunior\/#website\",\"url\":\"https:\/\/www.blogsoestado.com\/evandrojunior\/\",\"name\":\"Evandro Junior\",\"description\":\"\",\"potentialAction\":[{\"@type\":\"SearchAction\",\"target\":{\"@type\":\"EntryPoint\",\"urlTemplate\":\"https:\/\/www.blogsoestado.com\/evandrojunior\/?s={search_term_string}\"},\"query-input\":{\"@type\":\"PropertyValueSpecification\",\"valueRequired\":true,\"valueName\":\"search_term_string\"}}],\"inLanguage\":\"pt-BR\"},{\"@type\":\"Person\",\"@id\":\"https:\/\/www.blogsoestado.com\/evandrojunior\/#\/schema\/person\/3e6c3d8dbb740d1c6878ebc935cfb3be\",\"name\":\"Evandro Junior\",\"image\":{\"@type\":\"ImageObject\",\"inLanguage\":\"pt-BR\",\"@id\":\"https:\/\/www.blogsoestado.com\/evandrojunior\/#\/schema\/person\/image\/\",\"url\":\"https:\/\/secure.gravatar.com\/avatar\/f80a03a2294a580cd2318bfb459bf354cfa8be661ef3d95b542cf9a04af8d129?s=96&d=mm&r=g\",\"contentUrl\":\"https:\/\/secure.gravatar.com\/avatar\/f80a03a2294a580cd2318bfb459bf354cfa8be661ef3d95b542cf9a04af8d129?s=96&d=mm&r=g\",\"caption\":\"Evandro Junior\"},\"url\":\"https:\/\/www.blogsoestado.com\/evandrojunior\/author\/evandrojunior\/\"}]}<\/script>\n<!-- \/ Yoast SEO plugin. -->","yoast_head_json":{"title":"Art Popular e Cavalo de Pau na Tom Music nesta sexta-feira - Evandro Junior","robots":{"index":"index","follow":"follow","max-snippet":"max-snippet:-1","max-image-preview":"max-image-preview:large","max-video-preview":"max-video-preview:-1"},"canonical":"https:\/\/www.blogsoestado.com\/evandrojunior\/2019\/08\/07\/art-popular-e-cavalo-de-pau-na-tom-music-nesta-sexta-feira\/","og_locale":"pt_BR","og_type":"article","og_title":"Art Popular e Cavalo de Pau na Tom Music nesta sexta-feira - Evandro Junior","og_description":"S\u00e3o Lu\u00eds &#8211; Duas grandes atra\u00e7\u00f5es prometem ferver a noite desta sexta-feira na Tom Music (Turu), em S\u00e3o Lu\u00eds: o [&hellip;]","og_url":"https:\/\/www.blogsoestado.com\/evandrojunior\/2019\/08\/07\/art-popular-e-cavalo-de-pau-na-tom-music-nesta-sexta-feira\/","og_site_name":"Evandro Junior","article_published_time":"2019-08-07T23:45:56+00:00","og_image":[{"url":"https:\/\/www.blogsoestado.com\/evandrojunior\/wp-content\/uploads\/sites\/3\/2019\/08\/art-popular-1.jpg","type":"","width":"","height":""}],"author":"Evandro Junior","twitter_card":"summary_large_image","twitter_misc":{"Escrito por":"Evandro Junior","Est. tempo de leitura":"1 minuto"},"schema":{"@context":"https:\/\/schema.org","@graph":[{"@type":"WebPage","@id":"https:\/\/www.blogsoestado.com\/evandrojunior\/2019\/08\/07\/art-popular-e-cavalo-de-pau-na-tom-music-nesta-sexta-feira\/","url":"https:\/\/www.blogsoestado.com\/evandrojunior\/2019\/08\/07\/art-popular-e-cavalo-de-pau-na-tom-music-nesta-sexta-feira\/","name":"Art Popular e Cavalo de Pau na Tom Music nesta sexta-feira - Evandro Junior","isPartOf":{"@id":"https:\/\/www.blogsoestado.com\/evandrojunior\/#website"},"primaryImageOfPage":{"@id":"https:\/\/www.blogsoestado.com\/evandrojunior\/2019\/08\/07\/art-popular-e-cavalo-de-pau-na-tom-music-nesta-sexta-feira\/#primaryimage"},"image":{"@id":"https:\/\/www.blogsoestado.com\/evandrojunior\/2019\/08\/07\/art-popular-e-cavalo-de-pau-na-tom-music-nesta-sexta-feira\/#primaryimage"},"thumbnailUrl":"https:\/\/www.blogsoestado.com\/evandrojunior\/wp-content\/uploads\/sites\/3\/2019\/08\/art-popular-1.jpg","datePublished":"2019-08-07T23:45:56+00:00","author":{"@id":"https:\/\/www.blogsoestado.com\/evandrojunior\/#\/schema\/person\/3e6c3d8dbb740d1c6878ebc935cfb3be"},"breadcrumb":{"@id":"https:\/\/www.blogsoestado.com\/evandrojunior\/2019\/08\/07\/art-popular-e-cavalo-de-pau-na-tom-music-nesta-sexta-feira\/#breadcrumb"},"inLanguage":"pt-BR","potentialAction":[{"@type":"ReadAction","target":["https:\/\/www.blogsoestado.com\/evandrojunior\/2019\/08\/07\/art-popular-e-cavalo-de-pau-na-tom-music-nesta-sexta-feira\/"]}]},{"@type":"ImageObject","inLanguage":"pt-BR","@id":"https:\/\/www.blogsoestado.com\/evandrojunior\/2019\/08\/07\/art-popular-e-cavalo-de-pau-na-tom-music-nesta-sexta-feira\/#primaryimage","url":"https:\/\/www.blogsoestado.com\/evandrojunior\/wp-content\/uploads\/sites\/3\/2019\/08\/art-popular-1.jpg","contentUrl":"https:\/\/www.blogsoestado.com\/evandrojunior\/wp-content\/uploads\/sites\/3\/2019\/08\/art-popular-1.jpg","width":717,"height":406,"caption":"O grupo de pagode Art Popular"},{"@type":"BreadcrumbList","@id":"https:\/\/www.blogsoestado.com\/evandrojunior\/2019\/08\/07\/art-popular-e-cavalo-de-pau-na-tom-music-nesta-sexta-feira\/#breadcrumb","itemListElement":[{"@type":"ListItem","position":1,"name":"In\u00edcio","item":"https:\/\/www.blogsoestado.com\/evandrojunior\/"},{"@type":"ListItem","position":2,"name":"Art Popular e Cavalo de Pau na Tom Music nesta sexta-feira"}]},{"@type":"WebSite","@id":"https:\/\/www.blogsoestado.com\/evandrojunior\/#website","url":"https:\/\/www.blogsoestado.com\/evandrojunior\/","name":"Evandro Junior","description":"","potentialAction":[{"@type":"SearchAction","target":{"@type":"EntryPoint","urlTemplate":"https:\/\/www.blogsoestado.com\/evandrojunior\/?s={search_term_string}"},"query-input":{"@type":"PropertyValueSpecification","valueRequired":true,"valueName":"search_term_string"}}],"inLanguage":"pt-BR"},{"@type":"Person","@id":"https:\/\/www.blogsoestado.com\/evandrojunior\/#\/schema\/person\/3e6c3d8dbb740d1c6878ebc935cfb3be","name":"Evandro Junior","image":{"@type":"ImageObject","inLanguage":"pt-BR","@id":"https:\/\/www.blogsoestado.com\/evandrojunior\/#\/schema\/person\/image\/","url":"https:\/\/secure.gravatar.com\/avatar\/f80a03a2294a580cd2318bfb459bf354cfa8be661ef3d95b542cf9a04af8d129?s=96&d=mm&r=g","contentUrl":"https:\/\/secure.gravatar.com\/avatar\/f80a03a2294a580cd2318bfb459bf354cfa8be661ef3d95b542cf9a04af8d129?s=96&d=mm&r=g","caption":"Evandro Junior"},"url":"https:\/\/www.blogsoestado.com\/evandrojunior\/author\/evandrojunior\/"}]}},"jetpack_featured_media_url":"","_links":{"self":[{"href":"https:\/\/www.blogsoestado.com\/evandrojunior\/wp-json\/wp\/v2\/posts\/2330","targetHints":{"allow":["GET"]}}],"collection":[{"href":"https:\/\/www.blogsoestado.com\/evandrojunior\/wp-json\/wp\/v2\/posts"}],"about":[{"href":"https:\/\/www.blogsoestado.com\/evandrojunior\/wp-json\/wp\/v2\/types\/post"}],"author":[{"embeddable":true,"href":"https:\/\/www.blogsoestado.com\/evandrojunior\/wp-json\/wp\/v2\/users\/4"}],"replies":[{"embeddable":true,"href":"https:\/\/www.blogsoestado.com\/evandrojunior\/wp-json\/wp\/v2\/comments?post=2330"}],"version-history":[{"count":0,"href":"https:\/\/www.blogsoestado.com\/evandrojunior\/wp-json\/wp\/v2\/posts\/2330\/revisions"}],"wp:attachment":[{"href":"https:\/\/www.blogsoestado.com\/evandrojunior\/wp-json\/wp\/v2\/media?parent=2330"}],"wp:term":[{"taxonomy":"category","embeddable":true,"href":"https:\/\/www.blogsoestado.com\/evandrojunior\/wp-json\/wp\/v2\/categories?post=2330"},{"taxonomy":"post_tag","embeddable":true,"href":"https:\/\/www.blogsoestado.com\/evandrojunior\/wp-json\/wp\/v2\/tags?post=2330"}],"curies":[{"name":"wp","href":"https:\/\/api.w.org\/{rel}","templated":true}]}}