{"id":2397,"date":"2019-09-05T17:03:51","date_gmt":"2019-09-05T20:03:51","guid":{"rendered":"https:\/\/www.blogsoestado.com\/evandrojunior\/?p=2397"},"modified":"2019-09-05T17:03:51","modified_gmt":"2019-09-05T20:03:51","slug":"feriado-promete-movimentar-barra-grande-no-piaui","status":"publish","type":"post","link":"https:\/\/www.blogsoestado.com\/evandrojunior\/2019\/09\/05\/feriado-promete-movimentar-barra-grande-no-piaui\/","title":{"rendered":"Feriado promete movimentar Barra Grande, no Piau\u00ed"},"content":{"rendered":"\n<figure class=\"wp-block-image\"><img fetchpriority=\"high\" decoding=\"async\" width=\"500\" height=\"500\" src=\"https:\/\/www.blogsoestado.com\/evandrojunior\/wp-content\/uploads\/sites\/3\/2019\/09\/Pedro-Sampaio-do-hit-Bota-pra-tremer-encerra-a-programacao-do-We-Love-BG.jpg\" alt=\"\" class=\"wp-image-2398\" srcset=\"https:\/\/www.blogsoestado.com\/evandrojunior\/wp-content\/uploads\/sites\/3\/2019\/09\/Pedro-Sampaio-do-hit-Bota-pra-tremer-encerra-a-programacao-do-We-Love-BG.jpg 500w, https:\/\/www.blogsoestado.com\/evandrojunior\/wp-content\/uploads\/sites\/3\/2019\/09\/Pedro-Sampaio-do-hit-Bota-pra-tremer-encerra-a-programacao-do-We-Love-BG-300x300.jpg 300w, https:\/\/www.blogsoestado.com\/evandrojunior\/wp-content\/uploads\/sites\/3\/2019\/09\/Pedro-Sampaio-do-hit-Bota-pra-tremer-encerra-a-programacao-do-We-Love-BG-150x150.jpg 150w\" sizes=\"(max-width: 500px) 100vw, 500px\" \/><figcaption>Pedro Sampaio, do hit &#8220;Bota pra Tremer&#8221;, vai encerrar a programa\u00e7\u00e3o <\/figcaption><\/figure>\n\n\n\n<p>S\u00e3o Lu\u00eds &#8211; M\u00fasica, aquela turma mais descolada do Brasil, praia paradis\u00edaca e uma vibe extraordin\u00e1ria. Estamos falando da \u201cWe Love BG\u201d, um badalado evento que come\u00e7a sexta-feira (6) e segue at\u00e9 domingo, dia 8, em Barra Grande, mais precisamente em Cajueiro da Praia.<\/p>\n\n\n\n<p>Tudo indica que teremos maranhenses por l\u00e1. No s\u00e1bado, dia 7, o traje ser\u00e1 branco, mas com uma mistura mais praiana.<\/p>\n\n\n\n<p>Na programa\u00e7\u00e3o, Bhaskar, Ralk, Teles, Doozie, Fi\u00faza,  Guga Guizelini, Onabeat, Rodmac, Lari Gadotti, Belotto, Pedro Sampaio, Eric Land, Wori, Italo Sax e Olaf.<\/p>\n\n\n\n<p>Nos dois primeiros dias, os eventos ser\u00e3o realizados na Bobz Resort e no \u00faltimo dia, na Manat\u00ed. <\/p>\n\n\n\n<p>\u00daltimas hospedagens por meio do n\u00famero (86) 99437-0110 e ingressos no site\u00a0<a rel=\"noreferrer noopener\" href=\"http:\/\/www.ingresse.com\/\" target=\"_blank\">www.ingresse.com<\/a>.\u00a0<\/p>\n","protected":false},"excerpt":{"rendered":"<p>S\u00e3o Lu\u00eds &#8211; M\u00fasica, aquela turma mais descolada do Brasil, praia paradis\u00edaca e uma vibe extraordin\u00e1ria. Estamos falando da \u201cWe [&hellip;]<\/p>\n","protected":false},"author":4,"featured_media":0,"comment_status":"open","ping_status":"open","sticky":false,"template":"","format":"standard","meta":{"site-sidebar-layout":"default","site-content-layout":"","ast-site-content-layout":"default","site-content-style":"default","site-sidebar-style":"default","ast-global-header-display":"","ast-banner-title-visibility":"","ast-main-header-display":"","ast-hfb-above-header-display":"","ast-hfb-below-header-display":"","ast-hfb-mobile-header-display":"","site-post-title":"","ast-breadcrumbs-content":"","ast-featured-img":"","footer-sml-layout":"","ast-disable-related-posts":"","theme-transparent-header-meta":"","adv-header-id-meta":"","stick-header-meta":"","header-above-stick-meta":"","header-main-stick-meta":"","header-below-stick-meta":"","astra-migrate-meta-layouts":"default","ast-page-background-enabled":"default","ast-page-background-meta":{"desktop":{"background-color":"var(--ast-global-color-5)","background-image":"","background-repeat":"repeat","background-position":"center center","background-size":"auto","background-attachment":"scroll","background-type":"","background-media":"","overlay-type":"","overlay-color":"","overlay-opacity":"","overlay-gradient":""},"tablet":{"background-color":"","background-image":"","background-repeat":"repeat","background-position":"center center","background-size":"auto","background-attachment":"scroll","background-type":"","background-media":"","overlay-type":"","overlay-color":"","overlay-opacity":"","overlay-gradient":""},"mobile":{"background-color":"","background-image":"","background-repeat":"repeat","background-position":"center center","background-size":"auto","background-attachment":"scroll","background-type":"","background-media":"","overlay-type":"","overlay-color":"","overlay-opacity":"","overlay-gradient":""}},"ast-content-background-meta":{"desktop":{"background-color":"var(--ast-global-color-4)","background-image":"","background-repeat":"repeat","background-position":"center center","background-size":"auto","background-attachment":"scroll","background-type":"","background-media":"","overlay-type":"","overlay-color":"","overlay-opacity":"","overlay-gradient":""},"tablet":{"background-color":"var(--ast-global-color-4)","background-image":"","background-repeat":"repeat","background-position":"center center","background-size":"auto","background-attachment":"scroll","background-type":"","background-media":"","overlay-type":"","overlay-color":"","overlay-opacity":"","overlay-gradient":""},"mobile":{"background-color":"var(--ast-global-color-4)","background-image":"","background-repeat":"repeat","background-position":"center center","background-size":"auto","background-attachment":"scroll","background-type":"","background-media":"","overlay-type":"","overlay-color":"","overlay-opacity":"","overlay-gradient":""}},"footnotes":""},"categories":[1],"tags":[],"class_list":["post-2397","post","type-post","status-publish","format-standard","hentry","category-sem-categoria"],"yoast_head":"<!-- This site is optimized with the Yoast SEO plugin v26.6 - https:\/\/yoast.com\/wordpress\/plugins\/seo\/ -->\n<title>Feriado promete movimentar Barra Grande, no Piau\u00ed - Evandro Junior<\/title>\n<meta name=\"robots\" content=\"index, follow, max-snippet:-1, max-image-preview:large, max-video-preview:-1\" \/>\n<link rel=\"canonical\" href=\"https:\/\/www.blogsoestado.com\/evandrojunior\/2019\/09\/05\/feriado-promete-movimentar-barra-grande-no-piaui\/\" \/>\n<meta property=\"og:locale\" content=\"pt_BR\" \/>\n<meta property=\"og:type\" content=\"article\" \/>\n<meta property=\"og:title\" content=\"Feriado promete movimentar Barra Grande, no Piau\u00ed - Evandro Junior\" \/>\n<meta property=\"og:description\" content=\"S\u00e3o Lu\u00eds &#8211; M\u00fasica, aquela turma mais descolada do Brasil, praia paradis\u00edaca e uma vibe extraordin\u00e1ria. Estamos falando da \u201cWe [&hellip;]\" \/>\n<meta property=\"og:url\" content=\"https:\/\/www.blogsoestado.com\/evandrojunior\/2019\/09\/05\/feriado-promete-movimentar-barra-grande-no-piaui\/\" \/>\n<meta property=\"og:site_name\" content=\"Evandro Junior\" \/>\n<meta property=\"article:published_time\" content=\"2019-09-05T20:03:51+00:00\" \/>\n<meta property=\"og:image\" content=\"https:\/\/www.blogsoestado.com\/evandrojunior\/wp-content\/uploads\/sites\/3\/2019\/09\/Pedro-Sampaio-do-hit-Bota-pra-tremer-encerra-a-programacao-do-We-Love-BG.jpg\" \/>\n<meta name=\"author\" content=\"Evandro Junior\" \/>\n<meta name=\"twitter:card\" content=\"summary_large_image\" \/>\n<meta name=\"twitter:label1\" content=\"Escrito por\" \/>\n\t<meta name=\"twitter:data1\" content=\"Evandro Junior\" \/>\n\t<meta name=\"twitter:label2\" content=\"Est. tempo de leitura\" \/>\n\t<meta name=\"twitter:data2\" content=\"1 minuto\" \/>\n<script type=\"application\/ld+json\" class=\"yoast-schema-graph\">{\"@context\":\"https:\/\/schema.org\",\"@graph\":[{\"@type\":\"WebPage\",\"@id\":\"https:\/\/www.blogsoestado.com\/evandrojunior\/2019\/09\/05\/feriado-promete-movimentar-barra-grande-no-piaui\/\",\"url\":\"https:\/\/www.blogsoestado.com\/evandrojunior\/2019\/09\/05\/feriado-promete-movimentar-barra-grande-no-piaui\/\",\"name\":\"Feriado promete movimentar Barra Grande, no Piau\u00ed - Evandro Junior\",\"isPartOf\":{\"@id\":\"https:\/\/www.blogsoestado.com\/evandrojunior\/#website\"},\"primaryImageOfPage\":{\"@id\":\"https:\/\/www.blogsoestado.com\/evandrojunior\/2019\/09\/05\/feriado-promete-movimentar-barra-grande-no-piaui\/#primaryimage\"},\"image\":{\"@id\":\"https:\/\/www.blogsoestado.com\/evandrojunior\/2019\/09\/05\/feriado-promete-movimentar-barra-grande-no-piaui\/#primaryimage\"},\"thumbnailUrl\":\"https:\/\/www.blogsoestado.com\/evandrojunior\/wp-content\/uploads\/sites\/3\/2019\/09\/Pedro-Sampaio-do-hit-Bota-pra-tremer-encerra-a-programacao-do-We-Love-BG.jpg\",\"datePublished\":\"2019-09-05T20:03:51+00:00\",\"author\":{\"@id\":\"https:\/\/www.blogsoestado.com\/evandrojunior\/#\/schema\/person\/3e6c3d8dbb740d1c6878ebc935cfb3be\"},\"breadcrumb\":{\"@id\":\"https:\/\/www.blogsoestado.com\/evandrojunior\/2019\/09\/05\/feriado-promete-movimentar-barra-grande-no-piaui\/#breadcrumb\"},\"inLanguage\":\"pt-BR\",\"potentialAction\":[{\"@type\":\"ReadAction\",\"target\":[\"https:\/\/www.blogsoestado.com\/evandrojunior\/2019\/09\/05\/feriado-promete-movimentar-barra-grande-no-piaui\/\"]}]},{\"@type\":\"ImageObject\",\"inLanguage\":\"pt-BR\",\"@id\":\"https:\/\/www.blogsoestado.com\/evandrojunior\/2019\/09\/05\/feriado-promete-movimentar-barra-grande-no-piaui\/#primaryimage\",\"url\":\"https:\/\/www.blogsoestado.com\/evandrojunior\/wp-content\/uploads\/sites\/3\/2019\/09\/Pedro-Sampaio-do-hit-Bota-pra-tremer-encerra-a-programacao-do-We-Love-BG.jpg\",\"contentUrl\":\"https:\/\/www.blogsoestado.com\/evandrojunior\/wp-content\/uploads\/sites\/3\/2019\/09\/Pedro-Sampaio-do-hit-Bota-pra-tremer-encerra-a-programacao-do-We-Love-BG.jpg\",\"width\":500,\"height\":500,\"caption\":\"Pedro Sampaio, do hit \\\"Bota pra Tremer\\\", vai encerrar a programa\u00e7\u00e3o\"},{\"@type\":\"BreadcrumbList\",\"@id\":\"https:\/\/www.blogsoestado.com\/evandrojunior\/2019\/09\/05\/feriado-promete-movimentar-barra-grande-no-piaui\/#breadcrumb\",\"itemListElement\":[{\"@type\":\"ListItem\",\"position\":1,\"name\":\"In\u00edcio\",\"item\":\"https:\/\/www.blogsoestado.com\/evandrojunior\/\"},{\"@type\":\"ListItem\",\"position\":2,\"name\":\"Feriado promete movimentar Barra Grande, no Piau\u00ed\"}]},{\"@type\":\"WebSite\",\"@id\":\"https:\/\/www.blogsoestado.com\/evandrojunior\/#website\",\"url\":\"https:\/\/www.blogsoestado.com\/evandrojunior\/\",\"name\":\"Evandro Junior\",\"description\":\"\",\"potentialAction\":[{\"@type\":\"SearchAction\",\"target\":{\"@type\":\"EntryPoint\",\"urlTemplate\":\"https:\/\/www.blogsoestado.com\/evandrojunior\/?s={search_term_string}\"},\"query-input\":{\"@type\":\"PropertyValueSpecification\",\"valueRequired\":true,\"valueName\":\"search_term_string\"}}],\"inLanguage\":\"pt-BR\"},{\"@type\":\"Person\",\"@id\":\"https:\/\/www.blogsoestado.com\/evandrojunior\/#\/schema\/person\/3e6c3d8dbb740d1c6878ebc935cfb3be\",\"name\":\"Evandro Junior\",\"image\":{\"@type\":\"ImageObject\",\"inLanguage\":\"pt-BR\",\"@id\":\"https:\/\/www.blogsoestado.com\/evandrojunior\/#\/schema\/person\/image\/\",\"url\":\"https:\/\/secure.gravatar.com\/avatar\/f80a03a2294a580cd2318bfb459bf354cfa8be661ef3d95b542cf9a04af8d129?s=96&d=mm&r=g\",\"contentUrl\":\"https:\/\/secure.gravatar.com\/avatar\/f80a03a2294a580cd2318bfb459bf354cfa8be661ef3d95b542cf9a04af8d129?s=96&d=mm&r=g\",\"caption\":\"Evandro Junior\"},\"url\":\"https:\/\/www.blogsoestado.com\/evandrojunior\/author\/evandrojunior\/\"}]}<\/script>\n<!-- \/ Yoast SEO plugin. -->","yoast_head_json":{"title":"Feriado promete movimentar Barra Grande, no Piau\u00ed - Evandro Junior","robots":{"index":"index","follow":"follow","max-snippet":"max-snippet:-1","max-image-preview":"max-image-preview:large","max-video-preview":"max-video-preview:-1"},"canonical":"https:\/\/www.blogsoestado.com\/evandrojunior\/2019\/09\/05\/feriado-promete-movimentar-barra-grande-no-piaui\/","og_locale":"pt_BR","og_type":"article","og_title":"Feriado promete movimentar Barra Grande, no Piau\u00ed - Evandro Junior","og_description":"S\u00e3o Lu\u00eds &#8211; M\u00fasica, aquela turma mais descolada do Brasil, praia paradis\u00edaca e uma vibe extraordin\u00e1ria. Estamos falando da \u201cWe [&hellip;]","og_url":"https:\/\/www.blogsoestado.com\/evandrojunior\/2019\/09\/05\/feriado-promete-movimentar-barra-grande-no-piaui\/","og_site_name":"Evandro Junior","article_published_time":"2019-09-05T20:03:51+00:00","og_image":[{"url":"https:\/\/www.blogsoestado.com\/evandrojunior\/wp-content\/uploads\/sites\/3\/2019\/09\/Pedro-Sampaio-do-hit-Bota-pra-tremer-encerra-a-programacao-do-We-Love-BG.jpg","type":"","width":"","height":""}],"author":"Evandro Junior","twitter_card":"summary_large_image","twitter_misc":{"Escrito por":"Evandro Junior","Est. tempo de leitura":"1 minuto"},"schema":{"@context":"https:\/\/schema.org","@graph":[{"@type":"WebPage","@id":"https:\/\/www.blogsoestado.com\/evandrojunior\/2019\/09\/05\/feriado-promete-movimentar-barra-grande-no-piaui\/","url":"https:\/\/www.blogsoestado.com\/evandrojunior\/2019\/09\/05\/feriado-promete-movimentar-barra-grande-no-piaui\/","name":"Feriado promete movimentar Barra Grande, no Piau\u00ed - Evandro Junior","isPartOf":{"@id":"https:\/\/www.blogsoestado.com\/evandrojunior\/#website"},"primaryImageOfPage":{"@id":"https:\/\/www.blogsoestado.com\/evandrojunior\/2019\/09\/05\/feriado-promete-movimentar-barra-grande-no-piaui\/#primaryimage"},"image":{"@id":"https:\/\/www.blogsoestado.com\/evandrojunior\/2019\/09\/05\/feriado-promete-movimentar-barra-grande-no-piaui\/#primaryimage"},"thumbnailUrl":"https:\/\/www.blogsoestado.com\/evandrojunior\/wp-content\/uploads\/sites\/3\/2019\/09\/Pedro-Sampaio-do-hit-Bota-pra-tremer-encerra-a-programacao-do-We-Love-BG.jpg","datePublished":"2019-09-05T20:03:51+00:00","author":{"@id":"https:\/\/www.blogsoestado.com\/evandrojunior\/#\/schema\/person\/3e6c3d8dbb740d1c6878ebc935cfb3be"},"breadcrumb":{"@id":"https:\/\/www.blogsoestado.com\/evandrojunior\/2019\/09\/05\/feriado-promete-movimentar-barra-grande-no-piaui\/#breadcrumb"},"inLanguage":"pt-BR","potentialAction":[{"@type":"ReadAction","target":["https:\/\/www.blogsoestado.com\/evandrojunior\/2019\/09\/05\/feriado-promete-movimentar-barra-grande-no-piaui\/"]}]},{"@type":"ImageObject","inLanguage":"pt-BR","@id":"https:\/\/www.blogsoestado.com\/evandrojunior\/2019\/09\/05\/feriado-promete-movimentar-barra-grande-no-piaui\/#primaryimage","url":"https:\/\/www.blogsoestado.com\/evandrojunior\/wp-content\/uploads\/sites\/3\/2019\/09\/Pedro-Sampaio-do-hit-Bota-pra-tremer-encerra-a-programacao-do-We-Love-BG.jpg","contentUrl":"https:\/\/www.blogsoestado.com\/evandrojunior\/wp-content\/uploads\/sites\/3\/2019\/09\/Pedro-Sampaio-do-hit-Bota-pra-tremer-encerra-a-programacao-do-We-Love-BG.jpg","width":500,"height":500,"caption":"Pedro Sampaio, do hit \"Bota pra Tremer\", vai encerrar a programa\u00e7\u00e3o"},{"@type":"BreadcrumbList","@id":"https:\/\/www.blogsoestado.com\/evandrojunior\/2019\/09\/05\/feriado-promete-movimentar-barra-grande-no-piaui\/#breadcrumb","itemListElement":[{"@type":"ListItem","position":1,"name":"In\u00edcio","item":"https:\/\/www.blogsoestado.com\/evandrojunior\/"},{"@type":"ListItem","position":2,"name":"Feriado promete movimentar Barra Grande, no Piau\u00ed"}]},{"@type":"WebSite","@id":"https:\/\/www.blogsoestado.com\/evandrojunior\/#website","url":"https:\/\/www.blogsoestado.com\/evandrojunior\/","name":"Evandro Junior","description":"","potentialAction":[{"@type":"SearchAction","target":{"@type":"EntryPoint","urlTemplate":"https:\/\/www.blogsoestado.com\/evandrojunior\/?s={search_term_string}"},"query-input":{"@type":"PropertyValueSpecification","valueRequired":true,"valueName":"search_term_string"}}],"inLanguage":"pt-BR"},{"@type":"Person","@id":"https:\/\/www.blogsoestado.com\/evandrojunior\/#\/schema\/person\/3e6c3d8dbb740d1c6878ebc935cfb3be","name":"Evandro Junior","image":{"@type":"ImageObject","inLanguage":"pt-BR","@id":"https:\/\/www.blogsoestado.com\/evandrojunior\/#\/schema\/person\/image\/","url":"https:\/\/secure.gravatar.com\/avatar\/f80a03a2294a580cd2318bfb459bf354cfa8be661ef3d95b542cf9a04af8d129?s=96&d=mm&r=g","contentUrl":"https:\/\/secure.gravatar.com\/avatar\/f80a03a2294a580cd2318bfb459bf354cfa8be661ef3d95b542cf9a04af8d129?s=96&d=mm&r=g","caption":"Evandro Junior"},"url":"https:\/\/www.blogsoestado.com\/evandrojunior\/author\/evandrojunior\/"}]}},"jetpack_featured_media_url":"","_links":{"self":[{"href":"https:\/\/www.blogsoestado.com\/evandrojunior\/wp-json\/wp\/v2\/posts\/2397","targetHints":{"allow":["GET"]}}],"collection":[{"href":"https:\/\/www.blogsoestado.com\/evandrojunior\/wp-json\/wp\/v2\/posts"}],"about":[{"href":"https:\/\/www.blogsoestado.com\/evandrojunior\/wp-json\/wp\/v2\/types\/post"}],"author":[{"embeddable":true,"href":"https:\/\/www.blogsoestado.com\/evandrojunior\/wp-json\/wp\/v2\/users\/4"}],"replies":[{"embeddable":true,"href":"https:\/\/www.blogsoestado.com\/evandrojunior\/wp-json\/wp\/v2\/comments?post=2397"}],"version-history":[{"count":0,"href":"https:\/\/www.blogsoestado.com\/evandrojunior\/wp-json\/wp\/v2\/posts\/2397\/revisions"}],"wp:attachment":[{"href":"https:\/\/www.blogsoestado.com\/evandrojunior\/wp-json\/wp\/v2\/media?parent=2397"}],"wp:term":[{"taxonomy":"category","embeddable":true,"href":"https:\/\/www.blogsoestado.com\/evandrojunior\/wp-json\/wp\/v2\/categories?post=2397"},{"taxonomy":"post_tag","embeddable":true,"href":"https:\/\/www.blogsoestado.com\/evandrojunior\/wp-json\/wp\/v2\/tags?post=2397"}],"curies":[{"name":"wp","href":"https:\/\/api.w.org\/{rel}","templated":true}]}}