{"id":2422,"date":"2019-09-11T16:36:44","date_gmt":"2019-09-11T19:36:44","guid":{"rendered":"https:\/\/www.blogsoestado.com\/evandrojunior\/?p=2422"},"modified":"2019-09-11T16:36:44","modified_gmt":"2019-09-11T19:36:44","slug":"renomados-conferencistas-participarao-da-xv-jornada-juridica-da-undb","status":"publish","type":"post","link":"https:\/\/www.blogsoestado.com\/evandrojunior\/2019\/09\/11\/renomados-conferencistas-participarao-da-xv-jornada-juridica-da-undb\/","title":{"rendered":"Renomados conferencistas participar\u00e3o da XV Jornada Jur\u00eddica da UNDB"},"content":{"rendered":"\n<figure class=\"wp-block-image\"><img fetchpriority=\"high\" decoding=\"async\" width=\"1024\" height=\"682\" src=\"https:\/\/www.blogsoestado.com\/evandrojunior\/wp-content\/uploads\/sites\/3\/2019\/09\/PHOTO-2019-09-04-18-20-281-1-1-1024x682.jpg\" alt=\"\" class=\"wp-image-2424\" srcset=\"https:\/\/www.blogsoestado.com\/evandrojunior\/wp-content\/uploads\/sites\/3\/2019\/09\/PHOTO-2019-09-04-18-20-281-1-1-1024x682.jpg 1024w, https:\/\/www.blogsoestado.com\/evandrojunior\/wp-content\/uploads\/sites\/3\/2019\/09\/PHOTO-2019-09-04-18-20-281-1-1-300x200.jpg 300w, https:\/\/www.blogsoestado.com\/evandrojunior\/wp-content\/uploads\/sites\/3\/2019\/09\/PHOTO-2019-09-04-18-20-281-1-1-768x512.jpg 768w, https:\/\/www.blogsoestado.com\/evandrojunior\/wp-content\/uploads\/sites\/3\/2019\/09\/PHOTO-2019-09-04-18-20-281-1-1.jpg 1280w\" sizes=\"(max-width: 1024px) 100vw, 1024px\" \/><figcaption>O presidente do Conselho Federal da OAB, Felipe Santa Cruz, \u00e9 o palestrante convidado para a Confer\u00eancia de Abertura da XV Jornada Jur\u00eddica da UNDB<\/figcaption><\/figure>\n\n\n\n<p>S\u00e3o Lu\u00eds &#8211; Destacados nomes do Direito nacional, desembargadores e os ministros Paulo Moura Ribeiro e Mauro Campbell Marques, al\u00e9m do presidente da OAB, Felipe Santa Cruz, estar\u00e3o reunidos na capital maranhense, de 18 a 20 de setembro, para a XV Jornada Jur\u00eddica da UNDB Centro Universit\u00e1rio, no Hotel Luzeiros. \u00a0<\/p>\n\n\n\n<p>A Jornada da UNDB contar\u00e1 com conferencistas renomados em palestras muito atuais para o avan\u00e7o da sociedade democr\u00e1tica brasileira, t\u00e3o polarizada atualmente. Este ano, o tema central ser\u00e1 \u201cTemas Contempor\u00e2neos do Direito Privado\u201c.<\/p>\n\n\n\n<figure class=\"wp-block-image\"><img decoding=\"async\" width=\"578\" height=\"530\" src=\"https:\/\/www.blogsoestado.com\/evandrojunior\/wp-content\/uploads\/sites\/3\/2019\/09\/FOTO-2-MAURO-CAMPBELL-MINISTRO-DO-STJ-1.jpg\" alt=\"\" class=\"wp-image-2425\" srcset=\"https:\/\/www.blogsoestado.com\/evandrojunior\/wp-content\/uploads\/sites\/3\/2019\/09\/FOTO-2-MAURO-CAMPBELL-MINISTRO-DO-STJ-1.jpg 578w, https:\/\/www.blogsoestado.com\/evandrojunior\/wp-content\/uploads\/sites\/3\/2019\/09\/FOTO-2-MAURO-CAMPBELL-MINISTRO-DO-STJ-1-300x275.jpg 300w\" sizes=\"(max-width: 578px) 100vw, 578px\" \/><figcaption>O ministro do STJ Mauro Campbell \u00e9 presen\u00e7a confirmada no maior evento jur\u00eddico do Maranh\u00e3o<\/figcaption><\/figure>\n\n\n\n<p>Discutir o Direito Contempor\u00e2neo em uma sociedade democr\u00e1tica \u00e9, acima de tudo, contribuir para a busca de solu\u00e7\u00f5es para diversas quest\u00f5es que influenciam diretamente na vida dos brasileiros. \u00a0E esse evento que tem como marca registrada o brilhantismo de seus conferencistas, chega \u00e0 d\u00e9cima quinta edi\u00e7\u00e3o consolidando-se como um dos maiores eventos acad\u00eamicos anuais de Direito do Brasil, al\u00e9m de reunir profissionais de outras \u00e1reas.<\/p>\n\n\n\n<p>O palestrante convidado para a Confer\u00eancia de Abertura, no dia 18, \u00e0s 19h, \u00e9 o presidente do Conselho Federal da OAB \/ Ordem dos Advogados do Brasil, Felipe Santa Cruz. Ele vai palestrar sobre \u201cAs Liberdades P\u00fablicas e o Papel da Advocacia\u201d. \u00a0<\/p>\n\n\n\n<figure class=\"wp-block-image\"><img decoding=\"async\" width=\"774\" height=\"1024\" src=\"https:\/\/www.blogsoestado.com\/evandrojunior\/wp-content\/uploads\/sites\/3\/2019\/09\/FOTO-3-PAULO-MOURA-RIBEIRO-MINISTRO-DO-STJ-1-774x1024.jpg\" alt=\"\" class=\"wp-image-2426\" srcset=\"https:\/\/www.blogsoestado.com\/evandrojunior\/wp-content\/uploads\/sites\/3\/2019\/09\/FOTO-3-PAULO-MOURA-RIBEIRO-MINISTRO-DO-STJ-1-774x1024.jpg 774w, https:\/\/www.blogsoestado.com\/evandrojunior\/wp-content\/uploads\/sites\/3\/2019\/09\/FOTO-3-PAULO-MOURA-RIBEIRO-MINISTRO-DO-STJ-1-227x300.jpg 227w, https:\/\/www.blogsoestado.com\/evandrojunior\/wp-content\/uploads\/sites\/3\/2019\/09\/FOTO-3-PAULO-MOURA-RIBEIRO-MINISTRO-DO-STJ-1-768x1016.jpg 768w, https:\/\/www.blogsoestado.com\/evandrojunior\/wp-content\/uploads\/sites\/3\/2019\/09\/FOTO-3-PAULO-MOURA-RIBEIRO-MINISTRO-DO-STJ-1.jpg 968w\" sizes=\"(max-width: 774px) 100vw, 774px\" \/><figcaption>O ministro do STJ, Paulo Moura Ribeiro<\/figcaption><\/figure>\n\n\n\n<p>Nos dias 19 e 20, a XV Jornada acontecer\u00e1 das 14h \u00e0s 18h, abordando os mais variados temas: liberdade e uso de drogas; mudan\u00e7as clim\u00e1ticas e atividades empresariais; regulamenta\u00e7\u00e3o das opera\u00e7\u00f5es de embarca\u00e7\u00f5es off-shore; direito e tecnologia; propriedade intelectual; intelig\u00eancia artificial e muitos outros assuntos desafiadores para os dias atuais.<\/p>\n","protected":false},"excerpt":{"rendered":"<p>S\u00e3o Lu\u00eds &#8211; Destacados nomes do Direito nacional, desembargadores e os ministros Paulo Moura Ribeiro e Mauro Campbell Marques, al\u00e9m [&hellip;]<\/p>\n","protected":false},"author":4,"featured_media":0,"comment_status":"open","ping_status":"open","sticky":false,"template":"","format":"standard","meta":{"site-sidebar-layout":"default","site-content-layout":"","ast-site-content-layout":"default","site-content-style":"default","site-sidebar-style":"default","ast-global-header-display":"","ast-banner-title-visibility":"","ast-main-header-display":"","ast-hfb-above-header-display":"","ast-hfb-below-header-display":"","ast-hfb-mobile-header-display":"","site-post-title":"","ast-breadcrumbs-content":"","ast-featured-img":"","footer-sml-layout":"","ast-disable-related-posts":"","theme-transparent-header-meta":"","adv-header-id-meta":"","stick-header-meta":"","header-above-stick-meta":"","header-main-stick-meta":"","header-below-stick-meta":"","astra-migrate-meta-layouts":"default","ast-page-background-enabled":"default","ast-page-background-meta":{"desktop":{"background-color":"var(--ast-global-color-5)","background-image":"","background-repeat":"repeat","background-position":"center center","background-size":"auto","background-attachment":"scroll","background-type":"","background-media":"","overlay-type":"","overlay-color":"","overlay-opacity":"","overlay-gradient":""},"tablet":{"background-color":"","background-image":"","background-repeat":"repeat","background-position":"center center","background-size":"auto","background-attachment":"scroll","background-type":"","background-media":"","overlay-type":"","overlay-color":"","overlay-opacity":"","overlay-gradient":""},"mobile":{"background-color":"","background-image":"","background-repeat":"repeat","background-position":"center center","background-size":"auto","background-attachment":"scroll","background-type":"","background-media":"","overlay-type":"","overlay-color":"","overlay-opacity":"","overlay-gradient":""}},"ast-content-background-meta":{"desktop":{"background-color":"var(--ast-global-color-4)","background-image":"","background-repeat":"repeat","background-position":"center center","background-size":"auto","background-attachment":"scroll","background-type":"","background-media":"","overlay-type":"","overlay-color":"","overlay-opacity":"","overlay-gradient":""},"tablet":{"background-color":"var(--ast-global-color-4)","background-image":"","background-repeat":"repeat","background-position":"center center","background-size":"auto","background-attachment":"scroll","background-type":"","background-media":"","overlay-type":"","overlay-color":"","overlay-opacity":"","overlay-gradient":""},"mobile":{"background-color":"var(--ast-global-color-4)","background-image":"","background-repeat":"repeat","background-position":"center center","background-size":"auto","background-attachment":"scroll","background-type":"","background-media":"","overlay-type":"","overlay-color":"","overlay-opacity":"","overlay-gradient":""}},"footnotes":""},"categories":[1],"tags":[],"class_list":["post-2422","post","type-post","status-publish","format-standard","hentry","category-sem-categoria"],"yoast_head":"<!-- This site is optimized with the Yoast SEO plugin v26.6 - https:\/\/yoast.com\/wordpress\/plugins\/seo\/ -->\n<title>Renomados conferencistas participar\u00e3o da XV Jornada Jur\u00eddica da UNDB - Evandro Junior<\/title>\n<meta name=\"robots\" content=\"index, follow, max-snippet:-1, max-image-preview:large, max-video-preview:-1\" \/>\n<link rel=\"canonical\" href=\"https:\/\/www.blogsoestado.com\/evandrojunior\/2019\/09\/11\/renomados-conferencistas-participarao-da-xv-jornada-juridica-da-undb\/\" \/>\n<meta property=\"og:locale\" content=\"pt_BR\" \/>\n<meta property=\"og:type\" content=\"article\" \/>\n<meta property=\"og:title\" content=\"Renomados conferencistas participar\u00e3o da XV Jornada Jur\u00eddica da UNDB - Evandro Junior\" \/>\n<meta property=\"og:description\" content=\"S\u00e3o Lu\u00eds &#8211; Destacados nomes do Direito nacional, desembargadores e os ministros Paulo Moura Ribeiro e Mauro Campbell Marques, al\u00e9m [&hellip;]\" \/>\n<meta property=\"og:url\" content=\"https:\/\/www.blogsoestado.com\/evandrojunior\/2019\/09\/11\/renomados-conferencistas-participarao-da-xv-jornada-juridica-da-undb\/\" \/>\n<meta property=\"og:site_name\" content=\"Evandro Junior\" \/>\n<meta property=\"article:published_time\" content=\"2019-09-11T19:36:44+00:00\" \/>\n<meta property=\"og:image\" content=\"https:\/\/www.blogsoestado.com\/evandrojunior\/wp-content\/uploads\/sites\/3\/2019\/09\/PHOTO-2019-09-04-18-20-281-1-1-1024x682.jpg\" \/>\n<meta name=\"author\" content=\"Evandro Junior\" \/>\n<meta name=\"twitter:card\" content=\"summary_large_image\" \/>\n<meta name=\"twitter:label1\" content=\"Escrito por\" \/>\n\t<meta name=\"twitter:data1\" content=\"Evandro Junior\" \/>\n\t<meta name=\"twitter:label2\" content=\"Est. tempo de leitura\" \/>\n\t<meta name=\"twitter:data2\" content=\"2 minutos\" \/>\n<script type=\"application\/ld+json\" class=\"yoast-schema-graph\">{\"@context\":\"https:\/\/schema.org\",\"@graph\":[{\"@type\":\"WebPage\",\"@id\":\"https:\/\/www.blogsoestado.com\/evandrojunior\/2019\/09\/11\/renomados-conferencistas-participarao-da-xv-jornada-juridica-da-undb\/\",\"url\":\"https:\/\/www.blogsoestado.com\/evandrojunior\/2019\/09\/11\/renomados-conferencistas-participarao-da-xv-jornada-juridica-da-undb\/\",\"name\":\"Renomados conferencistas participar\u00e3o da XV Jornada Jur\u00eddica da UNDB - Evandro Junior\",\"isPartOf\":{\"@id\":\"https:\/\/www.blogsoestado.com\/evandrojunior\/#website\"},\"primaryImageOfPage\":{\"@id\":\"https:\/\/www.blogsoestado.com\/evandrojunior\/2019\/09\/11\/renomados-conferencistas-participarao-da-xv-jornada-juridica-da-undb\/#primaryimage\"},\"image\":{\"@id\":\"https:\/\/www.blogsoestado.com\/evandrojunior\/2019\/09\/11\/renomados-conferencistas-participarao-da-xv-jornada-juridica-da-undb\/#primaryimage\"},\"thumbnailUrl\":\"https:\/\/www.blogsoestado.com\/evandrojunior\/wp-content\/uploads\/sites\/3\/2019\/09\/PHOTO-2019-09-04-18-20-281-1-1-1024x682.jpg\",\"datePublished\":\"2019-09-11T19:36:44+00:00\",\"author\":{\"@id\":\"https:\/\/www.blogsoestado.com\/evandrojunior\/#\/schema\/person\/3e6c3d8dbb740d1c6878ebc935cfb3be\"},\"breadcrumb\":{\"@id\":\"https:\/\/www.blogsoestado.com\/evandrojunior\/2019\/09\/11\/renomados-conferencistas-participarao-da-xv-jornada-juridica-da-undb\/#breadcrumb\"},\"inLanguage\":\"pt-BR\",\"potentialAction\":[{\"@type\":\"ReadAction\",\"target\":[\"https:\/\/www.blogsoestado.com\/evandrojunior\/2019\/09\/11\/renomados-conferencistas-participarao-da-xv-jornada-juridica-da-undb\/\"]}]},{\"@type\":\"ImageObject\",\"inLanguage\":\"pt-BR\",\"@id\":\"https:\/\/www.blogsoestado.com\/evandrojunior\/2019\/09\/11\/renomados-conferencistas-participarao-da-xv-jornada-juridica-da-undb\/#primaryimage\",\"url\":\"https:\/\/www.blogsoestado.com\/evandrojunior\/wp-content\/uploads\/sites\/3\/2019\/09\/PHOTO-2019-09-04-18-20-281-1-1.jpg\",\"contentUrl\":\"https:\/\/www.blogsoestado.com\/evandrojunior\/wp-content\/uploads\/sites\/3\/2019\/09\/PHOTO-2019-09-04-18-20-281-1-1.jpg\",\"width\":1280,\"height\":853,\"caption\":\"O presidente do Conselho Federal da OAB, Felipe Santa Cruz, \u00e9 o palestrante convidado para a Confer\u00eancia de Abertura da XV Jornada Jur\u00eddica da UNDB\"},{\"@type\":\"BreadcrumbList\",\"@id\":\"https:\/\/www.blogsoestado.com\/evandrojunior\/2019\/09\/11\/renomados-conferencistas-participarao-da-xv-jornada-juridica-da-undb\/#breadcrumb\",\"itemListElement\":[{\"@type\":\"ListItem\",\"position\":1,\"name\":\"In\u00edcio\",\"item\":\"https:\/\/www.blogsoestado.com\/evandrojunior\/\"},{\"@type\":\"ListItem\",\"position\":2,\"name\":\"Renomados conferencistas participar\u00e3o da XV Jornada Jur\u00eddica da UNDB\"}]},{\"@type\":\"WebSite\",\"@id\":\"https:\/\/www.blogsoestado.com\/evandrojunior\/#website\",\"url\":\"https:\/\/www.blogsoestado.com\/evandrojunior\/\",\"name\":\"Evandro Junior\",\"description\":\"\",\"potentialAction\":[{\"@type\":\"SearchAction\",\"target\":{\"@type\":\"EntryPoint\",\"urlTemplate\":\"https:\/\/www.blogsoestado.com\/evandrojunior\/?s={search_term_string}\"},\"query-input\":{\"@type\":\"PropertyValueSpecification\",\"valueRequired\":true,\"valueName\":\"search_term_string\"}}],\"inLanguage\":\"pt-BR\"},{\"@type\":\"Person\",\"@id\":\"https:\/\/www.blogsoestado.com\/evandrojunior\/#\/schema\/person\/3e6c3d8dbb740d1c6878ebc935cfb3be\",\"name\":\"Evandro Junior\",\"image\":{\"@type\":\"ImageObject\",\"inLanguage\":\"pt-BR\",\"@id\":\"https:\/\/www.blogsoestado.com\/evandrojunior\/#\/schema\/person\/image\/\",\"url\":\"https:\/\/secure.gravatar.com\/avatar\/f80a03a2294a580cd2318bfb459bf354cfa8be661ef3d95b542cf9a04af8d129?s=96&d=mm&r=g\",\"contentUrl\":\"https:\/\/secure.gravatar.com\/avatar\/f80a03a2294a580cd2318bfb459bf354cfa8be661ef3d95b542cf9a04af8d129?s=96&d=mm&r=g\",\"caption\":\"Evandro Junior\"},\"url\":\"https:\/\/www.blogsoestado.com\/evandrojunior\/author\/evandrojunior\/\"}]}<\/script>\n<!-- \/ Yoast SEO plugin. -->","yoast_head_json":{"title":"Renomados conferencistas participar\u00e3o da XV Jornada Jur\u00eddica da UNDB - Evandro Junior","robots":{"index":"index","follow":"follow","max-snippet":"max-snippet:-1","max-image-preview":"max-image-preview:large","max-video-preview":"max-video-preview:-1"},"canonical":"https:\/\/www.blogsoestado.com\/evandrojunior\/2019\/09\/11\/renomados-conferencistas-participarao-da-xv-jornada-juridica-da-undb\/","og_locale":"pt_BR","og_type":"article","og_title":"Renomados conferencistas participar\u00e3o da XV Jornada Jur\u00eddica da UNDB - Evandro Junior","og_description":"S\u00e3o Lu\u00eds &#8211; Destacados nomes do Direito nacional, desembargadores e os ministros Paulo Moura Ribeiro e Mauro Campbell Marques, al\u00e9m [&hellip;]","og_url":"https:\/\/www.blogsoestado.com\/evandrojunior\/2019\/09\/11\/renomados-conferencistas-participarao-da-xv-jornada-juridica-da-undb\/","og_site_name":"Evandro Junior","article_published_time":"2019-09-11T19:36:44+00:00","og_image":[{"url":"https:\/\/www.blogsoestado.com\/evandrojunior\/wp-content\/uploads\/sites\/3\/2019\/09\/PHOTO-2019-09-04-18-20-281-1-1-1024x682.jpg","type":"","width":"","height":""}],"author":"Evandro Junior","twitter_card":"summary_large_image","twitter_misc":{"Escrito por":"Evandro Junior","Est. tempo de leitura":"2 minutos"},"schema":{"@context":"https:\/\/schema.org","@graph":[{"@type":"WebPage","@id":"https:\/\/www.blogsoestado.com\/evandrojunior\/2019\/09\/11\/renomados-conferencistas-participarao-da-xv-jornada-juridica-da-undb\/","url":"https:\/\/www.blogsoestado.com\/evandrojunior\/2019\/09\/11\/renomados-conferencistas-participarao-da-xv-jornada-juridica-da-undb\/","name":"Renomados conferencistas participar\u00e3o da XV Jornada Jur\u00eddica da UNDB - Evandro Junior","isPartOf":{"@id":"https:\/\/www.blogsoestado.com\/evandrojunior\/#website"},"primaryImageOfPage":{"@id":"https:\/\/www.blogsoestado.com\/evandrojunior\/2019\/09\/11\/renomados-conferencistas-participarao-da-xv-jornada-juridica-da-undb\/#primaryimage"},"image":{"@id":"https:\/\/www.blogsoestado.com\/evandrojunior\/2019\/09\/11\/renomados-conferencistas-participarao-da-xv-jornada-juridica-da-undb\/#primaryimage"},"thumbnailUrl":"https:\/\/www.blogsoestado.com\/evandrojunior\/wp-content\/uploads\/sites\/3\/2019\/09\/PHOTO-2019-09-04-18-20-281-1-1-1024x682.jpg","datePublished":"2019-09-11T19:36:44+00:00","author":{"@id":"https:\/\/www.blogsoestado.com\/evandrojunior\/#\/schema\/person\/3e6c3d8dbb740d1c6878ebc935cfb3be"},"breadcrumb":{"@id":"https:\/\/www.blogsoestado.com\/evandrojunior\/2019\/09\/11\/renomados-conferencistas-participarao-da-xv-jornada-juridica-da-undb\/#breadcrumb"},"inLanguage":"pt-BR","potentialAction":[{"@type":"ReadAction","target":["https:\/\/www.blogsoestado.com\/evandrojunior\/2019\/09\/11\/renomados-conferencistas-participarao-da-xv-jornada-juridica-da-undb\/"]}]},{"@type":"ImageObject","inLanguage":"pt-BR","@id":"https:\/\/www.blogsoestado.com\/evandrojunior\/2019\/09\/11\/renomados-conferencistas-participarao-da-xv-jornada-juridica-da-undb\/#primaryimage","url":"https:\/\/www.blogsoestado.com\/evandrojunior\/wp-content\/uploads\/sites\/3\/2019\/09\/PHOTO-2019-09-04-18-20-281-1-1.jpg","contentUrl":"https:\/\/www.blogsoestado.com\/evandrojunior\/wp-content\/uploads\/sites\/3\/2019\/09\/PHOTO-2019-09-04-18-20-281-1-1.jpg","width":1280,"height":853,"caption":"O presidente do Conselho Federal da OAB, Felipe Santa Cruz, \u00e9 o palestrante convidado para a Confer\u00eancia de Abertura da XV Jornada Jur\u00eddica da UNDB"},{"@type":"BreadcrumbList","@id":"https:\/\/www.blogsoestado.com\/evandrojunior\/2019\/09\/11\/renomados-conferencistas-participarao-da-xv-jornada-juridica-da-undb\/#breadcrumb","itemListElement":[{"@type":"ListItem","position":1,"name":"In\u00edcio","item":"https:\/\/www.blogsoestado.com\/evandrojunior\/"},{"@type":"ListItem","position":2,"name":"Renomados conferencistas participar\u00e3o da XV Jornada Jur\u00eddica da UNDB"}]},{"@type":"WebSite","@id":"https:\/\/www.blogsoestado.com\/evandrojunior\/#website","url":"https:\/\/www.blogsoestado.com\/evandrojunior\/","name":"Evandro Junior","description":"","potentialAction":[{"@type":"SearchAction","target":{"@type":"EntryPoint","urlTemplate":"https:\/\/www.blogsoestado.com\/evandrojunior\/?s={search_term_string}"},"query-input":{"@type":"PropertyValueSpecification","valueRequired":true,"valueName":"search_term_string"}}],"inLanguage":"pt-BR"},{"@type":"Person","@id":"https:\/\/www.blogsoestado.com\/evandrojunior\/#\/schema\/person\/3e6c3d8dbb740d1c6878ebc935cfb3be","name":"Evandro Junior","image":{"@type":"ImageObject","inLanguage":"pt-BR","@id":"https:\/\/www.blogsoestado.com\/evandrojunior\/#\/schema\/person\/image\/","url":"https:\/\/secure.gravatar.com\/avatar\/f80a03a2294a580cd2318bfb459bf354cfa8be661ef3d95b542cf9a04af8d129?s=96&d=mm&r=g","contentUrl":"https:\/\/secure.gravatar.com\/avatar\/f80a03a2294a580cd2318bfb459bf354cfa8be661ef3d95b542cf9a04af8d129?s=96&d=mm&r=g","caption":"Evandro Junior"},"url":"https:\/\/www.blogsoestado.com\/evandrojunior\/author\/evandrojunior\/"}]}},"jetpack_featured_media_url":"","_links":{"self":[{"href":"https:\/\/www.blogsoestado.com\/evandrojunior\/wp-json\/wp\/v2\/posts\/2422","targetHints":{"allow":["GET"]}}],"collection":[{"href":"https:\/\/www.blogsoestado.com\/evandrojunior\/wp-json\/wp\/v2\/posts"}],"about":[{"href":"https:\/\/www.blogsoestado.com\/evandrojunior\/wp-json\/wp\/v2\/types\/post"}],"author":[{"embeddable":true,"href":"https:\/\/www.blogsoestado.com\/evandrojunior\/wp-json\/wp\/v2\/users\/4"}],"replies":[{"embeddable":true,"href":"https:\/\/www.blogsoestado.com\/evandrojunior\/wp-json\/wp\/v2\/comments?post=2422"}],"version-history":[{"count":0,"href":"https:\/\/www.blogsoestado.com\/evandrojunior\/wp-json\/wp\/v2\/posts\/2422\/revisions"}],"wp:attachment":[{"href":"https:\/\/www.blogsoestado.com\/evandrojunior\/wp-json\/wp\/v2\/media?parent=2422"}],"wp:term":[{"taxonomy":"category","embeddable":true,"href":"https:\/\/www.blogsoestado.com\/evandrojunior\/wp-json\/wp\/v2\/categories?post=2422"},{"taxonomy":"post_tag","embeddable":true,"href":"https:\/\/www.blogsoestado.com\/evandrojunior\/wp-json\/wp\/v2\/tags?post=2422"}],"curies":[{"name":"wp","href":"https:\/\/api.w.org\/{rel}","templated":true}]}}