{"id":2440,"date":"2019-09-17T07:50:54","date_gmt":"2019-09-17T10:50:54","guid":{"rendered":"https:\/\/www.blogsoestado.com\/evandrojunior\/?p=2440"},"modified":"2019-09-17T07:50:54","modified_gmt":"2019-09-17T10:50:54","slug":"deputado-roberto-costa-chama-atencao-para-aumento-da-violencia-contra-mulheres-e-solicita-fortalecimento-a-rede-de-protecao","status":"publish","type":"post","link":"https:\/\/www.blogsoestado.com\/evandrojunior\/2019\/09\/17\/deputado-roberto-costa-chama-atencao-para-aumento-da-violencia-contra-mulheres-e-solicita-fortalecimento-a-rede-de-protecao\/","title":{"rendered":"Deputado Roberto Costa chama aten\u00e7\u00e3o para aumento da viol\u00eancia contra mulheres e solicita fortalecimento \u00e0 rede de prote\u00e7\u00e3o"},"content":{"rendered":"\n<figure class=\"wp-block-image\"><img decoding=\"async\" src=\"https:\/\/www.blogsoestado.com\/evandrojunior\/wp-content\/uploads\/sites\/3\/2019\/09\/Roberto-1-11024x682.jpeg\" alt=\"\" class=\"wp-image-2441\"\/><figcaption> A pesquisa aponta que a cada 4 minutos\u00a0uma mulher \u00e9 violentada, seja de forma f\u00edsica, psicol\u00f3gica ou at\u00e9 sexual <\/figcaption><\/figure>\n\n\n\n<p>S\u00e3o Lu\u00eds &#8211; O deputado estadual Roberto Costa (MDB) chamou a aten\u00e7\u00e3o de todos os parlamentares sobre o aumento da viol\u00eancia contra as mulheres no Brasil e no Maranh\u00e3o. O alerta foi feito na na Assembleia Legislativa do Maranh\u00e3o.\u00a0<\/p>\n\n\n\n<p>O discurso do parlamentar foi baseado no resultado da pesquisa do 13\u00ba Anu\u00e1rio Brasileiro de Seguran\u00e7a P\u00fablica, segundo o qual&nbsp;a cada 4 minutos&nbsp;uma mulher \u00e9 violentada no Brasil. O deputado acredita que esses n\u00fameros s\u00e3o alarmantes e precisam ser combatidos.<\/p>\n\n\n\n<p>&#8220;\u00c9 inaceit\u00e1vel isso. A pesquisa aponta que a cada 4 minutos&nbsp;uma mulher \u00e9 violentada, seja de forma f\u00edsica, psicol\u00f3gica ou at\u00e9 sexual. N\u00e3o podemos aceitar que esses delinquentes hajam como se a mulher fosse um objeto pessoal e fazem o que querem. Precisamos valorizar mais as mulheres e lutar para que esses n\u00fameros caiam ou sejam sanados, mas n\u00e3o pode ficar assim&#8221;, disse Roberto Costa.<\/p>\n\n\n\n<p>Roberto Costa ainda destacou que o Brasil precisa de pol\u00edticas p\u00fablicas e investimentos em favor de toda a rede em defesa da mulher.&nbsp;<\/p>\n\n\n\n<p>&#8220;A nossa defesa pelos direitos das mulheres ser\u00e1 constante. N\u00e3o podemos permitir que esses n\u00fameros subam ainda mais.&nbsp;At\u00e9 porque essa n\u00e3o \u00e9 uma problem\u00e1tica que envolve apenas as mulheres, mas toda a sociedade, todos acabam sendo agredidos. Um outro ponto alarmante quanto ao assunto, \u00e9 que as agress\u00f5es aumentaram em cima de mulheres de 13 a 19 anos, um aumento consideravelmente absurdo, por isso, mais uma vez ratifico, precisamos criar ou fortalecer as pol\u00edticas p\u00fablicas em defesa das mulheres, n\u00e3o somente na capital maranhense, mas&nbsp;estender por todo o Maranh\u00e3o\u201d, disse Roberto Costa.&nbsp;<br><\/p>\n","protected":false},"excerpt":{"rendered":"<p>S\u00e3o Lu\u00eds &#8211; O deputado estadual Roberto Costa (MDB) chamou a aten\u00e7\u00e3o de todos os parlamentares sobre o aumento da [&hellip;]<\/p>\n","protected":false},"author":4,"featured_media":0,"comment_status":"open","ping_status":"open","sticky":false,"template":"","format":"standard","meta":{"site-sidebar-layout":"default","site-content-layout":"","ast-site-content-layout":"default","site-content-style":"default","site-sidebar-style":"default","ast-global-header-display":"","ast-banner-title-visibility":"","ast-main-header-display":"","ast-hfb-above-header-display":"","ast-hfb-below-header-display":"","ast-hfb-mobile-header-display":"","site-post-title":"","ast-breadcrumbs-content":"","ast-featured-img":"","footer-sml-layout":"","ast-disable-related-posts":"","theme-transparent-header-meta":"","adv-header-id-meta":"","stick-header-meta":"","header-above-stick-meta":"","header-main-stick-meta":"","header-below-stick-meta":"","astra-migrate-meta-layouts":"default","ast-page-background-enabled":"default","ast-page-background-meta":{"desktop":{"background-color":"var(--ast-global-color-5)","background-image":"","background-repeat":"repeat","background-position":"center center","background-size":"auto","background-attachment":"scroll","background-type":"","background-media":"","overlay-type":"","overlay-color":"","overlay-opacity":"","overlay-gradient":""},"tablet":{"background-color":"","background-image":"","background-repeat":"repeat","background-position":"center center","background-size":"auto","background-attachment":"scroll","background-type":"","background-media":"","overlay-type":"","overlay-color":"","overlay-opacity":"","overlay-gradient":""},"mobile":{"background-color":"","background-image":"","background-repeat":"repeat","background-position":"center center","background-size":"auto","background-attachment":"scroll","background-type":"","background-media":"","overlay-type":"","overlay-color":"","overlay-opacity":"","overlay-gradient":""}},"ast-content-background-meta":{"desktop":{"background-color":"var(--ast-global-color-4)","background-image":"","background-repeat":"repeat","background-position":"center center","background-size":"auto","background-attachment":"scroll","background-type":"","background-media":"","overlay-type":"","overlay-color":"","overlay-opacity":"","overlay-gradient":""},"tablet":{"background-color":"var(--ast-global-color-4)","background-image":"","background-repeat":"repeat","background-position":"center center","background-size":"auto","background-attachment":"scroll","background-type":"","background-media":"","overlay-type":"","overlay-color":"","overlay-opacity":"","overlay-gradient":""},"mobile":{"background-color":"var(--ast-global-color-4)","background-image":"","background-repeat":"repeat","background-position":"center center","background-size":"auto","background-attachment":"scroll","background-type":"","background-media":"","overlay-type":"","overlay-color":"","overlay-opacity":"","overlay-gradient":""}},"footnotes":""},"categories":[1],"tags":[],"class_list":["post-2440","post","type-post","status-publish","format-standard","hentry","category-sem-categoria"],"yoast_head":"<!-- This site is optimized with the Yoast SEO plugin v26.6 - https:\/\/yoast.com\/wordpress\/plugins\/seo\/ -->\n<title>Deputado Roberto Costa chama aten\u00e7\u00e3o para aumento da viol\u00eancia contra mulheres e solicita fortalecimento \u00e0 rede de prote\u00e7\u00e3o - Evandro Junior<\/title>\n<meta name=\"robots\" content=\"index, follow, max-snippet:-1, max-image-preview:large, max-video-preview:-1\" \/>\n<link rel=\"canonical\" href=\"https:\/\/www.blogsoestado.com\/evandrojunior\/2019\/09\/17\/deputado-roberto-costa-chama-atencao-para-aumento-da-violencia-contra-mulheres-e-solicita-fortalecimento-a-rede-de-protecao\/\" \/>\n<meta property=\"og:locale\" content=\"pt_BR\" \/>\n<meta property=\"og:type\" content=\"article\" \/>\n<meta property=\"og:title\" content=\"Deputado Roberto Costa chama aten\u00e7\u00e3o para aumento da viol\u00eancia contra mulheres e solicita fortalecimento \u00e0 rede de prote\u00e7\u00e3o - Evandro Junior\" \/>\n<meta property=\"og:description\" content=\"S\u00e3o Lu\u00eds &#8211; O deputado estadual Roberto Costa (MDB) chamou a aten\u00e7\u00e3o de todos os parlamentares sobre o aumento da [&hellip;]\" \/>\n<meta property=\"og:url\" content=\"https:\/\/www.blogsoestado.com\/evandrojunior\/2019\/09\/17\/deputado-roberto-costa-chama-atencao-para-aumento-da-violencia-contra-mulheres-e-solicita-fortalecimento-a-rede-de-protecao\/\" \/>\n<meta property=\"og:site_name\" content=\"Evandro Junior\" \/>\n<meta property=\"article:published_time\" content=\"2019-09-17T10:50:54+00:00\" \/>\n<meta property=\"og:image\" content=\"https:\/\/www.blogsoestado.com\/evandrojunior\/wp-content\/uploads\/sites\/3\/2019\/09\/Roberto-1-11024x682.jpeg\" \/>\n<meta name=\"author\" content=\"Evandro Junior\" \/>\n<meta name=\"twitter:card\" content=\"summary_large_image\" \/>\n<meta name=\"twitter:label1\" content=\"Escrito por\" \/>\n\t<meta name=\"twitter:data1\" content=\"Evandro Junior\" \/>\n\t<meta name=\"twitter:label2\" content=\"Est. tempo de leitura\" \/>\n\t<meta name=\"twitter:data2\" content=\"2 minutos\" \/>\n<script type=\"application\/ld+json\" class=\"yoast-schema-graph\">{\"@context\":\"https:\/\/schema.org\",\"@graph\":[{\"@type\":\"WebPage\",\"@id\":\"https:\/\/www.blogsoestado.com\/evandrojunior\/2019\/09\/17\/deputado-roberto-costa-chama-atencao-para-aumento-da-violencia-contra-mulheres-e-solicita-fortalecimento-a-rede-de-protecao\/\",\"url\":\"https:\/\/www.blogsoestado.com\/evandrojunior\/2019\/09\/17\/deputado-roberto-costa-chama-atencao-para-aumento-da-violencia-contra-mulheres-e-solicita-fortalecimento-a-rede-de-protecao\/\",\"name\":\"Deputado Roberto Costa chama aten\u00e7\u00e3o para aumento da viol\u00eancia contra mulheres e solicita fortalecimento \u00e0 rede de prote\u00e7\u00e3o - Evandro Junior\",\"isPartOf\":{\"@id\":\"https:\/\/www.blogsoestado.com\/evandrojunior\/#website\"},\"primaryImageOfPage\":{\"@id\":\"https:\/\/www.blogsoestado.com\/evandrojunior\/2019\/09\/17\/deputado-roberto-costa-chama-atencao-para-aumento-da-violencia-contra-mulheres-e-solicita-fortalecimento-a-rede-de-protecao\/#primaryimage\"},\"image\":{\"@id\":\"https:\/\/www.blogsoestado.com\/evandrojunior\/2019\/09\/17\/deputado-roberto-costa-chama-atencao-para-aumento-da-violencia-contra-mulheres-e-solicita-fortalecimento-a-rede-de-protecao\/#primaryimage\"},\"thumbnailUrl\":\"https:\/\/www.blogsoestado.com\/evandrojunior\/wp-content\/uploads\/sites\/3\/2019\/09\/Roberto-1-11024x682.jpeg\",\"datePublished\":\"2019-09-17T10:50:54+00:00\",\"author\":{\"@id\":\"https:\/\/www.blogsoestado.com\/evandrojunior\/#\/schema\/person\/3e6c3d8dbb740d1c6878ebc935cfb3be\"},\"breadcrumb\":{\"@id\":\"https:\/\/www.blogsoestado.com\/evandrojunior\/2019\/09\/17\/deputado-roberto-costa-chama-atencao-para-aumento-da-violencia-contra-mulheres-e-solicita-fortalecimento-a-rede-de-protecao\/#breadcrumb\"},\"inLanguage\":\"pt-BR\",\"potentialAction\":[{\"@type\":\"ReadAction\",\"target\":[\"https:\/\/www.blogsoestado.com\/evandrojunior\/2019\/09\/17\/deputado-roberto-costa-chama-atencao-para-aumento-da-violencia-contra-mulheres-e-solicita-fortalecimento-a-rede-de-protecao\/\"]}]},{\"@type\":\"ImageObject\",\"inLanguage\":\"pt-BR\",\"@id\":\"https:\/\/www.blogsoestado.com\/evandrojunior\/2019\/09\/17\/deputado-roberto-costa-chama-atencao-para-aumento-da-violencia-contra-mulheres-e-solicita-fortalecimento-a-rede-de-protecao\/#primaryimage\",\"url\":\"https:\/\/www.blogsoestado.com\/evandrojunior\/wp-content\/uploads\/sites\/3\/2019\/09\/Roberto-1-11024x682.jpeg\",\"contentUrl\":\"https:\/\/www.blogsoestado.com\/evandrojunior\/wp-content\/uploads\/sites\/3\/2019\/09\/Roberto-1-11024x682.jpeg\"},{\"@type\":\"BreadcrumbList\",\"@id\":\"https:\/\/www.blogsoestado.com\/evandrojunior\/2019\/09\/17\/deputado-roberto-costa-chama-atencao-para-aumento-da-violencia-contra-mulheres-e-solicita-fortalecimento-a-rede-de-protecao\/#breadcrumb\",\"itemListElement\":[{\"@type\":\"ListItem\",\"position\":1,\"name\":\"In\u00edcio\",\"item\":\"https:\/\/www.blogsoestado.com\/evandrojunior\/\"},{\"@type\":\"ListItem\",\"position\":2,\"name\":\"Deputado Roberto Costa chama aten\u00e7\u00e3o para aumento da viol\u00eancia contra mulheres e solicita fortalecimento \u00e0 rede de prote\u00e7\u00e3o\"}]},{\"@type\":\"WebSite\",\"@id\":\"https:\/\/www.blogsoestado.com\/evandrojunior\/#website\",\"url\":\"https:\/\/www.blogsoestado.com\/evandrojunior\/\",\"name\":\"Evandro Junior\",\"description\":\"\",\"potentialAction\":[{\"@type\":\"SearchAction\",\"target\":{\"@type\":\"EntryPoint\",\"urlTemplate\":\"https:\/\/www.blogsoestado.com\/evandrojunior\/?s={search_term_string}\"},\"query-input\":{\"@type\":\"PropertyValueSpecification\",\"valueRequired\":true,\"valueName\":\"search_term_string\"}}],\"inLanguage\":\"pt-BR\"},{\"@type\":\"Person\",\"@id\":\"https:\/\/www.blogsoestado.com\/evandrojunior\/#\/schema\/person\/3e6c3d8dbb740d1c6878ebc935cfb3be\",\"name\":\"Evandro Junior\",\"image\":{\"@type\":\"ImageObject\",\"inLanguage\":\"pt-BR\",\"@id\":\"https:\/\/www.blogsoestado.com\/evandrojunior\/#\/schema\/person\/image\/\",\"url\":\"https:\/\/secure.gravatar.com\/avatar\/f80a03a2294a580cd2318bfb459bf354cfa8be661ef3d95b542cf9a04af8d129?s=96&d=mm&r=g\",\"contentUrl\":\"https:\/\/secure.gravatar.com\/avatar\/f80a03a2294a580cd2318bfb459bf354cfa8be661ef3d95b542cf9a04af8d129?s=96&d=mm&r=g\",\"caption\":\"Evandro Junior\"},\"url\":\"https:\/\/www.blogsoestado.com\/evandrojunior\/author\/evandrojunior\/\"}]}<\/script>\n<!-- \/ Yoast SEO plugin. -->","yoast_head_json":{"title":"Deputado Roberto Costa chama aten\u00e7\u00e3o para aumento da viol\u00eancia contra mulheres e solicita fortalecimento \u00e0 rede de prote\u00e7\u00e3o - Evandro Junior","robots":{"index":"index","follow":"follow","max-snippet":"max-snippet:-1","max-image-preview":"max-image-preview:large","max-video-preview":"max-video-preview:-1"},"canonical":"https:\/\/www.blogsoestado.com\/evandrojunior\/2019\/09\/17\/deputado-roberto-costa-chama-atencao-para-aumento-da-violencia-contra-mulheres-e-solicita-fortalecimento-a-rede-de-protecao\/","og_locale":"pt_BR","og_type":"article","og_title":"Deputado Roberto Costa chama aten\u00e7\u00e3o para aumento da viol\u00eancia contra mulheres e solicita fortalecimento \u00e0 rede de prote\u00e7\u00e3o - Evandro Junior","og_description":"S\u00e3o Lu\u00eds &#8211; O deputado estadual Roberto Costa (MDB) chamou a aten\u00e7\u00e3o de todos os parlamentares sobre o aumento da [&hellip;]","og_url":"https:\/\/www.blogsoestado.com\/evandrojunior\/2019\/09\/17\/deputado-roberto-costa-chama-atencao-para-aumento-da-violencia-contra-mulheres-e-solicita-fortalecimento-a-rede-de-protecao\/","og_site_name":"Evandro Junior","article_published_time":"2019-09-17T10:50:54+00:00","og_image":[{"url":"https:\/\/www.blogsoestado.com\/evandrojunior\/wp-content\/uploads\/sites\/3\/2019\/09\/Roberto-1-11024x682.jpeg","type":"","width":"","height":""}],"author":"Evandro Junior","twitter_card":"summary_large_image","twitter_misc":{"Escrito por":"Evandro Junior","Est. tempo de leitura":"2 minutos"},"schema":{"@context":"https:\/\/schema.org","@graph":[{"@type":"WebPage","@id":"https:\/\/www.blogsoestado.com\/evandrojunior\/2019\/09\/17\/deputado-roberto-costa-chama-atencao-para-aumento-da-violencia-contra-mulheres-e-solicita-fortalecimento-a-rede-de-protecao\/","url":"https:\/\/www.blogsoestado.com\/evandrojunior\/2019\/09\/17\/deputado-roberto-costa-chama-atencao-para-aumento-da-violencia-contra-mulheres-e-solicita-fortalecimento-a-rede-de-protecao\/","name":"Deputado Roberto Costa chama aten\u00e7\u00e3o para aumento da viol\u00eancia contra mulheres e solicita fortalecimento \u00e0 rede de prote\u00e7\u00e3o - Evandro Junior","isPartOf":{"@id":"https:\/\/www.blogsoestado.com\/evandrojunior\/#website"},"primaryImageOfPage":{"@id":"https:\/\/www.blogsoestado.com\/evandrojunior\/2019\/09\/17\/deputado-roberto-costa-chama-atencao-para-aumento-da-violencia-contra-mulheres-e-solicita-fortalecimento-a-rede-de-protecao\/#primaryimage"},"image":{"@id":"https:\/\/www.blogsoestado.com\/evandrojunior\/2019\/09\/17\/deputado-roberto-costa-chama-atencao-para-aumento-da-violencia-contra-mulheres-e-solicita-fortalecimento-a-rede-de-protecao\/#primaryimage"},"thumbnailUrl":"https:\/\/www.blogsoestado.com\/evandrojunior\/wp-content\/uploads\/sites\/3\/2019\/09\/Roberto-1-11024x682.jpeg","datePublished":"2019-09-17T10:50:54+00:00","author":{"@id":"https:\/\/www.blogsoestado.com\/evandrojunior\/#\/schema\/person\/3e6c3d8dbb740d1c6878ebc935cfb3be"},"breadcrumb":{"@id":"https:\/\/www.blogsoestado.com\/evandrojunior\/2019\/09\/17\/deputado-roberto-costa-chama-atencao-para-aumento-da-violencia-contra-mulheres-e-solicita-fortalecimento-a-rede-de-protecao\/#breadcrumb"},"inLanguage":"pt-BR","potentialAction":[{"@type":"ReadAction","target":["https:\/\/www.blogsoestado.com\/evandrojunior\/2019\/09\/17\/deputado-roberto-costa-chama-atencao-para-aumento-da-violencia-contra-mulheres-e-solicita-fortalecimento-a-rede-de-protecao\/"]}]},{"@type":"ImageObject","inLanguage":"pt-BR","@id":"https:\/\/www.blogsoestado.com\/evandrojunior\/2019\/09\/17\/deputado-roberto-costa-chama-atencao-para-aumento-da-violencia-contra-mulheres-e-solicita-fortalecimento-a-rede-de-protecao\/#primaryimage","url":"https:\/\/www.blogsoestado.com\/evandrojunior\/wp-content\/uploads\/sites\/3\/2019\/09\/Roberto-1-11024x682.jpeg","contentUrl":"https:\/\/www.blogsoestado.com\/evandrojunior\/wp-content\/uploads\/sites\/3\/2019\/09\/Roberto-1-11024x682.jpeg"},{"@type":"BreadcrumbList","@id":"https:\/\/www.blogsoestado.com\/evandrojunior\/2019\/09\/17\/deputado-roberto-costa-chama-atencao-para-aumento-da-violencia-contra-mulheres-e-solicita-fortalecimento-a-rede-de-protecao\/#breadcrumb","itemListElement":[{"@type":"ListItem","position":1,"name":"In\u00edcio","item":"https:\/\/www.blogsoestado.com\/evandrojunior\/"},{"@type":"ListItem","position":2,"name":"Deputado Roberto Costa chama aten\u00e7\u00e3o para aumento da viol\u00eancia contra mulheres e solicita fortalecimento \u00e0 rede de prote\u00e7\u00e3o"}]},{"@type":"WebSite","@id":"https:\/\/www.blogsoestado.com\/evandrojunior\/#website","url":"https:\/\/www.blogsoestado.com\/evandrojunior\/","name":"Evandro Junior","description":"","potentialAction":[{"@type":"SearchAction","target":{"@type":"EntryPoint","urlTemplate":"https:\/\/www.blogsoestado.com\/evandrojunior\/?s={search_term_string}"},"query-input":{"@type":"PropertyValueSpecification","valueRequired":true,"valueName":"search_term_string"}}],"inLanguage":"pt-BR"},{"@type":"Person","@id":"https:\/\/www.blogsoestado.com\/evandrojunior\/#\/schema\/person\/3e6c3d8dbb740d1c6878ebc935cfb3be","name":"Evandro Junior","image":{"@type":"ImageObject","inLanguage":"pt-BR","@id":"https:\/\/www.blogsoestado.com\/evandrojunior\/#\/schema\/person\/image\/","url":"https:\/\/secure.gravatar.com\/avatar\/f80a03a2294a580cd2318bfb459bf354cfa8be661ef3d95b542cf9a04af8d129?s=96&d=mm&r=g","contentUrl":"https:\/\/secure.gravatar.com\/avatar\/f80a03a2294a580cd2318bfb459bf354cfa8be661ef3d95b542cf9a04af8d129?s=96&d=mm&r=g","caption":"Evandro Junior"},"url":"https:\/\/www.blogsoestado.com\/evandrojunior\/author\/evandrojunior\/"}]}},"jetpack_featured_media_url":"","_links":{"self":[{"href":"https:\/\/www.blogsoestado.com\/evandrojunior\/wp-json\/wp\/v2\/posts\/2440","targetHints":{"allow":["GET"]}}],"collection":[{"href":"https:\/\/www.blogsoestado.com\/evandrojunior\/wp-json\/wp\/v2\/posts"}],"about":[{"href":"https:\/\/www.blogsoestado.com\/evandrojunior\/wp-json\/wp\/v2\/types\/post"}],"author":[{"embeddable":true,"href":"https:\/\/www.blogsoestado.com\/evandrojunior\/wp-json\/wp\/v2\/users\/4"}],"replies":[{"embeddable":true,"href":"https:\/\/www.blogsoestado.com\/evandrojunior\/wp-json\/wp\/v2\/comments?post=2440"}],"version-history":[{"count":0,"href":"https:\/\/www.blogsoestado.com\/evandrojunior\/wp-json\/wp\/v2\/posts\/2440\/revisions"}],"wp:attachment":[{"href":"https:\/\/www.blogsoestado.com\/evandrojunior\/wp-json\/wp\/v2\/media?parent=2440"}],"wp:term":[{"taxonomy":"category","embeddable":true,"href":"https:\/\/www.blogsoestado.com\/evandrojunior\/wp-json\/wp\/v2\/categories?post=2440"},{"taxonomy":"post_tag","embeddable":true,"href":"https:\/\/www.blogsoestado.com\/evandrojunior\/wp-json\/wp\/v2\/tags?post=2440"}],"curies":[{"name":"wp","href":"https:\/\/api.w.org\/{rel}","templated":true}]}}