{"id":2471,"date":"2019-09-26T16:04:23","date_gmt":"2019-09-26T19:04:23","guid":{"rendered":"https:\/\/www.blogsoestado.com\/evandrojunior\/?p=2471"},"modified":"2019-09-26T16:04:23","modified_gmt":"2019-09-26T19:04:23","slug":"tom-music-recebera-calcinha-preta-neste-sabado","status":"publish","type":"post","link":"https:\/\/www.blogsoestado.com\/evandrojunior\/2019\/09\/26\/tom-music-recebera-calcinha-preta-neste-sabado\/","title":{"rendered":"Tom Music receber\u00e1 Calcinha Preta neste s\u00e1bado"},"content":{"rendered":"\n<figure class=\"wp-block-image\"><img fetchpriority=\"high\" decoding=\"async\" width=\"884\" height=\"512\" src=\"https:\/\/www.blogsoestado.com\/evandrojunior\/wp-content\/uploads\/sites\/3\/2019\/09\/CALCINHA-PRETA1-1.png\" alt=\"\" class=\"wp-image-2472\" srcset=\"https:\/\/www.blogsoestado.com\/evandrojunior\/wp-content\/uploads\/sites\/3\/2019\/09\/CALCINHA-PRETA1-1.png 884w, https:\/\/www.blogsoestado.com\/evandrojunior\/wp-content\/uploads\/sites\/3\/2019\/09\/CALCINHA-PRETA1-1-300x174.png 300w, https:\/\/www.blogsoestado.com\/evandrojunior\/wp-content\/uploads\/sites\/3\/2019\/09\/CALCINHA-PRETA1-1-768x445.png 768w\" sizes=\"(max-width: 884px) 100vw, 884px\" \/><\/figure>\n\n\n\n<p>S\u00e3o Lu\u00eds &#8211; Sob o comando de Daniel Diau, Bel Oliver, Silv\u00e2nia Aquino e Paulinha Abelha, da forma\u00e7\u00e3o original, o grupo que arrastou multid\u00f5es est\u00e1 de volta e promete uma noite para ficar na hist\u00f3ria, na Casa das Dunas<\/p>\n\n\n\n<p>Com sua forma\u00e7\u00e3o hist\u00f3rica, a banda de forr\u00f3 das multid\u00f5es, Calcinha Preta, est\u00e1 de volta a S\u00e3o Lu\u00eds neste s\u00e1bado, na Tom Music (Tur\u00fa).<\/p>\n\n\n\n<p>O show na capital maranhense vai reunir os grandes sucessos que consagraram nacionalmente os m\u00fasicos Daniel Diau, Silv\u00e2nia Aquino e Paulinha Abelha, Ana Gouveia e Bel Oliver, da forma\u00e7\u00e3o original e que est\u00e3o de volta na Calcinha Preta. A noite ter\u00e1, tamb\u00e9m, os convidados especiais Forroz\u00e3o Tropyk\u00e1lia e Swing do RL.<\/p>\n\n\n\n<p>O evento \u00e9 assinado pela D+ Music, Promo 3 e Junior Sales. Os ingressos est\u00e3o sendo vendidos nas lojas Bilhereria Digital e na Bilheteria da Tom Music.<\/p>\n\n\n\n<p>O valor do segundo lote do Espa\u00e7o Front \u00e9 R$ 110,00 e Pista R$ 60,00. Estudantes, idosos e professores t\u00eam 50% de desconto.<\/p>\n\n\n\n<p><strong>A banda de forr\u00f3 das multid\u00f5es<\/strong><\/p>\n\n\n\n<p>Nessas mais de duas d\u00e9cadas de sucesso, o grupo vendeu 12 milh\u00f5es de discos e mais de 1,5 milh\u00e3o de c\u00f3pias de DVD. S\u00e3o 28 CDs e quatro DVDs lan\u00e7ados. Eles j\u00e1 passaram em turn\u00ea pelos Estados Unidos, Canad\u00e1, Europa e \u00c1frica. Esses s\u00e3o alguns destaques que levam a Calcinha Preta a ser considerada, pela maioria dos f\u00e3s do forr\u00f3, como uma das maiores bandas do g\u00eanero no Brasil.<\/p>\n\n\n\n<p>A Calcinha Preta, ao subir ao palco, sempre leva ao p\u00fablico o melhor e mais tecnol\u00f3gico show j\u00e1 visto. O grupo, que \u00e9 do estado de Sergipe, impressiona o p\u00fablico com seu espet\u00e1culo de som, luzes e efeitos especiais de \u00faltima gera\u00e7\u00e3o. Suas can\u00e7\u00f5es, figurinos e coreografias produzem no espectador sensa\u00e7\u00f5es jamais proporcionadas por nenhum outro grupo de forr\u00f3.<\/p>\n\n\n\n<p><strong>Hist\u00f3ria<\/strong><\/p>\n\n\n\n<p>Foi no ano de 1996 que a banda conquistou a sua primeira evid\u00eancia nacional, com o primeiro CD, \u201cA Banda de Forr\u00f3 Mais Gostosa do Brasil\u201d. Marcada por um bem-sucedido lan\u00e7amento, Calcinha Preta cai no gosto musical dos brasileiros. Reconhecida pelas can\u00e7\u00f5es contagiantes, Calcinha Preta passa a fazer parte da nova gera\u00e7\u00e3o do forr\u00f3. Com isso, para agradar os \u201cforrozeiros\u201d e levar ao mercado fonogr\u00e1fico diversas m\u00fasicas in\u00e9ditas.<\/p>\n\n\n\n<p>O Rei Roberto Carlos, F\u00e1bio Jr, a saudosa Hebe Camargo, Gusttavo Lima, Xande de Pilares, Jo\u00e3o Bosco e Vin\u00edcius, Rick &amp; Renner, Tatau, L\u00e9o Magalh\u00e3es e L\u00e9o Santana, s\u00e3o algumas das grandes vozes que j\u00e1 dividiram palco com os artistas da Calcinha Preta. Para os cantores, essa mistura de ritmos \u00e9 a melhor forma de levar nossa m\u00fasica a novos lugares e novas pessoas.<\/p>\n","protected":false},"excerpt":{"rendered":"<p>S\u00e3o Lu\u00eds &#8211; Sob o comando de Daniel Diau, Bel Oliver, Silv\u00e2nia Aquino e Paulinha Abelha, da forma\u00e7\u00e3o original, o [&hellip;]<\/p>\n","protected":false},"author":4,"featured_media":0,"comment_status":"open","ping_status":"open","sticky":false,"template":"","format":"standard","meta":{"site-sidebar-layout":"default","site-content-layout":"","ast-site-content-layout":"default","site-content-style":"default","site-sidebar-style":"default","ast-global-header-display":"","ast-banner-title-visibility":"","ast-main-header-display":"","ast-hfb-above-header-display":"","ast-hfb-below-header-display":"","ast-hfb-mobile-header-display":"","site-post-title":"","ast-breadcrumbs-content":"","ast-featured-img":"","footer-sml-layout":"","ast-disable-related-posts":"","theme-transparent-header-meta":"","adv-header-id-meta":"","stick-header-meta":"","header-above-stick-meta":"","header-main-stick-meta":"","header-below-stick-meta":"","astra-migrate-meta-layouts":"default","ast-page-background-enabled":"default","ast-page-background-meta":{"desktop":{"background-color":"var(--ast-global-color-5)","background-image":"","background-repeat":"repeat","background-position":"center center","background-size":"auto","background-attachment":"scroll","background-type":"","background-media":"","overlay-type":"","overlay-color":"","overlay-opacity":"","overlay-gradient":""},"tablet":{"background-color":"","background-image":"","background-repeat":"repeat","background-position":"center center","background-size":"auto","background-attachment":"scroll","background-type":"","background-media":"","overlay-type":"","overlay-color":"","overlay-opacity":"","overlay-gradient":""},"mobile":{"background-color":"","background-image":"","background-repeat":"repeat","background-position":"center center","background-size":"auto","background-attachment":"scroll","background-type":"","background-media":"","overlay-type":"","overlay-color":"","overlay-opacity":"","overlay-gradient":""}},"ast-content-background-meta":{"desktop":{"background-color":"var(--ast-global-color-4)","background-image":"","background-repeat":"repeat","background-position":"center center","background-size":"auto","background-attachment":"scroll","background-type":"","background-media":"","overlay-type":"","overlay-color":"","overlay-opacity":"","overlay-gradient":""},"tablet":{"background-color":"var(--ast-global-color-4)","background-image":"","background-repeat":"repeat","background-position":"center center","background-size":"auto","background-attachment":"scroll","background-type":"","background-media":"","overlay-type":"","overlay-color":"","overlay-opacity":"","overlay-gradient":""},"mobile":{"background-color":"var(--ast-global-color-4)","background-image":"","background-repeat":"repeat","background-position":"center center","background-size":"auto","background-attachment":"scroll","background-type":"","background-media":"","overlay-type":"","overlay-color":"","overlay-opacity":"","overlay-gradient":""}},"footnotes":""},"categories":[1],"tags":[],"class_list":["post-2471","post","type-post","status-publish","format-standard","hentry","category-sem-categoria"],"yoast_head":"<!-- This site is optimized with the Yoast SEO plugin v26.6 - https:\/\/yoast.com\/wordpress\/plugins\/seo\/ -->\n<title>Tom Music receber\u00e1 Calcinha Preta neste s\u00e1bado - Evandro Junior<\/title>\n<meta name=\"robots\" content=\"index, follow, max-snippet:-1, max-image-preview:large, max-video-preview:-1\" \/>\n<link rel=\"canonical\" href=\"https:\/\/www.blogsoestado.com\/evandrojunior\/2019\/09\/26\/tom-music-recebera-calcinha-preta-neste-sabado\/\" \/>\n<meta property=\"og:locale\" content=\"pt_BR\" \/>\n<meta property=\"og:type\" content=\"article\" \/>\n<meta property=\"og:title\" content=\"Tom Music receber\u00e1 Calcinha Preta neste s\u00e1bado - Evandro Junior\" \/>\n<meta property=\"og:description\" content=\"S\u00e3o Lu\u00eds &#8211; Sob o comando de Daniel Diau, Bel Oliver, Silv\u00e2nia Aquino e Paulinha Abelha, da forma\u00e7\u00e3o original, o [&hellip;]\" \/>\n<meta property=\"og:url\" content=\"https:\/\/www.blogsoestado.com\/evandrojunior\/2019\/09\/26\/tom-music-recebera-calcinha-preta-neste-sabado\/\" \/>\n<meta property=\"og:site_name\" content=\"Evandro Junior\" \/>\n<meta property=\"article:published_time\" content=\"2019-09-26T19:04:23+00:00\" \/>\n<meta property=\"og:image\" content=\"https:\/\/www.blogsoestado.com\/evandrojunior\/wp-content\/uploads\/sites\/3\/2019\/09\/CALCINHA-PRETA1-1.png\" \/>\n<meta name=\"author\" content=\"Evandro Junior\" \/>\n<meta name=\"twitter:card\" content=\"summary_large_image\" \/>\n<meta name=\"twitter:label1\" content=\"Escrito por\" \/>\n\t<meta name=\"twitter:data1\" content=\"Evandro Junior\" \/>\n\t<meta name=\"twitter:label2\" content=\"Est. tempo de leitura\" \/>\n\t<meta name=\"twitter:data2\" content=\"2 minutos\" \/>\n<script type=\"application\/ld+json\" class=\"yoast-schema-graph\">{\"@context\":\"https:\/\/schema.org\",\"@graph\":[{\"@type\":\"WebPage\",\"@id\":\"https:\/\/www.blogsoestado.com\/evandrojunior\/2019\/09\/26\/tom-music-recebera-calcinha-preta-neste-sabado\/\",\"url\":\"https:\/\/www.blogsoestado.com\/evandrojunior\/2019\/09\/26\/tom-music-recebera-calcinha-preta-neste-sabado\/\",\"name\":\"Tom Music receber\u00e1 Calcinha Preta neste s\u00e1bado - Evandro Junior\",\"isPartOf\":{\"@id\":\"https:\/\/www.blogsoestado.com\/evandrojunior\/#website\"},\"primaryImageOfPage\":{\"@id\":\"https:\/\/www.blogsoestado.com\/evandrojunior\/2019\/09\/26\/tom-music-recebera-calcinha-preta-neste-sabado\/#primaryimage\"},\"image\":{\"@id\":\"https:\/\/www.blogsoestado.com\/evandrojunior\/2019\/09\/26\/tom-music-recebera-calcinha-preta-neste-sabado\/#primaryimage\"},\"thumbnailUrl\":\"https:\/\/www.blogsoestado.com\/evandrojunior\/wp-content\/uploads\/sites\/3\/2019\/09\/CALCINHA-PRETA1-1.png\",\"datePublished\":\"2019-09-26T19:04:23+00:00\",\"author\":{\"@id\":\"https:\/\/www.blogsoestado.com\/evandrojunior\/#\/schema\/person\/3e6c3d8dbb740d1c6878ebc935cfb3be\"},\"breadcrumb\":{\"@id\":\"https:\/\/www.blogsoestado.com\/evandrojunior\/2019\/09\/26\/tom-music-recebera-calcinha-preta-neste-sabado\/#breadcrumb\"},\"inLanguage\":\"pt-BR\",\"potentialAction\":[{\"@type\":\"ReadAction\",\"target\":[\"https:\/\/www.blogsoestado.com\/evandrojunior\/2019\/09\/26\/tom-music-recebera-calcinha-preta-neste-sabado\/\"]}]},{\"@type\":\"ImageObject\",\"inLanguage\":\"pt-BR\",\"@id\":\"https:\/\/www.blogsoestado.com\/evandrojunior\/2019\/09\/26\/tom-music-recebera-calcinha-preta-neste-sabado\/#primaryimage\",\"url\":\"https:\/\/www.blogsoestado.com\/evandrojunior\/wp-content\/uploads\/sites\/3\/2019\/09\/CALCINHA-PRETA1-1.png\",\"contentUrl\":\"https:\/\/www.blogsoestado.com\/evandrojunior\/wp-content\/uploads\/sites\/3\/2019\/09\/CALCINHA-PRETA1-1.png\",\"width\":884,\"height\":512},{\"@type\":\"BreadcrumbList\",\"@id\":\"https:\/\/www.blogsoestado.com\/evandrojunior\/2019\/09\/26\/tom-music-recebera-calcinha-preta-neste-sabado\/#breadcrumb\",\"itemListElement\":[{\"@type\":\"ListItem\",\"position\":1,\"name\":\"In\u00edcio\",\"item\":\"https:\/\/www.blogsoestado.com\/evandrojunior\/\"},{\"@type\":\"ListItem\",\"position\":2,\"name\":\"Tom Music receber\u00e1 Calcinha Preta neste s\u00e1bado\"}]},{\"@type\":\"WebSite\",\"@id\":\"https:\/\/www.blogsoestado.com\/evandrojunior\/#website\",\"url\":\"https:\/\/www.blogsoestado.com\/evandrojunior\/\",\"name\":\"Evandro Junior\",\"description\":\"\",\"potentialAction\":[{\"@type\":\"SearchAction\",\"target\":{\"@type\":\"EntryPoint\",\"urlTemplate\":\"https:\/\/www.blogsoestado.com\/evandrojunior\/?s={search_term_string}\"},\"query-input\":{\"@type\":\"PropertyValueSpecification\",\"valueRequired\":true,\"valueName\":\"search_term_string\"}}],\"inLanguage\":\"pt-BR\"},{\"@type\":\"Person\",\"@id\":\"https:\/\/www.blogsoestado.com\/evandrojunior\/#\/schema\/person\/3e6c3d8dbb740d1c6878ebc935cfb3be\",\"name\":\"Evandro Junior\",\"image\":{\"@type\":\"ImageObject\",\"inLanguage\":\"pt-BR\",\"@id\":\"https:\/\/www.blogsoestado.com\/evandrojunior\/#\/schema\/person\/image\/\",\"url\":\"https:\/\/secure.gravatar.com\/avatar\/f80a03a2294a580cd2318bfb459bf354cfa8be661ef3d95b542cf9a04af8d129?s=96&d=mm&r=g\",\"contentUrl\":\"https:\/\/secure.gravatar.com\/avatar\/f80a03a2294a580cd2318bfb459bf354cfa8be661ef3d95b542cf9a04af8d129?s=96&d=mm&r=g\",\"caption\":\"Evandro Junior\"},\"url\":\"https:\/\/www.blogsoestado.com\/evandrojunior\/author\/evandrojunior\/\"}]}<\/script>\n<!-- \/ Yoast SEO plugin. -->","yoast_head_json":{"title":"Tom Music receber\u00e1 Calcinha Preta neste s\u00e1bado - Evandro Junior","robots":{"index":"index","follow":"follow","max-snippet":"max-snippet:-1","max-image-preview":"max-image-preview:large","max-video-preview":"max-video-preview:-1"},"canonical":"https:\/\/www.blogsoestado.com\/evandrojunior\/2019\/09\/26\/tom-music-recebera-calcinha-preta-neste-sabado\/","og_locale":"pt_BR","og_type":"article","og_title":"Tom Music receber\u00e1 Calcinha Preta neste s\u00e1bado - Evandro Junior","og_description":"S\u00e3o Lu\u00eds &#8211; Sob o comando de Daniel Diau, Bel Oliver, Silv\u00e2nia Aquino e Paulinha Abelha, da forma\u00e7\u00e3o original, o [&hellip;]","og_url":"https:\/\/www.blogsoestado.com\/evandrojunior\/2019\/09\/26\/tom-music-recebera-calcinha-preta-neste-sabado\/","og_site_name":"Evandro Junior","article_published_time":"2019-09-26T19:04:23+00:00","og_image":[{"url":"https:\/\/www.blogsoestado.com\/evandrojunior\/wp-content\/uploads\/sites\/3\/2019\/09\/CALCINHA-PRETA1-1.png","type":"","width":"","height":""}],"author":"Evandro Junior","twitter_card":"summary_large_image","twitter_misc":{"Escrito por":"Evandro Junior","Est. tempo de leitura":"2 minutos"},"schema":{"@context":"https:\/\/schema.org","@graph":[{"@type":"WebPage","@id":"https:\/\/www.blogsoestado.com\/evandrojunior\/2019\/09\/26\/tom-music-recebera-calcinha-preta-neste-sabado\/","url":"https:\/\/www.blogsoestado.com\/evandrojunior\/2019\/09\/26\/tom-music-recebera-calcinha-preta-neste-sabado\/","name":"Tom Music receber\u00e1 Calcinha Preta neste s\u00e1bado - Evandro Junior","isPartOf":{"@id":"https:\/\/www.blogsoestado.com\/evandrojunior\/#website"},"primaryImageOfPage":{"@id":"https:\/\/www.blogsoestado.com\/evandrojunior\/2019\/09\/26\/tom-music-recebera-calcinha-preta-neste-sabado\/#primaryimage"},"image":{"@id":"https:\/\/www.blogsoestado.com\/evandrojunior\/2019\/09\/26\/tom-music-recebera-calcinha-preta-neste-sabado\/#primaryimage"},"thumbnailUrl":"https:\/\/www.blogsoestado.com\/evandrojunior\/wp-content\/uploads\/sites\/3\/2019\/09\/CALCINHA-PRETA1-1.png","datePublished":"2019-09-26T19:04:23+00:00","author":{"@id":"https:\/\/www.blogsoestado.com\/evandrojunior\/#\/schema\/person\/3e6c3d8dbb740d1c6878ebc935cfb3be"},"breadcrumb":{"@id":"https:\/\/www.blogsoestado.com\/evandrojunior\/2019\/09\/26\/tom-music-recebera-calcinha-preta-neste-sabado\/#breadcrumb"},"inLanguage":"pt-BR","potentialAction":[{"@type":"ReadAction","target":["https:\/\/www.blogsoestado.com\/evandrojunior\/2019\/09\/26\/tom-music-recebera-calcinha-preta-neste-sabado\/"]}]},{"@type":"ImageObject","inLanguage":"pt-BR","@id":"https:\/\/www.blogsoestado.com\/evandrojunior\/2019\/09\/26\/tom-music-recebera-calcinha-preta-neste-sabado\/#primaryimage","url":"https:\/\/www.blogsoestado.com\/evandrojunior\/wp-content\/uploads\/sites\/3\/2019\/09\/CALCINHA-PRETA1-1.png","contentUrl":"https:\/\/www.blogsoestado.com\/evandrojunior\/wp-content\/uploads\/sites\/3\/2019\/09\/CALCINHA-PRETA1-1.png","width":884,"height":512},{"@type":"BreadcrumbList","@id":"https:\/\/www.blogsoestado.com\/evandrojunior\/2019\/09\/26\/tom-music-recebera-calcinha-preta-neste-sabado\/#breadcrumb","itemListElement":[{"@type":"ListItem","position":1,"name":"In\u00edcio","item":"https:\/\/www.blogsoestado.com\/evandrojunior\/"},{"@type":"ListItem","position":2,"name":"Tom Music receber\u00e1 Calcinha Preta neste s\u00e1bado"}]},{"@type":"WebSite","@id":"https:\/\/www.blogsoestado.com\/evandrojunior\/#website","url":"https:\/\/www.blogsoestado.com\/evandrojunior\/","name":"Evandro Junior","description":"","potentialAction":[{"@type":"SearchAction","target":{"@type":"EntryPoint","urlTemplate":"https:\/\/www.blogsoestado.com\/evandrojunior\/?s={search_term_string}"},"query-input":{"@type":"PropertyValueSpecification","valueRequired":true,"valueName":"search_term_string"}}],"inLanguage":"pt-BR"},{"@type":"Person","@id":"https:\/\/www.blogsoestado.com\/evandrojunior\/#\/schema\/person\/3e6c3d8dbb740d1c6878ebc935cfb3be","name":"Evandro Junior","image":{"@type":"ImageObject","inLanguage":"pt-BR","@id":"https:\/\/www.blogsoestado.com\/evandrojunior\/#\/schema\/person\/image\/","url":"https:\/\/secure.gravatar.com\/avatar\/f80a03a2294a580cd2318bfb459bf354cfa8be661ef3d95b542cf9a04af8d129?s=96&d=mm&r=g","contentUrl":"https:\/\/secure.gravatar.com\/avatar\/f80a03a2294a580cd2318bfb459bf354cfa8be661ef3d95b542cf9a04af8d129?s=96&d=mm&r=g","caption":"Evandro Junior"},"url":"https:\/\/www.blogsoestado.com\/evandrojunior\/author\/evandrojunior\/"}]}},"jetpack_featured_media_url":"","_links":{"self":[{"href":"https:\/\/www.blogsoestado.com\/evandrojunior\/wp-json\/wp\/v2\/posts\/2471","targetHints":{"allow":["GET"]}}],"collection":[{"href":"https:\/\/www.blogsoestado.com\/evandrojunior\/wp-json\/wp\/v2\/posts"}],"about":[{"href":"https:\/\/www.blogsoestado.com\/evandrojunior\/wp-json\/wp\/v2\/types\/post"}],"author":[{"embeddable":true,"href":"https:\/\/www.blogsoestado.com\/evandrojunior\/wp-json\/wp\/v2\/users\/4"}],"replies":[{"embeddable":true,"href":"https:\/\/www.blogsoestado.com\/evandrojunior\/wp-json\/wp\/v2\/comments?post=2471"}],"version-history":[{"count":0,"href":"https:\/\/www.blogsoestado.com\/evandrojunior\/wp-json\/wp\/v2\/posts\/2471\/revisions"}],"wp:attachment":[{"href":"https:\/\/www.blogsoestado.com\/evandrojunior\/wp-json\/wp\/v2\/media?parent=2471"}],"wp:term":[{"taxonomy":"category","embeddable":true,"href":"https:\/\/www.blogsoestado.com\/evandrojunior\/wp-json\/wp\/v2\/categories?post=2471"},{"taxonomy":"post_tag","embeddable":true,"href":"https:\/\/www.blogsoestado.com\/evandrojunior\/wp-json\/wp\/v2\/tags?post=2471"}],"curies":[{"name":"wp","href":"https:\/\/api.w.org\/{rel}","templated":true}]}}