{"id":2587,"date":"2019-10-14T17:49:48","date_gmt":"2019-10-14T20:49:48","guid":{"rendered":"https:\/\/www.blogsoestado.com\/evandrojunior\/?p=2587"},"modified":"2019-10-14T17:49:48","modified_gmt":"2019-10-14T20:49:48","slug":"cantor-bruno-shinoda-e-a-mae-dila-abreu-distribuem-brinquedos-para-criancas-carentes-de-dois-bairros-de-sao-luis","status":"publish","type":"post","link":"https:\/\/www.blogsoestado.com\/evandrojunior\/2019\/10\/14\/cantor-bruno-shinoda-e-a-mae-dila-abreu-distribuem-brinquedos-para-criancas-carentes-de-dois-bairros-de-sao-luis\/","title":{"rendered":"Cantor Bruno Shinoda e a m\u00e3e, Dila Abreu, distribuem brinquedos para crian\u00e7as carentes de dois bairros de S\u00e3o Lu\u00eds"},"content":{"rendered":"\n<figure class=\"wp-block-image\"><img fetchpriority=\"high\" decoding=\"async\" width=\"1024\" height=\"768\" src=\"https:\/\/www.blogsoestado.com\/evandrojunior\/wp-content\/uploads\/sites\/3\/2019\/10\/WhatsApp-Image-2019-10-14-at-13.48.57-2-1-1024x768.jpeg\" alt=\"\" class=\"wp-image-2588\" srcset=\"https:\/\/www.blogsoestado.com\/evandrojunior\/wp-content\/uploads\/sites\/3\/2019\/10\/WhatsApp-Image-2019-10-14-at-13.48.57-2-1-1024x768.jpeg 1024w, https:\/\/www.blogsoestado.com\/evandrojunior\/wp-content\/uploads\/sites\/3\/2019\/10\/WhatsApp-Image-2019-10-14-at-13.48.57-2-1-300x225.jpeg 300w, https:\/\/www.blogsoestado.com\/evandrojunior\/wp-content\/uploads\/sites\/3\/2019\/10\/WhatsApp-Image-2019-10-14-at-13.48.57-2-1-768x576.jpeg 768w, https:\/\/www.blogsoestado.com\/evandrojunior\/wp-content\/uploads\/sites\/3\/2019\/10\/WhatsApp-Image-2019-10-14-at-13.48.57-2-1.jpeg 1280w\" sizes=\"(max-width: 1024px) 100vw, 1024px\" \/><figcaption>Cantor Bruno Shinoda e a m\u00e3e, Dila Abreu, distribuem brinquedos para crian\u00e7as carentes<\/figcaption><\/figure>\n\n\n\n<p>S\u00e3o Lu\u00eds &#8211; O cantor Bruno Shinoda tem dado provas de que sabe retribuir a Deus por suas conquistas. No \u00faltimo fim de semana, ele retornou ao Santa Cruz, bairro onde morou, para fazer a alegria da comunidade no Dia das Crian\u00e7as. Al\u00e9m disso, tamb\u00e9m esteve no S\u00e3o Francisco, para homenagear crian\u00e7as carentes.<\/p>\n\n\n\n<p><strong>Considerado<\/strong> um dos\nmais populares cantores locais da nova gera\u00e7\u00e3o, Bruno costuma arrega\u00e7ar as\nmangas para ver a felicidade estampada no rosto de pessoas que precisam de uma\nm\u00e3o solid\u00e1ria.<\/p>\n\n\n\n<figure class=\"wp-block-image\"><img decoding=\"async\" width=\"1024\" height=\"768\" src=\"https:\/\/www.blogsoestado.com\/evandrojunior\/wp-content\/uploads\/sites\/3\/2019\/10\/WhatsApp-Image-2019-10-14-at-13.48.55-1-1-1024x768.jpeg\" alt=\"\" class=\"wp-image-2589\" srcset=\"https:\/\/www.blogsoestado.com\/evandrojunior\/wp-content\/uploads\/sites\/3\/2019\/10\/WhatsApp-Image-2019-10-14-at-13.48.55-1-1-1024x768.jpeg 1024w, https:\/\/www.blogsoestado.com\/evandrojunior\/wp-content\/uploads\/sites\/3\/2019\/10\/WhatsApp-Image-2019-10-14-at-13.48.55-1-1-300x225.jpeg 300w, https:\/\/www.blogsoestado.com\/evandrojunior\/wp-content\/uploads\/sites\/3\/2019\/10\/WhatsApp-Image-2019-10-14-at-13.48.55-1-1-768x576.jpeg 768w, https:\/\/www.blogsoestado.com\/evandrojunior\/wp-content\/uploads\/sites\/3\/2019\/10\/WhatsApp-Image-2019-10-14-at-13.48.55-1-1.jpeg 1280w\" sizes=\"(max-width: 1024px) 100vw, 1024px\" \/><figcaption>Shinoda e Dila recebem o carinho das crian\u00e7as durante entrega de presentes<\/figcaption><\/figure>\n\n\n\n<p>Acompanhado da m\u00e3e, Dila Abreu, e a bordo de um caminh\u00e3o\ncarregado de presentes, o artista fez a festa dos moradores dos dois bairros<\/p>\n\n\n\n<p>&#8220;Acredito que se cada um fizer a sua parte, n\u00f3s poderemos ter um mundo muito mais feliz. As crian\u00e7as representam muito para mim e sei o quanto \u00e9 importante ganhar um brinquedo no Dia das Crian\u00e7as&#8221;, disse o cantor, que preparou a surpresa com todo o carinho.<\/p>\n\n\n\n<p>Mas n\u00e3o \u00e9 somente no Dia das Crian\u00e7as que o\n&#8220;Imperador&#8221; faz a sua parte. Ele dever\u00e1 repetir o gesto no fim do\nano, por ocasi\u00e3o do Natal. A retribui\u00e7\u00e3o vem em forma de aplausos e em sua\nagenda de shows, sempre lotada. O cantor lidera a lista dos mais requisitados.<\/p>\n","protected":false},"excerpt":{"rendered":"<p>S\u00e3o Lu\u00eds &#8211; O cantor Bruno Shinoda tem dado provas de que sabe retribuir a Deus por suas conquistas. No [&hellip;]<\/p>\n","protected":false},"author":4,"featured_media":0,"comment_status":"open","ping_status":"open","sticky":false,"template":"","format":"standard","meta":{"site-sidebar-layout":"default","site-content-layout":"","ast-site-content-layout":"default","site-content-style":"default","site-sidebar-style":"default","ast-global-header-display":"","ast-banner-title-visibility":"","ast-main-header-display":"","ast-hfb-above-header-display":"","ast-hfb-below-header-display":"","ast-hfb-mobile-header-display":"","site-post-title":"","ast-breadcrumbs-content":"","ast-featured-img":"","footer-sml-layout":"","ast-disable-related-posts":"","theme-transparent-header-meta":"","adv-header-id-meta":"","stick-header-meta":"","header-above-stick-meta":"","header-main-stick-meta":"","header-below-stick-meta":"","astra-migrate-meta-layouts":"default","ast-page-background-enabled":"default","ast-page-background-meta":{"desktop":{"background-color":"var(--ast-global-color-5)","background-image":"","background-repeat":"repeat","background-position":"center center","background-size":"auto","background-attachment":"scroll","background-type":"","background-media":"","overlay-type":"","overlay-color":"","overlay-opacity":"","overlay-gradient":""},"tablet":{"background-color":"","background-image":"","background-repeat":"repeat","background-position":"center center","background-size":"auto","background-attachment":"scroll","background-type":"","background-media":"","overlay-type":"","overlay-color":"","overlay-opacity":"","overlay-gradient":""},"mobile":{"background-color":"","background-image":"","background-repeat":"repeat","background-position":"center center","background-size":"auto","background-attachment":"scroll","background-type":"","background-media":"","overlay-type":"","overlay-color":"","overlay-opacity":"","overlay-gradient":""}},"ast-content-background-meta":{"desktop":{"background-color":"var(--ast-global-color-4)","background-image":"","background-repeat":"repeat","background-position":"center center","background-size":"auto","background-attachment":"scroll","background-type":"","background-media":"","overlay-type":"","overlay-color":"","overlay-opacity":"","overlay-gradient":""},"tablet":{"background-color":"var(--ast-global-color-4)","background-image":"","background-repeat":"repeat","background-position":"center center","background-size":"auto","background-attachment":"scroll","background-type":"","background-media":"","overlay-type":"","overlay-color":"","overlay-opacity":"","overlay-gradient":""},"mobile":{"background-color":"var(--ast-global-color-4)","background-image":"","background-repeat":"repeat","background-position":"center center","background-size":"auto","background-attachment":"scroll","background-type":"","background-media":"","overlay-type":"","overlay-color":"","overlay-opacity":"","overlay-gradient":""}},"footnotes":""},"categories":[1],"tags":[],"class_list":["post-2587","post","type-post","status-publish","format-standard","hentry","category-sem-categoria"],"yoast_head":"<!-- This site is optimized with the Yoast SEO plugin v26.6 - https:\/\/yoast.com\/wordpress\/plugins\/seo\/ -->\n<title>Cantor Bruno Shinoda e a m\u00e3e, Dila Abreu, distribuem brinquedos para crian\u00e7as carentes de dois bairros de S\u00e3o Lu\u00eds - Evandro Junior<\/title>\n<meta name=\"robots\" content=\"index, follow, max-snippet:-1, max-image-preview:large, max-video-preview:-1\" \/>\n<link rel=\"canonical\" href=\"https:\/\/www.blogsoestado.com\/evandrojunior\/2019\/10\/14\/cantor-bruno-shinoda-e-a-mae-dila-abreu-distribuem-brinquedos-para-criancas-carentes-de-dois-bairros-de-sao-luis\/\" \/>\n<meta property=\"og:locale\" content=\"pt_BR\" \/>\n<meta property=\"og:type\" content=\"article\" \/>\n<meta property=\"og:title\" content=\"Cantor Bruno Shinoda e a m\u00e3e, Dila Abreu, distribuem brinquedos para crian\u00e7as carentes de dois bairros de S\u00e3o Lu\u00eds - Evandro Junior\" \/>\n<meta property=\"og:description\" content=\"S\u00e3o Lu\u00eds &#8211; O cantor Bruno Shinoda tem dado provas de que sabe retribuir a Deus por suas conquistas. No [&hellip;]\" \/>\n<meta property=\"og:url\" content=\"https:\/\/www.blogsoestado.com\/evandrojunior\/2019\/10\/14\/cantor-bruno-shinoda-e-a-mae-dila-abreu-distribuem-brinquedos-para-criancas-carentes-de-dois-bairros-de-sao-luis\/\" \/>\n<meta property=\"og:site_name\" content=\"Evandro Junior\" \/>\n<meta property=\"article:published_time\" content=\"2019-10-14T20:49:48+00:00\" \/>\n<meta property=\"og:image\" content=\"https:\/\/www.blogsoestado.com\/evandrojunior\/wp-content\/uploads\/sites\/3\/2019\/10\/WhatsApp-Image-2019-10-14-at-13.48.57-2-1-1024x768.jpeg\" \/>\n<meta name=\"author\" content=\"Evandro Junior\" \/>\n<meta name=\"twitter:card\" content=\"summary_large_image\" \/>\n<meta name=\"twitter:label1\" content=\"Escrito por\" \/>\n\t<meta name=\"twitter:data1\" content=\"Evandro Junior\" \/>\n\t<meta name=\"twitter:label2\" content=\"Est. tempo de leitura\" \/>\n\t<meta name=\"twitter:data2\" content=\"1 minuto\" \/>\n<script type=\"application\/ld+json\" class=\"yoast-schema-graph\">{\"@context\":\"https:\/\/schema.org\",\"@graph\":[{\"@type\":\"WebPage\",\"@id\":\"https:\/\/www.blogsoestado.com\/evandrojunior\/2019\/10\/14\/cantor-bruno-shinoda-e-a-mae-dila-abreu-distribuem-brinquedos-para-criancas-carentes-de-dois-bairros-de-sao-luis\/\",\"url\":\"https:\/\/www.blogsoestado.com\/evandrojunior\/2019\/10\/14\/cantor-bruno-shinoda-e-a-mae-dila-abreu-distribuem-brinquedos-para-criancas-carentes-de-dois-bairros-de-sao-luis\/\",\"name\":\"Cantor Bruno Shinoda e a m\u00e3e, Dila Abreu, distribuem brinquedos para crian\u00e7as carentes de dois bairros de S\u00e3o Lu\u00eds - Evandro Junior\",\"isPartOf\":{\"@id\":\"https:\/\/www.blogsoestado.com\/evandrojunior\/#website\"},\"primaryImageOfPage\":{\"@id\":\"https:\/\/www.blogsoestado.com\/evandrojunior\/2019\/10\/14\/cantor-bruno-shinoda-e-a-mae-dila-abreu-distribuem-brinquedos-para-criancas-carentes-de-dois-bairros-de-sao-luis\/#primaryimage\"},\"image\":{\"@id\":\"https:\/\/www.blogsoestado.com\/evandrojunior\/2019\/10\/14\/cantor-bruno-shinoda-e-a-mae-dila-abreu-distribuem-brinquedos-para-criancas-carentes-de-dois-bairros-de-sao-luis\/#primaryimage\"},\"thumbnailUrl\":\"https:\/\/www.blogsoestado.com\/evandrojunior\/wp-content\/uploads\/sites\/3\/2019\/10\/WhatsApp-Image-2019-10-14-at-13.48.57-2-1-1024x768.jpeg\",\"datePublished\":\"2019-10-14T20:49:48+00:00\",\"author\":{\"@id\":\"https:\/\/www.blogsoestado.com\/evandrojunior\/#\/schema\/person\/3e6c3d8dbb740d1c6878ebc935cfb3be\"},\"breadcrumb\":{\"@id\":\"https:\/\/www.blogsoestado.com\/evandrojunior\/2019\/10\/14\/cantor-bruno-shinoda-e-a-mae-dila-abreu-distribuem-brinquedos-para-criancas-carentes-de-dois-bairros-de-sao-luis\/#breadcrumb\"},\"inLanguage\":\"pt-BR\",\"potentialAction\":[{\"@type\":\"ReadAction\",\"target\":[\"https:\/\/www.blogsoestado.com\/evandrojunior\/2019\/10\/14\/cantor-bruno-shinoda-e-a-mae-dila-abreu-distribuem-brinquedos-para-criancas-carentes-de-dois-bairros-de-sao-luis\/\"]}]},{\"@type\":\"ImageObject\",\"inLanguage\":\"pt-BR\",\"@id\":\"https:\/\/www.blogsoestado.com\/evandrojunior\/2019\/10\/14\/cantor-bruno-shinoda-e-a-mae-dila-abreu-distribuem-brinquedos-para-criancas-carentes-de-dois-bairros-de-sao-luis\/#primaryimage\",\"url\":\"https:\/\/www.blogsoestado.com\/evandrojunior\/wp-content\/uploads\/sites\/3\/2019\/10\/WhatsApp-Image-2019-10-14-at-13.48.57-2-1-1024x768.jpeg\",\"contentUrl\":\"https:\/\/www.blogsoestado.com\/evandrojunior\/wp-content\/uploads\/sites\/3\/2019\/10\/WhatsApp-Image-2019-10-14-at-13.48.57-2-1-1024x768.jpeg\"},{\"@type\":\"BreadcrumbList\",\"@id\":\"https:\/\/www.blogsoestado.com\/evandrojunior\/2019\/10\/14\/cantor-bruno-shinoda-e-a-mae-dila-abreu-distribuem-brinquedos-para-criancas-carentes-de-dois-bairros-de-sao-luis\/#breadcrumb\",\"itemListElement\":[{\"@type\":\"ListItem\",\"position\":1,\"name\":\"In\u00edcio\",\"item\":\"https:\/\/www.blogsoestado.com\/evandrojunior\/\"},{\"@type\":\"ListItem\",\"position\":2,\"name\":\"Cantor Bruno Shinoda e a m\u00e3e, Dila Abreu, distribuem brinquedos para crian\u00e7as carentes de dois bairros de S\u00e3o Lu\u00eds\"}]},{\"@type\":\"WebSite\",\"@id\":\"https:\/\/www.blogsoestado.com\/evandrojunior\/#website\",\"url\":\"https:\/\/www.blogsoestado.com\/evandrojunior\/\",\"name\":\"Evandro Junior\",\"description\":\"\",\"potentialAction\":[{\"@type\":\"SearchAction\",\"target\":{\"@type\":\"EntryPoint\",\"urlTemplate\":\"https:\/\/www.blogsoestado.com\/evandrojunior\/?s={search_term_string}\"},\"query-input\":{\"@type\":\"PropertyValueSpecification\",\"valueRequired\":true,\"valueName\":\"search_term_string\"}}],\"inLanguage\":\"pt-BR\"},{\"@type\":\"Person\",\"@id\":\"https:\/\/www.blogsoestado.com\/evandrojunior\/#\/schema\/person\/3e6c3d8dbb740d1c6878ebc935cfb3be\",\"name\":\"Evandro Junior\",\"image\":{\"@type\":\"ImageObject\",\"inLanguage\":\"pt-BR\",\"@id\":\"https:\/\/www.blogsoestado.com\/evandrojunior\/#\/schema\/person\/image\/\",\"url\":\"https:\/\/secure.gravatar.com\/avatar\/f80a03a2294a580cd2318bfb459bf354cfa8be661ef3d95b542cf9a04af8d129?s=96&d=mm&r=g\",\"contentUrl\":\"https:\/\/secure.gravatar.com\/avatar\/f80a03a2294a580cd2318bfb459bf354cfa8be661ef3d95b542cf9a04af8d129?s=96&d=mm&r=g\",\"caption\":\"Evandro Junior\"},\"url\":\"https:\/\/www.blogsoestado.com\/evandrojunior\/author\/evandrojunior\/\"}]}<\/script>\n<!-- \/ Yoast SEO plugin. -->","yoast_head_json":{"title":"Cantor Bruno Shinoda e a m\u00e3e, Dila Abreu, distribuem brinquedos para crian\u00e7as carentes de dois bairros de S\u00e3o Lu\u00eds - Evandro Junior","robots":{"index":"index","follow":"follow","max-snippet":"max-snippet:-1","max-image-preview":"max-image-preview:large","max-video-preview":"max-video-preview:-1"},"canonical":"https:\/\/www.blogsoestado.com\/evandrojunior\/2019\/10\/14\/cantor-bruno-shinoda-e-a-mae-dila-abreu-distribuem-brinquedos-para-criancas-carentes-de-dois-bairros-de-sao-luis\/","og_locale":"pt_BR","og_type":"article","og_title":"Cantor Bruno Shinoda e a m\u00e3e, Dila Abreu, distribuem brinquedos para crian\u00e7as carentes de dois bairros de S\u00e3o Lu\u00eds - Evandro Junior","og_description":"S\u00e3o Lu\u00eds &#8211; O cantor Bruno Shinoda tem dado provas de que sabe retribuir a Deus por suas conquistas. No [&hellip;]","og_url":"https:\/\/www.blogsoestado.com\/evandrojunior\/2019\/10\/14\/cantor-bruno-shinoda-e-a-mae-dila-abreu-distribuem-brinquedos-para-criancas-carentes-de-dois-bairros-de-sao-luis\/","og_site_name":"Evandro Junior","article_published_time":"2019-10-14T20:49:48+00:00","og_image":[{"url":"https:\/\/www.blogsoestado.com\/evandrojunior\/wp-content\/uploads\/sites\/3\/2019\/10\/WhatsApp-Image-2019-10-14-at-13.48.57-2-1-1024x768.jpeg","type":"","width":"","height":""}],"author":"Evandro Junior","twitter_card":"summary_large_image","twitter_misc":{"Escrito por":"Evandro Junior","Est. tempo de leitura":"1 minuto"},"schema":{"@context":"https:\/\/schema.org","@graph":[{"@type":"WebPage","@id":"https:\/\/www.blogsoestado.com\/evandrojunior\/2019\/10\/14\/cantor-bruno-shinoda-e-a-mae-dila-abreu-distribuem-brinquedos-para-criancas-carentes-de-dois-bairros-de-sao-luis\/","url":"https:\/\/www.blogsoestado.com\/evandrojunior\/2019\/10\/14\/cantor-bruno-shinoda-e-a-mae-dila-abreu-distribuem-brinquedos-para-criancas-carentes-de-dois-bairros-de-sao-luis\/","name":"Cantor Bruno Shinoda e a m\u00e3e, Dila Abreu, distribuem brinquedos para crian\u00e7as carentes de dois bairros de S\u00e3o Lu\u00eds - Evandro Junior","isPartOf":{"@id":"https:\/\/www.blogsoestado.com\/evandrojunior\/#website"},"primaryImageOfPage":{"@id":"https:\/\/www.blogsoestado.com\/evandrojunior\/2019\/10\/14\/cantor-bruno-shinoda-e-a-mae-dila-abreu-distribuem-brinquedos-para-criancas-carentes-de-dois-bairros-de-sao-luis\/#primaryimage"},"image":{"@id":"https:\/\/www.blogsoestado.com\/evandrojunior\/2019\/10\/14\/cantor-bruno-shinoda-e-a-mae-dila-abreu-distribuem-brinquedos-para-criancas-carentes-de-dois-bairros-de-sao-luis\/#primaryimage"},"thumbnailUrl":"https:\/\/www.blogsoestado.com\/evandrojunior\/wp-content\/uploads\/sites\/3\/2019\/10\/WhatsApp-Image-2019-10-14-at-13.48.57-2-1-1024x768.jpeg","datePublished":"2019-10-14T20:49:48+00:00","author":{"@id":"https:\/\/www.blogsoestado.com\/evandrojunior\/#\/schema\/person\/3e6c3d8dbb740d1c6878ebc935cfb3be"},"breadcrumb":{"@id":"https:\/\/www.blogsoestado.com\/evandrojunior\/2019\/10\/14\/cantor-bruno-shinoda-e-a-mae-dila-abreu-distribuem-brinquedos-para-criancas-carentes-de-dois-bairros-de-sao-luis\/#breadcrumb"},"inLanguage":"pt-BR","potentialAction":[{"@type":"ReadAction","target":["https:\/\/www.blogsoestado.com\/evandrojunior\/2019\/10\/14\/cantor-bruno-shinoda-e-a-mae-dila-abreu-distribuem-brinquedos-para-criancas-carentes-de-dois-bairros-de-sao-luis\/"]}]},{"@type":"ImageObject","inLanguage":"pt-BR","@id":"https:\/\/www.blogsoestado.com\/evandrojunior\/2019\/10\/14\/cantor-bruno-shinoda-e-a-mae-dila-abreu-distribuem-brinquedos-para-criancas-carentes-de-dois-bairros-de-sao-luis\/#primaryimage","url":"https:\/\/www.blogsoestado.com\/evandrojunior\/wp-content\/uploads\/sites\/3\/2019\/10\/WhatsApp-Image-2019-10-14-at-13.48.57-2-1-1024x768.jpeg","contentUrl":"https:\/\/www.blogsoestado.com\/evandrojunior\/wp-content\/uploads\/sites\/3\/2019\/10\/WhatsApp-Image-2019-10-14-at-13.48.57-2-1-1024x768.jpeg"},{"@type":"BreadcrumbList","@id":"https:\/\/www.blogsoestado.com\/evandrojunior\/2019\/10\/14\/cantor-bruno-shinoda-e-a-mae-dila-abreu-distribuem-brinquedos-para-criancas-carentes-de-dois-bairros-de-sao-luis\/#breadcrumb","itemListElement":[{"@type":"ListItem","position":1,"name":"In\u00edcio","item":"https:\/\/www.blogsoestado.com\/evandrojunior\/"},{"@type":"ListItem","position":2,"name":"Cantor Bruno Shinoda e a m\u00e3e, Dila Abreu, distribuem brinquedos para crian\u00e7as carentes de dois bairros de S\u00e3o Lu\u00eds"}]},{"@type":"WebSite","@id":"https:\/\/www.blogsoestado.com\/evandrojunior\/#website","url":"https:\/\/www.blogsoestado.com\/evandrojunior\/","name":"Evandro Junior","description":"","potentialAction":[{"@type":"SearchAction","target":{"@type":"EntryPoint","urlTemplate":"https:\/\/www.blogsoestado.com\/evandrojunior\/?s={search_term_string}"},"query-input":{"@type":"PropertyValueSpecification","valueRequired":true,"valueName":"search_term_string"}}],"inLanguage":"pt-BR"},{"@type":"Person","@id":"https:\/\/www.blogsoestado.com\/evandrojunior\/#\/schema\/person\/3e6c3d8dbb740d1c6878ebc935cfb3be","name":"Evandro Junior","image":{"@type":"ImageObject","inLanguage":"pt-BR","@id":"https:\/\/www.blogsoestado.com\/evandrojunior\/#\/schema\/person\/image\/","url":"https:\/\/secure.gravatar.com\/avatar\/f80a03a2294a580cd2318bfb459bf354cfa8be661ef3d95b542cf9a04af8d129?s=96&d=mm&r=g","contentUrl":"https:\/\/secure.gravatar.com\/avatar\/f80a03a2294a580cd2318bfb459bf354cfa8be661ef3d95b542cf9a04af8d129?s=96&d=mm&r=g","caption":"Evandro Junior"},"url":"https:\/\/www.blogsoestado.com\/evandrojunior\/author\/evandrojunior\/"}]}},"jetpack_featured_media_url":"","_links":{"self":[{"href":"https:\/\/www.blogsoestado.com\/evandrojunior\/wp-json\/wp\/v2\/posts\/2587","targetHints":{"allow":["GET"]}}],"collection":[{"href":"https:\/\/www.blogsoestado.com\/evandrojunior\/wp-json\/wp\/v2\/posts"}],"about":[{"href":"https:\/\/www.blogsoestado.com\/evandrojunior\/wp-json\/wp\/v2\/types\/post"}],"author":[{"embeddable":true,"href":"https:\/\/www.blogsoestado.com\/evandrojunior\/wp-json\/wp\/v2\/users\/4"}],"replies":[{"embeddable":true,"href":"https:\/\/www.blogsoestado.com\/evandrojunior\/wp-json\/wp\/v2\/comments?post=2587"}],"version-history":[{"count":0,"href":"https:\/\/www.blogsoestado.com\/evandrojunior\/wp-json\/wp\/v2\/posts\/2587\/revisions"}],"wp:attachment":[{"href":"https:\/\/www.blogsoestado.com\/evandrojunior\/wp-json\/wp\/v2\/media?parent=2587"}],"wp:term":[{"taxonomy":"category","embeddable":true,"href":"https:\/\/www.blogsoestado.com\/evandrojunior\/wp-json\/wp\/v2\/categories?post=2587"},{"taxonomy":"post_tag","embeddable":true,"href":"https:\/\/www.blogsoestado.com\/evandrojunior\/wp-json\/wp\/v2\/tags?post=2587"}],"curies":[{"name":"wp","href":"https:\/\/api.w.org\/{rel}","templated":true}]}}