{"id":2741,"date":"2019-11-20T08:25:11","date_gmt":"2019-11-20T11:25:11","guid":{"rendered":"https:\/\/www.blogsoestado.com\/evandrojunior\/?p=2741"},"modified":"2019-11-20T08:25:11","modified_gmt":"2019-11-20T11:25:11","slug":"joao-kleper-no-black-summit-nesta-quarta","status":"publish","type":"post","link":"https:\/\/www.blogsoestado.com\/evandrojunior\/2019\/11\/20\/joao-kleper-no-black-summit-nesta-quarta\/","title":{"rendered":"Jo\u00e3o Kepler no Wyden Summit nesta quarta"},"content":{"rendered":"\n<figure class=\"wp-block-image\"><img fetchpriority=\"high\" decoding=\"async\" width=\"746\" height=\"509\" src=\"https:\/\/www.blogsoestado.com\/evandrojunior\/wp-content\/uploads\/sites\/3\/2019\/11\/Black-1.jpg\" alt=\"\" class=\"wp-image-2742\" srcset=\"https:\/\/www.blogsoestado.com\/evandrojunior\/wp-content\/uploads\/sites\/3\/2019\/11\/Black-1.jpg 746w, https:\/\/www.blogsoestado.com\/evandrojunior\/wp-content\/uploads\/sites\/3\/2019\/11\/Black-1-300x205.jpg 300w\" sizes=\"(max-width: 746px) 100vw, 746px\" \/><figcaption>Um dos momentos da edi\u00e7\u00e3o anterior do evento<\/figcaption><\/figure>\n\n\n\n<p>S\u00e3o Lu\u00eds &#8211; A faculdade ISL Wyden promove, nesta quarta feira (20), \u00e0s 19h, no espa\u00e7o Black Swan, na Cohama, o terceiro Wyden Summit, maior espa\u00e7o privado dedicado \u00e0 inova\u00e7\u00e3o aberta do Norte e Nordeste, pertencente ao Grupo Mateus. <\/p>\n\n\n\n<p>Os palestrantes ser\u00e3o\u00a0Jo\u00e3o Kepler,\u00a0empreendedor reconhecido como um dos conferencistas mais sintonizados com Inova\u00e7\u00e3o e Converg\u00eancia Digital do Brasil, e\u00a0Luiz Carlos Faray Aquino<strong>,\u00a0<\/strong>professor da FGV no MBA de TI no curso de Tecnologias Emergentes e no curso de extens\u00e3o de Internet das Coisas.<\/p>\n\n\n\n<p>Faray \u00e9 um entusiasta da transforma\u00e7\u00e3o do mundo pela educa\u00e7\u00e3o com apoio da tecnologia e por resolver problemas que tenham impacto positivo na sociedade e nas organiza\u00e7\u00f5es.<\/p>\n\n\n\n<p>Al\u00e9m deles,\u00a0participar\u00e3o Maur\u00edcio Garcia, cientista digital, que por quase 40 anos de carreira profissional atuou em diversos grupos educacionais p\u00fablicos e privados em v\u00e1rios pa\u00edses, e o professor Cidinho Marques, pedagogo e neurocoach, escritor e palestrante motivacional, com in\u00fameros cursos em institui\u00e7\u00f5es de renome nacional e internacional.<\/p>\n\n\n\n<p>Te\u00f3ricos afirmam que estamos passando por uma quarta revolu\u00e7\u00e3o industrial, a chamada revolu\u00e7\u00e3o 4.0, com o desenvolvimento e a incorpora\u00e7\u00e3o de inova\u00e7\u00f5es tecnol\u00f3gicas que v\u00e3o mudar radicalmente o mundo como o conhecemos e moldar nossa vida nos pr\u00f3ximos anos. Diversas mudan\u00e7as abruptas e radicais j\u00e1 est\u00e3o em curso, motivadas pela incorpora\u00e7\u00e3o de tecnologias, tendo desdobramentos nos \u00e2mbitos econ\u00f4mico, social e pol\u00edtico.<\/p>\n\n\n\n<p>Segundo o professor alem\u00e3o Klaus Schwab, fundador do F\u00f3rum Econ\u00f4mico Mundial, j\u00e1 estamos vivendo nessa nova era. \u201cEstamos a bordo de uma revolu\u00e7\u00e3o tecnol\u00f3gica que transformar\u00e1 fundamentalmente a forma como vivemos, trabalhamos e nos relacionamos. Em sua escala, alcance e complexidade, a transforma\u00e7\u00e3o ser\u00e1 diferente de qualquer coisa que o ser humano tenha experimentado antes&#8221;, diz Schwab no livro \u201cA Quarta Revolu\u00e7\u00e3o Industrial\u201d, publicado em 2016.<\/p>\n\n\n\n<p>Com os avan\u00e7os no campo da Intelig\u00eancia Artificial, os computadores est\u00e3o se tornando mais r\u00e1pidos e inteligentes que os humanos. Isso pode mudar a forma como trabalhamos, pois os rob\u00f4s v\u00e3o tomar o lugar de diversas profiss\u00f5es. Na ind\u00fastria, a linha de produ\u00e7\u00e3o ser\u00e1 quase que inteiramente automatizada, diminuindo radicalmente a m\u00e3o-de-obra humana nas f\u00e1bricas. Segundo o F\u00f3rum Econ\u00f4mico Mundial, at\u00e9 2020, a automa\u00e7\u00e3o deve eliminar sete milh\u00f5es de empregos industriais nos 15 pa\u00edses mais desenvolvidos.<\/p>\n\n\n\n<p>A tecnologia n\u00e3o amea\u00e7a apenas os trabalhos de \u201cprodu\u00e7\u00e3o\u201d, ela tamb\u00e9m j\u00e1 impacta diversas profiss\u00f5es tradicionais. O relat\u00f3rio tamb\u00e9m indica que at\u00e9 2025, um em cada quatro empregos conhecidos hoje dever\u00e1 ser substitu\u00eddo por softwares e rob\u00f4s. Pesquisa do F\u00f3rum Econ\u00f4mico Mundial indica que 65% das crian\u00e7as que hoje entram nas escolas ir\u00e3o trabalhar em fun\u00e7\u00f5es que atualmente n\u00e3o existem.<\/p>\n","protected":false},"excerpt":{"rendered":"<p>S\u00e3o Lu\u00eds &#8211; A faculdade ISL Wyden promove, nesta quarta feira (20), \u00e0s 19h, no espa\u00e7o Black Swan, na Cohama, [&hellip;]<\/p>\n","protected":false},"author":4,"featured_media":0,"comment_status":"open","ping_status":"open","sticky":false,"template":"","format":"standard","meta":{"site-sidebar-layout":"default","site-content-layout":"","ast-site-content-layout":"default","site-content-style":"default","site-sidebar-style":"default","ast-global-header-display":"","ast-banner-title-visibility":"","ast-main-header-display":"","ast-hfb-above-header-display":"","ast-hfb-below-header-display":"","ast-hfb-mobile-header-display":"","site-post-title":"","ast-breadcrumbs-content":"","ast-featured-img":"","footer-sml-layout":"","ast-disable-related-posts":"","theme-transparent-header-meta":"","adv-header-id-meta":"","stick-header-meta":"","header-above-stick-meta":"","header-main-stick-meta":"","header-below-stick-meta":"","astra-migrate-meta-layouts":"default","ast-page-background-enabled":"default","ast-page-background-meta":{"desktop":{"background-color":"var(--ast-global-color-5)","background-image":"","background-repeat":"repeat","background-position":"center center","background-size":"auto","background-attachment":"scroll","background-type":"","background-media":"","overlay-type":"","overlay-color":"","overlay-opacity":"","overlay-gradient":""},"tablet":{"background-color":"","background-image":"","background-repeat":"repeat","background-position":"center center","background-size":"auto","background-attachment":"scroll","background-type":"","background-media":"","overlay-type":"","overlay-color":"","overlay-opacity":"","overlay-gradient":""},"mobile":{"background-color":"","background-image":"","background-repeat":"repeat","background-position":"center center","background-size":"auto","background-attachment":"scroll","background-type":"","background-media":"","overlay-type":"","overlay-color":"","overlay-opacity":"","overlay-gradient":""}},"ast-content-background-meta":{"desktop":{"background-color":"var(--ast-global-color-4)","background-image":"","background-repeat":"repeat","background-position":"center center","background-size":"auto","background-attachment":"scroll","background-type":"","background-media":"","overlay-type":"","overlay-color":"","overlay-opacity":"","overlay-gradient":""},"tablet":{"background-color":"var(--ast-global-color-4)","background-image":"","background-repeat":"repeat","background-position":"center center","background-size":"auto","background-attachment":"scroll","background-type":"","background-media":"","overlay-type":"","overlay-color":"","overlay-opacity":"","overlay-gradient":""},"mobile":{"background-color":"var(--ast-global-color-4)","background-image":"","background-repeat":"repeat","background-position":"center center","background-size":"auto","background-attachment":"scroll","background-type":"","background-media":"","overlay-type":"","overlay-color":"","overlay-opacity":"","overlay-gradient":""}},"footnotes":""},"categories":[1],"tags":[],"class_list":["post-2741","post","type-post","status-publish","format-standard","hentry","category-sem-categoria"],"yoast_head":"<!-- This site is optimized with the Yoast SEO plugin v26.6 - https:\/\/yoast.com\/wordpress\/plugins\/seo\/ -->\n<title>Jo\u00e3o Kepler no Wyden Summit nesta quarta - Evandro Junior<\/title>\n<meta name=\"robots\" content=\"index, follow, max-snippet:-1, max-image-preview:large, max-video-preview:-1\" \/>\n<link rel=\"canonical\" href=\"https:\/\/www.blogsoestado.com\/evandrojunior\/2019\/11\/20\/joao-kleper-no-black-summit-nesta-quarta\/\" \/>\n<meta property=\"og:locale\" content=\"pt_BR\" \/>\n<meta property=\"og:type\" content=\"article\" \/>\n<meta property=\"og:title\" content=\"Jo\u00e3o Kepler no Wyden Summit nesta quarta - Evandro Junior\" \/>\n<meta property=\"og:description\" content=\"S\u00e3o Lu\u00eds &#8211; A faculdade ISL Wyden promove, nesta quarta feira (20), \u00e0s 19h, no espa\u00e7o Black Swan, na Cohama, [&hellip;]\" \/>\n<meta property=\"og:url\" content=\"https:\/\/www.blogsoestado.com\/evandrojunior\/2019\/11\/20\/joao-kleper-no-black-summit-nesta-quarta\/\" \/>\n<meta property=\"og:site_name\" content=\"Evandro Junior\" \/>\n<meta property=\"article:published_time\" content=\"2019-11-20T11:25:11+00:00\" \/>\n<meta property=\"og:image\" content=\"https:\/\/www.blogsoestado.com\/evandrojunior\/wp-content\/uploads\/sites\/3\/2019\/11\/Black-1.jpg\" \/>\n<meta name=\"author\" content=\"Evandro Junior\" \/>\n<meta name=\"twitter:card\" content=\"summary_large_image\" \/>\n<meta name=\"twitter:label1\" content=\"Escrito por\" \/>\n\t<meta name=\"twitter:data1\" content=\"Evandro Junior\" \/>\n\t<meta name=\"twitter:label2\" content=\"Est. tempo de leitura\" \/>\n\t<meta name=\"twitter:data2\" content=\"2 minutos\" \/>\n<script type=\"application\/ld+json\" class=\"yoast-schema-graph\">{\"@context\":\"https:\/\/schema.org\",\"@graph\":[{\"@type\":\"WebPage\",\"@id\":\"https:\/\/www.blogsoestado.com\/evandrojunior\/2019\/11\/20\/joao-kleper-no-black-summit-nesta-quarta\/\",\"url\":\"https:\/\/www.blogsoestado.com\/evandrojunior\/2019\/11\/20\/joao-kleper-no-black-summit-nesta-quarta\/\",\"name\":\"Jo\u00e3o Kepler no Wyden Summit nesta quarta - Evandro Junior\",\"isPartOf\":{\"@id\":\"https:\/\/www.blogsoestado.com\/evandrojunior\/#website\"},\"primaryImageOfPage\":{\"@id\":\"https:\/\/www.blogsoestado.com\/evandrojunior\/2019\/11\/20\/joao-kleper-no-black-summit-nesta-quarta\/#primaryimage\"},\"image\":{\"@id\":\"https:\/\/www.blogsoestado.com\/evandrojunior\/2019\/11\/20\/joao-kleper-no-black-summit-nesta-quarta\/#primaryimage\"},\"thumbnailUrl\":\"https:\/\/www.blogsoestado.com\/evandrojunior\/wp-content\/uploads\/sites\/3\/2019\/11\/Black-1.jpg\",\"datePublished\":\"2019-11-20T11:25:11+00:00\",\"author\":{\"@id\":\"https:\/\/www.blogsoestado.com\/evandrojunior\/#\/schema\/person\/3e6c3d8dbb740d1c6878ebc935cfb3be\"},\"breadcrumb\":{\"@id\":\"https:\/\/www.blogsoestado.com\/evandrojunior\/2019\/11\/20\/joao-kleper-no-black-summit-nesta-quarta\/#breadcrumb\"},\"inLanguage\":\"pt-BR\",\"potentialAction\":[{\"@type\":\"ReadAction\",\"target\":[\"https:\/\/www.blogsoestado.com\/evandrojunior\/2019\/11\/20\/joao-kleper-no-black-summit-nesta-quarta\/\"]}]},{\"@type\":\"ImageObject\",\"inLanguage\":\"pt-BR\",\"@id\":\"https:\/\/www.blogsoestado.com\/evandrojunior\/2019\/11\/20\/joao-kleper-no-black-summit-nesta-quarta\/#primaryimage\",\"url\":\"https:\/\/www.blogsoestado.com\/evandrojunior\/wp-content\/uploads\/sites\/3\/2019\/11\/Black-1.jpg\",\"contentUrl\":\"https:\/\/www.blogsoestado.com\/evandrojunior\/wp-content\/uploads\/sites\/3\/2019\/11\/Black-1.jpg\",\"width\":746,\"height\":509},{\"@type\":\"BreadcrumbList\",\"@id\":\"https:\/\/www.blogsoestado.com\/evandrojunior\/2019\/11\/20\/joao-kleper-no-black-summit-nesta-quarta\/#breadcrumb\",\"itemListElement\":[{\"@type\":\"ListItem\",\"position\":1,\"name\":\"In\u00edcio\",\"item\":\"https:\/\/www.blogsoestado.com\/evandrojunior\/\"},{\"@type\":\"ListItem\",\"position\":2,\"name\":\"Jo\u00e3o Kepler no Wyden Summit nesta quarta\"}]},{\"@type\":\"WebSite\",\"@id\":\"https:\/\/www.blogsoestado.com\/evandrojunior\/#website\",\"url\":\"https:\/\/www.blogsoestado.com\/evandrojunior\/\",\"name\":\"Evandro Junior\",\"description\":\"\",\"potentialAction\":[{\"@type\":\"SearchAction\",\"target\":{\"@type\":\"EntryPoint\",\"urlTemplate\":\"https:\/\/www.blogsoestado.com\/evandrojunior\/?s={search_term_string}\"},\"query-input\":{\"@type\":\"PropertyValueSpecification\",\"valueRequired\":true,\"valueName\":\"search_term_string\"}}],\"inLanguage\":\"pt-BR\"},{\"@type\":\"Person\",\"@id\":\"https:\/\/www.blogsoestado.com\/evandrojunior\/#\/schema\/person\/3e6c3d8dbb740d1c6878ebc935cfb3be\",\"name\":\"Evandro Junior\",\"image\":{\"@type\":\"ImageObject\",\"inLanguage\":\"pt-BR\",\"@id\":\"https:\/\/www.blogsoestado.com\/evandrojunior\/#\/schema\/person\/image\/\",\"url\":\"https:\/\/secure.gravatar.com\/avatar\/f80a03a2294a580cd2318bfb459bf354cfa8be661ef3d95b542cf9a04af8d129?s=96&d=mm&r=g\",\"contentUrl\":\"https:\/\/secure.gravatar.com\/avatar\/f80a03a2294a580cd2318bfb459bf354cfa8be661ef3d95b542cf9a04af8d129?s=96&d=mm&r=g\",\"caption\":\"Evandro Junior\"},\"url\":\"https:\/\/www.blogsoestado.com\/evandrojunior\/author\/evandrojunior\/\"}]}<\/script>\n<!-- \/ Yoast SEO plugin. -->","yoast_head_json":{"title":"Jo\u00e3o Kepler no Wyden Summit nesta quarta - Evandro Junior","robots":{"index":"index","follow":"follow","max-snippet":"max-snippet:-1","max-image-preview":"max-image-preview:large","max-video-preview":"max-video-preview:-1"},"canonical":"https:\/\/www.blogsoestado.com\/evandrojunior\/2019\/11\/20\/joao-kleper-no-black-summit-nesta-quarta\/","og_locale":"pt_BR","og_type":"article","og_title":"Jo\u00e3o Kepler no Wyden Summit nesta quarta - Evandro Junior","og_description":"S\u00e3o Lu\u00eds &#8211; A faculdade ISL Wyden promove, nesta quarta feira (20), \u00e0s 19h, no espa\u00e7o Black Swan, na Cohama, [&hellip;]","og_url":"https:\/\/www.blogsoestado.com\/evandrojunior\/2019\/11\/20\/joao-kleper-no-black-summit-nesta-quarta\/","og_site_name":"Evandro Junior","article_published_time":"2019-11-20T11:25:11+00:00","og_image":[{"url":"https:\/\/www.blogsoestado.com\/evandrojunior\/wp-content\/uploads\/sites\/3\/2019\/11\/Black-1.jpg","type":"","width":"","height":""}],"author":"Evandro Junior","twitter_card":"summary_large_image","twitter_misc":{"Escrito por":"Evandro Junior","Est. tempo de leitura":"2 minutos"},"schema":{"@context":"https:\/\/schema.org","@graph":[{"@type":"WebPage","@id":"https:\/\/www.blogsoestado.com\/evandrojunior\/2019\/11\/20\/joao-kleper-no-black-summit-nesta-quarta\/","url":"https:\/\/www.blogsoestado.com\/evandrojunior\/2019\/11\/20\/joao-kleper-no-black-summit-nesta-quarta\/","name":"Jo\u00e3o Kepler no Wyden Summit nesta quarta - Evandro Junior","isPartOf":{"@id":"https:\/\/www.blogsoestado.com\/evandrojunior\/#website"},"primaryImageOfPage":{"@id":"https:\/\/www.blogsoestado.com\/evandrojunior\/2019\/11\/20\/joao-kleper-no-black-summit-nesta-quarta\/#primaryimage"},"image":{"@id":"https:\/\/www.blogsoestado.com\/evandrojunior\/2019\/11\/20\/joao-kleper-no-black-summit-nesta-quarta\/#primaryimage"},"thumbnailUrl":"https:\/\/www.blogsoestado.com\/evandrojunior\/wp-content\/uploads\/sites\/3\/2019\/11\/Black-1.jpg","datePublished":"2019-11-20T11:25:11+00:00","author":{"@id":"https:\/\/www.blogsoestado.com\/evandrojunior\/#\/schema\/person\/3e6c3d8dbb740d1c6878ebc935cfb3be"},"breadcrumb":{"@id":"https:\/\/www.blogsoestado.com\/evandrojunior\/2019\/11\/20\/joao-kleper-no-black-summit-nesta-quarta\/#breadcrumb"},"inLanguage":"pt-BR","potentialAction":[{"@type":"ReadAction","target":["https:\/\/www.blogsoestado.com\/evandrojunior\/2019\/11\/20\/joao-kleper-no-black-summit-nesta-quarta\/"]}]},{"@type":"ImageObject","inLanguage":"pt-BR","@id":"https:\/\/www.blogsoestado.com\/evandrojunior\/2019\/11\/20\/joao-kleper-no-black-summit-nesta-quarta\/#primaryimage","url":"https:\/\/www.blogsoestado.com\/evandrojunior\/wp-content\/uploads\/sites\/3\/2019\/11\/Black-1.jpg","contentUrl":"https:\/\/www.blogsoestado.com\/evandrojunior\/wp-content\/uploads\/sites\/3\/2019\/11\/Black-1.jpg","width":746,"height":509},{"@type":"BreadcrumbList","@id":"https:\/\/www.blogsoestado.com\/evandrojunior\/2019\/11\/20\/joao-kleper-no-black-summit-nesta-quarta\/#breadcrumb","itemListElement":[{"@type":"ListItem","position":1,"name":"In\u00edcio","item":"https:\/\/www.blogsoestado.com\/evandrojunior\/"},{"@type":"ListItem","position":2,"name":"Jo\u00e3o Kepler no Wyden Summit nesta quarta"}]},{"@type":"WebSite","@id":"https:\/\/www.blogsoestado.com\/evandrojunior\/#website","url":"https:\/\/www.blogsoestado.com\/evandrojunior\/","name":"Evandro Junior","description":"","potentialAction":[{"@type":"SearchAction","target":{"@type":"EntryPoint","urlTemplate":"https:\/\/www.blogsoestado.com\/evandrojunior\/?s={search_term_string}"},"query-input":{"@type":"PropertyValueSpecification","valueRequired":true,"valueName":"search_term_string"}}],"inLanguage":"pt-BR"},{"@type":"Person","@id":"https:\/\/www.blogsoestado.com\/evandrojunior\/#\/schema\/person\/3e6c3d8dbb740d1c6878ebc935cfb3be","name":"Evandro Junior","image":{"@type":"ImageObject","inLanguage":"pt-BR","@id":"https:\/\/www.blogsoestado.com\/evandrojunior\/#\/schema\/person\/image\/","url":"https:\/\/secure.gravatar.com\/avatar\/f80a03a2294a580cd2318bfb459bf354cfa8be661ef3d95b542cf9a04af8d129?s=96&d=mm&r=g","contentUrl":"https:\/\/secure.gravatar.com\/avatar\/f80a03a2294a580cd2318bfb459bf354cfa8be661ef3d95b542cf9a04af8d129?s=96&d=mm&r=g","caption":"Evandro Junior"},"url":"https:\/\/www.blogsoestado.com\/evandrojunior\/author\/evandrojunior\/"}]}},"jetpack_featured_media_url":"","_links":{"self":[{"href":"https:\/\/www.blogsoestado.com\/evandrojunior\/wp-json\/wp\/v2\/posts\/2741","targetHints":{"allow":["GET"]}}],"collection":[{"href":"https:\/\/www.blogsoestado.com\/evandrojunior\/wp-json\/wp\/v2\/posts"}],"about":[{"href":"https:\/\/www.blogsoestado.com\/evandrojunior\/wp-json\/wp\/v2\/types\/post"}],"author":[{"embeddable":true,"href":"https:\/\/www.blogsoestado.com\/evandrojunior\/wp-json\/wp\/v2\/users\/4"}],"replies":[{"embeddable":true,"href":"https:\/\/www.blogsoestado.com\/evandrojunior\/wp-json\/wp\/v2\/comments?post=2741"}],"version-history":[{"count":0,"href":"https:\/\/www.blogsoestado.com\/evandrojunior\/wp-json\/wp\/v2\/posts\/2741\/revisions"}],"wp:attachment":[{"href":"https:\/\/www.blogsoestado.com\/evandrojunior\/wp-json\/wp\/v2\/media?parent=2741"}],"wp:term":[{"taxonomy":"category","embeddable":true,"href":"https:\/\/www.blogsoestado.com\/evandrojunior\/wp-json\/wp\/v2\/categories?post=2741"},{"taxonomy":"post_tag","embeddable":true,"href":"https:\/\/www.blogsoestado.com\/evandrojunior\/wp-json\/wp\/v2\/tags?post=2741"}],"curies":[{"name":"wp","href":"https:\/\/api.w.org\/{rel}","templated":true}]}}