{"id":3392,"date":"2020-05-31T10:49:57","date_gmt":"2020-05-31T13:49:57","guid":{"rendered":"https:\/\/www.blogsoestado.com\/evandrojunior\/?p=3392"},"modified":"2020-05-31T10:49:57","modified_gmt":"2020-05-31T13:49:57","slug":"laserterapia-uma-area-muito-importante-no-tratamento-de-pacientes","status":"publish","type":"post","link":"https:\/\/www.blogsoestado.com\/evandrojunior\/2020\/05\/31\/laserterapia-uma-area-muito-importante-no-tratamento-de-pacientes\/","title":{"rendered":"Laserterapia: uma \u00e1rea muito importante no tratamento de pacientes"},"content":{"rendered":"\n<p><strong>S\u00e3o Lu\u00eds<\/strong> &#8211; O laser de baixa pot\u00eancia \u00e9 um recurso terap\u00eautico, n\u00e3o invasivo, sem efeitos colaterais, que surgiu para auxiliar o processo de reabilita\u00e7\u00e3o, potencializando os efeitos da terapia convencional. Este recurso \u00e9 utilizado por profissionais da \u00e1rea da sa\u00fade, como fonoaudi\u00f3logos, dentistas, fisioterapeutas, entre outros, devidamente capacitados.<\/p>\n\n\n\n<p>O laser pode auxiliar no tratamento de diversas patologias e disfun\u00e7\u00f5es. Entre elas, DTM, trismo, paralisia facial, paralisia de prega vocal, disfagias, mucosite, xerostomia (boca seca), sialorreia (saliva intensa), cicatriza\u00e7\u00e3o tecidual, edemas, processos inflamat\u00f3rios, dor, repara\u00e7\u00e3o nervosa e muscular.<\/p>\n\n\n\n<figure class=\"wp-block-image size-large\"><img fetchpriority=\"high\" decoding=\"async\" width=\"1024\" height=\"682\" src=\"https:\/\/www.blogsoestado.com\/evandrojunior\/wp-content\/uploads\/sites\/3\/2020\/05\/WhatsApp-Image-2020-05-30-at-17.02.45-1-1024x682.jpeg\" alt=\"\" class=\"wp-image-3394\" srcset=\"https:\/\/www.blogsoestado.com\/evandrojunior\/wp-content\/uploads\/sites\/3\/2020\/05\/WhatsApp-Image-2020-05-30-at-17.02.45-1-1024x682.jpeg 1024w, https:\/\/www.blogsoestado.com\/evandrojunior\/wp-content\/uploads\/sites\/3\/2020\/05\/WhatsApp-Image-2020-05-30-at-17.02.45-1-300x200.jpeg 300w, https:\/\/www.blogsoestado.com\/evandrojunior\/wp-content\/uploads\/sites\/3\/2020\/05\/WhatsApp-Image-2020-05-30-at-17.02.45-1-768x512.jpeg 768w, https:\/\/www.blogsoestado.com\/evandrojunior\/wp-content\/uploads\/sites\/3\/2020\/05\/WhatsApp-Image-2020-05-30-at-17.02.45-1.jpeg 1280w\" sizes=\"(max-width: 1024px) 100vw, 1024px\" \/><figcaption>Dr. St\u00eanio Roberto Santos <\/figcaption><\/figure>\n\n\n\n<p><strong>Laserterapia na Xerostomia<\/strong><\/p>\n\n\n\n<p> Xerostomia \u00e9 a diminui\u00e7\u00e3o do fluxo salivar que deixa a boca seca. Geralmente, ela ocorre decorrente do tratamento radioter\u00e1pico na regi\u00e3o de cabe\u00e7a e pesco\u00e7o, devido \u00e0 radia\u00e7\u00e3o que pode atingir as gl\u00e2ndulas salivares.<\/p>\n\n\n\n<p>Esta diminui\u00e7\u00e3o salivar pode prejudicar a degluti\u00e7\u00e3o, pois necessitamos da saliva para preparar o alimento e engolir. A boca seca pode causar dor ao engolir, diminui\u00e7\u00e3o da sensibilidade, oral alterando o paladar e prejudicando a percep\u00e7\u00e3o do alimento na cavidade oral.<\/p>\n\n\n\n<p>Alguns estudos e pr\u00e1ticas cl\u00ednicas j\u00e1 mostraram que o laser pode ajudar a minimizar esses efeitos causados pela radioterapia, proporcionando uma melhor qualidade de vida aos nossos pacientes.<\/p>\n\n\n\n<figure class=\"wp-block-image size-large\"><img decoding=\"async\" width=\"1024\" height=\"768\" src=\"https:\/\/www.blogsoestado.com\/evandrojunior\/wp-content\/uploads\/sites\/3\/2020\/05\/WhatsApp-Image-2020-05-30-at-17.01.19-1-1.jpeg\" alt=\"\" class=\"wp-image-3395\" srcset=\"https:\/\/www.blogsoestado.com\/evandrojunior\/wp-content\/uploads\/sites\/3\/2020\/05\/WhatsApp-Image-2020-05-30-at-17.01.19-1-1.jpeg 1024w, https:\/\/www.blogsoestado.com\/evandrojunior\/wp-content\/uploads\/sites\/3\/2020\/05\/WhatsApp-Image-2020-05-30-at-17.01.19-1-1-300x225.jpeg 300w, https:\/\/www.blogsoestado.com\/evandrojunior\/wp-content\/uploads\/sites\/3\/2020\/05\/WhatsApp-Image-2020-05-30-at-17.01.19-1-1-768x576.jpeg 768w\" sizes=\"(max-width: 1024px) 100vw, 1024px\" \/><figcaption>Dra. Camila Viana <\/figcaption><\/figure>\n\n\n\n<p><strong>Laser na sialorreia<\/strong><\/p>\n\n\n\n<p> Sialorreia \u00e9 o aumento intenso do fluxo salivar ou hipersaliva\u00e7\u00e3o. Pode ocorrer devido a procedimentos cir\u00fargicos na regi\u00e3o da cabe\u00e7a e pesco\u00e7o (como na l\u00edngua e l\u00e1bio), por tratamento medicamentoso ou de causa neurol\u00f3gica (como AVC e doen\u00e7as neuromusculares).<\/p>\n\n\n\n<p>O aumento da saliva pode prejudicar o processo de degluti\u00e7\u00e3o, dificultando o controle do alimento na boca e o preparo do alimento para engolir. Pode diminuir na percep\u00e7\u00e3o do alimento na boca e tamb\u00e9m interferir no paladar.<\/p>\n\n\n\n<p>O laser, dependendo da causa da hipersaliva\u00e7\u00e3o, pode auxiliar na modula\u00e7\u00e3o salivar ou no controle motor oral.<\/p>\n\n\n\n<p>O ICCP temos profissionais especializados para avaliar seu sintoma e avaliar os benef\u00edcios do laser.<\/p>\n\n\n\n<p>Artigo escrito pelos m\u00e9dicos:<\/p>\n\n\n\n<p><strong>St\u00eanio Roberto dos Santos <\/strong>\u2013 cirurgi\u00e3o de cabe\u00e7a e pesco\u00e7o e gestor do ICCP<br><strong>Camila Viana <\/strong>\u2013 Fonoaudi\u00f3loga do ICCP<\/p>\n\n\n\n<p><\/p>\n","protected":false},"excerpt":{"rendered":"<p>S\u00e3o Lu\u00eds &#8211; O laser de baixa pot\u00eancia \u00e9 um recurso terap\u00eautico, n\u00e3o invasivo, sem efeitos colaterais, que surgiu para [&hellip;]<\/p>\n","protected":false},"author":4,"featured_media":0,"comment_status":"open","ping_status":"open","sticky":false,"template":"","format":"standard","meta":{"site-sidebar-layout":"default","site-content-layout":"","ast-site-content-layout":"default","site-content-style":"default","site-sidebar-style":"default","ast-global-header-display":"","ast-banner-title-visibility":"","ast-main-header-display":"","ast-hfb-above-header-display":"","ast-hfb-below-header-display":"","ast-hfb-mobile-header-display":"","site-post-title":"","ast-breadcrumbs-content":"","ast-featured-img":"","footer-sml-layout":"","ast-disable-related-posts":"","theme-transparent-header-meta":"","adv-header-id-meta":"","stick-header-meta":"","header-above-stick-meta":"","header-main-stick-meta":"","header-below-stick-meta":"","astra-migrate-meta-layouts":"default","ast-page-background-enabled":"default","ast-page-background-meta":{"desktop":{"background-color":"var(--ast-global-color-5)","background-image":"","background-repeat":"repeat","background-position":"center center","background-size":"auto","background-attachment":"scroll","background-type":"","background-media":"","overlay-type":"","overlay-color":"","overlay-opacity":"","overlay-gradient":""},"tablet":{"background-color":"","background-image":"","background-repeat":"repeat","background-position":"center center","background-size":"auto","background-attachment":"scroll","background-type":"","background-media":"","overlay-type":"","overlay-color":"","overlay-opacity":"","overlay-gradient":""},"mobile":{"background-color":"","background-image":"","background-repeat":"repeat","background-position":"center center","background-size":"auto","background-attachment":"scroll","background-type":"","background-media":"","overlay-type":"","overlay-color":"","overlay-opacity":"","overlay-gradient":""}},"ast-content-background-meta":{"desktop":{"background-color":"var(--ast-global-color-4)","background-image":"","background-repeat":"repeat","background-position":"center center","background-size":"auto","background-attachment":"scroll","background-type":"","background-media":"","overlay-type":"","overlay-color":"","overlay-opacity":"","overlay-gradient":""},"tablet":{"background-color":"var(--ast-global-color-4)","background-image":"","background-repeat":"repeat","background-position":"center center","background-size":"auto","background-attachment":"scroll","background-type":"","background-media":"","overlay-type":"","overlay-color":"","overlay-opacity":"","overlay-gradient":""},"mobile":{"background-color":"var(--ast-global-color-4)","background-image":"","background-repeat":"repeat","background-position":"center center","background-size":"auto","background-attachment":"scroll","background-type":"","background-media":"","overlay-type":"","overlay-color":"","overlay-opacity":"","overlay-gradient":""}},"footnotes":""},"categories":[1],"tags":[],"class_list":["post-3392","post","type-post","status-publish","format-standard","hentry","category-sem-categoria"],"yoast_head":"<!-- This site is optimized with the Yoast SEO plugin v26.6 - https:\/\/yoast.com\/wordpress\/plugins\/seo\/ -->\n<title>Laserterapia: uma \u00e1rea muito importante no tratamento de pacientes - Evandro Junior<\/title>\n<meta name=\"robots\" content=\"index, follow, max-snippet:-1, max-image-preview:large, max-video-preview:-1\" \/>\n<link rel=\"canonical\" href=\"https:\/\/www.blogsoestado.com\/evandrojunior\/2020\/05\/31\/laserterapia-uma-area-muito-importante-no-tratamento-de-pacientes\/\" \/>\n<meta property=\"og:locale\" content=\"pt_BR\" \/>\n<meta property=\"og:type\" content=\"article\" \/>\n<meta property=\"og:title\" content=\"Laserterapia: uma \u00e1rea muito importante no tratamento de pacientes - Evandro Junior\" \/>\n<meta property=\"og:description\" content=\"S\u00e3o Lu\u00eds &#8211; O laser de baixa pot\u00eancia \u00e9 um recurso terap\u00eautico, n\u00e3o invasivo, sem efeitos colaterais, que surgiu para [&hellip;]\" \/>\n<meta property=\"og:url\" content=\"https:\/\/www.blogsoestado.com\/evandrojunior\/2020\/05\/31\/laserterapia-uma-area-muito-importante-no-tratamento-de-pacientes\/\" \/>\n<meta property=\"og:site_name\" content=\"Evandro Junior\" \/>\n<meta property=\"article:published_time\" content=\"2020-05-31T13:49:57+00:00\" \/>\n<meta property=\"og:image\" content=\"https:\/\/www.blogsoestado.com\/evandrojunior\/wp-content\/uploads\/sites\/3\/2020\/05\/WhatsApp-Image-2020-05-30-at-17.02.45-1-1024x682.jpeg\" \/>\n<meta name=\"author\" content=\"Evandro Junior\" \/>\n<meta name=\"twitter:card\" content=\"summary_large_image\" \/>\n<meta name=\"twitter:label1\" content=\"Escrito por\" \/>\n\t<meta name=\"twitter:data1\" content=\"Evandro Junior\" \/>\n\t<meta name=\"twitter:label2\" content=\"Est. tempo de leitura\" \/>\n\t<meta name=\"twitter:data2\" content=\"2 minutos\" \/>\n<script type=\"application\/ld+json\" class=\"yoast-schema-graph\">{\"@context\":\"https:\/\/schema.org\",\"@graph\":[{\"@type\":\"WebPage\",\"@id\":\"https:\/\/www.blogsoestado.com\/evandrojunior\/2020\/05\/31\/laserterapia-uma-area-muito-importante-no-tratamento-de-pacientes\/\",\"url\":\"https:\/\/www.blogsoestado.com\/evandrojunior\/2020\/05\/31\/laserterapia-uma-area-muito-importante-no-tratamento-de-pacientes\/\",\"name\":\"Laserterapia: uma \u00e1rea muito importante no tratamento de pacientes - Evandro Junior\",\"isPartOf\":{\"@id\":\"https:\/\/www.blogsoestado.com\/evandrojunior\/#website\"},\"primaryImageOfPage\":{\"@id\":\"https:\/\/www.blogsoestado.com\/evandrojunior\/2020\/05\/31\/laserterapia-uma-area-muito-importante-no-tratamento-de-pacientes\/#primaryimage\"},\"image\":{\"@id\":\"https:\/\/www.blogsoestado.com\/evandrojunior\/2020\/05\/31\/laserterapia-uma-area-muito-importante-no-tratamento-de-pacientes\/#primaryimage\"},\"thumbnailUrl\":\"https:\/\/www.blogsoestado.com\/evandrojunior\/wp-content\/uploads\/sites\/3\/2020\/05\/WhatsApp-Image-2020-05-30-at-17.02.45-1-1024x682.jpeg\",\"datePublished\":\"2020-05-31T13:49:57+00:00\",\"author\":{\"@id\":\"https:\/\/www.blogsoestado.com\/evandrojunior\/#\/schema\/person\/3e6c3d8dbb740d1c6878ebc935cfb3be\"},\"breadcrumb\":{\"@id\":\"https:\/\/www.blogsoestado.com\/evandrojunior\/2020\/05\/31\/laserterapia-uma-area-muito-importante-no-tratamento-de-pacientes\/#breadcrumb\"},\"inLanguage\":\"pt-BR\",\"potentialAction\":[{\"@type\":\"ReadAction\",\"target\":[\"https:\/\/www.blogsoestado.com\/evandrojunior\/2020\/05\/31\/laserterapia-uma-area-muito-importante-no-tratamento-de-pacientes\/\"]}]},{\"@type\":\"ImageObject\",\"inLanguage\":\"pt-BR\",\"@id\":\"https:\/\/www.blogsoestado.com\/evandrojunior\/2020\/05\/31\/laserterapia-uma-area-muito-importante-no-tratamento-de-pacientes\/#primaryimage\",\"url\":\"https:\/\/www.blogsoestado.com\/evandrojunior\/wp-content\/uploads\/sites\/3\/2020\/05\/WhatsApp-Image-2020-05-30-at-17.02.45-1.jpeg\",\"contentUrl\":\"https:\/\/www.blogsoestado.com\/evandrojunior\/wp-content\/uploads\/sites\/3\/2020\/05\/WhatsApp-Image-2020-05-30-at-17.02.45-1.jpeg\",\"width\":1280,\"height\":853},{\"@type\":\"BreadcrumbList\",\"@id\":\"https:\/\/www.blogsoestado.com\/evandrojunior\/2020\/05\/31\/laserterapia-uma-area-muito-importante-no-tratamento-de-pacientes\/#breadcrumb\",\"itemListElement\":[{\"@type\":\"ListItem\",\"position\":1,\"name\":\"In\u00edcio\",\"item\":\"https:\/\/www.blogsoestado.com\/evandrojunior\/\"},{\"@type\":\"ListItem\",\"position\":2,\"name\":\"Laserterapia: uma \u00e1rea muito importante no tratamento de pacientes\"}]},{\"@type\":\"WebSite\",\"@id\":\"https:\/\/www.blogsoestado.com\/evandrojunior\/#website\",\"url\":\"https:\/\/www.blogsoestado.com\/evandrojunior\/\",\"name\":\"Evandro Junior\",\"description\":\"\",\"potentialAction\":[{\"@type\":\"SearchAction\",\"target\":{\"@type\":\"EntryPoint\",\"urlTemplate\":\"https:\/\/www.blogsoestado.com\/evandrojunior\/?s={search_term_string}\"},\"query-input\":{\"@type\":\"PropertyValueSpecification\",\"valueRequired\":true,\"valueName\":\"search_term_string\"}}],\"inLanguage\":\"pt-BR\"},{\"@type\":\"Person\",\"@id\":\"https:\/\/www.blogsoestado.com\/evandrojunior\/#\/schema\/person\/3e6c3d8dbb740d1c6878ebc935cfb3be\",\"name\":\"Evandro Junior\",\"image\":{\"@type\":\"ImageObject\",\"inLanguage\":\"pt-BR\",\"@id\":\"https:\/\/www.blogsoestado.com\/evandrojunior\/#\/schema\/person\/image\/\",\"url\":\"https:\/\/secure.gravatar.com\/avatar\/f80a03a2294a580cd2318bfb459bf354cfa8be661ef3d95b542cf9a04af8d129?s=96&d=mm&r=g\",\"contentUrl\":\"https:\/\/secure.gravatar.com\/avatar\/f80a03a2294a580cd2318bfb459bf354cfa8be661ef3d95b542cf9a04af8d129?s=96&d=mm&r=g\",\"caption\":\"Evandro Junior\"},\"url\":\"https:\/\/www.blogsoestado.com\/evandrojunior\/author\/evandrojunior\/\"}]}<\/script>\n<!-- \/ Yoast SEO plugin. -->","yoast_head_json":{"title":"Laserterapia: uma \u00e1rea muito importante no tratamento de pacientes - Evandro Junior","robots":{"index":"index","follow":"follow","max-snippet":"max-snippet:-1","max-image-preview":"max-image-preview:large","max-video-preview":"max-video-preview:-1"},"canonical":"https:\/\/www.blogsoestado.com\/evandrojunior\/2020\/05\/31\/laserterapia-uma-area-muito-importante-no-tratamento-de-pacientes\/","og_locale":"pt_BR","og_type":"article","og_title":"Laserterapia: uma \u00e1rea muito importante no tratamento de pacientes - Evandro Junior","og_description":"S\u00e3o Lu\u00eds &#8211; O laser de baixa pot\u00eancia \u00e9 um recurso terap\u00eautico, n\u00e3o invasivo, sem efeitos colaterais, que surgiu para [&hellip;]","og_url":"https:\/\/www.blogsoestado.com\/evandrojunior\/2020\/05\/31\/laserterapia-uma-area-muito-importante-no-tratamento-de-pacientes\/","og_site_name":"Evandro Junior","article_published_time":"2020-05-31T13:49:57+00:00","og_image":[{"url":"https:\/\/www.blogsoestado.com\/evandrojunior\/wp-content\/uploads\/sites\/3\/2020\/05\/WhatsApp-Image-2020-05-30-at-17.02.45-1-1024x682.jpeg","type":"","width":"","height":""}],"author":"Evandro Junior","twitter_card":"summary_large_image","twitter_misc":{"Escrito por":"Evandro Junior","Est. tempo de leitura":"2 minutos"},"schema":{"@context":"https:\/\/schema.org","@graph":[{"@type":"WebPage","@id":"https:\/\/www.blogsoestado.com\/evandrojunior\/2020\/05\/31\/laserterapia-uma-area-muito-importante-no-tratamento-de-pacientes\/","url":"https:\/\/www.blogsoestado.com\/evandrojunior\/2020\/05\/31\/laserterapia-uma-area-muito-importante-no-tratamento-de-pacientes\/","name":"Laserterapia: uma \u00e1rea muito importante no tratamento de pacientes - Evandro Junior","isPartOf":{"@id":"https:\/\/www.blogsoestado.com\/evandrojunior\/#website"},"primaryImageOfPage":{"@id":"https:\/\/www.blogsoestado.com\/evandrojunior\/2020\/05\/31\/laserterapia-uma-area-muito-importante-no-tratamento-de-pacientes\/#primaryimage"},"image":{"@id":"https:\/\/www.blogsoestado.com\/evandrojunior\/2020\/05\/31\/laserterapia-uma-area-muito-importante-no-tratamento-de-pacientes\/#primaryimage"},"thumbnailUrl":"https:\/\/www.blogsoestado.com\/evandrojunior\/wp-content\/uploads\/sites\/3\/2020\/05\/WhatsApp-Image-2020-05-30-at-17.02.45-1-1024x682.jpeg","datePublished":"2020-05-31T13:49:57+00:00","author":{"@id":"https:\/\/www.blogsoestado.com\/evandrojunior\/#\/schema\/person\/3e6c3d8dbb740d1c6878ebc935cfb3be"},"breadcrumb":{"@id":"https:\/\/www.blogsoestado.com\/evandrojunior\/2020\/05\/31\/laserterapia-uma-area-muito-importante-no-tratamento-de-pacientes\/#breadcrumb"},"inLanguage":"pt-BR","potentialAction":[{"@type":"ReadAction","target":["https:\/\/www.blogsoestado.com\/evandrojunior\/2020\/05\/31\/laserterapia-uma-area-muito-importante-no-tratamento-de-pacientes\/"]}]},{"@type":"ImageObject","inLanguage":"pt-BR","@id":"https:\/\/www.blogsoestado.com\/evandrojunior\/2020\/05\/31\/laserterapia-uma-area-muito-importante-no-tratamento-de-pacientes\/#primaryimage","url":"https:\/\/www.blogsoestado.com\/evandrojunior\/wp-content\/uploads\/sites\/3\/2020\/05\/WhatsApp-Image-2020-05-30-at-17.02.45-1.jpeg","contentUrl":"https:\/\/www.blogsoestado.com\/evandrojunior\/wp-content\/uploads\/sites\/3\/2020\/05\/WhatsApp-Image-2020-05-30-at-17.02.45-1.jpeg","width":1280,"height":853},{"@type":"BreadcrumbList","@id":"https:\/\/www.blogsoestado.com\/evandrojunior\/2020\/05\/31\/laserterapia-uma-area-muito-importante-no-tratamento-de-pacientes\/#breadcrumb","itemListElement":[{"@type":"ListItem","position":1,"name":"In\u00edcio","item":"https:\/\/www.blogsoestado.com\/evandrojunior\/"},{"@type":"ListItem","position":2,"name":"Laserterapia: uma \u00e1rea muito importante no tratamento de pacientes"}]},{"@type":"WebSite","@id":"https:\/\/www.blogsoestado.com\/evandrojunior\/#website","url":"https:\/\/www.blogsoestado.com\/evandrojunior\/","name":"Evandro Junior","description":"","potentialAction":[{"@type":"SearchAction","target":{"@type":"EntryPoint","urlTemplate":"https:\/\/www.blogsoestado.com\/evandrojunior\/?s={search_term_string}"},"query-input":{"@type":"PropertyValueSpecification","valueRequired":true,"valueName":"search_term_string"}}],"inLanguage":"pt-BR"},{"@type":"Person","@id":"https:\/\/www.blogsoestado.com\/evandrojunior\/#\/schema\/person\/3e6c3d8dbb740d1c6878ebc935cfb3be","name":"Evandro Junior","image":{"@type":"ImageObject","inLanguage":"pt-BR","@id":"https:\/\/www.blogsoestado.com\/evandrojunior\/#\/schema\/person\/image\/","url":"https:\/\/secure.gravatar.com\/avatar\/f80a03a2294a580cd2318bfb459bf354cfa8be661ef3d95b542cf9a04af8d129?s=96&d=mm&r=g","contentUrl":"https:\/\/secure.gravatar.com\/avatar\/f80a03a2294a580cd2318bfb459bf354cfa8be661ef3d95b542cf9a04af8d129?s=96&d=mm&r=g","caption":"Evandro Junior"},"url":"https:\/\/www.blogsoestado.com\/evandrojunior\/author\/evandrojunior\/"}]}},"jetpack_featured_media_url":"","_links":{"self":[{"href":"https:\/\/www.blogsoestado.com\/evandrojunior\/wp-json\/wp\/v2\/posts\/3392","targetHints":{"allow":["GET"]}}],"collection":[{"href":"https:\/\/www.blogsoestado.com\/evandrojunior\/wp-json\/wp\/v2\/posts"}],"about":[{"href":"https:\/\/www.blogsoestado.com\/evandrojunior\/wp-json\/wp\/v2\/types\/post"}],"author":[{"embeddable":true,"href":"https:\/\/www.blogsoestado.com\/evandrojunior\/wp-json\/wp\/v2\/users\/4"}],"replies":[{"embeddable":true,"href":"https:\/\/www.blogsoestado.com\/evandrojunior\/wp-json\/wp\/v2\/comments?post=3392"}],"version-history":[{"count":0,"href":"https:\/\/www.blogsoestado.com\/evandrojunior\/wp-json\/wp\/v2\/posts\/3392\/revisions"}],"wp:attachment":[{"href":"https:\/\/www.blogsoestado.com\/evandrojunior\/wp-json\/wp\/v2\/media?parent=3392"}],"wp:term":[{"taxonomy":"category","embeddable":true,"href":"https:\/\/www.blogsoestado.com\/evandrojunior\/wp-json\/wp\/v2\/categories?post=3392"},{"taxonomy":"post_tag","embeddable":true,"href":"https:\/\/www.blogsoestado.com\/evandrojunior\/wp-json\/wp\/v2\/tags?post=3392"}],"curies":[{"name":"wp","href":"https:\/\/api.w.org\/{rel}","templated":true}]}}