{"id":4098,"date":"2020-12-01T16:45:50","date_gmt":"2020-12-01T19:45:50","guid":{"rendered":"https:\/\/www.blogsoestado.com\/evandrojunior\/?p=4098"},"modified":"2020-12-01T16:45:50","modified_gmt":"2020-12-01T19:45:50","slug":"fernando-franco-celebrara-conquistas-de-2020-em-badaladas-festas-de-reveillon","status":"publish","type":"post","link":"https:\/\/www.blogsoestado.com\/evandrojunior\/2020\/12\/01\/fernando-franco-celebrara-conquistas-de-2020-em-badaladas-festas-de-reveillon\/","title":{"rendered":"Fernando &#038; Franco celebrar\u00e1 conquistas de 2020 em badaladas festas de R\u00e9veillon"},"content":{"rendered":"\n<figure class=\"wp-block-image size-large\"><img decoding=\"async\" src=\"https:\/\/www.blogsoestado.com\/evandrojunior\/files\/2020\/12\/Fernando-e-Franco-.jpg\" alt=\"\" class=\"wp-image-4099\"\/><figcaption>Dupla sertaneja Fernando &amp; Franco, apesar da pandemia, encerrar\u00e1 2020 contabilizando conquistas e uma legi\u00e3o de f\u00e3s<\/figcaption><\/figure>\n\n\n\n<p><strong>S\u00e3o Lu\u00eds<\/strong> &#8211; A dupla sertaneja Fernando &amp; Franco, considerada a melhor do Maranh\u00e3o nesse segmento, na atualidade, foi convidada para pontificar em badaladas festas de R\u00e9veillon em S\u00e3o Lu\u00eds. <\/p>\n\n\n\n<p>Os irm\u00e3os se apresentar\u00e3o, por exemplo, no &#8220;Sunrise: o R\u00e9veillon do Amanhecer&#8221;, que acontecer\u00e1 no Blue Tree Towers Hotel (Calhau), onde far\u00e3o um show para marcar o encerramento de um ciclo da carreira e o in\u00edcio de uma nova fase musical, em 2021. <\/p>\n\n\n\n<figure class=\"wp-block-image size-large\"><img decoding=\"async\" src=\"https:\/\/www.blogsoestado.com\/evandrojunior\/files\/2020\/12\/WhatsApp-Image-2020-12-01-at-16.16.17-819x1024.jpeg\" alt=\"\" class=\"wp-image-4100\"\/><figcaption>Os irm\u00e3os Fernando e Franco aceitaram o convite do R\u00e9veillon Sunrise, no Blue Tree Hotel<\/figcaption><\/figure>\n\n\n\n<p>Eles tamb\u00e9m se apresentar\u00e3o no R\u00e9veillon Mesa de Bar, a ser comandado pela banda que d\u00e1 nome ao evento e que acontecer\u00e1 no Boteco da Tom, na Avenida S\u00e3o Lu\u00eds Rei de Fran\u00e7a, no bairro Turu. <\/p>\n\n\n\n<p>&#8220;Estamos fechando ainda outros eventos da virada, que iremos anunciar mais para a frente&#8221;, disse o empres\u00e1rio da dupla, Arthur Cam\u00f5es.<\/p>\n\n\n\n<figure class=\"wp-block-image size-large\"><img decoding=\"async\" src=\"https:\/\/www.blogsoestado.com\/evandrojunior\/files\/2020\/12\/WhatsApp-Image-2020-12-01-at-16.16.12-819x1024.jpeg\" alt=\"\" class=\"wp-image-4101\"\/><figcaption>A dupla tamb\u00e9m confirmou presen\u00e7a no R\u00e9veillon Mesa de Bar, no Boteco da Tom, no Turu<\/figcaption><\/figure>\n\n\n\n<p><strong>Talento e engajamento<\/strong><\/p>\n\n\n\n<p>Talentosos, carism\u00e1ticos e afinados, os cantores festejar\u00e3o o sucesso que fizeram em 2020, apesar da pandemia do novo Coronav\u00edrus. Engajados nas redes sociais e extremamente dedicados \u00e0 m\u00fasica, eles n\u00e3o deixaram a peteca cair um s\u00f3 minuto. <\/p>\n\n\n\n<p>Muito pelo contr\u00e1rio, foi justamente neste ano pand\u00eamico que os irm\u00e3os conquistaram mais f\u00e3s, gravaram novas m\u00fasicas (como \u201cCi\u00fame Bateu\u201d, &#8220;Rapariga&#8221; e  \u201cSugar Daddy\u201d) e cresceram musicalmente, a olhos vistos.<\/p>\n\n\n\n<p>No pr\u00f3ximo dia 9 de janeiro, a dupla receber\u00e1 convidados para a festa autoral  &#8220;Fantasy&#8221;, em celebra\u00e7\u00e3o a mais um ano de vida de Fernando. O evento ser\u00e1 regado a open bar e open food, somente para convidados. <\/p>\n\n\n\n<figure class=\"wp-block-image size-large\"><img decoding=\"async\" src=\"https:\/\/www.blogsoestado.com\/evandrojunior\/files\/2020\/12\/WhatsApp-Image-2020-12-01-at-16.48.26-819x1024.jpeg\" alt=\"\" class=\"wp-image-4104\"\/><figcaption>Fernando vai trocar de idade e celebrar\u00e1 na festa autoral &#8220;Fantasy&#8221;, somente para convidados <\/figcaption><\/figure>\n","protected":false},"excerpt":{"rendered":"<p>S\u00e3o Lu\u00eds &#8211; A dupla sertaneja Fernando &amp; Franco, considerada a melhor do Maranh\u00e3o nesse segmento, na atualidade, foi convidada [&hellip;]<\/p>\n","protected":false},"author":4,"featured_media":0,"comment_status":"open","ping_status":"open","sticky":false,"template":"","format":"standard","meta":{"site-sidebar-layout":"default","site-content-layout":"","ast-site-content-layout":"default","site-content-style":"default","site-sidebar-style":"default","ast-global-header-display":"","ast-banner-title-visibility":"","ast-main-header-display":"","ast-hfb-above-header-display":"","ast-hfb-below-header-display":"","ast-hfb-mobile-header-display":"","site-post-title":"","ast-breadcrumbs-content":"","ast-featured-img":"","footer-sml-layout":"","ast-disable-related-posts":"","theme-transparent-header-meta":"","adv-header-id-meta":"","stick-header-meta":"","header-above-stick-meta":"","header-main-stick-meta":"","header-below-stick-meta":"","astra-migrate-meta-layouts":"default","ast-page-background-enabled":"default","ast-page-background-meta":{"desktop":{"background-color":"var(--ast-global-color-5)","background-image":"","background-repeat":"repeat","background-position":"center center","background-size":"auto","background-attachment":"scroll","background-type":"","background-media":"","overlay-type":"","overlay-color":"","overlay-opacity":"","overlay-gradient":""},"tablet":{"background-color":"","background-image":"","background-repeat":"repeat","background-position":"center center","background-size":"auto","background-attachment":"scroll","background-type":"","background-media":"","overlay-type":"","overlay-color":"","overlay-opacity":"","overlay-gradient":""},"mobile":{"background-color":"","background-image":"","background-repeat":"repeat","background-position":"center center","background-size":"auto","background-attachment":"scroll","background-type":"","background-media":"","overlay-type":"","overlay-color":"","overlay-opacity":"","overlay-gradient":""}},"ast-content-background-meta":{"desktop":{"background-color":"var(--ast-global-color-4)","background-image":"","background-repeat":"repeat","background-position":"center center","background-size":"auto","background-attachment":"scroll","background-type":"","background-media":"","overlay-type":"","overlay-color":"","overlay-opacity":"","overlay-gradient":""},"tablet":{"background-color":"var(--ast-global-color-4)","background-image":"","background-repeat":"repeat","background-position":"center center","background-size":"auto","background-attachment":"scroll","background-type":"","background-media":"","overlay-type":"","overlay-color":"","overlay-opacity":"","overlay-gradient":""},"mobile":{"background-color":"var(--ast-global-color-4)","background-image":"","background-repeat":"repeat","background-position":"center center","background-size":"auto","background-attachment":"scroll","background-type":"","background-media":"","overlay-type":"","overlay-color":"","overlay-opacity":"","overlay-gradient":""}},"footnotes":""},"categories":[1],"tags":[],"class_list":["post-4098","post","type-post","status-publish","format-standard","hentry","category-sem-categoria"],"yoast_head":"<!-- This site is optimized with the Yoast SEO plugin v26.6 - https:\/\/yoast.com\/wordpress\/plugins\/seo\/ -->\n<title>Fernando &amp; Franco celebrar\u00e1 conquistas de 2020 em badaladas festas de R\u00e9veillon - Evandro Junior<\/title>\n<meta name=\"robots\" content=\"index, follow, max-snippet:-1, max-image-preview:large, max-video-preview:-1\" \/>\n<link rel=\"canonical\" href=\"https:\/\/www.blogsoestado.com\/evandrojunior\/2020\/12\/01\/fernando-franco-celebrara-conquistas-de-2020-em-badaladas-festas-de-reveillon\/\" \/>\n<meta property=\"og:locale\" content=\"pt_BR\" \/>\n<meta property=\"og:type\" content=\"article\" \/>\n<meta property=\"og:title\" content=\"Fernando &amp; Franco celebrar\u00e1 conquistas de 2020 em badaladas festas de R\u00e9veillon - Evandro Junior\" \/>\n<meta property=\"og:description\" content=\"S\u00e3o Lu\u00eds &#8211; A dupla sertaneja Fernando &amp; Franco, considerada a melhor do Maranh\u00e3o nesse segmento, na atualidade, foi convidada [&hellip;]\" \/>\n<meta property=\"og:url\" content=\"https:\/\/www.blogsoestado.com\/evandrojunior\/2020\/12\/01\/fernando-franco-celebrara-conquistas-de-2020-em-badaladas-festas-de-reveillon\/\" \/>\n<meta property=\"og:site_name\" content=\"Evandro Junior\" \/>\n<meta property=\"article:published_time\" content=\"2020-12-01T19:45:50+00:00\" \/>\n<meta property=\"og:image\" content=\"https:\/\/www.blogsoestado.com\/evandrojunior\/files\/2020\/12\/Fernando-e-Franco-.jpg\" \/>\n<meta name=\"author\" content=\"Evandro Junior\" \/>\n<meta name=\"twitter:card\" content=\"summary_large_image\" \/>\n<meta name=\"twitter:label1\" content=\"Escrito por\" \/>\n\t<meta name=\"twitter:data1\" content=\"Evandro Junior\" \/>\n\t<meta name=\"twitter:label2\" content=\"Est. tempo de leitura\" \/>\n\t<meta name=\"twitter:data2\" content=\"2 minutos\" \/>\n<script type=\"application\/ld+json\" class=\"yoast-schema-graph\">{\"@context\":\"https:\/\/schema.org\",\"@graph\":[{\"@type\":\"WebPage\",\"@id\":\"https:\/\/www.blogsoestado.com\/evandrojunior\/2020\/12\/01\/fernando-franco-celebrara-conquistas-de-2020-em-badaladas-festas-de-reveillon\/\",\"url\":\"https:\/\/www.blogsoestado.com\/evandrojunior\/2020\/12\/01\/fernando-franco-celebrara-conquistas-de-2020-em-badaladas-festas-de-reveillon\/\",\"name\":\"Fernando & Franco celebrar\u00e1 conquistas de 2020 em badaladas festas de R\u00e9veillon - Evandro Junior\",\"isPartOf\":{\"@id\":\"https:\/\/www.blogsoestado.com\/evandrojunior\/#website\"},\"primaryImageOfPage\":{\"@id\":\"https:\/\/www.blogsoestado.com\/evandrojunior\/2020\/12\/01\/fernando-franco-celebrara-conquistas-de-2020-em-badaladas-festas-de-reveillon\/#primaryimage\"},\"image\":{\"@id\":\"https:\/\/www.blogsoestado.com\/evandrojunior\/2020\/12\/01\/fernando-franco-celebrara-conquistas-de-2020-em-badaladas-festas-de-reveillon\/#primaryimage\"},\"thumbnailUrl\":\"https:\/\/www.blogsoestado.com\/evandrojunior\/files\/2020\/12\/Fernando-e-Franco-.jpg\",\"datePublished\":\"2020-12-01T19:45:50+00:00\",\"author\":{\"@id\":\"https:\/\/www.blogsoestado.com\/evandrojunior\/#\/schema\/person\/3e6c3d8dbb740d1c6878ebc935cfb3be\"},\"breadcrumb\":{\"@id\":\"https:\/\/www.blogsoestado.com\/evandrojunior\/2020\/12\/01\/fernando-franco-celebrara-conquistas-de-2020-em-badaladas-festas-de-reveillon\/#breadcrumb\"},\"inLanguage\":\"pt-BR\",\"potentialAction\":[{\"@type\":\"ReadAction\",\"target\":[\"https:\/\/www.blogsoestado.com\/evandrojunior\/2020\/12\/01\/fernando-franco-celebrara-conquistas-de-2020-em-badaladas-festas-de-reveillon\/\"]}]},{\"@type\":\"ImageObject\",\"inLanguage\":\"pt-BR\",\"@id\":\"https:\/\/www.blogsoestado.com\/evandrojunior\/2020\/12\/01\/fernando-franco-celebrara-conquistas-de-2020-em-badaladas-festas-de-reveillon\/#primaryimage\",\"url\":\"https:\/\/www.blogsoestado.com\/evandrojunior\/files\/2020\/12\/Fernando-e-Franco-.jpg\",\"contentUrl\":\"https:\/\/www.blogsoestado.com\/evandrojunior\/files\/2020\/12\/Fernando-e-Franco-.jpg\"},{\"@type\":\"BreadcrumbList\",\"@id\":\"https:\/\/www.blogsoestado.com\/evandrojunior\/2020\/12\/01\/fernando-franco-celebrara-conquistas-de-2020-em-badaladas-festas-de-reveillon\/#breadcrumb\",\"itemListElement\":[{\"@type\":\"ListItem\",\"position\":1,\"name\":\"In\u00edcio\",\"item\":\"https:\/\/www.blogsoestado.com\/evandrojunior\/\"},{\"@type\":\"ListItem\",\"position\":2,\"name\":\"Fernando &#038; Franco celebrar\u00e1 conquistas de 2020 em badaladas festas de R\u00e9veillon\"}]},{\"@type\":\"WebSite\",\"@id\":\"https:\/\/www.blogsoestado.com\/evandrojunior\/#website\",\"url\":\"https:\/\/www.blogsoestado.com\/evandrojunior\/\",\"name\":\"Evandro Junior\",\"description\":\"\",\"potentialAction\":[{\"@type\":\"SearchAction\",\"target\":{\"@type\":\"EntryPoint\",\"urlTemplate\":\"https:\/\/www.blogsoestado.com\/evandrojunior\/?s={search_term_string}\"},\"query-input\":{\"@type\":\"PropertyValueSpecification\",\"valueRequired\":true,\"valueName\":\"search_term_string\"}}],\"inLanguage\":\"pt-BR\"},{\"@type\":\"Person\",\"@id\":\"https:\/\/www.blogsoestado.com\/evandrojunior\/#\/schema\/person\/3e6c3d8dbb740d1c6878ebc935cfb3be\",\"name\":\"Evandro Junior\",\"image\":{\"@type\":\"ImageObject\",\"inLanguage\":\"pt-BR\",\"@id\":\"https:\/\/www.blogsoestado.com\/evandrojunior\/#\/schema\/person\/image\/\",\"url\":\"https:\/\/secure.gravatar.com\/avatar\/f80a03a2294a580cd2318bfb459bf354cfa8be661ef3d95b542cf9a04af8d129?s=96&d=mm&r=g\",\"contentUrl\":\"https:\/\/secure.gravatar.com\/avatar\/f80a03a2294a580cd2318bfb459bf354cfa8be661ef3d95b542cf9a04af8d129?s=96&d=mm&r=g\",\"caption\":\"Evandro Junior\"},\"url\":\"https:\/\/www.blogsoestado.com\/evandrojunior\/author\/evandrojunior\/\"}]}<\/script>\n<!-- \/ Yoast SEO plugin. -->","yoast_head_json":{"title":"Fernando & Franco celebrar\u00e1 conquistas de 2020 em badaladas festas de R\u00e9veillon - Evandro Junior","robots":{"index":"index","follow":"follow","max-snippet":"max-snippet:-1","max-image-preview":"max-image-preview:large","max-video-preview":"max-video-preview:-1"},"canonical":"https:\/\/www.blogsoestado.com\/evandrojunior\/2020\/12\/01\/fernando-franco-celebrara-conquistas-de-2020-em-badaladas-festas-de-reveillon\/","og_locale":"pt_BR","og_type":"article","og_title":"Fernando & Franco celebrar\u00e1 conquistas de 2020 em badaladas festas de R\u00e9veillon - Evandro Junior","og_description":"S\u00e3o Lu\u00eds &#8211; A dupla sertaneja Fernando &amp; Franco, considerada a melhor do Maranh\u00e3o nesse segmento, na atualidade, foi convidada [&hellip;]","og_url":"https:\/\/www.blogsoestado.com\/evandrojunior\/2020\/12\/01\/fernando-franco-celebrara-conquistas-de-2020-em-badaladas-festas-de-reveillon\/","og_site_name":"Evandro Junior","article_published_time":"2020-12-01T19:45:50+00:00","og_image":[{"url":"https:\/\/www.blogsoestado.com\/evandrojunior\/files\/2020\/12\/Fernando-e-Franco-.jpg","type":"","width":"","height":""}],"author":"Evandro Junior","twitter_card":"summary_large_image","twitter_misc":{"Escrito por":"Evandro Junior","Est. tempo de leitura":"2 minutos"},"schema":{"@context":"https:\/\/schema.org","@graph":[{"@type":"WebPage","@id":"https:\/\/www.blogsoestado.com\/evandrojunior\/2020\/12\/01\/fernando-franco-celebrara-conquistas-de-2020-em-badaladas-festas-de-reveillon\/","url":"https:\/\/www.blogsoestado.com\/evandrojunior\/2020\/12\/01\/fernando-franco-celebrara-conquistas-de-2020-em-badaladas-festas-de-reveillon\/","name":"Fernando & Franco celebrar\u00e1 conquistas de 2020 em badaladas festas de R\u00e9veillon - Evandro Junior","isPartOf":{"@id":"https:\/\/www.blogsoestado.com\/evandrojunior\/#website"},"primaryImageOfPage":{"@id":"https:\/\/www.blogsoestado.com\/evandrojunior\/2020\/12\/01\/fernando-franco-celebrara-conquistas-de-2020-em-badaladas-festas-de-reveillon\/#primaryimage"},"image":{"@id":"https:\/\/www.blogsoestado.com\/evandrojunior\/2020\/12\/01\/fernando-franco-celebrara-conquistas-de-2020-em-badaladas-festas-de-reveillon\/#primaryimage"},"thumbnailUrl":"https:\/\/www.blogsoestado.com\/evandrojunior\/files\/2020\/12\/Fernando-e-Franco-.jpg","datePublished":"2020-12-01T19:45:50+00:00","author":{"@id":"https:\/\/www.blogsoestado.com\/evandrojunior\/#\/schema\/person\/3e6c3d8dbb740d1c6878ebc935cfb3be"},"breadcrumb":{"@id":"https:\/\/www.blogsoestado.com\/evandrojunior\/2020\/12\/01\/fernando-franco-celebrara-conquistas-de-2020-em-badaladas-festas-de-reveillon\/#breadcrumb"},"inLanguage":"pt-BR","potentialAction":[{"@type":"ReadAction","target":["https:\/\/www.blogsoestado.com\/evandrojunior\/2020\/12\/01\/fernando-franco-celebrara-conquistas-de-2020-em-badaladas-festas-de-reveillon\/"]}]},{"@type":"ImageObject","inLanguage":"pt-BR","@id":"https:\/\/www.blogsoestado.com\/evandrojunior\/2020\/12\/01\/fernando-franco-celebrara-conquistas-de-2020-em-badaladas-festas-de-reveillon\/#primaryimage","url":"https:\/\/www.blogsoestado.com\/evandrojunior\/files\/2020\/12\/Fernando-e-Franco-.jpg","contentUrl":"https:\/\/www.blogsoestado.com\/evandrojunior\/files\/2020\/12\/Fernando-e-Franco-.jpg"},{"@type":"BreadcrumbList","@id":"https:\/\/www.blogsoestado.com\/evandrojunior\/2020\/12\/01\/fernando-franco-celebrara-conquistas-de-2020-em-badaladas-festas-de-reveillon\/#breadcrumb","itemListElement":[{"@type":"ListItem","position":1,"name":"In\u00edcio","item":"https:\/\/www.blogsoestado.com\/evandrojunior\/"},{"@type":"ListItem","position":2,"name":"Fernando &#038; Franco celebrar\u00e1 conquistas de 2020 em badaladas festas de R\u00e9veillon"}]},{"@type":"WebSite","@id":"https:\/\/www.blogsoestado.com\/evandrojunior\/#website","url":"https:\/\/www.blogsoestado.com\/evandrojunior\/","name":"Evandro Junior","description":"","potentialAction":[{"@type":"SearchAction","target":{"@type":"EntryPoint","urlTemplate":"https:\/\/www.blogsoestado.com\/evandrojunior\/?s={search_term_string}"},"query-input":{"@type":"PropertyValueSpecification","valueRequired":true,"valueName":"search_term_string"}}],"inLanguage":"pt-BR"},{"@type":"Person","@id":"https:\/\/www.blogsoestado.com\/evandrojunior\/#\/schema\/person\/3e6c3d8dbb740d1c6878ebc935cfb3be","name":"Evandro Junior","image":{"@type":"ImageObject","inLanguage":"pt-BR","@id":"https:\/\/www.blogsoestado.com\/evandrojunior\/#\/schema\/person\/image\/","url":"https:\/\/secure.gravatar.com\/avatar\/f80a03a2294a580cd2318bfb459bf354cfa8be661ef3d95b542cf9a04af8d129?s=96&d=mm&r=g","contentUrl":"https:\/\/secure.gravatar.com\/avatar\/f80a03a2294a580cd2318bfb459bf354cfa8be661ef3d95b542cf9a04af8d129?s=96&d=mm&r=g","caption":"Evandro Junior"},"url":"https:\/\/www.blogsoestado.com\/evandrojunior\/author\/evandrojunior\/"}]}},"jetpack_featured_media_url":"","_links":{"self":[{"href":"https:\/\/www.blogsoestado.com\/evandrojunior\/wp-json\/wp\/v2\/posts\/4098","targetHints":{"allow":["GET"]}}],"collection":[{"href":"https:\/\/www.blogsoestado.com\/evandrojunior\/wp-json\/wp\/v2\/posts"}],"about":[{"href":"https:\/\/www.blogsoestado.com\/evandrojunior\/wp-json\/wp\/v2\/types\/post"}],"author":[{"embeddable":true,"href":"https:\/\/www.blogsoestado.com\/evandrojunior\/wp-json\/wp\/v2\/users\/4"}],"replies":[{"embeddable":true,"href":"https:\/\/www.blogsoestado.com\/evandrojunior\/wp-json\/wp\/v2\/comments?post=4098"}],"version-history":[{"count":0,"href":"https:\/\/www.blogsoestado.com\/evandrojunior\/wp-json\/wp\/v2\/posts\/4098\/revisions"}],"wp:attachment":[{"href":"https:\/\/www.blogsoestado.com\/evandrojunior\/wp-json\/wp\/v2\/media?parent=4098"}],"wp:term":[{"taxonomy":"category","embeddable":true,"href":"https:\/\/www.blogsoestado.com\/evandrojunior\/wp-json\/wp\/v2\/categories?post=4098"},{"taxonomy":"post_tag","embeddable":true,"href":"https:\/\/www.blogsoestado.com\/evandrojunior\/wp-json\/wp\/v2\/tags?post=4098"}],"curies":[{"name":"wp","href":"https:\/\/api.w.org\/{rel}","templated":true}]}}