{"id":4137,"date":"2020-12-09T14:22:48","date_gmt":"2020-12-09T17:22:48","guid":{"rendered":"https:\/\/www.blogsoestado.com\/evandrojunior\/?p=4137"},"modified":"2020-12-09T14:22:48","modified_gmt":"2020-12-09T17:22:48","slug":"prefeitura-de-sao-luis-e-secretaria-municipal-de-educacao-realizarao-entrega-do-premio-mais-gestao","status":"publish","type":"post","link":"https:\/\/www.blogsoestado.com\/evandrojunior\/2020\/12\/09\/prefeitura-de-sao-luis-e-secretaria-municipal-de-educacao-realizarao-entrega-do-premio-mais-gestao\/","title":{"rendered":"Prefeitura de S\u00e3o Lu\u00eds e Secretaria Municipal de Educa\u00e7\u00e3o  realizar\u00e3o entrega do pr\u00eamio \u2018Mais Gest\u00e3o&#8217;"},"content":{"rendered":"\n<figure class=\"wp-block-image size-large\"><img decoding=\"async\" src=\"https:\/\/www.blogsoestado.com\/evandrojunior\/files\/2020\/12\/WhatsApp-Image-2020-12-09-at-12.15.57.jpeg\" alt=\"\" class=\"wp-image-4138\"\/><\/figure>\n\n\n\n<p><strong>S\u00e3o Lu\u00eds <\/strong>&#8211; Experi\u00eancias exitosas em gest\u00e3o escolar ser\u00e3o premiadas no Sal\u00e3o de Eventos da Fiema, nesta quinta-feira (10), \u00e0s 18h, durante a cerim\u00f4nia de entre \u2018Mais Gest\u00e3o\u2019, pr\u00eamio lan\u00e7ado dia 17 de novembro pela Secretaria Municipal de Educa\u00e7\u00e3o de S\u00e3o Lu\u00eds (SEMED). Mais de 150 gestores escolares da Rede Municipal de Ensino de S\u00e3o Lu\u00eds participaram da sele\u00e7\u00e3o que, entre outros crit\u00e9rios, avalia organiza\u00e7\u00e3o do espa\u00e7o escolar, limpeza, forma\u00e7\u00e3o continuada, relacionamento da escola com a comunidade e indicadores de avalia\u00e7\u00e3o educacional.<\/p>\n\n\n\n<p>Criado para reconhecer boas pr\u00e1ticas na gest\u00e3o escolar municipal, o \u2018Mais Gest\u00e3o\u2019 visa, tamb\u00e9m, valorizar e divulgar experi\u00eancias inclusivas, equitativas e de qualidade, planejadas e executadas por gestores escolares em unidades de Educa\u00e7\u00e3o Infantil e de Ensino Fundamental da Rede P\u00fablica Municipal de S\u00e3o Lu\u00eds.<\/p>\n\n\n\n<p>Os trabalhos dos gestores escolares municipais inscritos foram avaliados por meio de coleta de dados, que considera alguns indicadores, a exemplo de limpeza e forma\u00e7\u00e3o continuada, os quais est\u00e3o ligados aos seguintes eixos: Pedag\u00f3gico, Administrativo, Avalia\u00e7\u00e3o, e Rela\u00e7\u00e3o Escola Comunidade.<\/p>\n\n\n\n<p>Essa avalia\u00e7\u00e3o \u00e9 de responsabilidade da Comiss\u00e3o Organizadora do pr\u00eamio, composta por gestores administrativos da SEMED, diretores de n\u00facleo, t\u00e9cnicos de acompanhamento e equipe t\u00e9cnica de ensino das superintend\u00eancias de Educa\u00e7\u00e3o Infantil e Ensino Fundamental.<\/p>\n\n\n\n<p><strong>Valoriza\u00e7\u00e3o<\/strong><\/p>\n\n\n\n<p>O secret\u00e1rio municipal de Educa\u00e7\u00e3o, Jos\u00e9 Cursino Raposo Moreira, tamb\u00e9m membro da Comiss\u00e3o Organizadora do \u2018Mais Gest\u00e3o\u2019, explica que o ponto central \u00e9 valorizar o servidor p\u00fablico municipal que est\u00e1 \u00e0 frente dos desafios di\u00e1rios enfrentados na gest\u00e3o das escolas da Rede, em parceria com a SEMED.<\/p>\n\n\n\n<p>\u201cSinto-me imensamente feliz em fazer parte deste momento, de identificar e coroar belas iniciativas na condu\u00e7\u00e3o do processo educacional que, na maioria das vezes, passam despercebidas. Iremos selecionar 14 gestores, mas quero aqui expressar minha gratid\u00e3o e respeito ao trabalho desempenhado diariamente por todos os nossos gestores e demais educadores da Rede Municipal\u201d, declara o titular da Semed.<\/p>\n\n\n\n<p>A cerim\u00f4nia de premia\u00e7\u00e3o contar\u00e1 com a presen\u00e7a do prefeito de S\u00e3o Lu\u00eds, Edivaldo Holanda J\u00fanior; do secret\u00e1rio municipal de Educa\u00e7\u00e3o, Jos\u00e9 Cursino Raposo Moreira, e da secret\u00e1ria adjunta de Ensino (SAE\/SEMED), Maria de Jesus Gaspar Leite, al\u00e9m de t\u00e9cnicos da SEMED e gestores das escolas participantes do Pr\u00eamio \u2018Mais Gest\u00e3o\u2019.<\/p>\n\n\n\n<p>\u201cA SEMED parabeniza os gestores pelo trabalho desenvolvido nas unidades de ensino, o que resultou em boas pr\u00e1ticas administrativas e pedag\u00f3gicas, fortalecendo o processo de ensino\/aprendizagem e contribuindo para a melhoria dos indicadores educacionais no munic\u00edpio de S\u00e3o Lu\u00eds\u201d, finaliza a professora Maria de Jesus Gaspar Leite, secret\u00e1ria adjunta de Ensino.<\/p>\n\n\n\n<p><\/p>\n","protected":false},"excerpt":{"rendered":"<p>S\u00e3o Lu\u00eds &#8211; Experi\u00eancias exitosas em gest\u00e3o escolar ser\u00e3o premiadas no Sal\u00e3o de Eventos da Fiema, nesta quinta-feira (10), \u00e0s [&hellip;]<\/p>\n","protected":false},"author":4,"featured_media":0,"comment_status":"open","ping_status":"open","sticky":false,"template":"","format":"standard","meta":{"site-sidebar-layout":"default","site-content-layout":"","ast-site-content-layout":"default","site-content-style":"default","site-sidebar-style":"default","ast-global-header-display":"","ast-banner-title-visibility":"","ast-main-header-display":"","ast-hfb-above-header-display":"","ast-hfb-below-header-display":"","ast-hfb-mobile-header-display":"","site-post-title":"","ast-breadcrumbs-content":"","ast-featured-img":"","footer-sml-layout":"","ast-disable-related-posts":"","theme-transparent-header-meta":"","adv-header-id-meta":"","stick-header-meta":"","header-above-stick-meta":"","header-main-stick-meta":"","header-below-stick-meta":"","astra-migrate-meta-layouts":"default","ast-page-background-enabled":"default","ast-page-background-meta":{"desktop":{"background-color":"var(--ast-global-color-5)","background-image":"","background-repeat":"repeat","background-position":"center center","background-size":"auto","background-attachment":"scroll","background-type":"","background-media":"","overlay-type":"","overlay-color":"","overlay-opacity":"","overlay-gradient":""},"tablet":{"background-color":"","background-image":"","background-repeat":"repeat","background-position":"center center","background-size":"auto","background-attachment":"scroll","background-type":"","background-media":"","overlay-type":"","overlay-color":"","overlay-opacity":"","overlay-gradient":""},"mobile":{"background-color":"","background-image":"","background-repeat":"repeat","background-position":"center center","background-size":"auto","background-attachment":"scroll","background-type":"","background-media":"","overlay-type":"","overlay-color":"","overlay-opacity":"","overlay-gradient":""}},"ast-content-background-meta":{"desktop":{"background-color":"var(--ast-global-color-4)","background-image":"","background-repeat":"repeat","background-position":"center center","background-size":"auto","background-attachment":"scroll","background-type":"","background-media":"","overlay-type":"","overlay-color":"","overlay-opacity":"","overlay-gradient":""},"tablet":{"background-color":"var(--ast-global-color-4)","background-image":"","background-repeat":"repeat","background-position":"center center","background-size":"auto","background-attachment":"scroll","background-type":"","background-media":"","overlay-type":"","overlay-color":"","overlay-opacity":"","overlay-gradient":""},"mobile":{"background-color":"var(--ast-global-color-4)","background-image":"","background-repeat":"repeat","background-position":"center center","background-size":"auto","background-attachment":"scroll","background-type":"","background-media":"","overlay-type":"","overlay-color":"","overlay-opacity":"","overlay-gradient":""}},"footnotes":""},"categories":[1],"tags":[],"class_list":["post-4137","post","type-post","status-publish","format-standard","hentry","category-sem-categoria"],"yoast_head":"<!-- This site is optimized with the Yoast SEO plugin v26.6 - https:\/\/yoast.com\/wordpress\/plugins\/seo\/ -->\n<title>Prefeitura de S\u00e3o Lu\u00eds e Secretaria Municipal de Educa\u00e7\u00e3o realizar\u00e3o entrega do pr\u00eamio \u2018Mais Gest\u00e3o&#039; - Evandro Junior<\/title>\n<meta name=\"robots\" content=\"index, follow, max-snippet:-1, max-image-preview:large, max-video-preview:-1\" \/>\n<link rel=\"canonical\" href=\"https:\/\/www.blogsoestado.com\/evandrojunior\/2020\/12\/09\/prefeitura-de-sao-luis-e-secretaria-municipal-de-educacao-realizarao-entrega-do-premio-mais-gestao\/\" \/>\n<meta property=\"og:locale\" content=\"pt_BR\" \/>\n<meta property=\"og:type\" content=\"article\" \/>\n<meta property=\"og:title\" content=\"Prefeitura de S\u00e3o Lu\u00eds e Secretaria Municipal de Educa\u00e7\u00e3o realizar\u00e3o entrega do pr\u00eamio \u2018Mais Gest\u00e3o&#039; - Evandro Junior\" \/>\n<meta property=\"og:description\" content=\"S\u00e3o Lu\u00eds &#8211; Experi\u00eancias exitosas em gest\u00e3o escolar ser\u00e3o premiadas no Sal\u00e3o de Eventos da Fiema, nesta quinta-feira (10), \u00e0s [&hellip;]\" \/>\n<meta property=\"og:url\" content=\"https:\/\/www.blogsoestado.com\/evandrojunior\/2020\/12\/09\/prefeitura-de-sao-luis-e-secretaria-municipal-de-educacao-realizarao-entrega-do-premio-mais-gestao\/\" \/>\n<meta property=\"og:site_name\" content=\"Evandro Junior\" \/>\n<meta property=\"article:published_time\" content=\"2020-12-09T17:22:48+00:00\" \/>\n<meta property=\"og:image\" content=\"https:\/\/www.blogsoestado.com\/evandrojunior\/files\/2020\/12\/WhatsApp-Image-2020-12-09-at-12.15.57.jpeg\" \/>\n<meta name=\"author\" content=\"Evandro Junior\" \/>\n<meta name=\"twitter:card\" content=\"summary_large_image\" \/>\n<meta name=\"twitter:label1\" content=\"Escrito por\" \/>\n\t<meta name=\"twitter:data1\" content=\"Evandro Junior\" \/>\n\t<meta name=\"twitter:label2\" content=\"Est. tempo de leitura\" \/>\n\t<meta name=\"twitter:data2\" content=\"2 minutos\" \/>\n<script type=\"application\/ld+json\" class=\"yoast-schema-graph\">{\"@context\":\"https:\/\/schema.org\",\"@graph\":[{\"@type\":\"WebPage\",\"@id\":\"https:\/\/www.blogsoestado.com\/evandrojunior\/2020\/12\/09\/prefeitura-de-sao-luis-e-secretaria-municipal-de-educacao-realizarao-entrega-do-premio-mais-gestao\/\",\"url\":\"https:\/\/www.blogsoestado.com\/evandrojunior\/2020\/12\/09\/prefeitura-de-sao-luis-e-secretaria-municipal-de-educacao-realizarao-entrega-do-premio-mais-gestao\/\",\"name\":\"Prefeitura de S\u00e3o Lu\u00eds e Secretaria Municipal de Educa\u00e7\u00e3o realizar\u00e3o entrega do pr\u00eamio \u2018Mais Gest\u00e3o' - Evandro Junior\",\"isPartOf\":{\"@id\":\"https:\/\/www.blogsoestado.com\/evandrojunior\/#website\"},\"primaryImageOfPage\":{\"@id\":\"https:\/\/www.blogsoestado.com\/evandrojunior\/2020\/12\/09\/prefeitura-de-sao-luis-e-secretaria-municipal-de-educacao-realizarao-entrega-do-premio-mais-gestao\/#primaryimage\"},\"image\":{\"@id\":\"https:\/\/www.blogsoestado.com\/evandrojunior\/2020\/12\/09\/prefeitura-de-sao-luis-e-secretaria-municipal-de-educacao-realizarao-entrega-do-premio-mais-gestao\/#primaryimage\"},\"thumbnailUrl\":\"https:\/\/www.blogsoestado.com\/evandrojunior\/files\/2020\/12\/WhatsApp-Image-2020-12-09-at-12.15.57.jpeg\",\"datePublished\":\"2020-12-09T17:22:48+00:00\",\"author\":{\"@id\":\"https:\/\/www.blogsoestado.com\/evandrojunior\/#\/schema\/person\/3e6c3d8dbb740d1c6878ebc935cfb3be\"},\"breadcrumb\":{\"@id\":\"https:\/\/www.blogsoestado.com\/evandrojunior\/2020\/12\/09\/prefeitura-de-sao-luis-e-secretaria-municipal-de-educacao-realizarao-entrega-do-premio-mais-gestao\/#breadcrumb\"},\"inLanguage\":\"pt-BR\",\"potentialAction\":[{\"@type\":\"ReadAction\",\"target\":[\"https:\/\/www.blogsoestado.com\/evandrojunior\/2020\/12\/09\/prefeitura-de-sao-luis-e-secretaria-municipal-de-educacao-realizarao-entrega-do-premio-mais-gestao\/\"]}]},{\"@type\":\"ImageObject\",\"inLanguage\":\"pt-BR\",\"@id\":\"https:\/\/www.blogsoestado.com\/evandrojunior\/2020\/12\/09\/prefeitura-de-sao-luis-e-secretaria-municipal-de-educacao-realizarao-entrega-do-premio-mais-gestao\/#primaryimage\",\"url\":\"https:\/\/www.blogsoestado.com\/evandrojunior\/files\/2020\/12\/WhatsApp-Image-2020-12-09-at-12.15.57.jpeg\",\"contentUrl\":\"https:\/\/www.blogsoestado.com\/evandrojunior\/files\/2020\/12\/WhatsApp-Image-2020-12-09-at-12.15.57.jpeg\"},{\"@type\":\"BreadcrumbList\",\"@id\":\"https:\/\/www.blogsoestado.com\/evandrojunior\/2020\/12\/09\/prefeitura-de-sao-luis-e-secretaria-municipal-de-educacao-realizarao-entrega-do-premio-mais-gestao\/#breadcrumb\",\"itemListElement\":[{\"@type\":\"ListItem\",\"position\":1,\"name\":\"In\u00edcio\",\"item\":\"https:\/\/www.blogsoestado.com\/evandrojunior\/\"},{\"@type\":\"ListItem\",\"position\":2,\"name\":\"Prefeitura de S\u00e3o Lu\u00eds e Secretaria Municipal de Educa\u00e7\u00e3o realizar\u00e3o entrega do pr\u00eamio \u2018Mais Gest\u00e3o&#8217;\"}]},{\"@type\":\"WebSite\",\"@id\":\"https:\/\/www.blogsoestado.com\/evandrojunior\/#website\",\"url\":\"https:\/\/www.blogsoestado.com\/evandrojunior\/\",\"name\":\"Evandro Junior\",\"description\":\"\",\"potentialAction\":[{\"@type\":\"SearchAction\",\"target\":{\"@type\":\"EntryPoint\",\"urlTemplate\":\"https:\/\/www.blogsoestado.com\/evandrojunior\/?s={search_term_string}\"},\"query-input\":{\"@type\":\"PropertyValueSpecification\",\"valueRequired\":true,\"valueName\":\"search_term_string\"}}],\"inLanguage\":\"pt-BR\"},{\"@type\":\"Person\",\"@id\":\"https:\/\/www.blogsoestado.com\/evandrojunior\/#\/schema\/person\/3e6c3d8dbb740d1c6878ebc935cfb3be\",\"name\":\"Evandro Junior\",\"image\":{\"@type\":\"ImageObject\",\"inLanguage\":\"pt-BR\",\"@id\":\"https:\/\/www.blogsoestado.com\/evandrojunior\/#\/schema\/person\/image\/\",\"url\":\"https:\/\/secure.gravatar.com\/avatar\/f80a03a2294a580cd2318bfb459bf354cfa8be661ef3d95b542cf9a04af8d129?s=96&d=mm&r=g\",\"contentUrl\":\"https:\/\/secure.gravatar.com\/avatar\/f80a03a2294a580cd2318bfb459bf354cfa8be661ef3d95b542cf9a04af8d129?s=96&d=mm&r=g\",\"caption\":\"Evandro Junior\"},\"url\":\"https:\/\/www.blogsoestado.com\/evandrojunior\/author\/evandrojunior\/\"}]}<\/script>\n<!-- \/ Yoast SEO plugin. -->","yoast_head_json":{"title":"Prefeitura de S\u00e3o Lu\u00eds e Secretaria Municipal de Educa\u00e7\u00e3o realizar\u00e3o entrega do pr\u00eamio \u2018Mais Gest\u00e3o' - Evandro Junior","robots":{"index":"index","follow":"follow","max-snippet":"max-snippet:-1","max-image-preview":"max-image-preview:large","max-video-preview":"max-video-preview:-1"},"canonical":"https:\/\/www.blogsoestado.com\/evandrojunior\/2020\/12\/09\/prefeitura-de-sao-luis-e-secretaria-municipal-de-educacao-realizarao-entrega-do-premio-mais-gestao\/","og_locale":"pt_BR","og_type":"article","og_title":"Prefeitura de S\u00e3o Lu\u00eds e Secretaria Municipal de Educa\u00e7\u00e3o realizar\u00e3o entrega do pr\u00eamio \u2018Mais Gest\u00e3o' - Evandro Junior","og_description":"S\u00e3o Lu\u00eds &#8211; Experi\u00eancias exitosas em gest\u00e3o escolar ser\u00e3o premiadas no Sal\u00e3o de Eventos da Fiema, nesta quinta-feira (10), \u00e0s [&hellip;]","og_url":"https:\/\/www.blogsoestado.com\/evandrojunior\/2020\/12\/09\/prefeitura-de-sao-luis-e-secretaria-municipal-de-educacao-realizarao-entrega-do-premio-mais-gestao\/","og_site_name":"Evandro Junior","article_published_time":"2020-12-09T17:22:48+00:00","og_image":[{"url":"https:\/\/www.blogsoestado.com\/evandrojunior\/files\/2020\/12\/WhatsApp-Image-2020-12-09-at-12.15.57.jpeg","type":"","width":"","height":""}],"author":"Evandro Junior","twitter_card":"summary_large_image","twitter_misc":{"Escrito por":"Evandro Junior","Est. tempo de leitura":"2 minutos"},"schema":{"@context":"https:\/\/schema.org","@graph":[{"@type":"WebPage","@id":"https:\/\/www.blogsoestado.com\/evandrojunior\/2020\/12\/09\/prefeitura-de-sao-luis-e-secretaria-municipal-de-educacao-realizarao-entrega-do-premio-mais-gestao\/","url":"https:\/\/www.blogsoestado.com\/evandrojunior\/2020\/12\/09\/prefeitura-de-sao-luis-e-secretaria-municipal-de-educacao-realizarao-entrega-do-premio-mais-gestao\/","name":"Prefeitura de S\u00e3o Lu\u00eds e Secretaria Municipal de Educa\u00e7\u00e3o realizar\u00e3o entrega do pr\u00eamio \u2018Mais Gest\u00e3o' - Evandro Junior","isPartOf":{"@id":"https:\/\/www.blogsoestado.com\/evandrojunior\/#website"},"primaryImageOfPage":{"@id":"https:\/\/www.blogsoestado.com\/evandrojunior\/2020\/12\/09\/prefeitura-de-sao-luis-e-secretaria-municipal-de-educacao-realizarao-entrega-do-premio-mais-gestao\/#primaryimage"},"image":{"@id":"https:\/\/www.blogsoestado.com\/evandrojunior\/2020\/12\/09\/prefeitura-de-sao-luis-e-secretaria-municipal-de-educacao-realizarao-entrega-do-premio-mais-gestao\/#primaryimage"},"thumbnailUrl":"https:\/\/www.blogsoestado.com\/evandrojunior\/files\/2020\/12\/WhatsApp-Image-2020-12-09-at-12.15.57.jpeg","datePublished":"2020-12-09T17:22:48+00:00","author":{"@id":"https:\/\/www.blogsoestado.com\/evandrojunior\/#\/schema\/person\/3e6c3d8dbb740d1c6878ebc935cfb3be"},"breadcrumb":{"@id":"https:\/\/www.blogsoestado.com\/evandrojunior\/2020\/12\/09\/prefeitura-de-sao-luis-e-secretaria-municipal-de-educacao-realizarao-entrega-do-premio-mais-gestao\/#breadcrumb"},"inLanguage":"pt-BR","potentialAction":[{"@type":"ReadAction","target":["https:\/\/www.blogsoestado.com\/evandrojunior\/2020\/12\/09\/prefeitura-de-sao-luis-e-secretaria-municipal-de-educacao-realizarao-entrega-do-premio-mais-gestao\/"]}]},{"@type":"ImageObject","inLanguage":"pt-BR","@id":"https:\/\/www.blogsoestado.com\/evandrojunior\/2020\/12\/09\/prefeitura-de-sao-luis-e-secretaria-municipal-de-educacao-realizarao-entrega-do-premio-mais-gestao\/#primaryimage","url":"https:\/\/www.blogsoestado.com\/evandrojunior\/files\/2020\/12\/WhatsApp-Image-2020-12-09-at-12.15.57.jpeg","contentUrl":"https:\/\/www.blogsoestado.com\/evandrojunior\/files\/2020\/12\/WhatsApp-Image-2020-12-09-at-12.15.57.jpeg"},{"@type":"BreadcrumbList","@id":"https:\/\/www.blogsoestado.com\/evandrojunior\/2020\/12\/09\/prefeitura-de-sao-luis-e-secretaria-municipal-de-educacao-realizarao-entrega-do-premio-mais-gestao\/#breadcrumb","itemListElement":[{"@type":"ListItem","position":1,"name":"In\u00edcio","item":"https:\/\/www.blogsoestado.com\/evandrojunior\/"},{"@type":"ListItem","position":2,"name":"Prefeitura de S\u00e3o Lu\u00eds e Secretaria Municipal de Educa\u00e7\u00e3o realizar\u00e3o entrega do pr\u00eamio \u2018Mais Gest\u00e3o&#8217;"}]},{"@type":"WebSite","@id":"https:\/\/www.blogsoestado.com\/evandrojunior\/#website","url":"https:\/\/www.blogsoestado.com\/evandrojunior\/","name":"Evandro Junior","description":"","potentialAction":[{"@type":"SearchAction","target":{"@type":"EntryPoint","urlTemplate":"https:\/\/www.blogsoestado.com\/evandrojunior\/?s={search_term_string}"},"query-input":{"@type":"PropertyValueSpecification","valueRequired":true,"valueName":"search_term_string"}}],"inLanguage":"pt-BR"},{"@type":"Person","@id":"https:\/\/www.blogsoestado.com\/evandrojunior\/#\/schema\/person\/3e6c3d8dbb740d1c6878ebc935cfb3be","name":"Evandro Junior","image":{"@type":"ImageObject","inLanguage":"pt-BR","@id":"https:\/\/www.blogsoestado.com\/evandrojunior\/#\/schema\/person\/image\/","url":"https:\/\/secure.gravatar.com\/avatar\/f80a03a2294a580cd2318bfb459bf354cfa8be661ef3d95b542cf9a04af8d129?s=96&d=mm&r=g","contentUrl":"https:\/\/secure.gravatar.com\/avatar\/f80a03a2294a580cd2318bfb459bf354cfa8be661ef3d95b542cf9a04af8d129?s=96&d=mm&r=g","caption":"Evandro Junior"},"url":"https:\/\/www.blogsoestado.com\/evandrojunior\/author\/evandrojunior\/"}]}},"jetpack_featured_media_url":"","_links":{"self":[{"href":"https:\/\/www.blogsoestado.com\/evandrojunior\/wp-json\/wp\/v2\/posts\/4137","targetHints":{"allow":["GET"]}}],"collection":[{"href":"https:\/\/www.blogsoestado.com\/evandrojunior\/wp-json\/wp\/v2\/posts"}],"about":[{"href":"https:\/\/www.blogsoestado.com\/evandrojunior\/wp-json\/wp\/v2\/types\/post"}],"author":[{"embeddable":true,"href":"https:\/\/www.blogsoestado.com\/evandrojunior\/wp-json\/wp\/v2\/users\/4"}],"replies":[{"embeddable":true,"href":"https:\/\/www.blogsoestado.com\/evandrojunior\/wp-json\/wp\/v2\/comments?post=4137"}],"version-history":[{"count":0,"href":"https:\/\/www.blogsoestado.com\/evandrojunior\/wp-json\/wp\/v2\/posts\/4137\/revisions"}],"wp:attachment":[{"href":"https:\/\/www.blogsoestado.com\/evandrojunior\/wp-json\/wp\/v2\/media?parent=4137"}],"wp:term":[{"taxonomy":"category","embeddable":true,"href":"https:\/\/www.blogsoestado.com\/evandrojunior\/wp-json\/wp\/v2\/categories?post=4137"},{"taxonomy":"post_tag","embeddable":true,"href":"https:\/\/www.blogsoestado.com\/evandrojunior\/wp-json\/wp\/v2\/tags?post=4137"}],"curies":[{"name":"wp","href":"https:\/\/api.w.org\/{rel}","templated":true}]}}