{"id":4145,"date":"2020-12-14T11:52:47","date_gmt":"2020-12-14T14:52:47","guid":{"rendered":"https:\/\/www.blogsoestado.com\/evandrojunior\/?p=4145"},"modified":"2020-12-14T11:52:47","modified_gmt":"2020-12-14T14:52:47","slug":"reveillon-privilegio-sera-realizado-no-rio-poty-hotel-e-tera-quatro-espacos","status":"publish","type":"post","link":"https:\/\/www.blogsoestado.com\/evandrojunior\/2020\/12\/14\/reveillon-privilegio-sera-realizado-no-rio-poty-hotel-e-tera-quatro-espacos\/","title":{"rendered":"R\u00e9veillon Privil\u00e9gio ser\u00e1 realizado no Rio Poty Hotel e ter\u00e1 quatro espa\u00e7os"},"content":{"rendered":"\n<div class=\"wp-block-image\"><figure class=\"aligncenter size-large\"><img decoding=\"async\" src=\"https:\/\/www.blogsoestado.com\/evandrojunior\/files\/2020\/12\/Rio-Poty.jpg\" alt=\"\" class=\"wp-image-4146\"\/><figcaption>Rio Poty Hotel sediar\u00e1 o R\u00e9veillon Privil\u00e9gio <\/figcaption><\/figure><\/div>\n\n\n\n<p>S\u00e3o Lu\u00eds &#8211; Contagem regressiva para o R\u00e9veillon Privil\u00e9gio, que ser\u00e1 realizado no Rio Poty Hotel, na Ponta d&#8217;Areia, sendo o \u00fanico com open bar Premium e open food do Maranh\u00e3o, com servi\u00e7os exclusivos at\u00e9 \u00e0s 6h da manh\u00e3. O buf\u00ea ser\u00e1 assinado pelo restaurante Tarrafas e a cerveja oficial ser\u00e1 Heineken.<\/p>\n\n\n\n<p>O evento ter\u00e1 atra\u00e7\u00f5es nacionais e locais e quatro espa\u00e7os: Espa\u00e7o Privil\u00e9gio, Espa\u00e7o Del Mar, Tenda Eletr\u00f4nica e Espa\u00e7o Villa Food.<\/p>\n\n\n\n<p>Espa\u00e7o Privil\u00e9gio: servi\u00e7os de open bar Premium at\u00e9 o amanhecer, sem filas. Vista privilegiada para o palco e para o mar.<\/p>\n\n\n\n<p>Espa\u00e7o Del Mar: all inclusive, com mesas numeradas, open bar Premium, buf\u00ea completo assinado pelo Restaurante Tarrafas, Espa\u00e7o Kids Climatizado, banheiros, \u00e1rea 100% coberta.<\/p>\n\n\n\n<p>Informa\u00e7\u00f5es e reservas: (98) 992352101<\/p>\n\n\n\n<p><\/p>\n","protected":false},"excerpt":{"rendered":"<p>S\u00e3o Lu\u00eds &#8211; Contagem regressiva para o R\u00e9veillon Privil\u00e9gio, que ser\u00e1 realizado no Rio Poty Hotel, na Ponta d&#8217;Areia, sendo [&hellip;]<\/p>\n","protected":false},"author":4,"featured_media":0,"comment_status":"open","ping_status":"open","sticky":false,"template":"","format":"standard","meta":{"site-sidebar-layout":"default","site-content-layout":"","ast-site-content-layout":"default","site-content-style":"default","site-sidebar-style":"default","ast-global-header-display":"","ast-banner-title-visibility":"","ast-main-header-display":"","ast-hfb-above-header-display":"","ast-hfb-below-header-display":"","ast-hfb-mobile-header-display":"","site-post-title":"","ast-breadcrumbs-content":"","ast-featured-img":"","footer-sml-layout":"","ast-disable-related-posts":"","theme-transparent-header-meta":"","adv-header-id-meta":"","stick-header-meta":"","header-above-stick-meta":"","header-main-stick-meta":"","header-below-stick-meta":"","astra-migrate-meta-layouts":"default","ast-page-background-enabled":"default","ast-page-background-meta":{"desktop":{"background-color":"var(--ast-global-color-5)","background-image":"","background-repeat":"repeat","background-position":"center center","background-size":"auto","background-attachment":"scroll","background-type":"","background-media":"","overlay-type":"","overlay-color":"","overlay-opacity":"","overlay-gradient":""},"tablet":{"background-color":"","background-image":"","background-repeat":"repeat","background-position":"center center","background-size":"auto","background-attachment":"scroll","background-type":"","background-media":"","overlay-type":"","overlay-color":"","overlay-opacity":"","overlay-gradient":""},"mobile":{"background-color":"","background-image":"","background-repeat":"repeat","background-position":"center center","background-size":"auto","background-attachment":"scroll","background-type":"","background-media":"","overlay-type":"","overlay-color":"","overlay-opacity":"","overlay-gradient":""}},"ast-content-background-meta":{"desktop":{"background-color":"var(--ast-global-color-4)","background-image":"","background-repeat":"repeat","background-position":"center center","background-size":"auto","background-attachment":"scroll","background-type":"","background-media":"","overlay-type":"","overlay-color":"","overlay-opacity":"","overlay-gradient":""},"tablet":{"background-color":"var(--ast-global-color-4)","background-image":"","background-repeat":"repeat","background-position":"center center","background-size":"auto","background-attachment":"scroll","background-type":"","background-media":"","overlay-type":"","overlay-color":"","overlay-opacity":"","overlay-gradient":""},"mobile":{"background-color":"var(--ast-global-color-4)","background-image":"","background-repeat":"repeat","background-position":"center center","background-size":"auto","background-attachment":"scroll","background-type":"","background-media":"","overlay-type":"","overlay-color":"","overlay-opacity":"","overlay-gradient":""}},"footnotes":""},"categories":[1],"tags":[],"class_list":["post-4145","post","type-post","status-publish","format-standard","hentry","category-sem-categoria"],"yoast_head":"<!-- This site is optimized with the Yoast SEO plugin v26.6 - https:\/\/yoast.com\/wordpress\/plugins\/seo\/ -->\n<title>R\u00e9veillon Privil\u00e9gio ser\u00e1 realizado no Rio Poty Hotel e ter\u00e1 quatro espa\u00e7os - Evandro Junior<\/title>\n<meta name=\"robots\" content=\"index, follow, max-snippet:-1, max-image-preview:large, max-video-preview:-1\" \/>\n<link rel=\"canonical\" href=\"https:\/\/www.blogsoestado.com\/evandrojunior\/2020\/12\/14\/reveillon-privilegio-sera-realizado-no-rio-poty-hotel-e-tera-quatro-espacos\/\" \/>\n<meta property=\"og:locale\" content=\"pt_BR\" \/>\n<meta property=\"og:type\" content=\"article\" \/>\n<meta property=\"og:title\" content=\"R\u00e9veillon Privil\u00e9gio ser\u00e1 realizado no Rio Poty Hotel e ter\u00e1 quatro espa\u00e7os - Evandro Junior\" \/>\n<meta property=\"og:description\" content=\"S\u00e3o Lu\u00eds &#8211; Contagem regressiva para o R\u00e9veillon Privil\u00e9gio, que ser\u00e1 realizado no Rio Poty Hotel, na Ponta d&#8217;Areia, sendo [&hellip;]\" \/>\n<meta property=\"og:url\" content=\"https:\/\/www.blogsoestado.com\/evandrojunior\/2020\/12\/14\/reveillon-privilegio-sera-realizado-no-rio-poty-hotel-e-tera-quatro-espacos\/\" \/>\n<meta property=\"og:site_name\" content=\"Evandro Junior\" \/>\n<meta property=\"article:published_time\" content=\"2020-12-14T14:52:47+00:00\" \/>\n<meta property=\"og:image\" content=\"https:\/\/www.blogsoestado.com\/evandrojunior\/files\/2020\/12\/Rio-Poty.jpg\" \/>\n<meta name=\"author\" content=\"Evandro Junior\" \/>\n<meta name=\"twitter:card\" content=\"summary_large_image\" \/>\n<meta name=\"twitter:label1\" content=\"Escrito por\" \/>\n\t<meta name=\"twitter:data1\" content=\"Evandro Junior\" \/>\n\t<meta name=\"twitter:label2\" content=\"Est. tempo de leitura\" \/>\n\t<meta name=\"twitter:data2\" content=\"1 minuto\" \/>\n<script type=\"application\/ld+json\" class=\"yoast-schema-graph\">{\"@context\":\"https:\/\/schema.org\",\"@graph\":[{\"@type\":\"WebPage\",\"@id\":\"https:\/\/www.blogsoestado.com\/evandrojunior\/2020\/12\/14\/reveillon-privilegio-sera-realizado-no-rio-poty-hotel-e-tera-quatro-espacos\/\",\"url\":\"https:\/\/www.blogsoestado.com\/evandrojunior\/2020\/12\/14\/reveillon-privilegio-sera-realizado-no-rio-poty-hotel-e-tera-quatro-espacos\/\",\"name\":\"R\u00e9veillon Privil\u00e9gio ser\u00e1 realizado no Rio Poty Hotel e ter\u00e1 quatro espa\u00e7os - Evandro Junior\",\"isPartOf\":{\"@id\":\"https:\/\/www.blogsoestado.com\/evandrojunior\/#website\"},\"primaryImageOfPage\":{\"@id\":\"https:\/\/www.blogsoestado.com\/evandrojunior\/2020\/12\/14\/reveillon-privilegio-sera-realizado-no-rio-poty-hotel-e-tera-quatro-espacos\/#primaryimage\"},\"image\":{\"@id\":\"https:\/\/www.blogsoestado.com\/evandrojunior\/2020\/12\/14\/reveillon-privilegio-sera-realizado-no-rio-poty-hotel-e-tera-quatro-espacos\/#primaryimage\"},\"thumbnailUrl\":\"https:\/\/www.blogsoestado.com\/evandrojunior\/files\/2020\/12\/Rio-Poty.jpg\",\"datePublished\":\"2020-12-14T14:52:47+00:00\",\"author\":{\"@id\":\"https:\/\/www.blogsoestado.com\/evandrojunior\/#\/schema\/person\/3e6c3d8dbb740d1c6878ebc935cfb3be\"},\"breadcrumb\":{\"@id\":\"https:\/\/www.blogsoestado.com\/evandrojunior\/2020\/12\/14\/reveillon-privilegio-sera-realizado-no-rio-poty-hotel-e-tera-quatro-espacos\/#breadcrumb\"},\"inLanguage\":\"pt-BR\",\"potentialAction\":[{\"@type\":\"ReadAction\",\"target\":[\"https:\/\/www.blogsoestado.com\/evandrojunior\/2020\/12\/14\/reveillon-privilegio-sera-realizado-no-rio-poty-hotel-e-tera-quatro-espacos\/\"]}]},{\"@type\":\"ImageObject\",\"inLanguage\":\"pt-BR\",\"@id\":\"https:\/\/www.blogsoestado.com\/evandrojunior\/2020\/12\/14\/reveillon-privilegio-sera-realizado-no-rio-poty-hotel-e-tera-quatro-espacos\/#primaryimage\",\"url\":\"https:\/\/www.blogsoestado.com\/evandrojunior\/files\/2020\/12\/Rio-Poty.jpg\",\"contentUrl\":\"https:\/\/www.blogsoestado.com\/evandrojunior\/files\/2020\/12\/Rio-Poty.jpg\"},{\"@type\":\"BreadcrumbList\",\"@id\":\"https:\/\/www.blogsoestado.com\/evandrojunior\/2020\/12\/14\/reveillon-privilegio-sera-realizado-no-rio-poty-hotel-e-tera-quatro-espacos\/#breadcrumb\",\"itemListElement\":[{\"@type\":\"ListItem\",\"position\":1,\"name\":\"In\u00edcio\",\"item\":\"https:\/\/www.blogsoestado.com\/evandrojunior\/\"},{\"@type\":\"ListItem\",\"position\":2,\"name\":\"R\u00e9veillon Privil\u00e9gio ser\u00e1 realizado no Rio Poty Hotel e ter\u00e1 quatro espa\u00e7os\"}]},{\"@type\":\"WebSite\",\"@id\":\"https:\/\/www.blogsoestado.com\/evandrojunior\/#website\",\"url\":\"https:\/\/www.blogsoestado.com\/evandrojunior\/\",\"name\":\"Evandro Junior\",\"description\":\"\",\"potentialAction\":[{\"@type\":\"SearchAction\",\"target\":{\"@type\":\"EntryPoint\",\"urlTemplate\":\"https:\/\/www.blogsoestado.com\/evandrojunior\/?s={search_term_string}\"},\"query-input\":{\"@type\":\"PropertyValueSpecification\",\"valueRequired\":true,\"valueName\":\"search_term_string\"}}],\"inLanguage\":\"pt-BR\"},{\"@type\":\"Person\",\"@id\":\"https:\/\/www.blogsoestado.com\/evandrojunior\/#\/schema\/person\/3e6c3d8dbb740d1c6878ebc935cfb3be\",\"name\":\"Evandro Junior\",\"image\":{\"@type\":\"ImageObject\",\"inLanguage\":\"pt-BR\",\"@id\":\"https:\/\/www.blogsoestado.com\/evandrojunior\/#\/schema\/person\/image\/\",\"url\":\"https:\/\/secure.gravatar.com\/avatar\/f80a03a2294a580cd2318bfb459bf354cfa8be661ef3d95b542cf9a04af8d129?s=96&d=mm&r=g\",\"contentUrl\":\"https:\/\/secure.gravatar.com\/avatar\/f80a03a2294a580cd2318bfb459bf354cfa8be661ef3d95b542cf9a04af8d129?s=96&d=mm&r=g\",\"caption\":\"Evandro Junior\"},\"url\":\"https:\/\/www.blogsoestado.com\/evandrojunior\/author\/evandrojunior\/\"}]}<\/script>\n<!-- \/ Yoast SEO plugin. -->","yoast_head_json":{"title":"R\u00e9veillon Privil\u00e9gio ser\u00e1 realizado no Rio Poty Hotel e ter\u00e1 quatro espa\u00e7os - Evandro Junior","robots":{"index":"index","follow":"follow","max-snippet":"max-snippet:-1","max-image-preview":"max-image-preview:large","max-video-preview":"max-video-preview:-1"},"canonical":"https:\/\/www.blogsoestado.com\/evandrojunior\/2020\/12\/14\/reveillon-privilegio-sera-realizado-no-rio-poty-hotel-e-tera-quatro-espacos\/","og_locale":"pt_BR","og_type":"article","og_title":"R\u00e9veillon Privil\u00e9gio ser\u00e1 realizado no Rio Poty Hotel e ter\u00e1 quatro espa\u00e7os - Evandro Junior","og_description":"S\u00e3o Lu\u00eds &#8211; Contagem regressiva para o R\u00e9veillon Privil\u00e9gio, que ser\u00e1 realizado no Rio Poty Hotel, na Ponta d&#8217;Areia, sendo [&hellip;]","og_url":"https:\/\/www.blogsoestado.com\/evandrojunior\/2020\/12\/14\/reveillon-privilegio-sera-realizado-no-rio-poty-hotel-e-tera-quatro-espacos\/","og_site_name":"Evandro Junior","article_published_time":"2020-12-14T14:52:47+00:00","og_image":[{"url":"https:\/\/www.blogsoestado.com\/evandrojunior\/files\/2020\/12\/Rio-Poty.jpg","type":"","width":"","height":""}],"author":"Evandro Junior","twitter_card":"summary_large_image","twitter_misc":{"Escrito por":"Evandro Junior","Est. tempo de leitura":"1 minuto"},"schema":{"@context":"https:\/\/schema.org","@graph":[{"@type":"WebPage","@id":"https:\/\/www.blogsoestado.com\/evandrojunior\/2020\/12\/14\/reveillon-privilegio-sera-realizado-no-rio-poty-hotel-e-tera-quatro-espacos\/","url":"https:\/\/www.blogsoestado.com\/evandrojunior\/2020\/12\/14\/reveillon-privilegio-sera-realizado-no-rio-poty-hotel-e-tera-quatro-espacos\/","name":"R\u00e9veillon Privil\u00e9gio ser\u00e1 realizado no Rio Poty Hotel e ter\u00e1 quatro espa\u00e7os - Evandro Junior","isPartOf":{"@id":"https:\/\/www.blogsoestado.com\/evandrojunior\/#website"},"primaryImageOfPage":{"@id":"https:\/\/www.blogsoestado.com\/evandrojunior\/2020\/12\/14\/reveillon-privilegio-sera-realizado-no-rio-poty-hotel-e-tera-quatro-espacos\/#primaryimage"},"image":{"@id":"https:\/\/www.blogsoestado.com\/evandrojunior\/2020\/12\/14\/reveillon-privilegio-sera-realizado-no-rio-poty-hotel-e-tera-quatro-espacos\/#primaryimage"},"thumbnailUrl":"https:\/\/www.blogsoestado.com\/evandrojunior\/files\/2020\/12\/Rio-Poty.jpg","datePublished":"2020-12-14T14:52:47+00:00","author":{"@id":"https:\/\/www.blogsoestado.com\/evandrojunior\/#\/schema\/person\/3e6c3d8dbb740d1c6878ebc935cfb3be"},"breadcrumb":{"@id":"https:\/\/www.blogsoestado.com\/evandrojunior\/2020\/12\/14\/reveillon-privilegio-sera-realizado-no-rio-poty-hotel-e-tera-quatro-espacos\/#breadcrumb"},"inLanguage":"pt-BR","potentialAction":[{"@type":"ReadAction","target":["https:\/\/www.blogsoestado.com\/evandrojunior\/2020\/12\/14\/reveillon-privilegio-sera-realizado-no-rio-poty-hotel-e-tera-quatro-espacos\/"]}]},{"@type":"ImageObject","inLanguage":"pt-BR","@id":"https:\/\/www.blogsoestado.com\/evandrojunior\/2020\/12\/14\/reveillon-privilegio-sera-realizado-no-rio-poty-hotel-e-tera-quatro-espacos\/#primaryimage","url":"https:\/\/www.blogsoestado.com\/evandrojunior\/files\/2020\/12\/Rio-Poty.jpg","contentUrl":"https:\/\/www.blogsoestado.com\/evandrojunior\/files\/2020\/12\/Rio-Poty.jpg"},{"@type":"BreadcrumbList","@id":"https:\/\/www.blogsoestado.com\/evandrojunior\/2020\/12\/14\/reveillon-privilegio-sera-realizado-no-rio-poty-hotel-e-tera-quatro-espacos\/#breadcrumb","itemListElement":[{"@type":"ListItem","position":1,"name":"In\u00edcio","item":"https:\/\/www.blogsoestado.com\/evandrojunior\/"},{"@type":"ListItem","position":2,"name":"R\u00e9veillon Privil\u00e9gio ser\u00e1 realizado no Rio Poty Hotel e ter\u00e1 quatro espa\u00e7os"}]},{"@type":"WebSite","@id":"https:\/\/www.blogsoestado.com\/evandrojunior\/#website","url":"https:\/\/www.blogsoestado.com\/evandrojunior\/","name":"Evandro Junior","description":"","potentialAction":[{"@type":"SearchAction","target":{"@type":"EntryPoint","urlTemplate":"https:\/\/www.blogsoestado.com\/evandrojunior\/?s={search_term_string}"},"query-input":{"@type":"PropertyValueSpecification","valueRequired":true,"valueName":"search_term_string"}}],"inLanguage":"pt-BR"},{"@type":"Person","@id":"https:\/\/www.blogsoestado.com\/evandrojunior\/#\/schema\/person\/3e6c3d8dbb740d1c6878ebc935cfb3be","name":"Evandro Junior","image":{"@type":"ImageObject","inLanguage":"pt-BR","@id":"https:\/\/www.blogsoestado.com\/evandrojunior\/#\/schema\/person\/image\/","url":"https:\/\/secure.gravatar.com\/avatar\/f80a03a2294a580cd2318bfb459bf354cfa8be661ef3d95b542cf9a04af8d129?s=96&d=mm&r=g","contentUrl":"https:\/\/secure.gravatar.com\/avatar\/f80a03a2294a580cd2318bfb459bf354cfa8be661ef3d95b542cf9a04af8d129?s=96&d=mm&r=g","caption":"Evandro Junior"},"url":"https:\/\/www.blogsoestado.com\/evandrojunior\/author\/evandrojunior\/"}]}},"jetpack_featured_media_url":"","_links":{"self":[{"href":"https:\/\/www.blogsoestado.com\/evandrojunior\/wp-json\/wp\/v2\/posts\/4145","targetHints":{"allow":["GET"]}}],"collection":[{"href":"https:\/\/www.blogsoestado.com\/evandrojunior\/wp-json\/wp\/v2\/posts"}],"about":[{"href":"https:\/\/www.blogsoestado.com\/evandrojunior\/wp-json\/wp\/v2\/types\/post"}],"author":[{"embeddable":true,"href":"https:\/\/www.blogsoestado.com\/evandrojunior\/wp-json\/wp\/v2\/users\/4"}],"replies":[{"embeddable":true,"href":"https:\/\/www.blogsoestado.com\/evandrojunior\/wp-json\/wp\/v2\/comments?post=4145"}],"version-history":[{"count":0,"href":"https:\/\/www.blogsoestado.com\/evandrojunior\/wp-json\/wp\/v2\/posts\/4145\/revisions"}],"wp:attachment":[{"href":"https:\/\/www.blogsoestado.com\/evandrojunior\/wp-json\/wp\/v2\/media?parent=4145"}],"wp:term":[{"taxonomy":"category","embeddable":true,"href":"https:\/\/www.blogsoestado.com\/evandrojunior\/wp-json\/wp\/v2\/categories?post=4145"},{"taxonomy":"post_tag","embeddable":true,"href":"https:\/\/www.blogsoestado.com\/evandrojunior\/wp-json\/wp\/v2\/tags?post=4145"}],"curies":[{"name":"wp","href":"https:\/\/api.w.org\/{rel}","templated":true}]}}