{"id":4540,"date":"2021-05-21T09:50:23","date_gmt":"2021-05-21T12:50:23","guid":{"rendered":"https:\/\/www.blogsoestado.com\/evandrojunior\/?p=4540"},"modified":"2021-05-21T09:50:23","modified_gmt":"2021-05-21T12:50:23","slug":"grupo-mateus-e-a-quarta-maior-varejista-alimentar-do-brasil","status":"publish","type":"post","link":"https:\/\/www.blogsoestado.com\/evandrojunior\/2021\/05\/21\/grupo-mateus-e-a-quarta-maior-varejista-alimentar-do-brasil\/","title":{"rendered":"Grupo Mateus \u00e9 a quarta maior varejista alimentar do Brasil"},"content":{"rendered":"\n<div class=\"wp-block-image\"><figure class=\"aligncenter size-large\"><img decoding=\"async\" src=\"https:\/\/www.blogsoestado.com\/evandrojunior\/files\/2021\/05\/Ilson-1-1.jpg\" alt=\"\" class=\"wp-image-4544\"\/><figcaption>Empres\u00e1rio Ilson Mateus festeja entrada do Grupo Mateus no ranking 2021 da Associa\u00e7\u00e3o Brasileira de Supermercados<\/figcaption><\/figure><\/div>\n\n\n\n<p>S\u00e3o Lu\u00eds &#8211; A cerim\u00f4nia da Associa\u00e7\u00e3o Brasileira de Supermercados (ABRAS) confirmou a trajet\u00f3ria ascendente do Grupo Mateus no ano marcado pelo IPO da companhia. A empresa foi reconhecida como a quarta maior varejista do Brasil em um ranking divulgado na quinta-feira, 20.<\/p>\n\n\n\n<p>Apresentado pela jornalista Mariana Godoy, o ranking 2021 levou em considera\u00e7\u00e3o o ano anterior para classificar as empresas varejistas alimentares. O Grupo Mateus estreou na lista j\u00e1 entre as cinco maiores, o que chamou aten\u00e7\u00e3o da apresentadora. \u201cUma empresa de vanguarda do varejo brasileiro, refer\u00eancia no Norte e Nordeste e que agora estreia no nosso ranking\u201d, destacou a apresentadora.\u00a0<\/p>\n\n\n\n<p>A entrega do pr\u00eamio foi feita por Ricardo Zuccollo, vice-presidente de Gest\u00e3o de Pessoas da Unilever. \u201c\u00c9 uma honra compartilhar esse momento com voc\u00eas do Grupo Mateus. Parabenizo o Ilson Mateus e todo esse time que faz essa hist\u00f3ria\u201d, disse Ricardo.<\/p>\n\n\n\n<p><strong>Trabalho<\/strong><\/p>\n\n\n\n<p>Estrear no ranking da ABRAS foi resultado de um \u00e1rduo trabalho n\u00e3o apenas em 2020, mas em todos esses quase 35 anos de hist\u00f3ria, como explicou o presidente do Grupo Mateus, Ilson Mateus, ao receber o pr\u00eamio. <\/p>\n\n\n\n<p>\u201cEsse reconhecimento \u00e9 fruto do trabalho e empenho de uma grande equipe. S\u00f3 temos a agradecer pela confian\u00e7a dos nossos colaboradores, fornecedores, clientes, investidores e \u00e0 Abras, especialmente em um tempo t\u00e3o desafiador para o setor supermercadista. Chegamos at\u00e9 aqui com muita humildade e trabalho e seguimos avan\u00e7ando sem esquecer da nossa hist\u00f3ria e da nossa miss\u00e3o de valorizar as pessoas. Esperamos poder contribuir muito mais com o setor gerando emprego, renda e oportunidades de crescimento para milhares de pessoas no Norte e Nordeste\u201d, disse o Presidente.<\/p>\n\n\n\n<p>O resultado excepcional apresentado pelo Grupo no ano passado foi fundamental para atingir tal posi\u00e7\u00e3o, em um cen\u00e1rio competitivo e de forte crescimento do setor. Em 2020, o Grupo Mateus registrou um recorde de receita bruta de R$14,4 bilh\u00f5es, o que representou um aumento de 45% em compara\u00e7\u00e3o a 2019.&nbsp;<\/p>\n","protected":false},"excerpt":{"rendered":"<p>S\u00e3o Lu\u00eds &#8211; A cerim\u00f4nia da Associa\u00e7\u00e3o Brasileira de Supermercados (ABRAS) confirmou a trajet\u00f3ria ascendente do Grupo Mateus no ano [&hellip;]<\/p>\n","protected":false},"author":4,"featured_media":0,"comment_status":"open","ping_status":"open","sticky":false,"template":"","format":"standard","meta":{"site-sidebar-layout":"default","site-content-layout":"","ast-site-content-layout":"default","site-content-style":"default","site-sidebar-style":"default","ast-global-header-display":"","ast-banner-title-visibility":"","ast-main-header-display":"","ast-hfb-above-header-display":"","ast-hfb-below-header-display":"","ast-hfb-mobile-header-display":"","site-post-title":"","ast-breadcrumbs-content":"","ast-featured-img":"","footer-sml-layout":"","ast-disable-related-posts":"","theme-transparent-header-meta":"","adv-header-id-meta":"","stick-header-meta":"","header-above-stick-meta":"","header-main-stick-meta":"","header-below-stick-meta":"","astra-migrate-meta-layouts":"default","ast-page-background-enabled":"default","ast-page-background-meta":{"desktop":{"background-color":"var(--ast-global-color-5)","background-image":"","background-repeat":"repeat","background-position":"center center","background-size":"auto","background-attachment":"scroll","background-type":"","background-media":"","overlay-type":"","overlay-color":"","overlay-opacity":"","overlay-gradient":""},"tablet":{"background-color":"","background-image":"","background-repeat":"repeat","background-position":"center center","background-size":"auto","background-attachment":"scroll","background-type":"","background-media":"","overlay-type":"","overlay-color":"","overlay-opacity":"","overlay-gradient":""},"mobile":{"background-color":"","background-image":"","background-repeat":"repeat","background-position":"center center","background-size":"auto","background-attachment":"scroll","background-type":"","background-media":"","overlay-type":"","overlay-color":"","overlay-opacity":"","overlay-gradient":""}},"ast-content-background-meta":{"desktop":{"background-color":"var(--ast-global-color-4)","background-image":"","background-repeat":"repeat","background-position":"center center","background-size":"auto","background-attachment":"scroll","background-type":"","background-media":"","overlay-type":"","overlay-color":"","overlay-opacity":"","overlay-gradient":""},"tablet":{"background-color":"var(--ast-global-color-4)","background-image":"","background-repeat":"repeat","background-position":"center center","background-size":"auto","background-attachment":"scroll","background-type":"","background-media":"","overlay-type":"","overlay-color":"","overlay-opacity":"","overlay-gradient":""},"mobile":{"background-color":"var(--ast-global-color-4)","background-image":"","background-repeat":"repeat","background-position":"center center","background-size":"auto","background-attachment":"scroll","background-type":"","background-media":"","overlay-type":"","overlay-color":"","overlay-opacity":"","overlay-gradient":""}},"footnotes":""},"categories":[1],"tags":[],"class_list":["post-4540","post","type-post","status-publish","format-standard","hentry","category-sem-categoria"],"yoast_head":"<!-- This site is optimized with the Yoast SEO plugin v26.6 - https:\/\/yoast.com\/wordpress\/plugins\/seo\/ -->\n<title>Grupo Mateus \u00e9 a quarta maior varejista alimentar do Brasil - Evandro Junior<\/title>\n<meta name=\"robots\" content=\"index, follow, max-snippet:-1, max-image-preview:large, max-video-preview:-1\" \/>\n<link rel=\"canonical\" href=\"https:\/\/www.blogsoestado.com\/evandrojunior\/2021\/05\/21\/grupo-mateus-e-a-quarta-maior-varejista-alimentar-do-brasil\/\" \/>\n<meta property=\"og:locale\" content=\"pt_BR\" \/>\n<meta property=\"og:type\" content=\"article\" \/>\n<meta property=\"og:title\" content=\"Grupo Mateus \u00e9 a quarta maior varejista alimentar do Brasil - Evandro Junior\" \/>\n<meta property=\"og:description\" content=\"S\u00e3o Lu\u00eds &#8211; A cerim\u00f4nia da Associa\u00e7\u00e3o Brasileira de Supermercados (ABRAS) confirmou a trajet\u00f3ria ascendente do Grupo Mateus no ano [&hellip;]\" \/>\n<meta property=\"og:url\" content=\"https:\/\/www.blogsoestado.com\/evandrojunior\/2021\/05\/21\/grupo-mateus-e-a-quarta-maior-varejista-alimentar-do-brasil\/\" \/>\n<meta property=\"og:site_name\" content=\"Evandro Junior\" \/>\n<meta property=\"article:published_time\" content=\"2021-05-21T12:50:23+00:00\" \/>\n<meta property=\"og:image\" content=\"https:\/\/www.blogsoestado.com\/evandrojunior\/files\/2021\/05\/Ilson-1-1.jpg\" \/>\n<meta name=\"author\" content=\"Evandro Junior\" \/>\n<meta name=\"twitter:card\" content=\"summary_large_image\" \/>\n<meta name=\"twitter:label1\" content=\"Escrito por\" \/>\n\t<meta name=\"twitter:data1\" content=\"Evandro Junior\" \/>\n\t<meta name=\"twitter:label2\" content=\"Est. tempo de leitura\" \/>\n\t<meta name=\"twitter:data2\" content=\"2 minutos\" \/>\n<script type=\"application\/ld+json\" class=\"yoast-schema-graph\">{\"@context\":\"https:\/\/schema.org\",\"@graph\":[{\"@type\":\"WebPage\",\"@id\":\"https:\/\/www.blogsoestado.com\/evandrojunior\/2021\/05\/21\/grupo-mateus-e-a-quarta-maior-varejista-alimentar-do-brasil\/\",\"url\":\"https:\/\/www.blogsoestado.com\/evandrojunior\/2021\/05\/21\/grupo-mateus-e-a-quarta-maior-varejista-alimentar-do-brasil\/\",\"name\":\"Grupo Mateus \u00e9 a quarta maior varejista alimentar do Brasil - Evandro Junior\",\"isPartOf\":{\"@id\":\"https:\/\/www.blogsoestado.com\/evandrojunior\/#website\"},\"primaryImageOfPage\":{\"@id\":\"https:\/\/www.blogsoestado.com\/evandrojunior\/2021\/05\/21\/grupo-mateus-e-a-quarta-maior-varejista-alimentar-do-brasil\/#primaryimage\"},\"image\":{\"@id\":\"https:\/\/www.blogsoestado.com\/evandrojunior\/2021\/05\/21\/grupo-mateus-e-a-quarta-maior-varejista-alimentar-do-brasil\/#primaryimage\"},\"thumbnailUrl\":\"https:\/\/www.blogsoestado.com\/evandrojunior\/files\/2021\/05\/Ilson-1-1.jpg\",\"datePublished\":\"2021-05-21T12:50:23+00:00\",\"author\":{\"@id\":\"https:\/\/www.blogsoestado.com\/evandrojunior\/#\/schema\/person\/3e6c3d8dbb740d1c6878ebc935cfb3be\"},\"breadcrumb\":{\"@id\":\"https:\/\/www.blogsoestado.com\/evandrojunior\/2021\/05\/21\/grupo-mateus-e-a-quarta-maior-varejista-alimentar-do-brasil\/#breadcrumb\"},\"inLanguage\":\"pt-BR\",\"potentialAction\":[{\"@type\":\"ReadAction\",\"target\":[\"https:\/\/www.blogsoestado.com\/evandrojunior\/2021\/05\/21\/grupo-mateus-e-a-quarta-maior-varejista-alimentar-do-brasil\/\"]}]},{\"@type\":\"ImageObject\",\"inLanguage\":\"pt-BR\",\"@id\":\"https:\/\/www.blogsoestado.com\/evandrojunior\/2021\/05\/21\/grupo-mateus-e-a-quarta-maior-varejista-alimentar-do-brasil\/#primaryimage\",\"url\":\"https:\/\/www.blogsoestado.com\/evandrojunior\/files\/2021\/05\/Ilson-1-1.jpg\",\"contentUrl\":\"https:\/\/www.blogsoestado.com\/evandrojunior\/files\/2021\/05\/Ilson-1-1.jpg\"},{\"@type\":\"BreadcrumbList\",\"@id\":\"https:\/\/www.blogsoestado.com\/evandrojunior\/2021\/05\/21\/grupo-mateus-e-a-quarta-maior-varejista-alimentar-do-brasil\/#breadcrumb\",\"itemListElement\":[{\"@type\":\"ListItem\",\"position\":1,\"name\":\"In\u00edcio\",\"item\":\"https:\/\/www.blogsoestado.com\/evandrojunior\/\"},{\"@type\":\"ListItem\",\"position\":2,\"name\":\"Grupo Mateus \u00e9 a quarta maior varejista alimentar do Brasil\"}]},{\"@type\":\"WebSite\",\"@id\":\"https:\/\/www.blogsoestado.com\/evandrojunior\/#website\",\"url\":\"https:\/\/www.blogsoestado.com\/evandrojunior\/\",\"name\":\"Evandro Junior\",\"description\":\"\",\"potentialAction\":[{\"@type\":\"SearchAction\",\"target\":{\"@type\":\"EntryPoint\",\"urlTemplate\":\"https:\/\/www.blogsoestado.com\/evandrojunior\/?s={search_term_string}\"},\"query-input\":{\"@type\":\"PropertyValueSpecification\",\"valueRequired\":true,\"valueName\":\"search_term_string\"}}],\"inLanguage\":\"pt-BR\"},{\"@type\":\"Person\",\"@id\":\"https:\/\/www.blogsoestado.com\/evandrojunior\/#\/schema\/person\/3e6c3d8dbb740d1c6878ebc935cfb3be\",\"name\":\"Evandro Junior\",\"image\":{\"@type\":\"ImageObject\",\"inLanguage\":\"pt-BR\",\"@id\":\"https:\/\/www.blogsoestado.com\/evandrojunior\/#\/schema\/person\/image\/\",\"url\":\"https:\/\/secure.gravatar.com\/avatar\/f80a03a2294a580cd2318bfb459bf354cfa8be661ef3d95b542cf9a04af8d129?s=96&d=mm&r=g\",\"contentUrl\":\"https:\/\/secure.gravatar.com\/avatar\/f80a03a2294a580cd2318bfb459bf354cfa8be661ef3d95b542cf9a04af8d129?s=96&d=mm&r=g\",\"caption\":\"Evandro Junior\"},\"url\":\"https:\/\/www.blogsoestado.com\/evandrojunior\/author\/evandrojunior\/\"}]}<\/script>\n<!-- \/ Yoast SEO plugin. -->","yoast_head_json":{"title":"Grupo Mateus \u00e9 a quarta maior varejista alimentar do Brasil - Evandro Junior","robots":{"index":"index","follow":"follow","max-snippet":"max-snippet:-1","max-image-preview":"max-image-preview:large","max-video-preview":"max-video-preview:-1"},"canonical":"https:\/\/www.blogsoestado.com\/evandrojunior\/2021\/05\/21\/grupo-mateus-e-a-quarta-maior-varejista-alimentar-do-brasil\/","og_locale":"pt_BR","og_type":"article","og_title":"Grupo Mateus \u00e9 a quarta maior varejista alimentar do Brasil - Evandro Junior","og_description":"S\u00e3o Lu\u00eds &#8211; A cerim\u00f4nia da Associa\u00e7\u00e3o Brasileira de Supermercados (ABRAS) confirmou a trajet\u00f3ria ascendente do Grupo Mateus no ano [&hellip;]","og_url":"https:\/\/www.blogsoestado.com\/evandrojunior\/2021\/05\/21\/grupo-mateus-e-a-quarta-maior-varejista-alimentar-do-brasil\/","og_site_name":"Evandro Junior","article_published_time":"2021-05-21T12:50:23+00:00","og_image":[{"url":"https:\/\/www.blogsoestado.com\/evandrojunior\/files\/2021\/05\/Ilson-1-1.jpg","type":"","width":"","height":""}],"author":"Evandro Junior","twitter_card":"summary_large_image","twitter_misc":{"Escrito por":"Evandro Junior","Est. tempo de leitura":"2 minutos"},"schema":{"@context":"https:\/\/schema.org","@graph":[{"@type":"WebPage","@id":"https:\/\/www.blogsoestado.com\/evandrojunior\/2021\/05\/21\/grupo-mateus-e-a-quarta-maior-varejista-alimentar-do-brasil\/","url":"https:\/\/www.blogsoestado.com\/evandrojunior\/2021\/05\/21\/grupo-mateus-e-a-quarta-maior-varejista-alimentar-do-brasil\/","name":"Grupo Mateus \u00e9 a quarta maior varejista alimentar do Brasil - Evandro Junior","isPartOf":{"@id":"https:\/\/www.blogsoestado.com\/evandrojunior\/#website"},"primaryImageOfPage":{"@id":"https:\/\/www.blogsoestado.com\/evandrojunior\/2021\/05\/21\/grupo-mateus-e-a-quarta-maior-varejista-alimentar-do-brasil\/#primaryimage"},"image":{"@id":"https:\/\/www.blogsoestado.com\/evandrojunior\/2021\/05\/21\/grupo-mateus-e-a-quarta-maior-varejista-alimentar-do-brasil\/#primaryimage"},"thumbnailUrl":"https:\/\/www.blogsoestado.com\/evandrojunior\/files\/2021\/05\/Ilson-1-1.jpg","datePublished":"2021-05-21T12:50:23+00:00","author":{"@id":"https:\/\/www.blogsoestado.com\/evandrojunior\/#\/schema\/person\/3e6c3d8dbb740d1c6878ebc935cfb3be"},"breadcrumb":{"@id":"https:\/\/www.blogsoestado.com\/evandrojunior\/2021\/05\/21\/grupo-mateus-e-a-quarta-maior-varejista-alimentar-do-brasil\/#breadcrumb"},"inLanguage":"pt-BR","potentialAction":[{"@type":"ReadAction","target":["https:\/\/www.blogsoestado.com\/evandrojunior\/2021\/05\/21\/grupo-mateus-e-a-quarta-maior-varejista-alimentar-do-brasil\/"]}]},{"@type":"ImageObject","inLanguage":"pt-BR","@id":"https:\/\/www.blogsoestado.com\/evandrojunior\/2021\/05\/21\/grupo-mateus-e-a-quarta-maior-varejista-alimentar-do-brasil\/#primaryimage","url":"https:\/\/www.blogsoestado.com\/evandrojunior\/files\/2021\/05\/Ilson-1-1.jpg","contentUrl":"https:\/\/www.blogsoestado.com\/evandrojunior\/files\/2021\/05\/Ilson-1-1.jpg"},{"@type":"BreadcrumbList","@id":"https:\/\/www.blogsoestado.com\/evandrojunior\/2021\/05\/21\/grupo-mateus-e-a-quarta-maior-varejista-alimentar-do-brasil\/#breadcrumb","itemListElement":[{"@type":"ListItem","position":1,"name":"In\u00edcio","item":"https:\/\/www.blogsoestado.com\/evandrojunior\/"},{"@type":"ListItem","position":2,"name":"Grupo Mateus \u00e9 a quarta maior varejista alimentar do Brasil"}]},{"@type":"WebSite","@id":"https:\/\/www.blogsoestado.com\/evandrojunior\/#website","url":"https:\/\/www.blogsoestado.com\/evandrojunior\/","name":"Evandro Junior","description":"","potentialAction":[{"@type":"SearchAction","target":{"@type":"EntryPoint","urlTemplate":"https:\/\/www.blogsoestado.com\/evandrojunior\/?s={search_term_string}"},"query-input":{"@type":"PropertyValueSpecification","valueRequired":true,"valueName":"search_term_string"}}],"inLanguage":"pt-BR"},{"@type":"Person","@id":"https:\/\/www.blogsoestado.com\/evandrojunior\/#\/schema\/person\/3e6c3d8dbb740d1c6878ebc935cfb3be","name":"Evandro Junior","image":{"@type":"ImageObject","inLanguage":"pt-BR","@id":"https:\/\/www.blogsoestado.com\/evandrojunior\/#\/schema\/person\/image\/","url":"https:\/\/secure.gravatar.com\/avatar\/f80a03a2294a580cd2318bfb459bf354cfa8be661ef3d95b542cf9a04af8d129?s=96&d=mm&r=g","contentUrl":"https:\/\/secure.gravatar.com\/avatar\/f80a03a2294a580cd2318bfb459bf354cfa8be661ef3d95b542cf9a04af8d129?s=96&d=mm&r=g","caption":"Evandro Junior"},"url":"https:\/\/www.blogsoestado.com\/evandrojunior\/author\/evandrojunior\/"}]}},"jetpack_featured_media_url":"","_links":{"self":[{"href":"https:\/\/www.blogsoestado.com\/evandrojunior\/wp-json\/wp\/v2\/posts\/4540","targetHints":{"allow":["GET"]}}],"collection":[{"href":"https:\/\/www.blogsoestado.com\/evandrojunior\/wp-json\/wp\/v2\/posts"}],"about":[{"href":"https:\/\/www.blogsoestado.com\/evandrojunior\/wp-json\/wp\/v2\/types\/post"}],"author":[{"embeddable":true,"href":"https:\/\/www.blogsoestado.com\/evandrojunior\/wp-json\/wp\/v2\/users\/4"}],"replies":[{"embeddable":true,"href":"https:\/\/www.blogsoestado.com\/evandrojunior\/wp-json\/wp\/v2\/comments?post=4540"}],"version-history":[{"count":0,"href":"https:\/\/www.blogsoestado.com\/evandrojunior\/wp-json\/wp\/v2\/posts\/4540\/revisions"}],"wp:attachment":[{"href":"https:\/\/www.blogsoestado.com\/evandrojunior\/wp-json\/wp\/v2\/media?parent=4540"}],"wp:term":[{"taxonomy":"category","embeddable":true,"href":"https:\/\/www.blogsoestado.com\/evandrojunior\/wp-json\/wp\/v2\/categories?post=4540"},{"taxonomy":"post_tag","embeddable":true,"href":"https:\/\/www.blogsoestado.com\/evandrojunior\/wp-json\/wp\/v2\/tags?post=4540"}],"curies":[{"name":"wp","href":"https:\/\/api.w.org\/{rel}","templated":true}]}}