{"id":4675,"date":"2021-08-02T19:02:03","date_gmt":"2021-08-02T22:02:03","guid":{"rendered":"https:\/\/www.blogsoestado.com\/evandrojunior\/?p=4675"},"modified":"2021-08-02T19:02:03","modified_gmt":"2021-08-02T22:02:03","slug":"acredito-no-resgate-da-representatividade-da-advocacia-no-maranhao-diz-ana-brandao","status":"publish","type":"post","link":"https:\/\/www.blogsoestado.com\/evandrojunior\/2021\/08\/02\/acredito-no-resgate-da-representatividade-da-advocacia-no-maranhao-diz-ana-brandao\/","title":{"rendered":"&#8220;Acredito no resgate da representatividade da advocacia no Maranh\u00e3o&#8221;, diz Ana Brand\u00e3o"},"content":{"rendered":"\n<div class=\"wp-block-image\"><figure class=\"aligncenter size-large is-resized\"><img fetchpriority=\"high\" decoding=\"async\" src=\"https:\/\/www.blogsoestado.com\/evandrojunior\/files\/2021\/08\/WhatsApp-Image-2021-07-29-at-17.22.35.jpeg\" alt=\"\" class=\"wp-image-4676\" width=\"510\" height=\"632\"\/><figcaption><strong>Advogada Ana Brand\u00e3o<\/strong>: &#8220;At\u00e9 quando vamos conformar nosso futuro em notas de rep\u00fadio que parecem retroalimentar outras ofensas, diante da impunidade dos agressores?&#8221;<\/figcaption><\/figure><\/div>\n\n\n\n<p><strong>S\u00e3o Lu\u00eds &#8211;<\/strong> Atuante, engajada, firme em seus prop\u00f3sitos e dedicada \u00e0 profiss\u00e3o que escolheu, a advogada Ana Brand\u00e3o \u00e9 uma das favoritas \u00e0 Presid\u00eancia da Ordem dos Advogados do Brasil no Maranh\u00e3o (OAB\/MA). Ela \u00e9 propriet\u00e1ria do escrit\u00f3rio Ana Brand\u00e3o Advogados Associados e preside o Instituto do Bem, voltado para a\u00e7\u00f5es sociais. Tem um vasto curr\u00edculo e figura como um nome de peso para proporcionar maior participa\u00e7\u00e3o das mulheres na pol\u00edtica da institui\u00e7\u00e3o. Nesta entrevista exclusiva, Ana Brand\u00e3o fala sobre a expectativa para o pleito, propostas e os desafios que enfrentar\u00e1 caso eleita. <\/p>\n\n\n\n<p><strong>Leia a entrevista: <\/strong><\/p>\n\n\n\n<p><strong>Como se deu o consenso, dentro do seu grupo, para que seu nome fosse apresentado \u00e0 disputa pela Presid\u00eancia da OAB-MA?<\/strong><\/p>\n\n\n\n<p>Fa\u00e7o parte de um grupo composto por advogados e advogadas em todo o Estado do Maranh\u00e3o. Estamos trabalhando em conjunto em prol da classe. Existem valorosos nomes que t\u00eam possibilidade de concorrer ao pleito. Meu nome \u00e9 um deles. Como caminho sempre em equipe, acredito que o consenso ser\u00e1 em torno de um nome que mude o caminho da OAB. N\u00e3o sou candidata individual.<\/p>\n\n\n\n<p><strong>Qual sua expectativa para o pleito?<\/strong><\/p>\n\n\n\n<p>S\u00e3o muitos os desafios e \u00e9 alta a expectativa por uma OAB mais resolutiva e protagonista, por uma lideran\u00e7a que honre a atua\u00e7\u00e3o do advogado e da advogada. Estamos em busca de uni\u00e3o para, em seguida, implementar novas horizontes \u00e0 OAB.<\/p>\n\n\n\n<p><strong>Quais propostas, das que elenca para a categoria, voc\u00ea poderia nos ressaltar? Ou<br>seja, quais os temas mais urgentes da sua pauta?<\/strong><\/p>\n\n\n\n<p>Muitos colegas manifestam o sentimento de aus\u00eancia do senso de pertencimento em rela\u00e7\u00e3o \u00e0 OAB. Acredito que a urg\u00eancia reside no resgate ao protagonismo da ordem, do lugar \u00e0 mesa em conjunto com outras institui\u00e7\u00f5es para debater e decidir sobre quest\u00f5es importantes da nossa classe e da sociedade em geral. Toda situa\u00e7\u00e3o que envolva a sociedade e \u00f3rg\u00e3os de justi\u00e7a deve ter a participa\u00e7\u00e3o da OAB. Por isso a OAB n\u00e3o deve mais ficar fora. \u00c9 necess\u00e1rio ouvir, vocalizar e, acima de tudo, concretizar, como institui\u00e7\u00e3o, para que o advogado maranhense volte a ter for\u00e7a institucional. E \u00e9 exatamente essa for\u00e7a institucional que nos dignifica para combater as arbitrariedades sofridas pelos caus\u00eddicos.<\/p>\n\n\n\n<p><strong>Como voc\u00ea avalia a atua\u00e7\u00e3o da atual gest\u00e3o? Que pontos negativos s\u00e3o mais preocupantes?<\/strong><\/p>\n\n\n\n<p>Ultimamente, presenciamos com maior frequ\u00eancia lament\u00e1veis situa\u00e7\u00f5es de viola\u00e7\u00e3o \u00e0s nossas prerrogativas. At\u00e9 quando vamos conformar nosso futuro em notas de rep\u00fadio que parecem retroalimentar outras ofensas, diante da impunidade dos agressores?&nbsp; Por qual motivo a OAB tem ficado de fora do debate com outras institui\u00e7\u00f5es? Estas s\u00e3o perguntas que me entristecem. Confio em dias melhores.<\/p>\n\n\n\n<p><strong>Quais seriam os maiores desafios da categoria na atual conjuntura, tendo em vista, inclusive, os problemas enfrentados pelo Brasil na pandemia do novo coronav\u00edrus?<\/strong><\/p>\n\n\n\n<p>A pandemia certamente agravou as dificuldades j\u00e1 experimentadas pelos advogados. Na atual conjuntura, acredito que os maiores desafios s\u00e3o com os advogados que est\u00e3o come\u00e7ando a carreira, e com a luta por uma gest\u00e3o transparente e mais direta, pois at\u00e9 mesmo os mais experientes enfrentam muitas necessidades. A OAB distanciou-se dos jovens advogados e descuidou dos demais advogados militantes, situa\u00e7\u00e3o que se torna ainda mais degradante com as cotidianas viola\u00e7\u00f5es \u00e0s nossas prerrogativas.<\/p>\n\n\n\n<p><strong>Dada a sua hist\u00f3ria e protagonismo no campo social, via Instituto do Bem, voc\u00ea acredita que sua atua\u00e7\u00e3o ser\u00e1 mais humanizada para que, dessa forma, a institui\u00e7\u00e3o se fortale\u00e7a?<\/strong><\/p>\n\n\n\n<p>No s\u00e9culo XXI, acredito que qualquer institui\u00e7\u00e3o, seja p\u00fablica ou privada, n\u00e3o sobrevive sem dedicar sua atua\u00e7\u00e3o em harmonia com a responsabilidade social e \u00e0 governan\u00e7a transparente. \u00c9 um compromisso com a cidadania, com os direitos do cidad\u00e3o representado. A OAB deve ser plural, ativa, democr\u00e1tica, inclusiva, respeitando a diversidade e as pautas mais candentes da sociedade. Anseio por uma OAB lutando por temas como acessibilidade, combate ao racismo, direito \u00e0 sa\u00fade, prerrogativas, dificuldades no sistema prisional. Este debate n\u00e3o \u00e9 paralelo a nossa atua\u00e7\u00e3o, mas sim fundamental para combater situa\u00e7\u00f5es como ass\u00e9dio e discrimina\u00e7\u00e3o experimentados na labuta di\u00e1ria por n\u00f3s advogados e advogadas. Nossa classe clama por respeito, paridade e pluralidade.<\/p>\n\n\n\n<p><strong>Como voc\u00ea avalia a rela\u00e7\u00e3o entre as seccionais estaduais e o Conselho Federal da OAB?<\/strong><\/p>\n\n\n\n<p>\u00c9 necess\u00e1rio preservar a autonomia das seccionais e fortalecer a mutualidade perante o Conselho Federal da OAB, de modo a evitar o distanciamento das pautas locais a entidade superior, o que gera obst\u00e1culos na vocaliza\u00e7\u00e3o dos anseios da nossa classe.<\/p>\n\n\n\n<p><strong>E o que dizer das vozes femininas na advocacia maranhense? H\u00e1 equil\u00edbrio no que diz respeito \u00e0 quest\u00e3o de g\u00eanero?<\/strong><\/p>\n\n\n\n<p>Esse problema tem ra\u00edzes antigas, mas permanece muito atual. N\u00e3o h\u00e1 equil\u00edbrio de g\u00eanero. A pluralidade participativa em qualquer institui\u00e7\u00e3o indica respeito \u00e0s mulheres. Somos maioria em nosso pa\u00eds. Vejo colegas advogadas muito preparadas, atuantes, pessoas de fibra que podem contribuir com a OAB. O destaque de in\u00fameras colegas advogadas nasce da compet\u00eancia e credibilidade, e espero que tenha chegado o momento de sermos a maioria na pr\u00f3pria OAB.<\/p>\n\n\n\n<p><strong>Como tem sido a campanha, at\u00e9 agora?<\/strong><\/p>\n\n\n\n<p>Nos \u00faltimos meses visitei muitos f\u00f3runs das mais distintas cidades em nosso Estado. Muitos advogados e advogadas est\u00e3o passando por necessidade. \u00c9 uma realidade dif\u00edcil. Ou\u00e7o relatos de colegas que reclamam da aus\u00eancia do senso de pertencimento \u00e0 pr\u00f3pria institui\u00e7\u00e3o, o que traduz a falta de protagonismo da OAB. Esta conjuntura tem levado a classe de advogados a ter um esp\u00edrito combativo de coes\u00e3o. Acredito que a oposi\u00e7\u00e3o est\u00e1 cada vez mais unida para voltarmos a termos representa\u00e7\u00e3o da OAB\/MA.<\/p>\n\n\n\n<p><strong>Quais suas considera\u00e7\u00f5es finais?<\/strong><\/p>\n\n\n\n<p>Acredito no resgate da representatividade da advocacia no Maranh\u00e3o. Esse \u00e9 um sentimento coletivo. Quando alcan\u00e7ado o direito de um cidad\u00e3o, a atua\u00e7\u00e3o do advogado e da advogada \u00e9 honrada. Nossa luta di\u00e1ria deve irradiar o sentimento de orgulho, e n\u00e3o desvaloriza\u00e7\u00e3o \u00e0 classe. Semeio para jovens advogados e advogadas a relev\u00e2ncia de nosso of\u00edcio. Por isto, coloquei-me tamb\u00e9m \u00e0 disposi\u00e7\u00e3o com o prop\u00f3sito coletivo de fazer uni\u00e3o e resgatar o compromisso com a advocacia no Maranh\u00e3o.<\/p>\n","protected":false},"excerpt":{"rendered":"<p>S\u00e3o Lu\u00eds &#8211; Atuante, engajada, firme em seus prop\u00f3sitos e dedicada \u00e0 profiss\u00e3o que escolheu, a advogada Ana Brand\u00e3o \u00e9 [&hellip;]<\/p>\n","protected":false},"author":4,"featured_media":0,"comment_status":"open","ping_status":"open","sticky":false,"template":"","format":"standard","meta":{"site-sidebar-layout":"default","site-content-layout":"","ast-site-content-layout":"default","site-content-style":"default","site-sidebar-style":"default","ast-global-header-display":"","ast-banner-title-visibility":"","ast-main-header-display":"","ast-hfb-above-header-display":"","ast-hfb-below-header-display":"","ast-hfb-mobile-header-display":"","site-post-title":"","ast-breadcrumbs-content":"","ast-featured-img":"","footer-sml-layout":"","ast-disable-related-posts":"","theme-transparent-header-meta":"","adv-header-id-meta":"","stick-header-meta":"","header-above-stick-meta":"","header-main-stick-meta":"","header-below-stick-meta":"","astra-migrate-meta-layouts":"default","ast-page-background-enabled":"default","ast-page-background-meta":{"desktop":{"background-color":"var(--ast-global-color-5)","background-image":"","background-repeat":"repeat","background-position":"center center","background-size":"auto","background-attachment":"scroll","background-type":"","background-media":"","overlay-type":"","overlay-color":"","overlay-opacity":"","overlay-gradient":""},"tablet":{"background-color":"","background-image":"","background-repeat":"repeat","background-position":"center center","background-size":"auto","background-attachment":"scroll","background-type":"","background-media":"","overlay-type":"","overlay-color":"","overlay-opacity":"","overlay-gradient":""},"mobile":{"background-color":"","background-image":"","background-repeat":"repeat","background-position":"center center","background-size":"auto","background-attachment":"scroll","background-type":"","background-media":"","overlay-type":"","overlay-color":"","overlay-opacity":"","overlay-gradient":""}},"ast-content-background-meta":{"desktop":{"background-color":"var(--ast-global-color-4)","background-image":"","background-repeat":"repeat","background-position":"center center","background-size":"auto","background-attachment":"scroll","background-type":"","background-media":"","overlay-type":"","overlay-color":"","overlay-opacity":"","overlay-gradient":""},"tablet":{"background-color":"var(--ast-global-color-4)","background-image":"","background-repeat":"repeat","background-position":"center center","background-size":"auto","background-attachment":"scroll","background-type":"","background-media":"","overlay-type":"","overlay-color":"","overlay-opacity":"","overlay-gradient":""},"mobile":{"background-color":"var(--ast-global-color-4)","background-image":"","background-repeat":"repeat","background-position":"center center","background-size":"auto","background-attachment":"scroll","background-type":"","background-media":"","overlay-type":"","overlay-color":"","overlay-opacity":"","overlay-gradient":""}},"footnotes":""},"categories":[1],"tags":[],"class_list":["post-4675","post","type-post","status-publish","format-standard","hentry","category-sem-categoria"],"yoast_head":"<!-- This site is optimized with the Yoast SEO plugin v26.6 - https:\/\/yoast.com\/wordpress\/plugins\/seo\/ -->\n<title>&quot;Acredito no resgate da representatividade da advocacia no Maranh\u00e3o&quot;, diz Ana Brand\u00e3o - Evandro Junior<\/title>\n<meta name=\"robots\" content=\"index, follow, max-snippet:-1, max-image-preview:large, max-video-preview:-1\" \/>\n<link rel=\"canonical\" href=\"https:\/\/www.blogsoestado.com\/evandrojunior\/2021\/08\/02\/acredito-no-resgate-da-representatividade-da-advocacia-no-maranhao-diz-ana-brandao\/\" \/>\n<meta property=\"og:locale\" content=\"pt_BR\" \/>\n<meta property=\"og:type\" content=\"article\" \/>\n<meta property=\"og:title\" content=\"&quot;Acredito no resgate da representatividade da advocacia no Maranh\u00e3o&quot;, diz Ana Brand\u00e3o - Evandro Junior\" \/>\n<meta property=\"og:description\" content=\"S\u00e3o Lu\u00eds &#8211; Atuante, engajada, firme em seus prop\u00f3sitos e dedicada \u00e0 profiss\u00e3o que escolheu, a advogada Ana Brand\u00e3o \u00e9 [&hellip;]\" \/>\n<meta property=\"og:url\" content=\"https:\/\/www.blogsoestado.com\/evandrojunior\/2021\/08\/02\/acredito-no-resgate-da-representatividade-da-advocacia-no-maranhao-diz-ana-brandao\/\" \/>\n<meta property=\"og:site_name\" content=\"Evandro Junior\" \/>\n<meta property=\"article:published_time\" content=\"2021-08-02T22:02:03+00:00\" \/>\n<meta property=\"og:image\" content=\"https:\/\/www.blogsoestado.com\/evandrojunior\/files\/2021\/08\/WhatsApp-Image-2021-07-29-at-17.22.35.jpeg\" \/>\n<meta name=\"author\" content=\"Evandro Junior\" \/>\n<meta name=\"twitter:card\" content=\"summary_large_image\" \/>\n<meta name=\"twitter:label1\" content=\"Escrito por\" \/>\n\t<meta name=\"twitter:data1\" content=\"Evandro Junior\" \/>\n\t<meta name=\"twitter:label2\" content=\"Est. tempo de leitura\" \/>\n\t<meta name=\"twitter:data2\" content=\"5 minutos\" \/>\n<script type=\"application\/ld+json\" class=\"yoast-schema-graph\">{\"@context\":\"https:\/\/schema.org\",\"@graph\":[{\"@type\":\"WebPage\",\"@id\":\"https:\/\/www.blogsoestado.com\/evandrojunior\/2021\/08\/02\/acredito-no-resgate-da-representatividade-da-advocacia-no-maranhao-diz-ana-brandao\/\",\"url\":\"https:\/\/www.blogsoestado.com\/evandrojunior\/2021\/08\/02\/acredito-no-resgate-da-representatividade-da-advocacia-no-maranhao-diz-ana-brandao\/\",\"name\":\"\\\"Acredito no resgate da representatividade da advocacia no Maranh\u00e3o\\\", diz Ana Brand\u00e3o - Evandro Junior\",\"isPartOf\":{\"@id\":\"https:\/\/www.blogsoestado.com\/evandrojunior\/#website\"},\"primaryImageOfPage\":{\"@id\":\"https:\/\/www.blogsoestado.com\/evandrojunior\/2021\/08\/02\/acredito-no-resgate-da-representatividade-da-advocacia-no-maranhao-diz-ana-brandao\/#primaryimage\"},\"image\":{\"@id\":\"https:\/\/www.blogsoestado.com\/evandrojunior\/2021\/08\/02\/acredito-no-resgate-da-representatividade-da-advocacia-no-maranhao-diz-ana-brandao\/#primaryimage\"},\"thumbnailUrl\":\"https:\/\/www.blogsoestado.com\/evandrojunior\/files\/2021\/08\/WhatsApp-Image-2021-07-29-at-17.22.35.jpeg\",\"datePublished\":\"2021-08-02T22:02:03+00:00\",\"author\":{\"@id\":\"https:\/\/www.blogsoestado.com\/evandrojunior\/#\/schema\/person\/3e6c3d8dbb740d1c6878ebc935cfb3be\"},\"breadcrumb\":{\"@id\":\"https:\/\/www.blogsoestado.com\/evandrojunior\/2021\/08\/02\/acredito-no-resgate-da-representatividade-da-advocacia-no-maranhao-diz-ana-brandao\/#breadcrumb\"},\"inLanguage\":\"pt-BR\",\"potentialAction\":[{\"@type\":\"ReadAction\",\"target\":[\"https:\/\/www.blogsoestado.com\/evandrojunior\/2021\/08\/02\/acredito-no-resgate-da-representatividade-da-advocacia-no-maranhao-diz-ana-brandao\/\"]}]},{\"@type\":\"ImageObject\",\"inLanguage\":\"pt-BR\",\"@id\":\"https:\/\/www.blogsoestado.com\/evandrojunior\/2021\/08\/02\/acredito-no-resgate-da-representatividade-da-advocacia-no-maranhao-diz-ana-brandao\/#primaryimage\",\"url\":\"https:\/\/www.blogsoestado.com\/evandrojunior\/files\/2021\/08\/WhatsApp-Image-2021-07-29-at-17.22.35.jpeg\",\"contentUrl\":\"https:\/\/www.blogsoestado.com\/evandrojunior\/files\/2021\/08\/WhatsApp-Image-2021-07-29-at-17.22.35.jpeg\"},{\"@type\":\"BreadcrumbList\",\"@id\":\"https:\/\/www.blogsoestado.com\/evandrojunior\/2021\/08\/02\/acredito-no-resgate-da-representatividade-da-advocacia-no-maranhao-diz-ana-brandao\/#breadcrumb\",\"itemListElement\":[{\"@type\":\"ListItem\",\"position\":1,\"name\":\"In\u00edcio\",\"item\":\"https:\/\/www.blogsoestado.com\/evandrojunior\/\"},{\"@type\":\"ListItem\",\"position\":2,\"name\":\"&#8220;Acredito no resgate da representatividade da advocacia no Maranh\u00e3o&#8221;, diz Ana Brand\u00e3o\"}]},{\"@type\":\"WebSite\",\"@id\":\"https:\/\/www.blogsoestado.com\/evandrojunior\/#website\",\"url\":\"https:\/\/www.blogsoestado.com\/evandrojunior\/\",\"name\":\"Evandro Junior\",\"description\":\"\",\"potentialAction\":[{\"@type\":\"SearchAction\",\"target\":{\"@type\":\"EntryPoint\",\"urlTemplate\":\"https:\/\/www.blogsoestado.com\/evandrojunior\/?s={search_term_string}\"},\"query-input\":{\"@type\":\"PropertyValueSpecification\",\"valueRequired\":true,\"valueName\":\"search_term_string\"}}],\"inLanguage\":\"pt-BR\"},{\"@type\":\"Person\",\"@id\":\"https:\/\/www.blogsoestado.com\/evandrojunior\/#\/schema\/person\/3e6c3d8dbb740d1c6878ebc935cfb3be\",\"name\":\"Evandro Junior\",\"image\":{\"@type\":\"ImageObject\",\"inLanguage\":\"pt-BR\",\"@id\":\"https:\/\/www.blogsoestado.com\/evandrojunior\/#\/schema\/person\/image\/\",\"url\":\"https:\/\/secure.gravatar.com\/avatar\/f80a03a2294a580cd2318bfb459bf354cfa8be661ef3d95b542cf9a04af8d129?s=96&d=mm&r=g\",\"contentUrl\":\"https:\/\/secure.gravatar.com\/avatar\/f80a03a2294a580cd2318bfb459bf354cfa8be661ef3d95b542cf9a04af8d129?s=96&d=mm&r=g\",\"caption\":\"Evandro Junior\"},\"url\":\"https:\/\/www.blogsoestado.com\/evandrojunior\/author\/evandrojunior\/\"}]}<\/script>\n<!-- \/ Yoast SEO plugin. -->","yoast_head_json":{"title":"\"Acredito no resgate da representatividade da advocacia no Maranh\u00e3o\", diz Ana Brand\u00e3o - Evandro Junior","robots":{"index":"index","follow":"follow","max-snippet":"max-snippet:-1","max-image-preview":"max-image-preview:large","max-video-preview":"max-video-preview:-1"},"canonical":"https:\/\/www.blogsoestado.com\/evandrojunior\/2021\/08\/02\/acredito-no-resgate-da-representatividade-da-advocacia-no-maranhao-diz-ana-brandao\/","og_locale":"pt_BR","og_type":"article","og_title":"\"Acredito no resgate da representatividade da advocacia no Maranh\u00e3o\", diz Ana Brand\u00e3o - Evandro Junior","og_description":"S\u00e3o Lu\u00eds &#8211; Atuante, engajada, firme em seus prop\u00f3sitos e dedicada \u00e0 profiss\u00e3o que escolheu, a advogada Ana Brand\u00e3o \u00e9 [&hellip;]","og_url":"https:\/\/www.blogsoestado.com\/evandrojunior\/2021\/08\/02\/acredito-no-resgate-da-representatividade-da-advocacia-no-maranhao-diz-ana-brandao\/","og_site_name":"Evandro Junior","article_published_time":"2021-08-02T22:02:03+00:00","og_image":[{"url":"https:\/\/www.blogsoestado.com\/evandrojunior\/files\/2021\/08\/WhatsApp-Image-2021-07-29-at-17.22.35.jpeg","type":"","width":"","height":""}],"author":"Evandro Junior","twitter_card":"summary_large_image","twitter_misc":{"Escrito por":"Evandro Junior","Est. tempo de leitura":"5 minutos"},"schema":{"@context":"https:\/\/schema.org","@graph":[{"@type":"WebPage","@id":"https:\/\/www.blogsoestado.com\/evandrojunior\/2021\/08\/02\/acredito-no-resgate-da-representatividade-da-advocacia-no-maranhao-diz-ana-brandao\/","url":"https:\/\/www.blogsoestado.com\/evandrojunior\/2021\/08\/02\/acredito-no-resgate-da-representatividade-da-advocacia-no-maranhao-diz-ana-brandao\/","name":"\"Acredito no resgate da representatividade da advocacia no Maranh\u00e3o\", diz Ana Brand\u00e3o - Evandro Junior","isPartOf":{"@id":"https:\/\/www.blogsoestado.com\/evandrojunior\/#website"},"primaryImageOfPage":{"@id":"https:\/\/www.blogsoestado.com\/evandrojunior\/2021\/08\/02\/acredito-no-resgate-da-representatividade-da-advocacia-no-maranhao-diz-ana-brandao\/#primaryimage"},"image":{"@id":"https:\/\/www.blogsoestado.com\/evandrojunior\/2021\/08\/02\/acredito-no-resgate-da-representatividade-da-advocacia-no-maranhao-diz-ana-brandao\/#primaryimage"},"thumbnailUrl":"https:\/\/www.blogsoestado.com\/evandrojunior\/files\/2021\/08\/WhatsApp-Image-2021-07-29-at-17.22.35.jpeg","datePublished":"2021-08-02T22:02:03+00:00","author":{"@id":"https:\/\/www.blogsoestado.com\/evandrojunior\/#\/schema\/person\/3e6c3d8dbb740d1c6878ebc935cfb3be"},"breadcrumb":{"@id":"https:\/\/www.blogsoestado.com\/evandrojunior\/2021\/08\/02\/acredito-no-resgate-da-representatividade-da-advocacia-no-maranhao-diz-ana-brandao\/#breadcrumb"},"inLanguage":"pt-BR","potentialAction":[{"@type":"ReadAction","target":["https:\/\/www.blogsoestado.com\/evandrojunior\/2021\/08\/02\/acredito-no-resgate-da-representatividade-da-advocacia-no-maranhao-diz-ana-brandao\/"]}]},{"@type":"ImageObject","inLanguage":"pt-BR","@id":"https:\/\/www.blogsoestado.com\/evandrojunior\/2021\/08\/02\/acredito-no-resgate-da-representatividade-da-advocacia-no-maranhao-diz-ana-brandao\/#primaryimage","url":"https:\/\/www.blogsoestado.com\/evandrojunior\/files\/2021\/08\/WhatsApp-Image-2021-07-29-at-17.22.35.jpeg","contentUrl":"https:\/\/www.blogsoestado.com\/evandrojunior\/files\/2021\/08\/WhatsApp-Image-2021-07-29-at-17.22.35.jpeg"},{"@type":"BreadcrumbList","@id":"https:\/\/www.blogsoestado.com\/evandrojunior\/2021\/08\/02\/acredito-no-resgate-da-representatividade-da-advocacia-no-maranhao-diz-ana-brandao\/#breadcrumb","itemListElement":[{"@type":"ListItem","position":1,"name":"In\u00edcio","item":"https:\/\/www.blogsoestado.com\/evandrojunior\/"},{"@type":"ListItem","position":2,"name":"&#8220;Acredito no resgate da representatividade da advocacia no Maranh\u00e3o&#8221;, diz Ana Brand\u00e3o"}]},{"@type":"WebSite","@id":"https:\/\/www.blogsoestado.com\/evandrojunior\/#website","url":"https:\/\/www.blogsoestado.com\/evandrojunior\/","name":"Evandro Junior","description":"","potentialAction":[{"@type":"SearchAction","target":{"@type":"EntryPoint","urlTemplate":"https:\/\/www.blogsoestado.com\/evandrojunior\/?s={search_term_string}"},"query-input":{"@type":"PropertyValueSpecification","valueRequired":true,"valueName":"search_term_string"}}],"inLanguage":"pt-BR"},{"@type":"Person","@id":"https:\/\/www.blogsoestado.com\/evandrojunior\/#\/schema\/person\/3e6c3d8dbb740d1c6878ebc935cfb3be","name":"Evandro Junior","image":{"@type":"ImageObject","inLanguage":"pt-BR","@id":"https:\/\/www.blogsoestado.com\/evandrojunior\/#\/schema\/person\/image\/","url":"https:\/\/secure.gravatar.com\/avatar\/f80a03a2294a580cd2318bfb459bf354cfa8be661ef3d95b542cf9a04af8d129?s=96&d=mm&r=g","contentUrl":"https:\/\/secure.gravatar.com\/avatar\/f80a03a2294a580cd2318bfb459bf354cfa8be661ef3d95b542cf9a04af8d129?s=96&d=mm&r=g","caption":"Evandro Junior"},"url":"https:\/\/www.blogsoestado.com\/evandrojunior\/author\/evandrojunior\/"}]}},"jetpack_featured_media_url":"","_links":{"self":[{"href":"https:\/\/www.blogsoestado.com\/evandrojunior\/wp-json\/wp\/v2\/posts\/4675","targetHints":{"allow":["GET"]}}],"collection":[{"href":"https:\/\/www.blogsoestado.com\/evandrojunior\/wp-json\/wp\/v2\/posts"}],"about":[{"href":"https:\/\/www.blogsoestado.com\/evandrojunior\/wp-json\/wp\/v2\/types\/post"}],"author":[{"embeddable":true,"href":"https:\/\/www.blogsoestado.com\/evandrojunior\/wp-json\/wp\/v2\/users\/4"}],"replies":[{"embeddable":true,"href":"https:\/\/www.blogsoestado.com\/evandrojunior\/wp-json\/wp\/v2\/comments?post=4675"}],"version-history":[{"count":0,"href":"https:\/\/www.blogsoestado.com\/evandrojunior\/wp-json\/wp\/v2\/posts\/4675\/revisions"}],"wp:attachment":[{"href":"https:\/\/www.blogsoestado.com\/evandrojunior\/wp-json\/wp\/v2\/media?parent=4675"}],"wp:term":[{"taxonomy":"category","embeddable":true,"href":"https:\/\/www.blogsoestado.com\/evandrojunior\/wp-json\/wp\/v2\/categories?post=4675"},{"taxonomy":"post_tag","embeddable":true,"href":"https:\/\/www.blogsoestado.com\/evandrojunior\/wp-json\/wp\/v2\/tags?post=4675"}],"curies":[{"name":"wp","href":"https:\/\/api.w.org\/{rel}","templated":true}]}}