{"id":4692,"date":"2021-08-07T11:02:54","date_gmt":"2021-08-07T14:02:54","guid":{"rendered":"https:\/\/www.blogsoestado.com\/evandrojunior\/?p=4692"},"modified":"2021-08-07T11:02:54","modified_gmt":"2021-08-07T14:02:54","slug":"nossa-voz-e-a-ordem-diego-sa-decola-pre-campanha-com-brissac-samara-brauna-ana-brandao-e-pedro-alencar","status":"publish","type":"post","link":"https:\/\/www.blogsoestado.com\/evandrojunior\/2021\/08\/07\/nossa-voz-e-a-ordem-diego-sa-decola-pre-campanha-com-brissac-samara-brauna-ana-brandao-e-pedro-alencar\/","title":{"rendered":"&#8220;Nossa Voz \u00e9 a Ordem\u201d: Diego S\u00e1 decola pr\u00e9-campanha com Brissac, S\u00e2mara Brauna, Ana Brand\u00e3o e Pedro Alencar"},"content":{"rendered":"\n<div class=\"wp-block-image\"><figure class=\"aligncenter size-large is-resized\"><img fetchpriority=\"high\" decoding=\"async\" src=\"https:\/\/www.blogsoestado.com\/evandrojunior\/files\/2021\/08\/WhatsApp-Image-2021-08-07-at-00.03.44-1024x682.jpeg\" alt=\"\" class=\"wp-image-4693\" width=\"621\" height=\"413\"\/><figcaption>Diego S\u00e1 esteve no palco ao lado dos aliados e defendeu o discurso da constru\u00e7\u00e3o de um novo modelo de gest\u00e3o que alavanque o protagonismo da OAB-MA<\/figcaption><\/figure><\/div>\n\n\n\n<p><strong>S\u00e3o Lu\u00eds <\/strong>&#8211; Em evento realizado em Timon, integrantes do movimento \u201c Nossa Voz \u00e9 a Ordem\u201d anunciaram o apoio \u00e0 pr\u00e9-candidatura de Diego S\u00e1, atual presidente da Caixa de Assist\u00eancia aos Advogados do Maranh\u00e3o (CAAMA), na disputa pela presid\u00eancia da Ordem dos Advogados do Brasil \u2013 Se\u00e7\u00e3o Maranh\u00e3o (OAB-MA), em elei\u00e7\u00e3o prevista para ocorrer em novembro deste ano. Ex-candidatos e ex-coordenadores de grupos pol\u00edticos advers\u00e1rios protocolaram apoio a Diego S\u00e1, que faz oposi\u00e7\u00e3o \u00e0 atual gest\u00e3o da OAB-MA. O movimento, que j\u00e1 ganhou for\u00e7a na capital, agora avan\u00e7a nas subse\u00e7\u00f5es.<\/p>\n\n\n\n<p>Com o lema \u2018T\u00f4 pronto\u2019, Diego S\u00e1 esteve no palco ao lado dos aliados e defendeu o discurso da constru\u00e7\u00e3o de um novo modelo de gest\u00e3o que alavanque o protagonismo da OAB-MA, tornando-a uma entidade forte, coletiva, atuante e mais presente no dia a dia da categoria. <\/p>\n\n\n\n<p>\u201cEstou muito feliz em compartilhar esse momento de casa cheia, com todos esses advogados, onde serei instrumento de gigantes, como Carlos Brissac, S\u00e2mara Bra\u00fana, Ana Brand\u00e3o e Pedro Alencar. O nosso movimento surge com o intuito atender aos anseios da advocacia maranhense. Estamos na defesa de pautas consensuais com diversos grupos de advogados que viabilizam tratar de propostas para alavancar o protagonismo da nossa Ordem\u201d, pontuou o pr\u00e9-candidato.<\/p>\n\n\n\n<div class=\"wp-block-image\"><figure class=\"aligncenter size-large is-resized\"><img decoding=\"async\" src=\"https:\/\/www.blogsoestado.com\/evandrojunior\/files\/2021\/08\/WhatsApp-Image-2021-08-07-at-00.03.44-1-1024x682.jpeg\" alt=\"\" class=\"wp-image-4694\" width=\"618\" height=\"411\"\/><figcaption>Ex-candidatos e ex-coordenadores de grupos pol\u00edticos advers\u00e1rios protocolaram apoio a Diego S\u00e1, que faz oposi\u00e7\u00e3o \u00e0 atual gest\u00e3o da OAB-MA<\/figcaption><\/figure><\/div>\n\n\n\n<p><strong>Expectativas<\/strong><\/p>\n\n\n\n<p>O pr\u00e9-candidato falou das expectativas para a OAB-MA. \u201cMais do que nunca precisamos de gestores que tenham experi\u00eancias em crises, com um olhar voltado \u00e0 resolu\u00e7\u00e3o de conflitos de forma efetiva e de resultados. E n\u00f3s estamos com um time completo para realizar esse enfrentamento, combatendo a morosidade da justi\u00e7a, defendendo incansavelmente as prerrogativas dos advogados e a valoriza\u00e7\u00e3o da classe\u201d, declarou.<\/p>\n\n\n\n<p>A advogada especialista em Direito Penal e terceira colocada na elei\u00e7\u00e3o da OAB\/MA em 2018, S\u00e2mara Bra\u00fana falou da import\u00e2ncia do movimento Nossa Voz \u00e9 a Ordem e reafirmou seu apoio ao pr\u00e9-candidato Diego S\u00e1. <\/p>\n\n\n\n<p>\u201cA gente espera da OAB, al\u00e9m de um projeto incluso, coletivo e democr\u00e1tico, de uma institui\u00e7\u00e3o forte, tendo em vista que precisamos resgatar o orgulho de ser advogada. Quando a nossa institui\u00e7\u00e3o se omite, o abuso de autoridade prevalece. Portanto, Diego S\u00e1 est\u00e1 preparado. N\u00f3s esperamos do futuro l\u00edder, mais do que preparo t\u00e9cnico, a sua ess\u00eancia. E Diego \u00e9 humilde e trabalha firme\u201d, ressaltou.<\/p>\n\n\n\n<p>O candidato \u00e0 elei\u00e7\u00e3o de 2018 da OAB-MA, com mais de 3 mil votos, o advogado Carlos Brissac, manifestou apoio a Diego S\u00e1 e afirmou que \u00e9 evidente o compromisso do Movimento Nossa Voz \u00e9 a Ordem com a advocacia. \u201cNos unimos e decidimos fazer nosso primeiro evento em Timon porque foi a primeira cidade a dizer: a Democracia acontece pelos advogados, a democracia acontece com a vontade de fazer a diferen\u00e7a. E \u00e9 por isso que n\u00f3s viemos\u201d, comentou.<\/p>\n\n\n\n<p>O experiente advogado Pedro Alencar, que j\u00e1 presidiu a Comiss\u00e3o de Prerrogativas da Ordem, esteve presente no movimento e garantiu ao grupo mais consist\u00eancia na discuss\u00e3o da tem\u00e1tica em defesa dos direitos da advocacia maranhense.<\/p>\n\n\n\n<p><strong>Ana Brand\u00e3o<\/strong><\/p>\n\n\n\n<p>A advogada Ana Brand\u00e3o destacou a alta a expectativa por uma OAB mais resolutiva e protagonista, por uma lideran\u00e7a que honre a atua\u00e7\u00e3o do advogado e da advogada. \u201cEstamos em busca de uni\u00e3o para, em seguida, implementar novas horizontes \u00e0 OAB. A urg\u00eancia reside no resgate ao protagonismo da Ordem. Precisamos de uma pluralidade participativa em qualquer institui\u00e7\u00e3o\u201d, defendeu.<\/p>\n\n\n\n<p><strong>Compromisso com a advocacia<\/strong><\/p>\n\n\n\n<p>Institu\u00eddo com o des\u00edgnio de proporcionar voz \u00e0 classe da advocacia maranhense e mostrar que a Ordem dos Advogados do Brasil, Seccional Maranh\u00e3o, (OAB-MA) \u00e9 feita por todos os advogados, o \u2018Movimento Nossa Voz \u00e9 a Ordem\u2019, defende a constru\u00e7\u00e3o de um novo modelo de gest\u00e3o que alavanque o protagonismo da OAB-MA.<\/p>\n\n\n\n<p>O advogado e militante, Diego S\u00e1, tem 35 anos e exerce a advocacia h\u00e1 12 anos. Com um perfil conciliador e acess\u00edvel, o candidato est\u00e1 \u00e0 frente da presid\u00eancia da CAAMA desde 2016, onde desempenha um papel significativo na advocacia maranhense. Al\u00e9m de ser o atual coordenador nacional de Esporte da Caixa de Assist\u00eancia dos Advogados do Brasil, Diego \u00e9 especialista na \u00e1rea Civil, Direito Processual Civil e Direito do Trabalho.<\/p>\n","protected":false},"excerpt":{"rendered":"<p>S\u00e3o Lu\u00eds &#8211; Em evento realizado em Timon, integrantes do movimento \u201c Nossa Voz \u00e9 a Ordem\u201d anunciaram o apoio [&hellip;]<\/p>\n","protected":false},"author":4,"featured_media":0,"comment_status":"open","ping_status":"open","sticky":false,"template":"","format":"standard","meta":{"site-sidebar-layout":"default","site-content-layout":"","ast-site-content-layout":"default","site-content-style":"default","site-sidebar-style":"default","ast-global-header-display":"","ast-banner-title-visibility":"","ast-main-header-display":"","ast-hfb-above-header-display":"","ast-hfb-below-header-display":"","ast-hfb-mobile-header-display":"","site-post-title":"","ast-breadcrumbs-content":"","ast-featured-img":"","footer-sml-layout":"","ast-disable-related-posts":"","theme-transparent-header-meta":"","adv-header-id-meta":"","stick-header-meta":"","header-above-stick-meta":"","header-main-stick-meta":"","header-below-stick-meta":"","astra-migrate-meta-layouts":"default","ast-page-background-enabled":"default","ast-page-background-meta":{"desktop":{"background-color":"var(--ast-global-color-5)","background-image":"","background-repeat":"repeat","background-position":"center center","background-size":"auto","background-attachment":"scroll","background-type":"","background-media":"","overlay-type":"","overlay-color":"","overlay-opacity":"","overlay-gradient":""},"tablet":{"background-color":"","background-image":"","background-repeat":"repeat","background-position":"center center","background-size":"auto","background-attachment":"scroll","background-type":"","background-media":"","overlay-type":"","overlay-color":"","overlay-opacity":"","overlay-gradient":""},"mobile":{"background-color":"","background-image":"","background-repeat":"repeat","background-position":"center center","background-size":"auto","background-attachment":"scroll","background-type":"","background-media":"","overlay-type":"","overlay-color":"","overlay-opacity":"","overlay-gradient":""}},"ast-content-background-meta":{"desktop":{"background-color":"var(--ast-global-color-4)","background-image":"","background-repeat":"repeat","background-position":"center center","background-size":"auto","background-attachment":"scroll","background-type":"","background-media":"","overlay-type":"","overlay-color":"","overlay-opacity":"","overlay-gradient":""},"tablet":{"background-color":"var(--ast-global-color-4)","background-image":"","background-repeat":"repeat","background-position":"center center","background-size":"auto","background-attachment":"scroll","background-type":"","background-media":"","overlay-type":"","overlay-color":"","overlay-opacity":"","overlay-gradient":""},"mobile":{"background-color":"var(--ast-global-color-4)","background-image":"","background-repeat":"repeat","background-position":"center center","background-size":"auto","background-attachment":"scroll","background-type":"","background-media":"","overlay-type":"","overlay-color":"","overlay-opacity":"","overlay-gradient":""}},"footnotes":""},"categories":[1],"tags":[],"class_list":["post-4692","post","type-post","status-publish","format-standard","hentry","category-sem-categoria"],"yoast_head":"<!-- This site is optimized with the Yoast SEO plugin v26.6 - https:\/\/yoast.com\/wordpress\/plugins\/seo\/ -->\n<title>&quot;Nossa Voz \u00e9 a Ordem\u201d: Diego S\u00e1 decola pr\u00e9-campanha com Brissac, S\u00e2mara Brauna, Ana Brand\u00e3o e Pedro Alencar - Evandro Junior<\/title>\n<meta name=\"robots\" content=\"index, follow, max-snippet:-1, max-image-preview:large, max-video-preview:-1\" \/>\n<link rel=\"canonical\" href=\"https:\/\/www.blogsoestado.com\/evandrojunior\/2021\/08\/07\/nossa-voz-e-a-ordem-diego-sa-decola-pre-campanha-com-brissac-samara-brauna-ana-brandao-e-pedro-alencar\/\" \/>\n<meta property=\"og:locale\" content=\"pt_BR\" \/>\n<meta property=\"og:type\" content=\"article\" \/>\n<meta property=\"og:title\" content=\"&quot;Nossa Voz \u00e9 a Ordem\u201d: Diego S\u00e1 decola pr\u00e9-campanha com Brissac, S\u00e2mara Brauna, Ana Brand\u00e3o e Pedro Alencar - Evandro Junior\" \/>\n<meta property=\"og:description\" content=\"S\u00e3o Lu\u00eds &#8211; Em evento realizado em Timon, integrantes do movimento \u201c Nossa Voz \u00e9 a Ordem\u201d anunciaram o apoio [&hellip;]\" \/>\n<meta property=\"og:url\" content=\"https:\/\/www.blogsoestado.com\/evandrojunior\/2021\/08\/07\/nossa-voz-e-a-ordem-diego-sa-decola-pre-campanha-com-brissac-samara-brauna-ana-brandao-e-pedro-alencar\/\" \/>\n<meta property=\"og:site_name\" content=\"Evandro Junior\" \/>\n<meta property=\"article:published_time\" content=\"2021-08-07T14:02:54+00:00\" \/>\n<meta property=\"og:image\" content=\"https:\/\/www.blogsoestado.com\/evandrojunior\/files\/2021\/08\/WhatsApp-Image-2021-08-07-at-00.03.44-1024x682.jpeg\" \/>\n<meta name=\"author\" content=\"Evandro Junior\" \/>\n<meta name=\"twitter:card\" content=\"summary_large_image\" \/>\n<meta name=\"twitter:label1\" content=\"Escrito por\" \/>\n\t<meta name=\"twitter:data1\" content=\"Evandro Junior\" \/>\n\t<meta name=\"twitter:label2\" content=\"Est. tempo de leitura\" \/>\n\t<meta name=\"twitter:data2\" content=\"4 minutos\" \/>\n<script type=\"application\/ld+json\" class=\"yoast-schema-graph\">{\"@context\":\"https:\/\/schema.org\",\"@graph\":[{\"@type\":\"WebPage\",\"@id\":\"https:\/\/www.blogsoestado.com\/evandrojunior\/2021\/08\/07\/nossa-voz-e-a-ordem-diego-sa-decola-pre-campanha-com-brissac-samara-brauna-ana-brandao-e-pedro-alencar\/\",\"url\":\"https:\/\/www.blogsoestado.com\/evandrojunior\/2021\/08\/07\/nossa-voz-e-a-ordem-diego-sa-decola-pre-campanha-com-brissac-samara-brauna-ana-brandao-e-pedro-alencar\/\",\"name\":\"\\\"Nossa Voz \u00e9 a Ordem\u201d: Diego S\u00e1 decola pr\u00e9-campanha com Brissac, S\u00e2mara Brauna, Ana Brand\u00e3o e Pedro Alencar - Evandro Junior\",\"isPartOf\":{\"@id\":\"https:\/\/www.blogsoestado.com\/evandrojunior\/#website\"},\"primaryImageOfPage\":{\"@id\":\"https:\/\/www.blogsoestado.com\/evandrojunior\/2021\/08\/07\/nossa-voz-e-a-ordem-diego-sa-decola-pre-campanha-com-brissac-samara-brauna-ana-brandao-e-pedro-alencar\/#primaryimage\"},\"image\":{\"@id\":\"https:\/\/www.blogsoestado.com\/evandrojunior\/2021\/08\/07\/nossa-voz-e-a-ordem-diego-sa-decola-pre-campanha-com-brissac-samara-brauna-ana-brandao-e-pedro-alencar\/#primaryimage\"},\"thumbnailUrl\":\"https:\/\/www.blogsoestado.com\/evandrojunior\/files\/2021\/08\/WhatsApp-Image-2021-08-07-at-00.03.44-1024x682.jpeg\",\"datePublished\":\"2021-08-07T14:02:54+00:00\",\"author\":{\"@id\":\"https:\/\/www.blogsoestado.com\/evandrojunior\/#\/schema\/person\/3e6c3d8dbb740d1c6878ebc935cfb3be\"},\"breadcrumb\":{\"@id\":\"https:\/\/www.blogsoestado.com\/evandrojunior\/2021\/08\/07\/nossa-voz-e-a-ordem-diego-sa-decola-pre-campanha-com-brissac-samara-brauna-ana-brandao-e-pedro-alencar\/#breadcrumb\"},\"inLanguage\":\"pt-BR\",\"potentialAction\":[{\"@type\":\"ReadAction\",\"target\":[\"https:\/\/www.blogsoestado.com\/evandrojunior\/2021\/08\/07\/nossa-voz-e-a-ordem-diego-sa-decola-pre-campanha-com-brissac-samara-brauna-ana-brandao-e-pedro-alencar\/\"]}]},{\"@type\":\"ImageObject\",\"inLanguage\":\"pt-BR\",\"@id\":\"https:\/\/www.blogsoestado.com\/evandrojunior\/2021\/08\/07\/nossa-voz-e-a-ordem-diego-sa-decola-pre-campanha-com-brissac-samara-brauna-ana-brandao-e-pedro-alencar\/#primaryimage\",\"url\":\"https:\/\/www.blogsoestado.com\/evandrojunior\/files\/2021\/08\/WhatsApp-Image-2021-08-07-at-00.03.44-1024x682.jpeg\",\"contentUrl\":\"https:\/\/www.blogsoestado.com\/evandrojunior\/files\/2021\/08\/WhatsApp-Image-2021-08-07-at-00.03.44-1024x682.jpeg\"},{\"@type\":\"BreadcrumbList\",\"@id\":\"https:\/\/www.blogsoestado.com\/evandrojunior\/2021\/08\/07\/nossa-voz-e-a-ordem-diego-sa-decola-pre-campanha-com-brissac-samara-brauna-ana-brandao-e-pedro-alencar\/#breadcrumb\",\"itemListElement\":[{\"@type\":\"ListItem\",\"position\":1,\"name\":\"In\u00edcio\",\"item\":\"https:\/\/www.blogsoestado.com\/evandrojunior\/\"},{\"@type\":\"ListItem\",\"position\":2,\"name\":\"&#8220;Nossa Voz \u00e9 a Ordem\u201d: Diego S\u00e1 decola pr\u00e9-campanha com Brissac, S\u00e2mara Brauna, Ana Brand\u00e3o e Pedro Alencar\"}]},{\"@type\":\"WebSite\",\"@id\":\"https:\/\/www.blogsoestado.com\/evandrojunior\/#website\",\"url\":\"https:\/\/www.blogsoestado.com\/evandrojunior\/\",\"name\":\"Evandro Junior\",\"description\":\"\",\"potentialAction\":[{\"@type\":\"SearchAction\",\"target\":{\"@type\":\"EntryPoint\",\"urlTemplate\":\"https:\/\/www.blogsoestado.com\/evandrojunior\/?s={search_term_string}\"},\"query-input\":{\"@type\":\"PropertyValueSpecification\",\"valueRequired\":true,\"valueName\":\"search_term_string\"}}],\"inLanguage\":\"pt-BR\"},{\"@type\":\"Person\",\"@id\":\"https:\/\/www.blogsoestado.com\/evandrojunior\/#\/schema\/person\/3e6c3d8dbb740d1c6878ebc935cfb3be\",\"name\":\"Evandro Junior\",\"image\":{\"@type\":\"ImageObject\",\"inLanguage\":\"pt-BR\",\"@id\":\"https:\/\/www.blogsoestado.com\/evandrojunior\/#\/schema\/person\/image\/\",\"url\":\"https:\/\/secure.gravatar.com\/avatar\/f80a03a2294a580cd2318bfb459bf354cfa8be661ef3d95b542cf9a04af8d129?s=96&d=mm&r=g\",\"contentUrl\":\"https:\/\/secure.gravatar.com\/avatar\/f80a03a2294a580cd2318bfb459bf354cfa8be661ef3d95b542cf9a04af8d129?s=96&d=mm&r=g\",\"caption\":\"Evandro Junior\"},\"url\":\"https:\/\/www.blogsoestado.com\/evandrojunior\/author\/evandrojunior\/\"}]}<\/script>\n<!-- \/ Yoast SEO plugin. -->","yoast_head_json":{"title":"\"Nossa Voz \u00e9 a Ordem\u201d: Diego S\u00e1 decola pr\u00e9-campanha com Brissac, S\u00e2mara Brauna, Ana Brand\u00e3o e Pedro Alencar - Evandro Junior","robots":{"index":"index","follow":"follow","max-snippet":"max-snippet:-1","max-image-preview":"max-image-preview:large","max-video-preview":"max-video-preview:-1"},"canonical":"https:\/\/www.blogsoestado.com\/evandrojunior\/2021\/08\/07\/nossa-voz-e-a-ordem-diego-sa-decola-pre-campanha-com-brissac-samara-brauna-ana-brandao-e-pedro-alencar\/","og_locale":"pt_BR","og_type":"article","og_title":"\"Nossa Voz \u00e9 a Ordem\u201d: Diego S\u00e1 decola pr\u00e9-campanha com Brissac, S\u00e2mara Brauna, Ana Brand\u00e3o e Pedro Alencar - Evandro Junior","og_description":"S\u00e3o Lu\u00eds &#8211; Em evento realizado em Timon, integrantes do movimento \u201c Nossa Voz \u00e9 a Ordem\u201d anunciaram o apoio [&hellip;]","og_url":"https:\/\/www.blogsoestado.com\/evandrojunior\/2021\/08\/07\/nossa-voz-e-a-ordem-diego-sa-decola-pre-campanha-com-brissac-samara-brauna-ana-brandao-e-pedro-alencar\/","og_site_name":"Evandro Junior","article_published_time":"2021-08-07T14:02:54+00:00","og_image":[{"url":"https:\/\/www.blogsoestado.com\/evandrojunior\/files\/2021\/08\/WhatsApp-Image-2021-08-07-at-00.03.44-1024x682.jpeg","type":"","width":"","height":""}],"author":"Evandro Junior","twitter_card":"summary_large_image","twitter_misc":{"Escrito por":"Evandro Junior","Est. tempo de leitura":"4 minutos"},"schema":{"@context":"https:\/\/schema.org","@graph":[{"@type":"WebPage","@id":"https:\/\/www.blogsoestado.com\/evandrojunior\/2021\/08\/07\/nossa-voz-e-a-ordem-diego-sa-decola-pre-campanha-com-brissac-samara-brauna-ana-brandao-e-pedro-alencar\/","url":"https:\/\/www.blogsoestado.com\/evandrojunior\/2021\/08\/07\/nossa-voz-e-a-ordem-diego-sa-decola-pre-campanha-com-brissac-samara-brauna-ana-brandao-e-pedro-alencar\/","name":"\"Nossa Voz \u00e9 a Ordem\u201d: Diego S\u00e1 decola pr\u00e9-campanha com Brissac, S\u00e2mara Brauna, Ana Brand\u00e3o e Pedro Alencar - Evandro Junior","isPartOf":{"@id":"https:\/\/www.blogsoestado.com\/evandrojunior\/#website"},"primaryImageOfPage":{"@id":"https:\/\/www.blogsoestado.com\/evandrojunior\/2021\/08\/07\/nossa-voz-e-a-ordem-diego-sa-decola-pre-campanha-com-brissac-samara-brauna-ana-brandao-e-pedro-alencar\/#primaryimage"},"image":{"@id":"https:\/\/www.blogsoestado.com\/evandrojunior\/2021\/08\/07\/nossa-voz-e-a-ordem-diego-sa-decola-pre-campanha-com-brissac-samara-brauna-ana-brandao-e-pedro-alencar\/#primaryimage"},"thumbnailUrl":"https:\/\/www.blogsoestado.com\/evandrojunior\/files\/2021\/08\/WhatsApp-Image-2021-08-07-at-00.03.44-1024x682.jpeg","datePublished":"2021-08-07T14:02:54+00:00","author":{"@id":"https:\/\/www.blogsoestado.com\/evandrojunior\/#\/schema\/person\/3e6c3d8dbb740d1c6878ebc935cfb3be"},"breadcrumb":{"@id":"https:\/\/www.blogsoestado.com\/evandrojunior\/2021\/08\/07\/nossa-voz-e-a-ordem-diego-sa-decola-pre-campanha-com-brissac-samara-brauna-ana-brandao-e-pedro-alencar\/#breadcrumb"},"inLanguage":"pt-BR","potentialAction":[{"@type":"ReadAction","target":["https:\/\/www.blogsoestado.com\/evandrojunior\/2021\/08\/07\/nossa-voz-e-a-ordem-diego-sa-decola-pre-campanha-com-brissac-samara-brauna-ana-brandao-e-pedro-alencar\/"]}]},{"@type":"ImageObject","inLanguage":"pt-BR","@id":"https:\/\/www.blogsoestado.com\/evandrojunior\/2021\/08\/07\/nossa-voz-e-a-ordem-diego-sa-decola-pre-campanha-com-brissac-samara-brauna-ana-brandao-e-pedro-alencar\/#primaryimage","url":"https:\/\/www.blogsoestado.com\/evandrojunior\/files\/2021\/08\/WhatsApp-Image-2021-08-07-at-00.03.44-1024x682.jpeg","contentUrl":"https:\/\/www.blogsoestado.com\/evandrojunior\/files\/2021\/08\/WhatsApp-Image-2021-08-07-at-00.03.44-1024x682.jpeg"},{"@type":"BreadcrumbList","@id":"https:\/\/www.blogsoestado.com\/evandrojunior\/2021\/08\/07\/nossa-voz-e-a-ordem-diego-sa-decola-pre-campanha-com-brissac-samara-brauna-ana-brandao-e-pedro-alencar\/#breadcrumb","itemListElement":[{"@type":"ListItem","position":1,"name":"In\u00edcio","item":"https:\/\/www.blogsoestado.com\/evandrojunior\/"},{"@type":"ListItem","position":2,"name":"&#8220;Nossa Voz \u00e9 a Ordem\u201d: Diego S\u00e1 decola pr\u00e9-campanha com Brissac, S\u00e2mara Brauna, Ana Brand\u00e3o e Pedro Alencar"}]},{"@type":"WebSite","@id":"https:\/\/www.blogsoestado.com\/evandrojunior\/#website","url":"https:\/\/www.blogsoestado.com\/evandrojunior\/","name":"Evandro Junior","description":"","potentialAction":[{"@type":"SearchAction","target":{"@type":"EntryPoint","urlTemplate":"https:\/\/www.blogsoestado.com\/evandrojunior\/?s={search_term_string}"},"query-input":{"@type":"PropertyValueSpecification","valueRequired":true,"valueName":"search_term_string"}}],"inLanguage":"pt-BR"},{"@type":"Person","@id":"https:\/\/www.blogsoestado.com\/evandrojunior\/#\/schema\/person\/3e6c3d8dbb740d1c6878ebc935cfb3be","name":"Evandro Junior","image":{"@type":"ImageObject","inLanguage":"pt-BR","@id":"https:\/\/www.blogsoestado.com\/evandrojunior\/#\/schema\/person\/image\/","url":"https:\/\/secure.gravatar.com\/avatar\/f80a03a2294a580cd2318bfb459bf354cfa8be661ef3d95b542cf9a04af8d129?s=96&d=mm&r=g","contentUrl":"https:\/\/secure.gravatar.com\/avatar\/f80a03a2294a580cd2318bfb459bf354cfa8be661ef3d95b542cf9a04af8d129?s=96&d=mm&r=g","caption":"Evandro Junior"},"url":"https:\/\/www.blogsoestado.com\/evandrojunior\/author\/evandrojunior\/"}]}},"jetpack_featured_media_url":"","_links":{"self":[{"href":"https:\/\/www.blogsoestado.com\/evandrojunior\/wp-json\/wp\/v2\/posts\/4692","targetHints":{"allow":["GET"]}}],"collection":[{"href":"https:\/\/www.blogsoestado.com\/evandrojunior\/wp-json\/wp\/v2\/posts"}],"about":[{"href":"https:\/\/www.blogsoestado.com\/evandrojunior\/wp-json\/wp\/v2\/types\/post"}],"author":[{"embeddable":true,"href":"https:\/\/www.blogsoestado.com\/evandrojunior\/wp-json\/wp\/v2\/users\/4"}],"replies":[{"embeddable":true,"href":"https:\/\/www.blogsoestado.com\/evandrojunior\/wp-json\/wp\/v2\/comments?post=4692"}],"version-history":[{"count":0,"href":"https:\/\/www.blogsoestado.com\/evandrojunior\/wp-json\/wp\/v2\/posts\/4692\/revisions"}],"wp:attachment":[{"href":"https:\/\/www.blogsoestado.com\/evandrojunior\/wp-json\/wp\/v2\/media?parent=4692"}],"wp:term":[{"taxonomy":"category","embeddable":true,"href":"https:\/\/www.blogsoestado.com\/evandrojunior\/wp-json\/wp\/v2\/categories?post=4692"},{"taxonomy":"post_tag","embeddable":true,"href":"https:\/\/www.blogsoestado.com\/evandrojunior\/wp-json\/wp\/v2\/tags?post=4692"}],"curies":[{"name":"wp","href":"https:\/\/api.w.org\/{rel}","templated":true}]}}