{"id":4697,"date":"2021-08-12T19:46:39","date_gmt":"2021-08-12T22:46:39","guid":{"rendered":"https:\/\/www.blogsoestado.com\/evandrojunior\/?p=4697"},"modified":"2021-08-12T19:46:39","modified_gmt":"2021-08-12T22:46:39","slug":"paco-do-lumiar-convoca-populacao-para-participar-de-consulta-publica-e-decidir-futuro-do-municipio","status":"publish","type":"post","link":"https:\/\/www.blogsoestado.com\/evandrojunior\/2021\/08\/12\/paco-do-lumiar-convoca-populacao-para-participar-de-consulta-publica-e-decidir-futuro-do-municipio\/","title":{"rendered":"Pa\u00e7o do Lumiar convoca popula\u00e7\u00e3o para participar de consulta p\u00fablica e decidir futuro do munic\u00edpio"},"content":{"rendered":"\n<div class=\"wp-block-image\"><figure class=\"aligncenter size-large is-resized\"><img fetchpriority=\"high\" decoding=\"async\" src=\"https:\/\/www.blogsoestado.com\/evandrojunior\/files\/2021\/08\/Paco-1024x528.jpg\" alt=\"\" class=\"wp-image-4698\" width=\"599\" height=\"309\"\/><figcaption>Com o PPA, \u00e9 poss\u00edvel, por exemplo, determinar a constru\u00e7\u00e3o de escolas, hospitais, pra\u00e7as e melhorias nos espa\u00e7os p\u00fablicos<\/figcaption><\/figure><\/div>\n\n\n\n<p>S\u00e3o Lu\u00eds &#8211; Lan\u00e7ada recentemente, a Consulta P\u00fablica Virtual para elabora\u00e7\u00e3o do Plano Or\u00e7ament\u00e1rio dos pr\u00f3ximos quatro anos do munic\u00edpio de Pa\u00e7o do Lumiar continua sendo destaque. Na tarde de ter\u00e7a-feira (11), foi realizada a primeira consulta p\u00fablica regionalizada abrangendo a macrorregi\u00e3o do Maiob\u00e3o e adjac\u00eancias. A popula\u00e7\u00e3o compareceu ao local para sugerir poss\u00edveis pautas para o plano or\u00e7ament\u00e1rio do munic\u00edpio.<\/p>\n\n\n\n<p>&#8220;Esse \u00e9 o momento em que a popula\u00e7\u00e3o deve comparecer e sugerir pautas. N\u00f3s precisamos de que nossas necessidades sejam atendidas e agora temos a oportunidade de solucionar uma s\u00e9rie de problemas dos nossos bairros&#8221;, enfatizou Ana Cantanhede, presidente do Instituto Voc\u00ea em Cena.<\/p>\n\n\n\n<p>O Plano Plurianual (PPA) \u00e9 o utilizado como uma ferramenta de planejamento a m\u00e9dio prazo com o objetivo de incentivar a participa\u00e7\u00e3o popular na gest\u00e3o, assegurar a transpar\u00eancia e fortalecer o controle social.<\/p>\n\n\n\n<p>Com o PPA \u00e9 poss\u00edvel, por exemplo, determinar a constru\u00e7\u00e3o de escolas, hospitais, pra\u00e7as e melhorias nos espa\u00e7os p\u00fablicos, bem como o aperfei\u00e7oamento dos servi\u00e7os p\u00fablico prestados.<\/p>\n\n\n\n<p>\u201cN\u00f3s fazemos um convite a popula\u00e7\u00e3o que compare\u00e7a \u00e0s consultas p\u00fablicas regionalizadas para nos ajudar nessa tarefa t\u00e3o importante que \u00e9 determinar quais ser\u00e3o as prioridades da nossa gest\u00e3o nos pr\u00f3ximos anos. Ningu\u00e9m melhor para nos propor medidas do que a popula\u00e7\u00e3o. E para aqueles que n\u00e3o podem estar presencialmente tamb\u00e9m temos a op\u00e7\u00e3o do formul\u00e1rio online, ent\u00e3o todos podem participar livremente\u201d, enfatizou a prefeita Paula Azevedo.<\/p>\n\n\n\n<p>Para participar, a popula\u00e7\u00e3o tem duas op\u00e7\u00f5es: ou participa de maneira virtual, por meio do formul\u00e1rio dispon\u00edvel no site de Prefeitura de Pa\u00e7o do Lumiar (pacodolumiar.ma.gov.br) ou pode participar indo at\u00e9 uma das seis consultas p\u00fablicas regionalizadas que acontecer\u00e3o em pontos estrat\u00e9gicos da cidade. O prazo final para participa\u00e7\u00e3o popular \u00e9 at\u00e9 o dia 10 de setembro.<\/p>\n","protected":false},"excerpt":{"rendered":"<p>S\u00e3o Lu\u00eds &#8211; Lan\u00e7ada recentemente, a Consulta P\u00fablica Virtual para elabora\u00e7\u00e3o do Plano Or\u00e7ament\u00e1rio dos pr\u00f3ximos quatro anos do munic\u00edpio [&hellip;]<\/p>\n","protected":false},"author":4,"featured_media":0,"comment_status":"open","ping_status":"open","sticky":false,"template":"","format":"standard","meta":{"site-sidebar-layout":"default","site-content-layout":"","ast-site-content-layout":"default","site-content-style":"default","site-sidebar-style":"default","ast-global-header-display":"","ast-banner-title-visibility":"","ast-main-header-display":"","ast-hfb-above-header-display":"","ast-hfb-below-header-display":"","ast-hfb-mobile-header-display":"","site-post-title":"","ast-breadcrumbs-content":"","ast-featured-img":"","footer-sml-layout":"","ast-disable-related-posts":"","theme-transparent-header-meta":"","adv-header-id-meta":"","stick-header-meta":"","header-above-stick-meta":"","header-main-stick-meta":"","header-below-stick-meta":"","astra-migrate-meta-layouts":"default","ast-page-background-enabled":"default","ast-page-background-meta":{"desktop":{"background-color":"var(--ast-global-color-5)","background-image":"","background-repeat":"repeat","background-position":"center center","background-size":"auto","background-attachment":"scroll","background-type":"","background-media":"","overlay-type":"","overlay-color":"","overlay-opacity":"","overlay-gradient":""},"tablet":{"background-color":"","background-image":"","background-repeat":"repeat","background-position":"center center","background-size":"auto","background-attachment":"scroll","background-type":"","background-media":"","overlay-type":"","overlay-color":"","overlay-opacity":"","overlay-gradient":""},"mobile":{"background-color":"","background-image":"","background-repeat":"repeat","background-position":"center center","background-size":"auto","background-attachment":"scroll","background-type":"","background-media":"","overlay-type":"","overlay-color":"","overlay-opacity":"","overlay-gradient":""}},"ast-content-background-meta":{"desktop":{"background-color":"var(--ast-global-color-4)","background-image":"","background-repeat":"repeat","background-position":"center center","background-size":"auto","background-attachment":"scroll","background-type":"","background-media":"","overlay-type":"","overlay-color":"","overlay-opacity":"","overlay-gradient":""},"tablet":{"background-color":"var(--ast-global-color-4)","background-image":"","background-repeat":"repeat","background-position":"center center","background-size":"auto","background-attachment":"scroll","background-type":"","background-media":"","overlay-type":"","overlay-color":"","overlay-opacity":"","overlay-gradient":""},"mobile":{"background-color":"var(--ast-global-color-4)","background-image":"","background-repeat":"repeat","background-position":"center center","background-size":"auto","background-attachment":"scroll","background-type":"","background-media":"","overlay-type":"","overlay-color":"","overlay-opacity":"","overlay-gradient":""}},"footnotes":""},"categories":[1],"tags":[],"class_list":["post-4697","post","type-post","status-publish","format-standard","hentry","category-sem-categoria"],"yoast_head":"<!-- This site is optimized with the Yoast SEO plugin v26.6 - https:\/\/yoast.com\/wordpress\/plugins\/seo\/ -->\n<title>Pa\u00e7o do Lumiar convoca popula\u00e7\u00e3o para participar de consulta p\u00fablica e decidir futuro do munic\u00edpio - Evandro Junior<\/title>\n<meta name=\"robots\" content=\"index, follow, max-snippet:-1, max-image-preview:large, max-video-preview:-1\" \/>\n<link rel=\"canonical\" href=\"https:\/\/www.blogsoestado.com\/evandrojunior\/2021\/08\/12\/paco-do-lumiar-convoca-populacao-para-participar-de-consulta-publica-e-decidir-futuro-do-municipio\/\" \/>\n<meta property=\"og:locale\" content=\"pt_BR\" \/>\n<meta property=\"og:type\" content=\"article\" \/>\n<meta property=\"og:title\" content=\"Pa\u00e7o do Lumiar convoca popula\u00e7\u00e3o para participar de consulta p\u00fablica e decidir futuro do munic\u00edpio - Evandro Junior\" \/>\n<meta property=\"og:description\" content=\"S\u00e3o Lu\u00eds &#8211; Lan\u00e7ada recentemente, a Consulta P\u00fablica Virtual para elabora\u00e7\u00e3o do Plano Or\u00e7ament\u00e1rio dos pr\u00f3ximos quatro anos do munic\u00edpio [&hellip;]\" \/>\n<meta property=\"og:url\" content=\"https:\/\/www.blogsoestado.com\/evandrojunior\/2021\/08\/12\/paco-do-lumiar-convoca-populacao-para-participar-de-consulta-publica-e-decidir-futuro-do-municipio\/\" \/>\n<meta property=\"og:site_name\" content=\"Evandro Junior\" \/>\n<meta property=\"article:published_time\" content=\"2021-08-12T22:46:39+00:00\" \/>\n<meta property=\"og:image\" content=\"https:\/\/www.blogsoestado.com\/evandrojunior\/files\/2021\/08\/Paco-1024x528.jpg\" \/>\n<meta name=\"author\" content=\"Evandro Junior\" \/>\n<meta name=\"twitter:card\" content=\"summary_large_image\" \/>\n<meta name=\"twitter:label1\" content=\"Escrito por\" \/>\n\t<meta name=\"twitter:data1\" content=\"Evandro Junior\" \/>\n\t<meta name=\"twitter:label2\" content=\"Est. tempo de leitura\" \/>\n\t<meta name=\"twitter:data2\" content=\"2 minutos\" \/>\n<script type=\"application\/ld+json\" class=\"yoast-schema-graph\">{\"@context\":\"https:\/\/schema.org\",\"@graph\":[{\"@type\":\"WebPage\",\"@id\":\"https:\/\/www.blogsoestado.com\/evandrojunior\/2021\/08\/12\/paco-do-lumiar-convoca-populacao-para-participar-de-consulta-publica-e-decidir-futuro-do-municipio\/\",\"url\":\"https:\/\/www.blogsoestado.com\/evandrojunior\/2021\/08\/12\/paco-do-lumiar-convoca-populacao-para-participar-de-consulta-publica-e-decidir-futuro-do-municipio\/\",\"name\":\"Pa\u00e7o do Lumiar convoca popula\u00e7\u00e3o para participar de consulta p\u00fablica e decidir futuro do munic\u00edpio - Evandro Junior\",\"isPartOf\":{\"@id\":\"https:\/\/www.blogsoestado.com\/evandrojunior\/#website\"},\"primaryImageOfPage\":{\"@id\":\"https:\/\/www.blogsoestado.com\/evandrojunior\/2021\/08\/12\/paco-do-lumiar-convoca-populacao-para-participar-de-consulta-publica-e-decidir-futuro-do-municipio\/#primaryimage\"},\"image\":{\"@id\":\"https:\/\/www.blogsoestado.com\/evandrojunior\/2021\/08\/12\/paco-do-lumiar-convoca-populacao-para-participar-de-consulta-publica-e-decidir-futuro-do-municipio\/#primaryimage\"},\"thumbnailUrl\":\"https:\/\/www.blogsoestado.com\/evandrojunior\/files\/2021\/08\/Paco-1024x528.jpg\",\"datePublished\":\"2021-08-12T22:46:39+00:00\",\"author\":{\"@id\":\"https:\/\/www.blogsoestado.com\/evandrojunior\/#\/schema\/person\/3e6c3d8dbb740d1c6878ebc935cfb3be\"},\"breadcrumb\":{\"@id\":\"https:\/\/www.blogsoestado.com\/evandrojunior\/2021\/08\/12\/paco-do-lumiar-convoca-populacao-para-participar-de-consulta-publica-e-decidir-futuro-do-municipio\/#breadcrumb\"},\"inLanguage\":\"pt-BR\",\"potentialAction\":[{\"@type\":\"ReadAction\",\"target\":[\"https:\/\/www.blogsoestado.com\/evandrojunior\/2021\/08\/12\/paco-do-lumiar-convoca-populacao-para-participar-de-consulta-publica-e-decidir-futuro-do-municipio\/\"]}]},{\"@type\":\"ImageObject\",\"inLanguage\":\"pt-BR\",\"@id\":\"https:\/\/www.blogsoestado.com\/evandrojunior\/2021\/08\/12\/paco-do-lumiar-convoca-populacao-para-participar-de-consulta-publica-e-decidir-futuro-do-municipio\/#primaryimage\",\"url\":\"https:\/\/www.blogsoestado.com\/evandrojunior\/files\/2021\/08\/Paco-1024x528.jpg\",\"contentUrl\":\"https:\/\/www.blogsoestado.com\/evandrojunior\/files\/2021\/08\/Paco-1024x528.jpg\"},{\"@type\":\"BreadcrumbList\",\"@id\":\"https:\/\/www.blogsoestado.com\/evandrojunior\/2021\/08\/12\/paco-do-lumiar-convoca-populacao-para-participar-de-consulta-publica-e-decidir-futuro-do-municipio\/#breadcrumb\",\"itemListElement\":[{\"@type\":\"ListItem\",\"position\":1,\"name\":\"In\u00edcio\",\"item\":\"https:\/\/www.blogsoestado.com\/evandrojunior\/\"},{\"@type\":\"ListItem\",\"position\":2,\"name\":\"Pa\u00e7o do Lumiar convoca popula\u00e7\u00e3o para participar de consulta p\u00fablica e decidir futuro do munic\u00edpio\"}]},{\"@type\":\"WebSite\",\"@id\":\"https:\/\/www.blogsoestado.com\/evandrojunior\/#website\",\"url\":\"https:\/\/www.blogsoestado.com\/evandrojunior\/\",\"name\":\"Evandro Junior\",\"description\":\"\",\"potentialAction\":[{\"@type\":\"SearchAction\",\"target\":{\"@type\":\"EntryPoint\",\"urlTemplate\":\"https:\/\/www.blogsoestado.com\/evandrojunior\/?s={search_term_string}\"},\"query-input\":{\"@type\":\"PropertyValueSpecification\",\"valueRequired\":true,\"valueName\":\"search_term_string\"}}],\"inLanguage\":\"pt-BR\"},{\"@type\":\"Person\",\"@id\":\"https:\/\/www.blogsoestado.com\/evandrojunior\/#\/schema\/person\/3e6c3d8dbb740d1c6878ebc935cfb3be\",\"name\":\"Evandro Junior\",\"image\":{\"@type\":\"ImageObject\",\"inLanguage\":\"pt-BR\",\"@id\":\"https:\/\/www.blogsoestado.com\/evandrojunior\/#\/schema\/person\/image\/\",\"url\":\"https:\/\/secure.gravatar.com\/avatar\/f80a03a2294a580cd2318bfb459bf354cfa8be661ef3d95b542cf9a04af8d129?s=96&d=mm&r=g\",\"contentUrl\":\"https:\/\/secure.gravatar.com\/avatar\/f80a03a2294a580cd2318bfb459bf354cfa8be661ef3d95b542cf9a04af8d129?s=96&d=mm&r=g\",\"caption\":\"Evandro Junior\"},\"url\":\"https:\/\/www.blogsoestado.com\/evandrojunior\/author\/evandrojunior\/\"}]}<\/script>\n<!-- \/ Yoast SEO plugin. -->","yoast_head_json":{"title":"Pa\u00e7o do Lumiar convoca popula\u00e7\u00e3o para participar de consulta p\u00fablica e decidir futuro do munic\u00edpio - Evandro Junior","robots":{"index":"index","follow":"follow","max-snippet":"max-snippet:-1","max-image-preview":"max-image-preview:large","max-video-preview":"max-video-preview:-1"},"canonical":"https:\/\/www.blogsoestado.com\/evandrojunior\/2021\/08\/12\/paco-do-lumiar-convoca-populacao-para-participar-de-consulta-publica-e-decidir-futuro-do-municipio\/","og_locale":"pt_BR","og_type":"article","og_title":"Pa\u00e7o do Lumiar convoca popula\u00e7\u00e3o para participar de consulta p\u00fablica e decidir futuro do munic\u00edpio - Evandro Junior","og_description":"S\u00e3o Lu\u00eds &#8211; Lan\u00e7ada recentemente, a Consulta P\u00fablica Virtual para elabora\u00e7\u00e3o do Plano Or\u00e7ament\u00e1rio dos pr\u00f3ximos quatro anos do munic\u00edpio [&hellip;]","og_url":"https:\/\/www.blogsoestado.com\/evandrojunior\/2021\/08\/12\/paco-do-lumiar-convoca-populacao-para-participar-de-consulta-publica-e-decidir-futuro-do-municipio\/","og_site_name":"Evandro Junior","article_published_time":"2021-08-12T22:46:39+00:00","og_image":[{"url":"https:\/\/www.blogsoestado.com\/evandrojunior\/files\/2021\/08\/Paco-1024x528.jpg","type":"","width":"","height":""}],"author":"Evandro Junior","twitter_card":"summary_large_image","twitter_misc":{"Escrito por":"Evandro Junior","Est. tempo de leitura":"2 minutos"},"schema":{"@context":"https:\/\/schema.org","@graph":[{"@type":"WebPage","@id":"https:\/\/www.blogsoestado.com\/evandrojunior\/2021\/08\/12\/paco-do-lumiar-convoca-populacao-para-participar-de-consulta-publica-e-decidir-futuro-do-municipio\/","url":"https:\/\/www.blogsoestado.com\/evandrojunior\/2021\/08\/12\/paco-do-lumiar-convoca-populacao-para-participar-de-consulta-publica-e-decidir-futuro-do-municipio\/","name":"Pa\u00e7o do Lumiar convoca popula\u00e7\u00e3o para participar de consulta p\u00fablica e decidir futuro do munic\u00edpio - Evandro Junior","isPartOf":{"@id":"https:\/\/www.blogsoestado.com\/evandrojunior\/#website"},"primaryImageOfPage":{"@id":"https:\/\/www.blogsoestado.com\/evandrojunior\/2021\/08\/12\/paco-do-lumiar-convoca-populacao-para-participar-de-consulta-publica-e-decidir-futuro-do-municipio\/#primaryimage"},"image":{"@id":"https:\/\/www.blogsoestado.com\/evandrojunior\/2021\/08\/12\/paco-do-lumiar-convoca-populacao-para-participar-de-consulta-publica-e-decidir-futuro-do-municipio\/#primaryimage"},"thumbnailUrl":"https:\/\/www.blogsoestado.com\/evandrojunior\/files\/2021\/08\/Paco-1024x528.jpg","datePublished":"2021-08-12T22:46:39+00:00","author":{"@id":"https:\/\/www.blogsoestado.com\/evandrojunior\/#\/schema\/person\/3e6c3d8dbb740d1c6878ebc935cfb3be"},"breadcrumb":{"@id":"https:\/\/www.blogsoestado.com\/evandrojunior\/2021\/08\/12\/paco-do-lumiar-convoca-populacao-para-participar-de-consulta-publica-e-decidir-futuro-do-municipio\/#breadcrumb"},"inLanguage":"pt-BR","potentialAction":[{"@type":"ReadAction","target":["https:\/\/www.blogsoestado.com\/evandrojunior\/2021\/08\/12\/paco-do-lumiar-convoca-populacao-para-participar-de-consulta-publica-e-decidir-futuro-do-municipio\/"]}]},{"@type":"ImageObject","inLanguage":"pt-BR","@id":"https:\/\/www.blogsoestado.com\/evandrojunior\/2021\/08\/12\/paco-do-lumiar-convoca-populacao-para-participar-de-consulta-publica-e-decidir-futuro-do-municipio\/#primaryimage","url":"https:\/\/www.blogsoestado.com\/evandrojunior\/files\/2021\/08\/Paco-1024x528.jpg","contentUrl":"https:\/\/www.blogsoestado.com\/evandrojunior\/files\/2021\/08\/Paco-1024x528.jpg"},{"@type":"BreadcrumbList","@id":"https:\/\/www.blogsoestado.com\/evandrojunior\/2021\/08\/12\/paco-do-lumiar-convoca-populacao-para-participar-de-consulta-publica-e-decidir-futuro-do-municipio\/#breadcrumb","itemListElement":[{"@type":"ListItem","position":1,"name":"In\u00edcio","item":"https:\/\/www.blogsoestado.com\/evandrojunior\/"},{"@type":"ListItem","position":2,"name":"Pa\u00e7o do Lumiar convoca popula\u00e7\u00e3o para participar de consulta p\u00fablica e decidir futuro do munic\u00edpio"}]},{"@type":"WebSite","@id":"https:\/\/www.blogsoestado.com\/evandrojunior\/#website","url":"https:\/\/www.blogsoestado.com\/evandrojunior\/","name":"Evandro Junior","description":"","potentialAction":[{"@type":"SearchAction","target":{"@type":"EntryPoint","urlTemplate":"https:\/\/www.blogsoestado.com\/evandrojunior\/?s={search_term_string}"},"query-input":{"@type":"PropertyValueSpecification","valueRequired":true,"valueName":"search_term_string"}}],"inLanguage":"pt-BR"},{"@type":"Person","@id":"https:\/\/www.blogsoestado.com\/evandrojunior\/#\/schema\/person\/3e6c3d8dbb740d1c6878ebc935cfb3be","name":"Evandro Junior","image":{"@type":"ImageObject","inLanguage":"pt-BR","@id":"https:\/\/www.blogsoestado.com\/evandrojunior\/#\/schema\/person\/image\/","url":"https:\/\/secure.gravatar.com\/avatar\/f80a03a2294a580cd2318bfb459bf354cfa8be661ef3d95b542cf9a04af8d129?s=96&d=mm&r=g","contentUrl":"https:\/\/secure.gravatar.com\/avatar\/f80a03a2294a580cd2318bfb459bf354cfa8be661ef3d95b542cf9a04af8d129?s=96&d=mm&r=g","caption":"Evandro Junior"},"url":"https:\/\/www.blogsoestado.com\/evandrojunior\/author\/evandrojunior\/"}]}},"jetpack_featured_media_url":"","_links":{"self":[{"href":"https:\/\/www.blogsoestado.com\/evandrojunior\/wp-json\/wp\/v2\/posts\/4697","targetHints":{"allow":["GET"]}}],"collection":[{"href":"https:\/\/www.blogsoestado.com\/evandrojunior\/wp-json\/wp\/v2\/posts"}],"about":[{"href":"https:\/\/www.blogsoestado.com\/evandrojunior\/wp-json\/wp\/v2\/types\/post"}],"author":[{"embeddable":true,"href":"https:\/\/www.blogsoestado.com\/evandrojunior\/wp-json\/wp\/v2\/users\/4"}],"replies":[{"embeddable":true,"href":"https:\/\/www.blogsoestado.com\/evandrojunior\/wp-json\/wp\/v2\/comments?post=4697"}],"version-history":[{"count":0,"href":"https:\/\/www.blogsoestado.com\/evandrojunior\/wp-json\/wp\/v2\/posts\/4697\/revisions"}],"wp:attachment":[{"href":"https:\/\/www.blogsoestado.com\/evandrojunior\/wp-json\/wp\/v2\/media?parent=4697"}],"wp:term":[{"taxonomy":"category","embeddable":true,"href":"https:\/\/www.blogsoestado.com\/evandrojunior\/wp-json\/wp\/v2\/categories?post=4697"},{"taxonomy":"post_tag","embeddable":true,"href":"https:\/\/www.blogsoestado.com\/evandrojunior\/wp-json\/wp\/v2\/tags?post=4697"}],"curies":[{"name":"wp","href":"https:\/\/api.w.org\/{rel}","templated":true}]}}