{"id":4720,"date":"2017-10-04T14:35:00","date_gmt":"2017-10-04T17:35:00","guid":{"rendered":"https:\/\/www.blogsoestado.com\/evandrojunior\/?p=4720"},"modified":"2017-10-04T14:35:00","modified_gmt":"2017-10-04T17:35:00","slug":"grupo-lamparina-faz-abertura-da-campanha-outubro-rosa-no-aldenora-bello","status":"publish","type":"post","link":"https:\/\/www.blogsoestado.com\/evandrojunior\/2017\/10\/04\/grupo-lamparina-faz-abertura-da-campanha-outubro-rosa-no-aldenora-bello\/","title":{"rendered":"Grupo Lamparina faz abertura da campanha &#8220;Outubro Rosa&#8221; no Aldenora Bello"},"content":{"rendered":"\n<div class=\"wp-block-image\"><figure class=\"aligncenter size-large is-resized\"><img fetchpriority=\"high\" decoding=\"async\" src=\"https:\/\/www.blogsoestado.com\/evandrojunior\/wp-content\/uploads\/sites\/3\/2021\/08\/WhatsApp-Image-2021-08-19-at-22.40.57-1.jpeg\" alt=\"\" class=\"wp-image-4721\" width=\"601\" height=\"310\" srcset=\"https:\/\/www.blogsoestado.com\/evandrojunior\/wp-content\/uploads\/sites\/3\/2021\/08\/WhatsApp-Image-2021-08-19-at-22.40.57-1.jpeg 1024w, https:\/\/www.blogsoestado.com\/evandrojunior\/wp-content\/uploads\/sites\/3\/2021\/08\/WhatsApp-Image-2021-08-19-at-22.40.57-1-300x155.jpeg 300w, https:\/\/www.blogsoestado.com\/evandrojunior\/wp-content\/uploads\/sites\/3\/2021\/08\/WhatsApp-Image-2021-08-19-at-22.40.57-1-768x396.jpeg 768w\" sizes=\"(max-width: 601px) 100vw, 601px\" \/><figcaption>Grupo Lamparina levou alegria para a abertura da campanha no Aldenora Bello<\/figcaption><\/figure><\/div>\n\n\n\n<p><strong>S\u00e3o Lu\u00eds <\/strong>&#8211; Um sucesso a apresenta\u00e7\u00e3o do show \u201cLamparina: Chama Rosa da Solidariedade\u201d, apresentado pelo Grupo Lamparina, na tarde da \u00faltima segunda-feira, em frente ao Hospital Aldenora Bello, no bairro Monte Castelo, marcando a abertura da campanha \u201cOutubro Rosa\u201d, de alerta contra o c\u00e2ncer de mama.<\/p>\n\n\n\n<p>O grupo, formado apenas por mulheres, atraiu as aten\u00e7\u00f5es das mulheres em tratamento na unidade de sa\u00fade. Lamparina apresentou-se em cima de um minitrio, com toda a estrutura de sonoriza\u00e7\u00e3o. As cantoras Regina Oliveira, Mairla Oliveira e Alessandra Santos fizeram um passeio pelo cancioneiro nordestino, entoando m\u00fasicas autorais, entre elas, \u201cO Boi Nosso de Cada Dia\u201d, uma toada de matraca, e grandes sucessos de Jo\u00e3o do Vale, entre outras.<\/p>\n\n\n\n<p>\u201cN\u00f3s temos esse compromisso com o Hospital Aldenora Bello, de nos apresentar na abertura da campanha \u2018Outubro Rosa\u2019 no Maranh\u00e3o, de suma import\u00e2ncia para alertar sobre essa terr\u00edvel doen\u00e7a. E fazemos com m\u00fasica, que \u00e9 um rem\u00e9dio para a alma e traz alegria para aquelas pessoas que est\u00e3o enfrentando a doen\u00e7a, em tratamento no Aldenora Bello\u201d, disse a cantora Regina Oliveira.<\/p>\n\n\n\n<p>O Grupo Lamparina \u00e9 um dos mais originais do Maranh\u00e3o, apresentando-se com figurino alegre e colorido e levando bailarinos para o palco. As cantoras s\u00e3o conhecidas por sua descontra\u00e7\u00e3o com o p\u00fablico, convidando a plateia para cantar e dan\u00e7ar junto com elas. A proposta art\u00edstica j\u00e1 esteve em outras capitais do Brasil, representando a cultura maranhense.<\/p>\n","protected":false},"excerpt":{"rendered":"<p>S\u00e3o Lu\u00eds &#8211; Um sucesso a apresenta\u00e7\u00e3o do show \u201cLamparina: Chama Rosa da Solidariedade\u201d, apresentado pelo Grupo Lamparina, na tarde [&hellip;]<\/p>\n","protected":false},"author":4,"featured_media":0,"comment_status":"open","ping_status":"open","sticky":false,"template":"","format":"standard","meta":{"site-sidebar-layout":"default","site-content-layout":"","ast-site-content-layout":"default","site-content-style":"default","site-sidebar-style":"default","ast-global-header-display":"","ast-banner-title-visibility":"","ast-main-header-display":"","ast-hfb-above-header-display":"","ast-hfb-below-header-display":"","ast-hfb-mobile-header-display":"","site-post-title":"","ast-breadcrumbs-content":"","ast-featured-img":"","footer-sml-layout":"","ast-disable-related-posts":"","theme-transparent-header-meta":"","adv-header-id-meta":"","stick-header-meta":"","header-above-stick-meta":"","header-main-stick-meta":"","header-below-stick-meta":"","astra-migrate-meta-layouts":"default","ast-page-background-enabled":"default","ast-page-background-meta":{"desktop":{"background-color":"var(--ast-global-color-5)","background-image":"","background-repeat":"repeat","background-position":"center center","background-size":"auto","background-attachment":"scroll","background-type":"","background-media":"","overlay-type":"","overlay-color":"","overlay-opacity":"","overlay-gradient":""},"tablet":{"background-color":"","background-image":"","background-repeat":"repeat","background-position":"center center","background-size":"auto","background-attachment":"scroll","background-type":"","background-media":"","overlay-type":"","overlay-color":"","overlay-opacity":"","overlay-gradient":""},"mobile":{"background-color":"","background-image":"","background-repeat":"repeat","background-position":"center center","background-size":"auto","background-attachment":"scroll","background-type":"","background-media":"","overlay-type":"","overlay-color":"","overlay-opacity":"","overlay-gradient":""}},"ast-content-background-meta":{"desktop":{"background-color":"var(--ast-global-color-4)","background-image":"","background-repeat":"repeat","background-position":"center center","background-size":"auto","background-attachment":"scroll","background-type":"","background-media":"","overlay-type":"","overlay-color":"","overlay-opacity":"","overlay-gradient":""},"tablet":{"background-color":"var(--ast-global-color-4)","background-image":"","background-repeat":"repeat","background-position":"center center","background-size":"auto","background-attachment":"scroll","background-type":"","background-media":"","overlay-type":"","overlay-color":"","overlay-opacity":"","overlay-gradient":""},"mobile":{"background-color":"var(--ast-global-color-4)","background-image":"","background-repeat":"repeat","background-position":"center center","background-size":"auto","background-attachment":"scroll","background-type":"","background-media":"","overlay-type":"","overlay-color":"","overlay-opacity":"","overlay-gradient":""}},"footnotes":""},"categories":[1],"tags":[],"class_list":["post-4720","post","type-post","status-publish","format-standard","hentry","category-sem-categoria"],"yoast_head":"<!-- This site is optimized with the Yoast SEO plugin v26.6 - https:\/\/yoast.com\/wordpress\/plugins\/seo\/ -->\n<title>Grupo Lamparina faz abertura da campanha &quot;Outubro Rosa&quot; no Aldenora Bello - Evandro Junior<\/title>\n<meta name=\"robots\" content=\"index, follow, max-snippet:-1, max-image-preview:large, max-video-preview:-1\" \/>\n<link rel=\"canonical\" href=\"https:\/\/www.blogsoestado.com\/evandrojunior\/2017\/10\/04\/grupo-lamparina-faz-abertura-da-campanha-outubro-rosa-no-aldenora-bello\/\" \/>\n<meta property=\"og:locale\" content=\"pt_BR\" \/>\n<meta property=\"og:type\" content=\"article\" \/>\n<meta property=\"og:title\" content=\"Grupo Lamparina faz abertura da campanha &quot;Outubro Rosa&quot; no Aldenora Bello - Evandro Junior\" \/>\n<meta property=\"og:description\" content=\"S\u00e3o Lu\u00eds &#8211; Um sucesso a apresenta\u00e7\u00e3o do show \u201cLamparina: Chama Rosa da Solidariedade\u201d, apresentado pelo Grupo Lamparina, na tarde [&hellip;]\" \/>\n<meta property=\"og:url\" content=\"https:\/\/www.blogsoestado.com\/evandrojunior\/2017\/10\/04\/grupo-lamparina-faz-abertura-da-campanha-outubro-rosa-no-aldenora-bello\/\" \/>\n<meta property=\"og:site_name\" content=\"Evandro Junior\" \/>\n<meta property=\"article:published_time\" content=\"2017-10-04T17:35:00+00:00\" \/>\n<meta property=\"og:image\" content=\"https:\/\/www.blogsoestado.com\/evandrojunior\/wp-content\/uploads\/sites\/3\/2021\/08\/WhatsApp-Image-2021-08-19-at-22.40.57-1.jpeg\" \/>\n<meta name=\"author\" content=\"Evandro Junior\" \/>\n<meta name=\"twitter:card\" content=\"summary_large_image\" \/>\n<meta name=\"twitter:label1\" content=\"Escrito por\" \/>\n\t<meta name=\"twitter:data1\" content=\"Evandro Junior\" \/>\n\t<meta name=\"twitter:label2\" content=\"Est. tempo de leitura\" \/>\n\t<meta name=\"twitter:data2\" content=\"2 minutos\" \/>\n<script type=\"application\/ld+json\" class=\"yoast-schema-graph\">{\"@context\":\"https:\/\/schema.org\",\"@graph\":[{\"@type\":\"WebPage\",\"@id\":\"https:\/\/www.blogsoestado.com\/evandrojunior\/2017\/10\/04\/grupo-lamparina-faz-abertura-da-campanha-outubro-rosa-no-aldenora-bello\/\",\"url\":\"https:\/\/www.blogsoestado.com\/evandrojunior\/2017\/10\/04\/grupo-lamparina-faz-abertura-da-campanha-outubro-rosa-no-aldenora-bello\/\",\"name\":\"Grupo Lamparina faz abertura da campanha \\\"Outubro Rosa\\\" no Aldenora Bello - Evandro Junior\",\"isPartOf\":{\"@id\":\"https:\/\/www.blogsoestado.com\/evandrojunior\/#website\"},\"primaryImageOfPage\":{\"@id\":\"https:\/\/www.blogsoestado.com\/evandrojunior\/2017\/10\/04\/grupo-lamparina-faz-abertura-da-campanha-outubro-rosa-no-aldenora-bello\/#primaryimage\"},\"image\":{\"@id\":\"https:\/\/www.blogsoestado.com\/evandrojunior\/2017\/10\/04\/grupo-lamparina-faz-abertura-da-campanha-outubro-rosa-no-aldenora-bello\/#primaryimage\"},\"thumbnailUrl\":\"https:\/\/www.blogsoestado.com\/evandrojunior\/wp-content\/uploads\/sites\/3\/2021\/08\/WhatsApp-Image-2021-08-19-at-22.40.57-1.jpeg\",\"datePublished\":\"2017-10-04T17:35:00+00:00\",\"author\":{\"@id\":\"https:\/\/www.blogsoestado.com\/evandrojunior\/#\/schema\/person\/3e6c3d8dbb740d1c6878ebc935cfb3be\"},\"breadcrumb\":{\"@id\":\"https:\/\/www.blogsoestado.com\/evandrojunior\/2017\/10\/04\/grupo-lamparina-faz-abertura-da-campanha-outubro-rosa-no-aldenora-bello\/#breadcrumb\"},\"inLanguage\":\"pt-BR\",\"potentialAction\":[{\"@type\":\"ReadAction\",\"target\":[\"https:\/\/www.blogsoestado.com\/evandrojunior\/2017\/10\/04\/grupo-lamparina-faz-abertura-da-campanha-outubro-rosa-no-aldenora-bello\/\"]}]},{\"@type\":\"ImageObject\",\"inLanguage\":\"pt-BR\",\"@id\":\"https:\/\/www.blogsoestado.com\/evandrojunior\/2017\/10\/04\/grupo-lamparina-faz-abertura-da-campanha-outubro-rosa-no-aldenora-bello\/#primaryimage\",\"url\":\"https:\/\/www.blogsoestado.com\/evandrojunior\/wp-content\/uploads\/sites\/3\/2021\/08\/WhatsApp-Image-2021-08-19-at-22.40.57-1.jpeg\",\"contentUrl\":\"https:\/\/www.blogsoestado.com\/evandrojunior\/wp-content\/uploads\/sites\/3\/2021\/08\/WhatsApp-Image-2021-08-19-at-22.40.57-1.jpeg\",\"width\":1024,\"height\":528},{\"@type\":\"BreadcrumbList\",\"@id\":\"https:\/\/www.blogsoestado.com\/evandrojunior\/2017\/10\/04\/grupo-lamparina-faz-abertura-da-campanha-outubro-rosa-no-aldenora-bello\/#breadcrumb\",\"itemListElement\":[{\"@type\":\"ListItem\",\"position\":1,\"name\":\"In\u00edcio\",\"item\":\"https:\/\/www.blogsoestado.com\/evandrojunior\/\"},{\"@type\":\"ListItem\",\"position\":2,\"name\":\"Grupo Lamparina faz abertura da campanha &#8220;Outubro Rosa&#8221; no Aldenora Bello\"}]},{\"@type\":\"WebSite\",\"@id\":\"https:\/\/www.blogsoestado.com\/evandrojunior\/#website\",\"url\":\"https:\/\/www.blogsoestado.com\/evandrojunior\/\",\"name\":\"Evandro Junior\",\"description\":\"\",\"potentialAction\":[{\"@type\":\"SearchAction\",\"target\":{\"@type\":\"EntryPoint\",\"urlTemplate\":\"https:\/\/www.blogsoestado.com\/evandrojunior\/?s={search_term_string}\"},\"query-input\":{\"@type\":\"PropertyValueSpecification\",\"valueRequired\":true,\"valueName\":\"search_term_string\"}}],\"inLanguage\":\"pt-BR\"},{\"@type\":\"Person\",\"@id\":\"https:\/\/www.blogsoestado.com\/evandrojunior\/#\/schema\/person\/3e6c3d8dbb740d1c6878ebc935cfb3be\",\"name\":\"Evandro Junior\",\"image\":{\"@type\":\"ImageObject\",\"inLanguage\":\"pt-BR\",\"@id\":\"https:\/\/www.blogsoestado.com\/evandrojunior\/#\/schema\/person\/image\/\",\"url\":\"https:\/\/secure.gravatar.com\/avatar\/f80a03a2294a580cd2318bfb459bf354cfa8be661ef3d95b542cf9a04af8d129?s=96&d=mm&r=g\",\"contentUrl\":\"https:\/\/secure.gravatar.com\/avatar\/f80a03a2294a580cd2318bfb459bf354cfa8be661ef3d95b542cf9a04af8d129?s=96&d=mm&r=g\",\"caption\":\"Evandro Junior\"},\"url\":\"https:\/\/www.blogsoestado.com\/evandrojunior\/author\/evandrojunior\/\"}]}<\/script>\n<!-- \/ Yoast SEO plugin. -->","yoast_head_json":{"title":"Grupo Lamparina faz abertura da campanha \"Outubro Rosa\" no Aldenora Bello - Evandro Junior","robots":{"index":"index","follow":"follow","max-snippet":"max-snippet:-1","max-image-preview":"max-image-preview:large","max-video-preview":"max-video-preview:-1"},"canonical":"https:\/\/www.blogsoestado.com\/evandrojunior\/2017\/10\/04\/grupo-lamparina-faz-abertura-da-campanha-outubro-rosa-no-aldenora-bello\/","og_locale":"pt_BR","og_type":"article","og_title":"Grupo Lamparina faz abertura da campanha \"Outubro Rosa\" no Aldenora Bello - Evandro Junior","og_description":"S\u00e3o Lu\u00eds &#8211; Um sucesso a apresenta\u00e7\u00e3o do show \u201cLamparina: Chama Rosa da Solidariedade\u201d, apresentado pelo Grupo Lamparina, na tarde [&hellip;]","og_url":"https:\/\/www.blogsoestado.com\/evandrojunior\/2017\/10\/04\/grupo-lamparina-faz-abertura-da-campanha-outubro-rosa-no-aldenora-bello\/","og_site_name":"Evandro Junior","article_published_time":"2017-10-04T17:35:00+00:00","og_image":[{"url":"https:\/\/www.blogsoestado.com\/evandrojunior\/wp-content\/uploads\/sites\/3\/2021\/08\/WhatsApp-Image-2021-08-19-at-22.40.57-1.jpeg","type":"","width":"","height":""}],"author":"Evandro Junior","twitter_card":"summary_large_image","twitter_misc":{"Escrito por":"Evandro Junior","Est. tempo de leitura":"2 minutos"},"schema":{"@context":"https:\/\/schema.org","@graph":[{"@type":"WebPage","@id":"https:\/\/www.blogsoestado.com\/evandrojunior\/2017\/10\/04\/grupo-lamparina-faz-abertura-da-campanha-outubro-rosa-no-aldenora-bello\/","url":"https:\/\/www.blogsoestado.com\/evandrojunior\/2017\/10\/04\/grupo-lamparina-faz-abertura-da-campanha-outubro-rosa-no-aldenora-bello\/","name":"Grupo Lamparina faz abertura da campanha \"Outubro Rosa\" no Aldenora Bello - Evandro Junior","isPartOf":{"@id":"https:\/\/www.blogsoestado.com\/evandrojunior\/#website"},"primaryImageOfPage":{"@id":"https:\/\/www.blogsoestado.com\/evandrojunior\/2017\/10\/04\/grupo-lamparina-faz-abertura-da-campanha-outubro-rosa-no-aldenora-bello\/#primaryimage"},"image":{"@id":"https:\/\/www.blogsoestado.com\/evandrojunior\/2017\/10\/04\/grupo-lamparina-faz-abertura-da-campanha-outubro-rosa-no-aldenora-bello\/#primaryimage"},"thumbnailUrl":"https:\/\/www.blogsoestado.com\/evandrojunior\/wp-content\/uploads\/sites\/3\/2021\/08\/WhatsApp-Image-2021-08-19-at-22.40.57-1.jpeg","datePublished":"2017-10-04T17:35:00+00:00","author":{"@id":"https:\/\/www.blogsoestado.com\/evandrojunior\/#\/schema\/person\/3e6c3d8dbb740d1c6878ebc935cfb3be"},"breadcrumb":{"@id":"https:\/\/www.blogsoestado.com\/evandrojunior\/2017\/10\/04\/grupo-lamparina-faz-abertura-da-campanha-outubro-rosa-no-aldenora-bello\/#breadcrumb"},"inLanguage":"pt-BR","potentialAction":[{"@type":"ReadAction","target":["https:\/\/www.blogsoestado.com\/evandrojunior\/2017\/10\/04\/grupo-lamparina-faz-abertura-da-campanha-outubro-rosa-no-aldenora-bello\/"]}]},{"@type":"ImageObject","inLanguage":"pt-BR","@id":"https:\/\/www.blogsoestado.com\/evandrojunior\/2017\/10\/04\/grupo-lamparina-faz-abertura-da-campanha-outubro-rosa-no-aldenora-bello\/#primaryimage","url":"https:\/\/www.blogsoestado.com\/evandrojunior\/wp-content\/uploads\/sites\/3\/2021\/08\/WhatsApp-Image-2021-08-19-at-22.40.57-1.jpeg","contentUrl":"https:\/\/www.blogsoestado.com\/evandrojunior\/wp-content\/uploads\/sites\/3\/2021\/08\/WhatsApp-Image-2021-08-19-at-22.40.57-1.jpeg","width":1024,"height":528},{"@type":"BreadcrumbList","@id":"https:\/\/www.blogsoestado.com\/evandrojunior\/2017\/10\/04\/grupo-lamparina-faz-abertura-da-campanha-outubro-rosa-no-aldenora-bello\/#breadcrumb","itemListElement":[{"@type":"ListItem","position":1,"name":"In\u00edcio","item":"https:\/\/www.blogsoestado.com\/evandrojunior\/"},{"@type":"ListItem","position":2,"name":"Grupo Lamparina faz abertura da campanha &#8220;Outubro Rosa&#8221; no Aldenora Bello"}]},{"@type":"WebSite","@id":"https:\/\/www.blogsoestado.com\/evandrojunior\/#website","url":"https:\/\/www.blogsoestado.com\/evandrojunior\/","name":"Evandro Junior","description":"","potentialAction":[{"@type":"SearchAction","target":{"@type":"EntryPoint","urlTemplate":"https:\/\/www.blogsoestado.com\/evandrojunior\/?s={search_term_string}"},"query-input":{"@type":"PropertyValueSpecification","valueRequired":true,"valueName":"search_term_string"}}],"inLanguage":"pt-BR"},{"@type":"Person","@id":"https:\/\/www.blogsoestado.com\/evandrojunior\/#\/schema\/person\/3e6c3d8dbb740d1c6878ebc935cfb3be","name":"Evandro Junior","image":{"@type":"ImageObject","inLanguage":"pt-BR","@id":"https:\/\/www.blogsoestado.com\/evandrojunior\/#\/schema\/person\/image\/","url":"https:\/\/secure.gravatar.com\/avatar\/f80a03a2294a580cd2318bfb459bf354cfa8be661ef3d95b542cf9a04af8d129?s=96&d=mm&r=g","contentUrl":"https:\/\/secure.gravatar.com\/avatar\/f80a03a2294a580cd2318bfb459bf354cfa8be661ef3d95b542cf9a04af8d129?s=96&d=mm&r=g","caption":"Evandro Junior"},"url":"https:\/\/www.blogsoestado.com\/evandrojunior\/author\/evandrojunior\/"}]}},"jetpack_featured_media_url":"","_links":{"self":[{"href":"https:\/\/www.blogsoestado.com\/evandrojunior\/wp-json\/wp\/v2\/posts\/4720","targetHints":{"allow":["GET"]}}],"collection":[{"href":"https:\/\/www.blogsoestado.com\/evandrojunior\/wp-json\/wp\/v2\/posts"}],"about":[{"href":"https:\/\/www.blogsoestado.com\/evandrojunior\/wp-json\/wp\/v2\/types\/post"}],"author":[{"embeddable":true,"href":"https:\/\/www.blogsoestado.com\/evandrojunior\/wp-json\/wp\/v2\/users\/4"}],"replies":[{"embeddable":true,"href":"https:\/\/www.blogsoestado.com\/evandrojunior\/wp-json\/wp\/v2\/comments?post=4720"}],"version-history":[{"count":0,"href":"https:\/\/www.blogsoestado.com\/evandrojunior\/wp-json\/wp\/v2\/posts\/4720\/revisions"}],"wp:attachment":[{"href":"https:\/\/www.blogsoestado.com\/evandrojunior\/wp-json\/wp\/v2\/media?parent=4720"}],"wp:term":[{"taxonomy":"category","embeddable":true,"href":"https:\/\/www.blogsoestado.com\/evandrojunior\/wp-json\/wp\/v2\/categories?post=4720"},{"taxonomy":"post_tag","embeddable":true,"href":"https:\/\/www.blogsoestado.com\/evandrojunior\/wp-json\/wp\/v2\/tags?post=4720"}],"curies":[{"name":"wp","href":"https:\/\/api.w.org\/{rel}","templated":true}]}}