{"id":4731,"date":"2021-08-23T17:27:35","date_gmt":"2021-08-23T20:27:35","guid":{"rendered":"https:\/\/www.blogsoestado.com\/evandrojunior\/?p=4731"},"modified":"2021-08-23T17:27:35","modified_gmt":"2021-08-23T20:27:35","slug":"casarao-colonial-fernando-e-franco-fazem-participacao-inedita-durante-show-de-fabricia","status":"publish","type":"post","link":"https:\/\/www.blogsoestado.com\/evandrojunior\/2021\/08\/23\/casarao-colonial-fernando-e-franco-fazem-participacao-inedita-durante-show-de-fabricia\/","title":{"rendered":"Casar\u00e3o Colonial: Fernando e Franco fazem participa\u00e7\u00e3o in\u00e9dita durante show de Fabr\u00edcia"},"content":{"rendered":"\n<div class=\"wp-block-image\"><figure class=\"aligncenter size-large is-resized\"><img fetchpriority=\"high\" decoding=\"async\" src=\"https:\/\/www.blogsoestado.com\/evandrojunior\/files\/2021\/08\/Fabricia-768x1024.jpeg\" alt=\"\" class=\"wp-image-4732\" width=\"512\" height=\"682\"\/><figcaption>Cantores subiram no palco convocados por Fabr\u00edcia, que se apresentou na noite de domingo (22), encerrando a programa\u00e7\u00e3o<\/figcaption><\/figure><\/div>\n\n\n\n<p><strong>S\u00e3o Lu\u00eds<\/strong> &#8211; Quem prestigiou a noite de domingo, 22, no Casar\u00e3o Colonial &#8211; espa\u00e7o mais disputado pela ala jovem que se dirige ao Centro Hist\u00f3rico de S\u00e3o Lu\u00eds em busca de entretenimento musical aos fins de semana &#8211; teve uma grata surpresa. <\/p>\n\n\n\n<p>Durante o show da cantora Fabr\u00edcia, que encerrou a programa\u00e7\u00e3o da noite entoando ax\u00e9 music, por volta das 22h, subiram ao palco os irm\u00e3os Fernando e Franco, que formam a mais competente, carism\u00e1tica e afinada dupla sertaneja da agenda cultural maranhense. <\/p>\n\n\n\n<p><strong>Estreia<\/strong><\/p>\n\n\n\n<p>O p\u00fablico ficou surpreso com a presen\u00e7a dos artistas, que entoaram quatro can\u00e7\u00f5es, entre elas, &#8220;Rol\u00ea&#8221; (Marcynho Sensa\u00e7\u00e3o) e &#8220;Aquelas Coisas&#8221; (Jo\u00e3o Gomes). Foi a primeira vez que eles pisaram no espa\u00e7o e, mais do que isso, que soltaram a voz para a alegria de quem estava no Casar\u00e3o. <\/p>\n\n\n\n<div class=\"wp-block-image\"><figure class=\"aligncenter size-large is-resized\"><img decoding=\"async\" src=\"https:\/\/www.blogsoestado.com\/evandrojunior\/files\/2021\/08\/WhatsApp-Image-2021-08-22-at-21.21.44-1024x768.jpeg\" alt=\"\" class=\"wp-image-4733\" width=\"576\" height=\"432\"\/><figcaption>Fernando e Franco sendo recepcionados por Ricardo Fernandes, mentor do projeto Casar\u00e3o Colonial <\/figcaption><\/figure><\/div>\n\n\n\n<p>Do momento em que chegaram at\u00e9 deixarem o espa\u00e7o, tiverem de atender in\u00fameros pedidos de fotos. &#8220;Muito felizes pelo convite para fazermos uma participa\u00e7\u00e3o no show da Fabr\u00edcia, que \u00e9 uma cantora incr\u00edvel e querida. Ficamos encantados com a energia desse lugar e j\u00e1 queremos voltar&#8221;, disse Franco, minutos antes de subir na estrutura onde cantores e bandas se apresentam.<\/p>\n\n\n\n<div class=\"wp-block-image\"><figure class=\"aligncenter size-large is-resized\"><img decoding=\"async\" src=\"https:\/\/www.blogsoestado.com\/evandrojunior\/files\/2021\/08\/WhatsApp-Image-2021-08-23-at-09.51.29-769x1024.jpeg\" alt=\"\" class=\"wp-image-4734\" width=\"548\" height=\"730\"\/><figcaption>Eu (E.J) entre Fernando, Franco e o empres\u00e1rio da dupla, Arthur Cam\u00f5es, no Casar\u00e3o Colonial <\/figcaption><\/figure><\/div>\n\n\n\n<p>Os cantores estavam acompanhados do empres\u00e1rio, Arthur Cam\u00f5es, que chegou a conversar com o produtor cultural Ricardo Fernandes, propriet\u00e1rio da casa. S\u00f3 n\u00e3o se sabe se a conversa foi sobre a possibilidade de os sertanejos figurarem na agenda fixa do espa\u00e7o. <\/p>\n\n\n\n<p>De acordo com a produtora e hostess do Casar\u00e3o, Mirella Castelo Branco, \u00e9 desejo antigo do projeto levar Fernando e Franco para compor uma programa\u00e7\u00e3o que seria pensada para as sextas-feiras, j\u00e1 que o domingo estaria reservado para o samba e o ax\u00e9. No entanto, j\u00e1 se sabe que a dupla retornar\u00e1 ao palco dia 5 de setembro, para um show completo, pois durante a apresenta\u00e7\u00e3o, os pr\u00f3prios cantores anunciaram a data.   <\/p>\n\n\n\n<p> <\/p>\n","protected":false},"excerpt":{"rendered":"<p>S\u00e3o Lu\u00eds &#8211; Quem prestigiou a noite de domingo, 22, no Casar\u00e3o Colonial &#8211; espa\u00e7o mais disputado pela ala jovem [&hellip;]<\/p>\n","protected":false},"author":4,"featured_media":0,"comment_status":"open","ping_status":"open","sticky":false,"template":"","format":"standard","meta":{"site-sidebar-layout":"default","site-content-layout":"","ast-site-content-layout":"default","site-content-style":"default","site-sidebar-style":"default","ast-global-header-display":"","ast-banner-title-visibility":"","ast-main-header-display":"","ast-hfb-above-header-display":"","ast-hfb-below-header-display":"","ast-hfb-mobile-header-display":"","site-post-title":"","ast-breadcrumbs-content":"","ast-featured-img":"","footer-sml-layout":"","ast-disable-related-posts":"","theme-transparent-header-meta":"","adv-header-id-meta":"","stick-header-meta":"","header-above-stick-meta":"","header-main-stick-meta":"","header-below-stick-meta":"","astra-migrate-meta-layouts":"default","ast-page-background-enabled":"default","ast-page-background-meta":{"desktop":{"background-color":"var(--ast-global-color-5)","background-image":"","background-repeat":"repeat","background-position":"center center","background-size":"auto","background-attachment":"scroll","background-type":"","background-media":"","overlay-type":"","overlay-color":"","overlay-opacity":"","overlay-gradient":""},"tablet":{"background-color":"","background-image":"","background-repeat":"repeat","background-position":"center center","background-size":"auto","background-attachment":"scroll","background-type":"","background-media":"","overlay-type":"","overlay-color":"","overlay-opacity":"","overlay-gradient":""},"mobile":{"background-color":"","background-image":"","background-repeat":"repeat","background-position":"center center","background-size":"auto","background-attachment":"scroll","background-type":"","background-media":"","overlay-type":"","overlay-color":"","overlay-opacity":"","overlay-gradient":""}},"ast-content-background-meta":{"desktop":{"background-color":"var(--ast-global-color-4)","background-image":"","background-repeat":"repeat","background-position":"center center","background-size":"auto","background-attachment":"scroll","background-type":"","background-media":"","overlay-type":"","overlay-color":"","overlay-opacity":"","overlay-gradient":""},"tablet":{"background-color":"var(--ast-global-color-4)","background-image":"","background-repeat":"repeat","background-position":"center center","background-size":"auto","background-attachment":"scroll","background-type":"","background-media":"","overlay-type":"","overlay-color":"","overlay-opacity":"","overlay-gradient":""},"mobile":{"background-color":"var(--ast-global-color-4)","background-image":"","background-repeat":"repeat","background-position":"center center","background-size":"auto","background-attachment":"scroll","background-type":"","background-media":"","overlay-type":"","overlay-color":"","overlay-opacity":"","overlay-gradient":""}},"footnotes":""},"categories":[1],"tags":[],"class_list":["post-4731","post","type-post","status-publish","format-standard","hentry","category-sem-categoria"],"yoast_head":"<!-- This site is optimized with the Yoast SEO plugin v26.6 - https:\/\/yoast.com\/wordpress\/plugins\/seo\/ -->\n<title>Casar\u00e3o Colonial: Fernando e Franco fazem participa\u00e7\u00e3o in\u00e9dita durante show de Fabr\u00edcia - Evandro Junior<\/title>\n<meta name=\"robots\" content=\"index, follow, max-snippet:-1, max-image-preview:large, max-video-preview:-1\" \/>\n<link rel=\"canonical\" href=\"https:\/\/www.blogsoestado.com\/evandrojunior\/2021\/08\/23\/casarao-colonial-fernando-e-franco-fazem-participacao-inedita-durante-show-de-fabricia\/\" \/>\n<meta property=\"og:locale\" content=\"pt_BR\" \/>\n<meta property=\"og:type\" content=\"article\" \/>\n<meta property=\"og:title\" content=\"Casar\u00e3o Colonial: Fernando e Franco fazem participa\u00e7\u00e3o in\u00e9dita durante show de Fabr\u00edcia - Evandro Junior\" \/>\n<meta property=\"og:description\" content=\"S\u00e3o Lu\u00eds &#8211; Quem prestigiou a noite de domingo, 22, no Casar\u00e3o Colonial &#8211; espa\u00e7o mais disputado pela ala jovem [&hellip;]\" \/>\n<meta property=\"og:url\" content=\"https:\/\/www.blogsoestado.com\/evandrojunior\/2021\/08\/23\/casarao-colonial-fernando-e-franco-fazem-participacao-inedita-durante-show-de-fabricia\/\" \/>\n<meta property=\"og:site_name\" content=\"Evandro Junior\" \/>\n<meta property=\"article:published_time\" content=\"2021-08-23T20:27:35+00:00\" \/>\n<meta property=\"og:image\" content=\"https:\/\/www.blogsoestado.com\/evandrojunior\/files\/2021\/08\/Fabricia-768x1024.jpeg\" \/>\n<meta name=\"author\" content=\"Evandro Junior\" \/>\n<meta name=\"twitter:card\" content=\"summary_large_image\" \/>\n<meta name=\"twitter:label1\" content=\"Escrito por\" \/>\n\t<meta name=\"twitter:data1\" content=\"Evandro Junior\" \/>\n\t<meta name=\"twitter:label2\" content=\"Est. tempo de leitura\" \/>\n\t<meta name=\"twitter:data2\" content=\"3 minutos\" \/>\n<script type=\"application\/ld+json\" class=\"yoast-schema-graph\">{\"@context\":\"https:\/\/schema.org\",\"@graph\":[{\"@type\":\"WebPage\",\"@id\":\"https:\/\/www.blogsoestado.com\/evandrojunior\/2021\/08\/23\/casarao-colonial-fernando-e-franco-fazem-participacao-inedita-durante-show-de-fabricia\/\",\"url\":\"https:\/\/www.blogsoestado.com\/evandrojunior\/2021\/08\/23\/casarao-colonial-fernando-e-franco-fazem-participacao-inedita-durante-show-de-fabricia\/\",\"name\":\"Casar\u00e3o Colonial: Fernando e Franco fazem participa\u00e7\u00e3o in\u00e9dita durante show de Fabr\u00edcia - Evandro Junior\",\"isPartOf\":{\"@id\":\"https:\/\/www.blogsoestado.com\/evandrojunior\/#website\"},\"primaryImageOfPage\":{\"@id\":\"https:\/\/www.blogsoestado.com\/evandrojunior\/2021\/08\/23\/casarao-colonial-fernando-e-franco-fazem-participacao-inedita-durante-show-de-fabricia\/#primaryimage\"},\"image\":{\"@id\":\"https:\/\/www.blogsoestado.com\/evandrojunior\/2021\/08\/23\/casarao-colonial-fernando-e-franco-fazem-participacao-inedita-durante-show-de-fabricia\/#primaryimage\"},\"thumbnailUrl\":\"https:\/\/www.blogsoestado.com\/evandrojunior\/files\/2021\/08\/Fabricia-768x1024.jpeg\",\"datePublished\":\"2021-08-23T20:27:35+00:00\",\"author\":{\"@id\":\"https:\/\/www.blogsoestado.com\/evandrojunior\/#\/schema\/person\/3e6c3d8dbb740d1c6878ebc935cfb3be\"},\"breadcrumb\":{\"@id\":\"https:\/\/www.blogsoestado.com\/evandrojunior\/2021\/08\/23\/casarao-colonial-fernando-e-franco-fazem-participacao-inedita-durante-show-de-fabricia\/#breadcrumb\"},\"inLanguage\":\"pt-BR\",\"potentialAction\":[{\"@type\":\"ReadAction\",\"target\":[\"https:\/\/www.blogsoestado.com\/evandrojunior\/2021\/08\/23\/casarao-colonial-fernando-e-franco-fazem-participacao-inedita-durante-show-de-fabricia\/\"]}]},{\"@type\":\"ImageObject\",\"inLanguage\":\"pt-BR\",\"@id\":\"https:\/\/www.blogsoestado.com\/evandrojunior\/2021\/08\/23\/casarao-colonial-fernando-e-franco-fazem-participacao-inedita-durante-show-de-fabricia\/#primaryimage\",\"url\":\"https:\/\/www.blogsoestado.com\/evandrojunior\/files\/2021\/08\/Fabricia-768x1024.jpeg\",\"contentUrl\":\"https:\/\/www.blogsoestado.com\/evandrojunior\/files\/2021\/08\/Fabricia-768x1024.jpeg\"},{\"@type\":\"BreadcrumbList\",\"@id\":\"https:\/\/www.blogsoestado.com\/evandrojunior\/2021\/08\/23\/casarao-colonial-fernando-e-franco-fazem-participacao-inedita-durante-show-de-fabricia\/#breadcrumb\",\"itemListElement\":[{\"@type\":\"ListItem\",\"position\":1,\"name\":\"In\u00edcio\",\"item\":\"https:\/\/www.blogsoestado.com\/evandrojunior\/\"},{\"@type\":\"ListItem\",\"position\":2,\"name\":\"Casar\u00e3o Colonial: Fernando e Franco fazem participa\u00e7\u00e3o in\u00e9dita durante show de Fabr\u00edcia\"}]},{\"@type\":\"WebSite\",\"@id\":\"https:\/\/www.blogsoestado.com\/evandrojunior\/#website\",\"url\":\"https:\/\/www.blogsoestado.com\/evandrojunior\/\",\"name\":\"Evandro Junior\",\"description\":\"\",\"potentialAction\":[{\"@type\":\"SearchAction\",\"target\":{\"@type\":\"EntryPoint\",\"urlTemplate\":\"https:\/\/www.blogsoestado.com\/evandrojunior\/?s={search_term_string}\"},\"query-input\":{\"@type\":\"PropertyValueSpecification\",\"valueRequired\":true,\"valueName\":\"search_term_string\"}}],\"inLanguage\":\"pt-BR\"},{\"@type\":\"Person\",\"@id\":\"https:\/\/www.blogsoestado.com\/evandrojunior\/#\/schema\/person\/3e6c3d8dbb740d1c6878ebc935cfb3be\",\"name\":\"Evandro Junior\",\"image\":{\"@type\":\"ImageObject\",\"inLanguage\":\"pt-BR\",\"@id\":\"https:\/\/www.blogsoestado.com\/evandrojunior\/#\/schema\/person\/image\/\",\"url\":\"https:\/\/secure.gravatar.com\/avatar\/f80a03a2294a580cd2318bfb459bf354cfa8be661ef3d95b542cf9a04af8d129?s=96&d=mm&r=g\",\"contentUrl\":\"https:\/\/secure.gravatar.com\/avatar\/f80a03a2294a580cd2318bfb459bf354cfa8be661ef3d95b542cf9a04af8d129?s=96&d=mm&r=g\",\"caption\":\"Evandro Junior\"},\"url\":\"https:\/\/www.blogsoestado.com\/evandrojunior\/author\/evandrojunior\/\"}]}<\/script>\n<!-- \/ Yoast SEO plugin. -->","yoast_head_json":{"title":"Casar\u00e3o Colonial: Fernando e Franco fazem participa\u00e7\u00e3o in\u00e9dita durante show de Fabr\u00edcia - Evandro Junior","robots":{"index":"index","follow":"follow","max-snippet":"max-snippet:-1","max-image-preview":"max-image-preview:large","max-video-preview":"max-video-preview:-1"},"canonical":"https:\/\/www.blogsoestado.com\/evandrojunior\/2021\/08\/23\/casarao-colonial-fernando-e-franco-fazem-participacao-inedita-durante-show-de-fabricia\/","og_locale":"pt_BR","og_type":"article","og_title":"Casar\u00e3o Colonial: Fernando e Franco fazem participa\u00e7\u00e3o in\u00e9dita durante show de Fabr\u00edcia - Evandro Junior","og_description":"S\u00e3o Lu\u00eds &#8211; Quem prestigiou a noite de domingo, 22, no Casar\u00e3o Colonial &#8211; espa\u00e7o mais disputado pela ala jovem [&hellip;]","og_url":"https:\/\/www.blogsoestado.com\/evandrojunior\/2021\/08\/23\/casarao-colonial-fernando-e-franco-fazem-participacao-inedita-durante-show-de-fabricia\/","og_site_name":"Evandro Junior","article_published_time":"2021-08-23T20:27:35+00:00","og_image":[{"url":"https:\/\/www.blogsoestado.com\/evandrojunior\/files\/2021\/08\/Fabricia-768x1024.jpeg","type":"","width":"","height":""}],"author":"Evandro Junior","twitter_card":"summary_large_image","twitter_misc":{"Escrito por":"Evandro Junior","Est. tempo de leitura":"3 minutos"},"schema":{"@context":"https:\/\/schema.org","@graph":[{"@type":"WebPage","@id":"https:\/\/www.blogsoestado.com\/evandrojunior\/2021\/08\/23\/casarao-colonial-fernando-e-franco-fazem-participacao-inedita-durante-show-de-fabricia\/","url":"https:\/\/www.blogsoestado.com\/evandrojunior\/2021\/08\/23\/casarao-colonial-fernando-e-franco-fazem-participacao-inedita-durante-show-de-fabricia\/","name":"Casar\u00e3o Colonial: Fernando e Franco fazem participa\u00e7\u00e3o in\u00e9dita durante show de Fabr\u00edcia - Evandro Junior","isPartOf":{"@id":"https:\/\/www.blogsoestado.com\/evandrojunior\/#website"},"primaryImageOfPage":{"@id":"https:\/\/www.blogsoestado.com\/evandrojunior\/2021\/08\/23\/casarao-colonial-fernando-e-franco-fazem-participacao-inedita-durante-show-de-fabricia\/#primaryimage"},"image":{"@id":"https:\/\/www.blogsoestado.com\/evandrojunior\/2021\/08\/23\/casarao-colonial-fernando-e-franco-fazem-participacao-inedita-durante-show-de-fabricia\/#primaryimage"},"thumbnailUrl":"https:\/\/www.blogsoestado.com\/evandrojunior\/files\/2021\/08\/Fabricia-768x1024.jpeg","datePublished":"2021-08-23T20:27:35+00:00","author":{"@id":"https:\/\/www.blogsoestado.com\/evandrojunior\/#\/schema\/person\/3e6c3d8dbb740d1c6878ebc935cfb3be"},"breadcrumb":{"@id":"https:\/\/www.blogsoestado.com\/evandrojunior\/2021\/08\/23\/casarao-colonial-fernando-e-franco-fazem-participacao-inedita-durante-show-de-fabricia\/#breadcrumb"},"inLanguage":"pt-BR","potentialAction":[{"@type":"ReadAction","target":["https:\/\/www.blogsoestado.com\/evandrojunior\/2021\/08\/23\/casarao-colonial-fernando-e-franco-fazem-participacao-inedita-durante-show-de-fabricia\/"]}]},{"@type":"ImageObject","inLanguage":"pt-BR","@id":"https:\/\/www.blogsoestado.com\/evandrojunior\/2021\/08\/23\/casarao-colonial-fernando-e-franco-fazem-participacao-inedita-durante-show-de-fabricia\/#primaryimage","url":"https:\/\/www.blogsoestado.com\/evandrojunior\/files\/2021\/08\/Fabricia-768x1024.jpeg","contentUrl":"https:\/\/www.blogsoestado.com\/evandrojunior\/files\/2021\/08\/Fabricia-768x1024.jpeg"},{"@type":"BreadcrumbList","@id":"https:\/\/www.blogsoestado.com\/evandrojunior\/2021\/08\/23\/casarao-colonial-fernando-e-franco-fazem-participacao-inedita-durante-show-de-fabricia\/#breadcrumb","itemListElement":[{"@type":"ListItem","position":1,"name":"In\u00edcio","item":"https:\/\/www.blogsoestado.com\/evandrojunior\/"},{"@type":"ListItem","position":2,"name":"Casar\u00e3o Colonial: Fernando e Franco fazem participa\u00e7\u00e3o in\u00e9dita durante show de Fabr\u00edcia"}]},{"@type":"WebSite","@id":"https:\/\/www.blogsoestado.com\/evandrojunior\/#website","url":"https:\/\/www.blogsoestado.com\/evandrojunior\/","name":"Evandro Junior","description":"","potentialAction":[{"@type":"SearchAction","target":{"@type":"EntryPoint","urlTemplate":"https:\/\/www.blogsoestado.com\/evandrojunior\/?s={search_term_string}"},"query-input":{"@type":"PropertyValueSpecification","valueRequired":true,"valueName":"search_term_string"}}],"inLanguage":"pt-BR"},{"@type":"Person","@id":"https:\/\/www.blogsoestado.com\/evandrojunior\/#\/schema\/person\/3e6c3d8dbb740d1c6878ebc935cfb3be","name":"Evandro Junior","image":{"@type":"ImageObject","inLanguage":"pt-BR","@id":"https:\/\/www.blogsoestado.com\/evandrojunior\/#\/schema\/person\/image\/","url":"https:\/\/secure.gravatar.com\/avatar\/f80a03a2294a580cd2318bfb459bf354cfa8be661ef3d95b542cf9a04af8d129?s=96&d=mm&r=g","contentUrl":"https:\/\/secure.gravatar.com\/avatar\/f80a03a2294a580cd2318bfb459bf354cfa8be661ef3d95b542cf9a04af8d129?s=96&d=mm&r=g","caption":"Evandro Junior"},"url":"https:\/\/www.blogsoestado.com\/evandrojunior\/author\/evandrojunior\/"}]}},"jetpack_featured_media_url":"","_links":{"self":[{"href":"https:\/\/www.blogsoestado.com\/evandrojunior\/wp-json\/wp\/v2\/posts\/4731","targetHints":{"allow":["GET"]}}],"collection":[{"href":"https:\/\/www.blogsoestado.com\/evandrojunior\/wp-json\/wp\/v2\/posts"}],"about":[{"href":"https:\/\/www.blogsoestado.com\/evandrojunior\/wp-json\/wp\/v2\/types\/post"}],"author":[{"embeddable":true,"href":"https:\/\/www.blogsoestado.com\/evandrojunior\/wp-json\/wp\/v2\/users\/4"}],"replies":[{"embeddable":true,"href":"https:\/\/www.blogsoestado.com\/evandrojunior\/wp-json\/wp\/v2\/comments?post=4731"}],"version-history":[{"count":0,"href":"https:\/\/www.blogsoestado.com\/evandrojunior\/wp-json\/wp\/v2\/posts\/4731\/revisions"}],"wp:attachment":[{"href":"https:\/\/www.blogsoestado.com\/evandrojunior\/wp-json\/wp\/v2\/media?parent=4731"}],"wp:term":[{"taxonomy":"category","embeddable":true,"href":"https:\/\/www.blogsoestado.com\/evandrojunior\/wp-json\/wp\/v2\/categories?post=4731"},{"taxonomy":"post_tag","embeddable":true,"href":"https:\/\/www.blogsoestado.com\/evandrojunior\/wp-json\/wp\/v2\/tags?post=4731"}],"curies":[{"name":"wp","href":"https:\/\/api.w.org\/{rel}","templated":true}]}}