{"id":4746,"date":"2021-08-27T14:57:13","date_gmt":"2021-08-27T17:57:13","guid":{"rendered":"https:\/\/www.blogsoestado.com\/evandrojunior\/?p=4746"},"modified":"2021-08-27T14:57:13","modified_gmt":"2021-08-27T17:57:13","slug":"celso-brandao-aceita-desafio-de-dirigir-o-carnaval-da-turma-do-quinto","status":"publish","type":"post","link":"https:\/\/www.blogsoestado.com\/evandrojunior\/2021\/08\/27\/celso-brandao-aceita-desafio-de-dirigir-o-carnaval-da-turma-do-quinto\/","title":{"rendered":"Celso Brand\u00e3o aceita desafio de dirigir o Carnaval da Turma do Quinto"},"content":{"rendered":"\n<div class=\"wp-block-image\"><figure class=\"aligncenter size-large is-resized\"><img fetchpriority=\"high\" decoding=\"async\" src=\"https:\/\/www.blogsoestado.com\/evandrojunior\/files\/2021\/08\/IMG-20210826-WA0011-1024x682.jpg\" alt=\"\" class=\"wp-image-4747\" width=\"614\" height=\"408\"\/><figcaption>Celso Brand\u00e3o tem compet\u00eancia para agitar os bastidores da Turma do Quinto e fazer um grande desfile na passarela do samba <\/figcaption><\/figure><\/div>\n\n\n\n<p><strong>S\u00e3o Lu\u00eds <\/strong>&#8211; Um dos mais din\u00e2micos, comunicativos e engajados produtores culturais do Maranh\u00e3o aceitou o desafio de assumir a Diretoria de Carnaval da escola de samba Turma do Quinto, com sede no bairro Madre Deus.<\/p>\n\n\n\n<p> Trata-se de Celso Brand\u00e3o, ex-diretor do Teatro Arthur Azevedo, e que, tamb\u00e9m, \u00e9 publicit\u00e1rio e mestrando em Cultura e Sociedade pela Universidade Federal do Maranh\u00e3o. <\/p>\n\n\n\n<p>Uma escolha inteligente e acertada, uma vez que ele n\u00e3o gosta de ficar parado e tem a personalidade destemida, levantando o astral de qualquer projeto. <\/p>\n\n\n\n<p><strong>Hist\u00f3ria<\/strong><\/p>\n\n\n\n<p>A hist\u00f3ria de Celso Brand\u00e3o com a agremia\u00e7\u00e3o come\u00e7ou h\u00e1 20 anos, quando ainda era adolescente e dava os primeiros passos no movimento cultural  local.<\/p>\n\n\n\n<p>&#8220;Eu sempre fui apaixonado por escola de samba, muito mais do que pelo Carnaval de rua. Desde muito jovem, estive engajado em v\u00e1rios grupos carnavalescos, entre eles, a Turma do Quinto. Hoje, posso afirmar, sem medo, que estou preparado para esse novo desafio, pela qual j\u00e1 estou apaixonado. A cidade vai se encantar com o Carnaval que vamos preparar, pois ser\u00e1 o melhor de todos os tempos&#8221;, enfatizou.<\/p>\n\n\n\n<p><strong>Homenagem <\/strong><\/p>\n\n\n\n<p>Neste s\u00e1bado (28), ali\u00e1s, a Turma do Quinto anunciar\u00e1 o tema do Carnaval 2022.  O homenageado ser\u00e1 o cantor e compositor maranhense Josias Sobrinho.<\/p>\n\n\n\n<p><strong>Diretoria<\/strong><\/p>\n\n\n\n<p>A atual forma\u00e7\u00e3o da escola Turma do Quinto, al\u00e9m de Celso Grand\u00e3o como diretor de Carnaval, re\u00fane L\u00edlio Guega (presidente), Washington Coelho (carnavalesco),  Wilson Johnny e Caique Ferreira (mestre de bateria) e Euricelia Coqueiro e Waldrey Menezes (casal de mestre-sala e porta-bandeira. Os puxadores s\u00e3o Gabriel Mel\u00f4nio, Alessandra Loba, Lu\u00eds Carlos (Vov\u00f4) e Raul Silva.<\/p>\n","protected":false},"excerpt":{"rendered":"<p>S\u00e3o Lu\u00eds &#8211; Um dos mais din\u00e2micos, comunicativos e engajados produtores culturais do Maranh\u00e3o aceitou o desafio de assumir a [&hellip;]<\/p>\n","protected":false},"author":4,"featured_media":0,"comment_status":"open","ping_status":"open","sticky":false,"template":"","format":"standard","meta":{"site-sidebar-layout":"default","site-content-layout":"","ast-site-content-layout":"default","site-content-style":"default","site-sidebar-style":"default","ast-global-header-display":"","ast-banner-title-visibility":"","ast-main-header-display":"","ast-hfb-above-header-display":"","ast-hfb-below-header-display":"","ast-hfb-mobile-header-display":"","site-post-title":"","ast-breadcrumbs-content":"","ast-featured-img":"","footer-sml-layout":"","ast-disable-related-posts":"","theme-transparent-header-meta":"","adv-header-id-meta":"","stick-header-meta":"","header-above-stick-meta":"","header-main-stick-meta":"","header-below-stick-meta":"","astra-migrate-meta-layouts":"default","ast-page-background-enabled":"default","ast-page-background-meta":{"desktop":{"background-color":"var(--ast-global-color-5)","background-image":"","background-repeat":"repeat","background-position":"center center","background-size":"auto","background-attachment":"scroll","background-type":"","background-media":"","overlay-type":"","overlay-color":"","overlay-opacity":"","overlay-gradient":""},"tablet":{"background-color":"","background-image":"","background-repeat":"repeat","background-position":"center center","background-size":"auto","background-attachment":"scroll","background-type":"","background-media":"","overlay-type":"","overlay-color":"","overlay-opacity":"","overlay-gradient":""},"mobile":{"background-color":"","background-image":"","background-repeat":"repeat","background-position":"center center","background-size":"auto","background-attachment":"scroll","background-type":"","background-media":"","overlay-type":"","overlay-color":"","overlay-opacity":"","overlay-gradient":""}},"ast-content-background-meta":{"desktop":{"background-color":"var(--ast-global-color-4)","background-image":"","background-repeat":"repeat","background-position":"center center","background-size":"auto","background-attachment":"scroll","background-type":"","background-media":"","overlay-type":"","overlay-color":"","overlay-opacity":"","overlay-gradient":""},"tablet":{"background-color":"var(--ast-global-color-4)","background-image":"","background-repeat":"repeat","background-position":"center center","background-size":"auto","background-attachment":"scroll","background-type":"","background-media":"","overlay-type":"","overlay-color":"","overlay-opacity":"","overlay-gradient":""},"mobile":{"background-color":"var(--ast-global-color-4)","background-image":"","background-repeat":"repeat","background-position":"center center","background-size":"auto","background-attachment":"scroll","background-type":"","background-media":"","overlay-type":"","overlay-color":"","overlay-opacity":"","overlay-gradient":""}},"footnotes":""},"categories":[1],"tags":[],"class_list":["post-4746","post","type-post","status-publish","format-standard","hentry","category-sem-categoria"],"yoast_head":"<!-- This site is optimized with the Yoast SEO plugin v26.6 - https:\/\/yoast.com\/wordpress\/plugins\/seo\/ -->\n<title>Celso Brand\u00e3o aceita desafio de dirigir o Carnaval da Turma do Quinto - Evandro Junior<\/title>\n<meta name=\"robots\" content=\"index, follow, max-snippet:-1, max-image-preview:large, max-video-preview:-1\" \/>\n<link rel=\"canonical\" href=\"https:\/\/www.blogsoestado.com\/evandrojunior\/2021\/08\/27\/celso-brandao-aceita-desafio-de-dirigir-o-carnaval-da-turma-do-quinto\/\" \/>\n<meta property=\"og:locale\" content=\"pt_BR\" \/>\n<meta property=\"og:type\" content=\"article\" \/>\n<meta property=\"og:title\" content=\"Celso Brand\u00e3o aceita desafio de dirigir o Carnaval da Turma do Quinto - Evandro Junior\" \/>\n<meta property=\"og:description\" content=\"S\u00e3o Lu\u00eds &#8211; Um dos mais din\u00e2micos, comunicativos e engajados produtores culturais do Maranh\u00e3o aceitou o desafio de assumir a [&hellip;]\" \/>\n<meta property=\"og:url\" content=\"https:\/\/www.blogsoestado.com\/evandrojunior\/2021\/08\/27\/celso-brandao-aceita-desafio-de-dirigir-o-carnaval-da-turma-do-quinto\/\" \/>\n<meta property=\"og:site_name\" content=\"Evandro Junior\" \/>\n<meta property=\"article:published_time\" content=\"2021-08-27T17:57:13+00:00\" \/>\n<meta property=\"og:image\" content=\"https:\/\/www.blogsoestado.com\/evandrojunior\/files\/2021\/08\/IMG-20210826-WA0011-1024x682.jpg\" \/>\n<meta name=\"author\" content=\"Evandro Junior\" \/>\n<meta name=\"twitter:card\" content=\"summary_large_image\" \/>\n<meta name=\"twitter:label1\" content=\"Escrito por\" \/>\n\t<meta name=\"twitter:data1\" content=\"Evandro Junior\" \/>\n\t<meta name=\"twitter:label2\" content=\"Est. tempo de leitura\" \/>\n\t<meta name=\"twitter:data2\" content=\"2 minutos\" \/>\n<script type=\"application\/ld+json\" class=\"yoast-schema-graph\">{\"@context\":\"https:\/\/schema.org\",\"@graph\":[{\"@type\":\"WebPage\",\"@id\":\"https:\/\/www.blogsoestado.com\/evandrojunior\/2021\/08\/27\/celso-brandao-aceita-desafio-de-dirigir-o-carnaval-da-turma-do-quinto\/\",\"url\":\"https:\/\/www.blogsoestado.com\/evandrojunior\/2021\/08\/27\/celso-brandao-aceita-desafio-de-dirigir-o-carnaval-da-turma-do-quinto\/\",\"name\":\"Celso Brand\u00e3o aceita desafio de dirigir o Carnaval da Turma do Quinto - Evandro Junior\",\"isPartOf\":{\"@id\":\"https:\/\/www.blogsoestado.com\/evandrojunior\/#website\"},\"primaryImageOfPage\":{\"@id\":\"https:\/\/www.blogsoestado.com\/evandrojunior\/2021\/08\/27\/celso-brandao-aceita-desafio-de-dirigir-o-carnaval-da-turma-do-quinto\/#primaryimage\"},\"image\":{\"@id\":\"https:\/\/www.blogsoestado.com\/evandrojunior\/2021\/08\/27\/celso-brandao-aceita-desafio-de-dirigir-o-carnaval-da-turma-do-quinto\/#primaryimage\"},\"thumbnailUrl\":\"https:\/\/www.blogsoestado.com\/evandrojunior\/files\/2021\/08\/IMG-20210826-WA0011-1024x682.jpg\",\"datePublished\":\"2021-08-27T17:57:13+00:00\",\"author\":{\"@id\":\"https:\/\/www.blogsoestado.com\/evandrojunior\/#\/schema\/person\/3e6c3d8dbb740d1c6878ebc935cfb3be\"},\"breadcrumb\":{\"@id\":\"https:\/\/www.blogsoestado.com\/evandrojunior\/2021\/08\/27\/celso-brandao-aceita-desafio-de-dirigir-o-carnaval-da-turma-do-quinto\/#breadcrumb\"},\"inLanguage\":\"pt-BR\",\"potentialAction\":[{\"@type\":\"ReadAction\",\"target\":[\"https:\/\/www.blogsoestado.com\/evandrojunior\/2021\/08\/27\/celso-brandao-aceita-desafio-de-dirigir-o-carnaval-da-turma-do-quinto\/\"]}]},{\"@type\":\"ImageObject\",\"inLanguage\":\"pt-BR\",\"@id\":\"https:\/\/www.blogsoestado.com\/evandrojunior\/2021\/08\/27\/celso-brandao-aceita-desafio-de-dirigir-o-carnaval-da-turma-do-quinto\/#primaryimage\",\"url\":\"https:\/\/www.blogsoestado.com\/evandrojunior\/files\/2021\/08\/IMG-20210826-WA0011-1024x682.jpg\",\"contentUrl\":\"https:\/\/www.blogsoestado.com\/evandrojunior\/files\/2021\/08\/IMG-20210826-WA0011-1024x682.jpg\"},{\"@type\":\"BreadcrumbList\",\"@id\":\"https:\/\/www.blogsoestado.com\/evandrojunior\/2021\/08\/27\/celso-brandao-aceita-desafio-de-dirigir-o-carnaval-da-turma-do-quinto\/#breadcrumb\",\"itemListElement\":[{\"@type\":\"ListItem\",\"position\":1,\"name\":\"In\u00edcio\",\"item\":\"https:\/\/www.blogsoestado.com\/evandrojunior\/\"},{\"@type\":\"ListItem\",\"position\":2,\"name\":\"Celso Brand\u00e3o aceita desafio de dirigir o Carnaval da Turma do Quinto\"}]},{\"@type\":\"WebSite\",\"@id\":\"https:\/\/www.blogsoestado.com\/evandrojunior\/#website\",\"url\":\"https:\/\/www.blogsoestado.com\/evandrojunior\/\",\"name\":\"Evandro Junior\",\"description\":\"\",\"potentialAction\":[{\"@type\":\"SearchAction\",\"target\":{\"@type\":\"EntryPoint\",\"urlTemplate\":\"https:\/\/www.blogsoestado.com\/evandrojunior\/?s={search_term_string}\"},\"query-input\":{\"@type\":\"PropertyValueSpecification\",\"valueRequired\":true,\"valueName\":\"search_term_string\"}}],\"inLanguage\":\"pt-BR\"},{\"@type\":\"Person\",\"@id\":\"https:\/\/www.blogsoestado.com\/evandrojunior\/#\/schema\/person\/3e6c3d8dbb740d1c6878ebc935cfb3be\",\"name\":\"Evandro Junior\",\"image\":{\"@type\":\"ImageObject\",\"inLanguage\":\"pt-BR\",\"@id\":\"https:\/\/www.blogsoestado.com\/evandrojunior\/#\/schema\/person\/image\/\",\"url\":\"https:\/\/secure.gravatar.com\/avatar\/f80a03a2294a580cd2318bfb459bf354cfa8be661ef3d95b542cf9a04af8d129?s=96&d=mm&r=g\",\"contentUrl\":\"https:\/\/secure.gravatar.com\/avatar\/f80a03a2294a580cd2318bfb459bf354cfa8be661ef3d95b542cf9a04af8d129?s=96&d=mm&r=g\",\"caption\":\"Evandro Junior\"},\"url\":\"https:\/\/www.blogsoestado.com\/evandrojunior\/author\/evandrojunior\/\"}]}<\/script>\n<!-- \/ Yoast SEO plugin. -->","yoast_head_json":{"title":"Celso Brand\u00e3o aceita desafio de dirigir o Carnaval da Turma do Quinto - Evandro Junior","robots":{"index":"index","follow":"follow","max-snippet":"max-snippet:-1","max-image-preview":"max-image-preview:large","max-video-preview":"max-video-preview:-1"},"canonical":"https:\/\/www.blogsoestado.com\/evandrojunior\/2021\/08\/27\/celso-brandao-aceita-desafio-de-dirigir-o-carnaval-da-turma-do-quinto\/","og_locale":"pt_BR","og_type":"article","og_title":"Celso Brand\u00e3o aceita desafio de dirigir o Carnaval da Turma do Quinto - Evandro Junior","og_description":"S\u00e3o Lu\u00eds &#8211; Um dos mais din\u00e2micos, comunicativos e engajados produtores culturais do Maranh\u00e3o aceitou o desafio de assumir a [&hellip;]","og_url":"https:\/\/www.blogsoestado.com\/evandrojunior\/2021\/08\/27\/celso-brandao-aceita-desafio-de-dirigir-o-carnaval-da-turma-do-quinto\/","og_site_name":"Evandro Junior","article_published_time":"2021-08-27T17:57:13+00:00","og_image":[{"url":"https:\/\/www.blogsoestado.com\/evandrojunior\/files\/2021\/08\/IMG-20210826-WA0011-1024x682.jpg","type":"","width":"","height":""}],"author":"Evandro Junior","twitter_card":"summary_large_image","twitter_misc":{"Escrito por":"Evandro Junior","Est. tempo de leitura":"2 minutos"},"schema":{"@context":"https:\/\/schema.org","@graph":[{"@type":"WebPage","@id":"https:\/\/www.blogsoestado.com\/evandrojunior\/2021\/08\/27\/celso-brandao-aceita-desafio-de-dirigir-o-carnaval-da-turma-do-quinto\/","url":"https:\/\/www.blogsoestado.com\/evandrojunior\/2021\/08\/27\/celso-brandao-aceita-desafio-de-dirigir-o-carnaval-da-turma-do-quinto\/","name":"Celso Brand\u00e3o aceita desafio de dirigir o Carnaval da Turma do Quinto - Evandro Junior","isPartOf":{"@id":"https:\/\/www.blogsoestado.com\/evandrojunior\/#website"},"primaryImageOfPage":{"@id":"https:\/\/www.blogsoestado.com\/evandrojunior\/2021\/08\/27\/celso-brandao-aceita-desafio-de-dirigir-o-carnaval-da-turma-do-quinto\/#primaryimage"},"image":{"@id":"https:\/\/www.blogsoestado.com\/evandrojunior\/2021\/08\/27\/celso-brandao-aceita-desafio-de-dirigir-o-carnaval-da-turma-do-quinto\/#primaryimage"},"thumbnailUrl":"https:\/\/www.blogsoestado.com\/evandrojunior\/files\/2021\/08\/IMG-20210826-WA0011-1024x682.jpg","datePublished":"2021-08-27T17:57:13+00:00","author":{"@id":"https:\/\/www.blogsoestado.com\/evandrojunior\/#\/schema\/person\/3e6c3d8dbb740d1c6878ebc935cfb3be"},"breadcrumb":{"@id":"https:\/\/www.blogsoestado.com\/evandrojunior\/2021\/08\/27\/celso-brandao-aceita-desafio-de-dirigir-o-carnaval-da-turma-do-quinto\/#breadcrumb"},"inLanguage":"pt-BR","potentialAction":[{"@type":"ReadAction","target":["https:\/\/www.blogsoestado.com\/evandrojunior\/2021\/08\/27\/celso-brandao-aceita-desafio-de-dirigir-o-carnaval-da-turma-do-quinto\/"]}]},{"@type":"ImageObject","inLanguage":"pt-BR","@id":"https:\/\/www.blogsoestado.com\/evandrojunior\/2021\/08\/27\/celso-brandao-aceita-desafio-de-dirigir-o-carnaval-da-turma-do-quinto\/#primaryimage","url":"https:\/\/www.blogsoestado.com\/evandrojunior\/files\/2021\/08\/IMG-20210826-WA0011-1024x682.jpg","contentUrl":"https:\/\/www.blogsoestado.com\/evandrojunior\/files\/2021\/08\/IMG-20210826-WA0011-1024x682.jpg"},{"@type":"BreadcrumbList","@id":"https:\/\/www.blogsoestado.com\/evandrojunior\/2021\/08\/27\/celso-brandao-aceita-desafio-de-dirigir-o-carnaval-da-turma-do-quinto\/#breadcrumb","itemListElement":[{"@type":"ListItem","position":1,"name":"In\u00edcio","item":"https:\/\/www.blogsoestado.com\/evandrojunior\/"},{"@type":"ListItem","position":2,"name":"Celso Brand\u00e3o aceita desafio de dirigir o Carnaval da Turma do Quinto"}]},{"@type":"WebSite","@id":"https:\/\/www.blogsoestado.com\/evandrojunior\/#website","url":"https:\/\/www.blogsoestado.com\/evandrojunior\/","name":"Evandro Junior","description":"","potentialAction":[{"@type":"SearchAction","target":{"@type":"EntryPoint","urlTemplate":"https:\/\/www.blogsoestado.com\/evandrojunior\/?s={search_term_string}"},"query-input":{"@type":"PropertyValueSpecification","valueRequired":true,"valueName":"search_term_string"}}],"inLanguage":"pt-BR"},{"@type":"Person","@id":"https:\/\/www.blogsoestado.com\/evandrojunior\/#\/schema\/person\/3e6c3d8dbb740d1c6878ebc935cfb3be","name":"Evandro Junior","image":{"@type":"ImageObject","inLanguage":"pt-BR","@id":"https:\/\/www.blogsoestado.com\/evandrojunior\/#\/schema\/person\/image\/","url":"https:\/\/secure.gravatar.com\/avatar\/f80a03a2294a580cd2318bfb459bf354cfa8be661ef3d95b542cf9a04af8d129?s=96&d=mm&r=g","contentUrl":"https:\/\/secure.gravatar.com\/avatar\/f80a03a2294a580cd2318bfb459bf354cfa8be661ef3d95b542cf9a04af8d129?s=96&d=mm&r=g","caption":"Evandro Junior"},"url":"https:\/\/www.blogsoestado.com\/evandrojunior\/author\/evandrojunior\/"}]}},"jetpack_featured_media_url":"","_links":{"self":[{"href":"https:\/\/www.blogsoestado.com\/evandrojunior\/wp-json\/wp\/v2\/posts\/4746","targetHints":{"allow":["GET"]}}],"collection":[{"href":"https:\/\/www.blogsoestado.com\/evandrojunior\/wp-json\/wp\/v2\/posts"}],"about":[{"href":"https:\/\/www.blogsoestado.com\/evandrojunior\/wp-json\/wp\/v2\/types\/post"}],"author":[{"embeddable":true,"href":"https:\/\/www.blogsoestado.com\/evandrojunior\/wp-json\/wp\/v2\/users\/4"}],"replies":[{"embeddable":true,"href":"https:\/\/www.blogsoestado.com\/evandrojunior\/wp-json\/wp\/v2\/comments?post=4746"}],"version-history":[{"count":0,"href":"https:\/\/www.blogsoestado.com\/evandrojunior\/wp-json\/wp\/v2\/posts\/4746\/revisions"}],"wp:attachment":[{"href":"https:\/\/www.blogsoestado.com\/evandrojunior\/wp-json\/wp\/v2\/media?parent=4746"}],"wp:term":[{"taxonomy":"category","embeddable":true,"href":"https:\/\/www.blogsoestado.com\/evandrojunior\/wp-json\/wp\/v2\/categories?post=4746"},{"taxonomy":"post_tag","embeddable":true,"href":"https:\/\/www.blogsoestado.com\/evandrojunior\/wp-json\/wp\/v2\/tags?post=4746"}],"curies":[{"name":"wp","href":"https:\/\/api.w.org\/{rel}","templated":true}]}}