{"id":4749,"date":"2021-08-27T15:12:36","date_gmt":"2021-08-27T18:12:36","guid":{"rendered":"https:\/\/www.blogsoestado.com\/evandrojunior\/?p=4749"},"modified":"2021-08-27T15:12:36","modified_gmt":"2021-08-27T18:12:36","slug":"equatorial-energia-assina-projeto-na-rota-do-riso-com-os-personagens-do-espetaculo-pao-com-ovo","status":"publish","type":"post","link":"https:\/\/www.blogsoestado.com\/evandrojunior\/2021\/08\/27\/equatorial-energia-assina-projeto-na-rota-do-riso-com-os-personagens-do-espetaculo-pao-com-ovo\/","title":{"rendered":"Equatorial Energia assina projeto &#8216;Na Rota do Riso&#8217;, com os personagens do espet\u00e1culo &#8216;P\u00e3o com Ovo&#8217;"},"content":{"rendered":"\n<div class=\"wp-block-image\"><figure class=\"aligncenter size-large is-resized\"><img fetchpriority=\"high\" decoding=\"async\" src=\"https:\/\/www.blogsoestado.com\/evandrojunior\/files\/2021\/08\/Clarisse.jpg\" alt=\"\" class=\"wp-image-4750\" width=\"590\" height=\"393\"\/><figcaption>Dij\u00e9 e Clarisse durante encena\u00e7\u00e3o de &#8216;P\u00e3o com Ovo&#8217;, um dos maiores sucessos do teatro maranhense <\/figcaption><\/figure><\/div>\n\n\n\n<p><strong>S\u00e3o Lu\u00eds <\/strong>&#8211; O espet\u00e1culo &#8216;P\u00e3o com Ovo&#8217; vai se associar a uma nova empreitada. Trata-se\u00a0do projeto\u00a0&#8216;Na\u00a0Rota do Riso&#8217;, patrocinado pela Equatorial Maranh\u00e3o via Lei Estadual de Incentivo \u00e0 Cultura.<\/p>\n\n\n\n<p> A iniciativa objetiva mostrar curiosidades e a hist\u00f3ria\u00a0de\u00a0algumas cidades maranhenses para\u00a0todo\u00a0o mundo, a partir de uma webs\u00e9rie.\u00a0As personagens &#8216;Clarice&#8217; (C\u00e9sar Boaes) e &#8216;Dij\u00e9 (Adeilson Santos) percorrer\u00e3o seis cidades do Maranh\u00e3o, levando na bagagem alegria, divers\u00e3o e muito bom humor, para mostrar o que esses munic\u00edpios t\u00eam de melhor.\u00a0\u00a0<\/p>\n\n\n\n<p>J\u00e1 est\u00e3o definidas as cidades\u00a0de\u00a0Timon, Guimar\u00e3es, Balsas, Morros e Pinheiro.\u00a0A sexta\u00a0est\u00e1 sendo definida por meio de vota\u00e7\u00e3o popular,\u00a0 no perfil oficial do Instagram\u00a0da Equatorial Maranh\u00e3o (@<a href=\"http:\/\/equatorial.ma\/\" target=\"_blank\" rel=\"noreferrer noopener\">equatorial.ma<\/a>).\u00a0\u00a0<\/p>\n\n\n\n<p><\/p>\n","protected":false},"excerpt":{"rendered":"<p>S\u00e3o Lu\u00eds &#8211; O espet\u00e1culo &#8216;P\u00e3o com Ovo&#8217; vai se associar a uma nova empreitada. Trata-se\u00a0do projeto\u00a0&#8216;Na\u00a0Rota do Riso&#8217;, patrocinado [&hellip;]<\/p>\n","protected":false},"author":4,"featured_media":0,"comment_status":"open","ping_status":"open","sticky":false,"template":"","format":"standard","meta":{"site-sidebar-layout":"default","site-content-layout":"","ast-site-content-layout":"default","site-content-style":"default","site-sidebar-style":"default","ast-global-header-display":"","ast-banner-title-visibility":"","ast-main-header-display":"","ast-hfb-above-header-display":"","ast-hfb-below-header-display":"","ast-hfb-mobile-header-display":"","site-post-title":"","ast-breadcrumbs-content":"","ast-featured-img":"","footer-sml-layout":"","ast-disable-related-posts":"","theme-transparent-header-meta":"","adv-header-id-meta":"","stick-header-meta":"","header-above-stick-meta":"","header-main-stick-meta":"","header-below-stick-meta":"","astra-migrate-meta-layouts":"default","ast-page-background-enabled":"default","ast-page-background-meta":{"desktop":{"background-color":"var(--ast-global-color-5)","background-image":"","background-repeat":"repeat","background-position":"center center","background-size":"auto","background-attachment":"scroll","background-type":"","background-media":"","overlay-type":"","overlay-color":"","overlay-opacity":"","overlay-gradient":""},"tablet":{"background-color":"","background-image":"","background-repeat":"repeat","background-position":"center center","background-size":"auto","background-attachment":"scroll","background-type":"","background-media":"","overlay-type":"","overlay-color":"","overlay-opacity":"","overlay-gradient":""},"mobile":{"background-color":"","background-image":"","background-repeat":"repeat","background-position":"center center","background-size":"auto","background-attachment":"scroll","background-type":"","background-media":"","overlay-type":"","overlay-color":"","overlay-opacity":"","overlay-gradient":""}},"ast-content-background-meta":{"desktop":{"background-color":"var(--ast-global-color-4)","background-image":"","background-repeat":"repeat","background-position":"center center","background-size":"auto","background-attachment":"scroll","background-type":"","background-media":"","overlay-type":"","overlay-color":"","overlay-opacity":"","overlay-gradient":""},"tablet":{"background-color":"var(--ast-global-color-4)","background-image":"","background-repeat":"repeat","background-position":"center center","background-size":"auto","background-attachment":"scroll","background-type":"","background-media":"","overlay-type":"","overlay-color":"","overlay-opacity":"","overlay-gradient":""},"mobile":{"background-color":"var(--ast-global-color-4)","background-image":"","background-repeat":"repeat","background-position":"center center","background-size":"auto","background-attachment":"scroll","background-type":"","background-media":"","overlay-type":"","overlay-color":"","overlay-opacity":"","overlay-gradient":""}},"footnotes":""},"categories":[1],"tags":[],"class_list":["post-4749","post","type-post","status-publish","format-standard","hentry","category-sem-categoria"],"yoast_head":"<!-- This site is optimized with the Yoast SEO plugin v26.6 - https:\/\/yoast.com\/wordpress\/plugins\/seo\/ -->\n<title>Equatorial Energia assina projeto &#039;Na Rota do Riso&#039;, com os personagens do espet\u00e1culo &#039;P\u00e3o com Ovo&#039; - Evandro Junior<\/title>\n<meta name=\"robots\" content=\"index, follow, max-snippet:-1, max-image-preview:large, max-video-preview:-1\" \/>\n<link rel=\"canonical\" href=\"https:\/\/www.blogsoestado.com\/evandrojunior\/2021\/08\/27\/equatorial-energia-assina-projeto-na-rota-do-riso-com-os-personagens-do-espetaculo-pao-com-ovo\/\" \/>\n<meta property=\"og:locale\" content=\"pt_BR\" \/>\n<meta property=\"og:type\" content=\"article\" \/>\n<meta property=\"og:title\" content=\"Equatorial Energia assina projeto &#039;Na Rota do Riso&#039;, com os personagens do espet\u00e1culo &#039;P\u00e3o com Ovo&#039; - Evandro Junior\" \/>\n<meta property=\"og:description\" content=\"S\u00e3o Lu\u00eds &#8211; O espet\u00e1culo &#8216;P\u00e3o com Ovo&#8217; vai se associar a uma nova empreitada. Trata-se\u00a0do projeto\u00a0&#8216;Na\u00a0Rota do Riso&#8217;, patrocinado [&hellip;]\" \/>\n<meta property=\"og:url\" content=\"https:\/\/www.blogsoestado.com\/evandrojunior\/2021\/08\/27\/equatorial-energia-assina-projeto-na-rota-do-riso-com-os-personagens-do-espetaculo-pao-com-ovo\/\" \/>\n<meta property=\"og:site_name\" content=\"Evandro Junior\" \/>\n<meta property=\"article:published_time\" content=\"2021-08-27T18:12:36+00:00\" \/>\n<meta property=\"og:image\" content=\"https:\/\/www.blogsoestado.com\/evandrojunior\/files\/2021\/08\/Clarisse.jpg\" \/>\n<meta name=\"author\" content=\"Evandro Junior\" \/>\n<meta name=\"twitter:card\" content=\"summary_large_image\" \/>\n<meta name=\"twitter:label1\" content=\"Escrito por\" \/>\n\t<meta name=\"twitter:data1\" content=\"Evandro Junior\" \/>\n\t<meta name=\"twitter:label2\" content=\"Est. tempo de leitura\" \/>\n\t<meta name=\"twitter:data2\" content=\"1 minuto\" \/>\n<script type=\"application\/ld+json\" class=\"yoast-schema-graph\">{\"@context\":\"https:\/\/schema.org\",\"@graph\":[{\"@type\":\"WebPage\",\"@id\":\"https:\/\/www.blogsoestado.com\/evandrojunior\/2021\/08\/27\/equatorial-energia-assina-projeto-na-rota-do-riso-com-os-personagens-do-espetaculo-pao-com-ovo\/\",\"url\":\"https:\/\/www.blogsoestado.com\/evandrojunior\/2021\/08\/27\/equatorial-energia-assina-projeto-na-rota-do-riso-com-os-personagens-do-espetaculo-pao-com-ovo\/\",\"name\":\"Equatorial Energia assina projeto 'Na Rota do Riso', com os personagens do espet\u00e1culo 'P\u00e3o com Ovo' - Evandro Junior\",\"isPartOf\":{\"@id\":\"https:\/\/www.blogsoestado.com\/evandrojunior\/#website\"},\"primaryImageOfPage\":{\"@id\":\"https:\/\/www.blogsoestado.com\/evandrojunior\/2021\/08\/27\/equatorial-energia-assina-projeto-na-rota-do-riso-com-os-personagens-do-espetaculo-pao-com-ovo\/#primaryimage\"},\"image\":{\"@id\":\"https:\/\/www.blogsoestado.com\/evandrojunior\/2021\/08\/27\/equatorial-energia-assina-projeto-na-rota-do-riso-com-os-personagens-do-espetaculo-pao-com-ovo\/#primaryimage\"},\"thumbnailUrl\":\"https:\/\/www.blogsoestado.com\/evandrojunior\/files\/2021\/08\/Clarisse.jpg\",\"datePublished\":\"2021-08-27T18:12:36+00:00\",\"author\":{\"@id\":\"https:\/\/www.blogsoestado.com\/evandrojunior\/#\/schema\/person\/3e6c3d8dbb740d1c6878ebc935cfb3be\"},\"breadcrumb\":{\"@id\":\"https:\/\/www.blogsoestado.com\/evandrojunior\/2021\/08\/27\/equatorial-energia-assina-projeto-na-rota-do-riso-com-os-personagens-do-espetaculo-pao-com-ovo\/#breadcrumb\"},\"inLanguage\":\"pt-BR\",\"potentialAction\":[{\"@type\":\"ReadAction\",\"target\":[\"https:\/\/www.blogsoestado.com\/evandrojunior\/2021\/08\/27\/equatorial-energia-assina-projeto-na-rota-do-riso-com-os-personagens-do-espetaculo-pao-com-ovo\/\"]}]},{\"@type\":\"ImageObject\",\"inLanguage\":\"pt-BR\",\"@id\":\"https:\/\/www.blogsoestado.com\/evandrojunior\/2021\/08\/27\/equatorial-energia-assina-projeto-na-rota-do-riso-com-os-personagens-do-espetaculo-pao-com-ovo\/#primaryimage\",\"url\":\"https:\/\/www.blogsoestado.com\/evandrojunior\/files\/2021\/08\/Clarisse.jpg\",\"contentUrl\":\"https:\/\/www.blogsoestado.com\/evandrojunior\/files\/2021\/08\/Clarisse.jpg\"},{\"@type\":\"BreadcrumbList\",\"@id\":\"https:\/\/www.blogsoestado.com\/evandrojunior\/2021\/08\/27\/equatorial-energia-assina-projeto-na-rota-do-riso-com-os-personagens-do-espetaculo-pao-com-ovo\/#breadcrumb\",\"itemListElement\":[{\"@type\":\"ListItem\",\"position\":1,\"name\":\"In\u00edcio\",\"item\":\"https:\/\/www.blogsoestado.com\/evandrojunior\/\"},{\"@type\":\"ListItem\",\"position\":2,\"name\":\"Equatorial Energia assina projeto &#8216;Na Rota do Riso&#8217;, com os personagens do espet\u00e1culo &#8216;P\u00e3o com Ovo&#8217;\"}]},{\"@type\":\"WebSite\",\"@id\":\"https:\/\/www.blogsoestado.com\/evandrojunior\/#website\",\"url\":\"https:\/\/www.blogsoestado.com\/evandrojunior\/\",\"name\":\"Evandro Junior\",\"description\":\"\",\"potentialAction\":[{\"@type\":\"SearchAction\",\"target\":{\"@type\":\"EntryPoint\",\"urlTemplate\":\"https:\/\/www.blogsoestado.com\/evandrojunior\/?s={search_term_string}\"},\"query-input\":{\"@type\":\"PropertyValueSpecification\",\"valueRequired\":true,\"valueName\":\"search_term_string\"}}],\"inLanguage\":\"pt-BR\"},{\"@type\":\"Person\",\"@id\":\"https:\/\/www.blogsoestado.com\/evandrojunior\/#\/schema\/person\/3e6c3d8dbb740d1c6878ebc935cfb3be\",\"name\":\"Evandro Junior\",\"image\":{\"@type\":\"ImageObject\",\"inLanguage\":\"pt-BR\",\"@id\":\"https:\/\/www.blogsoestado.com\/evandrojunior\/#\/schema\/person\/image\/\",\"url\":\"https:\/\/secure.gravatar.com\/avatar\/f80a03a2294a580cd2318bfb459bf354cfa8be661ef3d95b542cf9a04af8d129?s=96&d=mm&r=g\",\"contentUrl\":\"https:\/\/secure.gravatar.com\/avatar\/f80a03a2294a580cd2318bfb459bf354cfa8be661ef3d95b542cf9a04af8d129?s=96&d=mm&r=g\",\"caption\":\"Evandro Junior\"},\"url\":\"https:\/\/www.blogsoestado.com\/evandrojunior\/author\/evandrojunior\/\"}]}<\/script>\n<!-- \/ Yoast SEO plugin. -->","yoast_head_json":{"title":"Equatorial Energia assina projeto 'Na Rota do Riso', com os personagens do espet\u00e1culo 'P\u00e3o com Ovo' - Evandro Junior","robots":{"index":"index","follow":"follow","max-snippet":"max-snippet:-1","max-image-preview":"max-image-preview:large","max-video-preview":"max-video-preview:-1"},"canonical":"https:\/\/www.blogsoestado.com\/evandrojunior\/2021\/08\/27\/equatorial-energia-assina-projeto-na-rota-do-riso-com-os-personagens-do-espetaculo-pao-com-ovo\/","og_locale":"pt_BR","og_type":"article","og_title":"Equatorial Energia assina projeto 'Na Rota do Riso', com os personagens do espet\u00e1culo 'P\u00e3o com Ovo' - Evandro Junior","og_description":"S\u00e3o Lu\u00eds &#8211; O espet\u00e1culo &#8216;P\u00e3o com Ovo&#8217; vai se associar a uma nova empreitada. Trata-se\u00a0do projeto\u00a0&#8216;Na\u00a0Rota do Riso&#8217;, patrocinado [&hellip;]","og_url":"https:\/\/www.blogsoestado.com\/evandrojunior\/2021\/08\/27\/equatorial-energia-assina-projeto-na-rota-do-riso-com-os-personagens-do-espetaculo-pao-com-ovo\/","og_site_name":"Evandro Junior","article_published_time":"2021-08-27T18:12:36+00:00","og_image":[{"url":"https:\/\/www.blogsoestado.com\/evandrojunior\/files\/2021\/08\/Clarisse.jpg","type":"","width":"","height":""}],"author":"Evandro Junior","twitter_card":"summary_large_image","twitter_misc":{"Escrito por":"Evandro Junior","Est. tempo de leitura":"1 minuto"},"schema":{"@context":"https:\/\/schema.org","@graph":[{"@type":"WebPage","@id":"https:\/\/www.blogsoestado.com\/evandrojunior\/2021\/08\/27\/equatorial-energia-assina-projeto-na-rota-do-riso-com-os-personagens-do-espetaculo-pao-com-ovo\/","url":"https:\/\/www.blogsoestado.com\/evandrojunior\/2021\/08\/27\/equatorial-energia-assina-projeto-na-rota-do-riso-com-os-personagens-do-espetaculo-pao-com-ovo\/","name":"Equatorial Energia assina projeto 'Na Rota do Riso', com os personagens do espet\u00e1culo 'P\u00e3o com Ovo' - Evandro Junior","isPartOf":{"@id":"https:\/\/www.blogsoestado.com\/evandrojunior\/#website"},"primaryImageOfPage":{"@id":"https:\/\/www.blogsoestado.com\/evandrojunior\/2021\/08\/27\/equatorial-energia-assina-projeto-na-rota-do-riso-com-os-personagens-do-espetaculo-pao-com-ovo\/#primaryimage"},"image":{"@id":"https:\/\/www.blogsoestado.com\/evandrojunior\/2021\/08\/27\/equatorial-energia-assina-projeto-na-rota-do-riso-com-os-personagens-do-espetaculo-pao-com-ovo\/#primaryimage"},"thumbnailUrl":"https:\/\/www.blogsoestado.com\/evandrojunior\/files\/2021\/08\/Clarisse.jpg","datePublished":"2021-08-27T18:12:36+00:00","author":{"@id":"https:\/\/www.blogsoestado.com\/evandrojunior\/#\/schema\/person\/3e6c3d8dbb740d1c6878ebc935cfb3be"},"breadcrumb":{"@id":"https:\/\/www.blogsoestado.com\/evandrojunior\/2021\/08\/27\/equatorial-energia-assina-projeto-na-rota-do-riso-com-os-personagens-do-espetaculo-pao-com-ovo\/#breadcrumb"},"inLanguage":"pt-BR","potentialAction":[{"@type":"ReadAction","target":["https:\/\/www.blogsoestado.com\/evandrojunior\/2021\/08\/27\/equatorial-energia-assina-projeto-na-rota-do-riso-com-os-personagens-do-espetaculo-pao-com-ovo\/"]}]},{"@type":"ImageObject","inLanguage":"pt-BR","@id":"https:\/\/www.blogsoestado.com\/evandrojunior\/2021\/08\/27\/equatorial-energia-assina-projeto-na-rota-do-riso-com-os-personagens-do-espetaculo-pao-com-ovo\/#primaryimage","url":"https:\/\/www.blogsoestado.com\/evandrojunior\/files\/2021\/08\/Clarisse.jpg","contentUrl":"https:\/\/www.blogsoestado.com\/evandrojunior\/files\/2021\/08\/Clarisse.jpg"},{"@type":"BreadcrumbList","@id":"https:\/\/www.blogsoestado.com\/evandrojunior\/2021\/08\/27\/equatorial-energia-assina-projeto-na-rota-do-riso-com-os-personagens-do-espetaculo-pao-com-ovo\/#breadcrumb","itemListElement":[{"@type":"ListItem","position":1,"name":"In\u00edcio","item":"https:\/\/www.blogsoestado.com\/evandrojunior\/"},{"@type":"ListItem","position":2,"name":"Equatorial Energia assina projeto &#8216;Na Rota do Riso&#8217;, com os personagens do espet\u00e1culo &#8216;P\u00e3o com Ovo&#8217;"}]},{"@type":"WebSite","@id":"https:\/\/www.blogsoestado.com\/evandrojunior\/#website","url":"https:\/\/www.blogsoestado.com\/evandrojunior\/","name":"Evandro Junior","description":"","potentialAction":[{"@type":"SearchAction","target":{"@type":"EntryPoint","urlTemplate":"https:\/\/www.blogsoestado.com\/evandrojunior\/?s={search_term_string}"},"query-input":{"@type":"PropertyValueSpecification","valueRequired":true,"valueName":"search_term_string"}}],"inLanguage":"pt-BR"},{"@type":"Person","@id":"https:\/\/www.blogsoestado.com\/evandrojunior\/#\/schema\/person\/3e6c3d8dbb740d1c6878ebc935cfb3be","name":"Evandro Junior","image":{"@type":"ImageObject","inLanguage":"pt-BR","@id":"https:\/\/www.blogsoestado.com\/evandrojunior\/#\/schema\/person\/image\/","url":"https:\/\/secure.gravatar.com\/avatar\/f80a03a2294a580cd2318bfb459bf354cfa8be661ef3d95b542cf9a04af8d129?s=96&d=mm&r=g","contentUrl":"https:\/\/secure.gravatar.com\/avatar\/f80a03a2294a580cd2318bfb459bf354cfa8be661ef3d95b542cf9a04af8d129?s=96&d=mm&r=g","caption":"Evandro Junior"},"url":"https:\/\/www.blogsoestado.com\/evandrojunior\/author\/evandrojunior\/"}]}},"jetpack_featured_media_url":"","_links":{"self":[{"href":"https:\/\/www.blogsoestado.com\/evandrojunior\/wp-json\/wp\/v2\/posts\/4749","targetHints":{"allow":["GET"]}}],"collection":[{"href":"https:\/\/www.blogsoestado.com\/evandrojunior\/wp-json\/wp\/v2\/posts"}],"about":[{"href":"https:\/\/www.blogsoestado.com\/evandrojunior\/wp-json\/wp\/v2\/types\/post"}],"author":[{"embeddable":true,"href":"https:\/\/www.blogsoestado.com\/evandrojunior\/wp-json\/wp\/v2\/users\/4"}],"replies":[{"embeddable":true,"href":"https:\/\/www.blogsoestado.com\/evandrojunior\/wp-json\/wp\/v2\/comments?post=4749"}],"version-history":[{"count":0,"href":"https:\/\/www.blogsoestado.com\/evandrojunior\/wp-json\/wp\/v2\/posts\/4749\/revisions"}],"wp:attachment":[{"href":"https:\/\/www.blogsoestado.com\/evandrojunior\/wp-json\/wp\/v2\/media?parent=4749"}],"wp:term":[{"taxonomy":"category","embeddable":true,"href":"https:\/\/www.blogsoestado.com\/evandrojunior\/wp-json\/wp\/v2\/categories?post=4749"},{"taxonomy":"post_tag","embeddable":true,"href":"https:\/\/www.blogsoestado.com\/evandrojunior\/wp-json\/wp\/v2\/tags?post=4749"}],"curies":[{"name":"wp","href":"https:\/\/api.w.org\/{rel}","templated":true}]}}