{"id":4753,"date":"2021-08-30T19:27:39","date_gmt":"2021-08-30T22:27:39","guid":{"rendered":"https:\/\/www.blogsoestado.com\/evandrojunior\/?p=4753"},"modified":"2021-08-30T19:27:39","modified_gmt":"2021-08-30T22:27:39","slug":"othelino-e-flavio-dino-conversam-sobre-projetos-do-executivo-e-inauguracoes-na-baixada","status":"publish","type":"post","link":"https:\/\/www.blogsoestado.com\/evandrojunior\/2021\/08\/30\/othelino-e-flavio-dino-conversam-sobre-projetos-do-executivo-e-inauguracoes-na-baixada\/","title":{"rendered":"Othelino e Fl\u00e1vio Dino conversam sobre projetos do Executivo e inaugura\u00e7\u00f5es na Baixada"},"content":{"rendered":"\n<div class=\"wp-block-image\"><figure class=\"aligncenter size-large is-resized\"><img fetchpriority=\"high\" decoding=\"async\" src=\"https:\/\/www.blogsoestado.com\/evandrojunior\/files\/2021\/08\/Othelino-Palacio-1024x682.jpeg\" alt=\"\" class=\"wp-image-4754\" width=\"570\" height=\"379\"\/><figcaption>Othelino Neto durante reuni\u00e3o com o governador Fl\u00e1vio Dino e o secret\u00e1rio estadual de Comunica\u00e7\u00e3o, Ricardo Capelli, no Pal\u00e1cio dos Le\u00f5es<\/figcaption><\/figure><\/div>\n\n\n\n<p>S\u00e3o Lu\u00eds &#8211; O presidente da Assembleia Legislativa do Maranh\u00e3o, deputado Othelino Neto (PCdoB), reuniu-se, na tarde desta segunda-feira (30), com o governador Fl\u00e1vio Dino (PSB), no Pal\u00e1cio dos Le\u00f5es, e conversaram sobre proposi\u00e7\u00f5es do Poder Executivo em tramita\u00e7\u00e3o na Casa do Povo, a exemplo do projeto de lei que prop\u00f5e a cria\u00e7\u00e3o do Estatuto Estadual dos Povos Ind\u00edgenas, que ser\u00e1 apreciado nos pr\u00f3ximos dias, em plen\u00e1rio, pelos deputados estaduais.<br>\u00a0<br>\u201cEstes projetos que est\u00e3o tramitando no Parlamento estadual, como o que prop\u00f5e a cria\u00e7\u00e3o do Estatuto dos Povos Ind\u00edgenas, s\u00e3o de grande import\u00e2ncia e marcam a hist\u00f3ria do Maranh\u00e3o, principalmente, para estes povos que tanto reivindicaram o benef\u00edcio. Inclusive, convidaremos lideran\u00e7as ind\u00edgenas para acompanharem a vota\u00e7\u00e3o do PL\u201d, enfatizou o chefe do Legislativo.\u00a0<br>\u00a0<br>No encontro, Othelino Neto e Fl\u00e1vio Dino conversaram, ainda, sobre a agenda desta semana, na Baixada Maranhense, em especial, nas cidades de Pinheiro, Santa Helena e Turil\u00e2ndia.\u00a0<br>\u00a0<br>\u201cNa Assembleia, temos tido o apoio necess\u00e1rio para que as proposi\u00e7\u00f5es do Executivo possam evoluir. Hoje, por exemplo, al\u00e9m do Estatuto dos Povos Ind\u00edgenas, tamb\u00e9m tratamos sobre investimentos m\u00faltiplos nas v\u00e1rias regi\u00f5es do Maranh\u00e3o, como na Baixada, \u00e1rea de atua\u00e7\u00e3o do deputado Othelino\u201d, destacou Dino.<br>\u00a0<br>O secret\u00e1rio estadual de Comunica\u00e7\u00e3o, Ricardo Capelli, tamb\u00e9m participou da reuni\u00e3o.\u00a0<\/p>\n\n\n\n<p><strong>Compromisso<\/strong><br><br>Durante a agenda entre o governador Fl\u00e1vio Dino e o ex-presidente da Rep\u00fablica, Luiz In\u00e1cio Lula da Silva, em S\u00e3o Lu\u00eds, o chefe do Parlamento maranhense garantiu celeridade na aprecia\u00e7\u00e3o do Projeto de Lei do Executivo, propondo a cria\u00e7\u00e3o do Estatuto Estadual dos Povos Ind\u00edgenas, que j\u00e1 est\u00e1 tramitando na Assembleia.<\/p>\n","protected":false},"excerpt":{"rendered":"<p>S\u00e3o Lu\u00eds &#8211; O presidente da Assembleia Legislativa do Maranh\u00e3o, deputado Othelino Neto (PCdoB), reuniu-se, na tarde desta segunda-feira (30), [&hellip;]<\/p>\n","protected":false},"author":4,"featured_media":0,"comment_status":"open","ping_status":"open","sticky":false,"template":"","format":"standard","meta":{"site-sidebar-layout":"default","site-content-layout":"","ast-site-content-layout":"default","site-content-style":"default","site-sidebar-style":"default","ast-global-header-display":"","ast-banner-title-visibility":"","ast-main-header-display":"","ast-hfb-above-header-display":"","ast-hfb-below-header-display":"","ast-hfb-mobile-header-display":"","site-post-title":"","ast-breadcrumbs-content":"","ast-featured-img":"","footer-sml-layout":"","ast-disable-related-posts":"","theme-transparent-header-meta":"","adv-header-id-meta":"","stick-header-meta":"","header-above-stick-meta":"","header-main-stick-meta":"","header-below-stick-meta":"","astra-migrate-meta-layouts":"default","ast-page-background-enabled":"default","ast-page-background-meta":{"desktop":{"background-color":"var(--ast-global-color-5)","background-image":"","background-repeat":"repeat","background-position":"center center","background-size":"auto","background-attachment":"scroll","background-type":"","background-media":"","overlay-type":"","overlay-color":"","overlay-opacity":"","overlay-gradient":""},"tablet":{"background-color":"","background-image":"","background-repeat":"repeat","background-position":"center center","background-size":"auto","background-attachment":"scroll","background-type":"","background-media":"","overlay-type":"","overlay-color":"","overlay-opacity":"","overlay-gradient":""},"mobile":{"background-color":"","background-image":"","background-repeat":"repeat","background-position":"center center","background-size":"auto","background-attachment":"scroll","background-type":"","background-media":"","overlay-type":"","overlay-color":"","overlay-opacity":"","overlay-gradient":""}},"ast-content-background-meta":{"desktop":{"background-color":"var(--ast-global-color-4)","background-image":"","background-repeat":"repeat","background-position":"center center","background-size":"auto","background-attachment":"scroll","background-type":"","background-media":"","overlay-type":"","overlay-color":"","overlay-opacity":"","overlay-gradient":""},"tablet":{"background-color":"var(--ast-global-color-4)","background-image":"","background-repeat":"repeat","background-position":"center center","background-size":"auto","background-attachment":"scroll","background-type":"","background-media":"","overlay-type":"","overlay-color":"","overlay-opacity":"","overlay-gradient":""},"mobile":{"background-color":"var(--ast-global-color-4)","background-image":"","background-repeat":"repeat","background-position":"center center","background-size":"auto","background-attachment":"scroll","background-type":"","background-media":"","overlay-type":"","overlay-color":"","overlay-opacity":"","overlay-gradient":""}},"footnotes":""},"categories":[1],"tags":[],"class_list":["post-4753","post","type-post","status-publish","format-standard","hentry","category-sem-categoria"],"yoast_head":"<!-- This site is optimized with the Yoast SEO plugin v26.6 - https:\/\/yoast.com\/wordpress\/plugins\/seo\/ -->\n<title>Othelino e Fl\u00e1vio Dino conversam sobre projetos do Executivo e inaugura\u00e7\u00f5es na Baixada - Evandro Junior<\/title>\n<meta name=\"robots\" content=\"index, follow, max-snippet:-1, max-image-preview:large, max-video-preview:-1\" \/>\n<link rel=\"canonical\" href=\"https:\/\/www.blogsoestado.com\/evandrojunior\/2021\/08\/30\/othelino-e-flavio-dino-conversam-sobre-projetos-do-executivo-e-inauguracoes-na-baixada\/\" \/>\n<meta property=\"og:locale\" content=\"pt_BR\" \/>\n<meta property=\"og:type\" content=\"article\" \/>\n<meta property=\"og:title\" content=\"Othelino e Fl\u00e1vio Dino conversam sobre projetos do Executivo e inaugura\u00e7\u00f5es na Baixada - Evandro Junior\" \/>\n<meta property=\"og:description\" content=\"S\u00e3o Lu\u00eds &#8211; O presidente da Assembleia Legislativa do Maranh\u00e3o, deputado Othelino Neto (PCdoB), reuniu-se, na tarde desta segunda-feira (30), [&hellip;]\" \/>\n<meta property=\"og:url\" content=\"https:\/\/www.blogsoestado.com\/evandrojunior\/2021\/08\/30\/othelino-e-flavio-dino-conversam-sobre-projetos-do-executivo-e-inauguracoes-na-baixada\/\" \/>\n<meta property=\"og:site_name\" content=\"Evandro Junior\" \/>\n<meta property=\"article:published_time\" content=\"2021-08-30T22:27:39+00:00\" \/>\n<meta property=\"og:image\" content=\"https:\/\/www.blogsoestado.com\/evandrojunior\/files\/2021\/08\/Othelino-Palacio-1024x682.jpeg\" \/>\n<meta name=\"author\" content=\"Evandro Junior\" \/>\n<meta name=\"twitter:card\" content=\"summary_large_image\" \/>\n<meta name=\"twitter:label1\" content=\"Escrito por\" \/>\n\t<meta name=\"twitter:data1\" content=\"Evandro Junior\" \/>\n\t<meta name=\"twitter:label2\" content=\"Est. tempo de leitura\" \/>\n\t<meta name=\"twitter:data2\" content=\"2 minutos\" \/>\n<script type=\"application\/ld+json\" class=\"yoast-schema-graph\">{\"@context\":\"https:\/\/schema.org\",\"@graph\":[{\"@type\":\"WebPage\",\"@id\":\"https:\/\/www.blogsoestado.com\/evandrojunior\/2021\/08\/30\/othelino-e-flavio-dino-conversam-sobre-projetos-do-executivo-e-inauguracoes-na-baixada\/\",\"url\":\"https:\/\/www.blogsoestado.com\/evandrojunior\/2021\/08\/30\/othelino-e-flavio-dino-conversam-sobre-projetos-do-executivo-e-inauguracoes-na-baixada\/\",\"name\":\"Othelino e Fl\u00e1vio Dino conversam sobre projetos do Executivo e inaugura\u00e7\u00f5es na Baixada - Evandro Junior\",\"isPartOf\":{\"@id\":\"https:\/\/www.blogsoestado.com\/evandrojunior\/#website\"},\"primaryImageOfPage\":{\"@id\":\"https:\/\/www.blogsoestado.com\/evandrojunior\/2021\/08\/30\/othelino-e-flavio-dino-conversam-sobre-projetos-do-executivo-e-inauguracoes-na-baixada\/#primaryimage\"},\"image\":{\"@id\":\"https:\/\/www.blogsoestado.com\/evandrojunior\/2021\/08\/30\/othelino-e-flavio-dino-conversam-sobre-projetos-do-executivo-e-inauguracoes-na-baixada\/#primaryimage\"},\"thumbnailUrl\":\"https:\/\/www.blogsoestado.com\/evandrojunior\/files\/2021\/08\/Othelino-Palacio-1024x682.jpeg\",\"datePublished\":\"2021-08-30T22:27:39+00:00\",\"author\":{\"@id\":\"https:\/\/www.blogsoestado.com\/evandrojunior\/#\/schema\/person\/3e6c3d8dbb740d1c6878ebc935cfb3be\"},\"breadcrumb\":{\"@id\":\"https:\/\/www.blogsoestado.com\/evandrojunior\/2021\/08\/30\/othelino-e-flavio-dino-conversam-sobre-projetos-do-executivo-e-inauguracoes-na-baixada\/#breadcrumb\"},\"inLanguage\":\"pt-BR\",\"potentialAction\":[{\"@type\":\"ReadAction\",\"target\":[\"https:\/\/www.blogsoestado.com\/evandrojunior\/2021\/08\/30\/othelino-e-flavio-dino-conversam-sobre-projetos-do-executivo-e-inauguracoes-na-baixada\/\"]}]},{\"@type\":\"ImageObject\",\"inLanguage\":\"pt-BR\",\"@id\":\"https:\/\/www.blogsoestado.com\/evandrojunior\/2021\/08\/30\/othelino-e-flavio-dino-conversam-sobre-projetos-do-executivo-e-inauguracoes-na-baixada\/#primaryimage\",\"url\":\"https:\/\/www.blogsoestado.com\/evandrojunior\/files\/2021\/08\/Othelino-Palacio-1024x682.jpeg\",\"contentUrl\":\"https:\/\/www.blogsoestado.com\/evandrojunior\/files\/2021\/08\/Othelino-Palacio-1024x682.jpeg\"},{\"@type\":\"BreadcrumbList\",\"@id\":\"https:\/\/www.blogsoestado.com\/evandrojunior\/2021\/08\/30\/othelino-e-flavio-dino-conversam-sobre-projetos-do-executivo-e-inauguracoes-na-baixada\/#breadcrumb\",\"itemListElement\":[{\"@type\":\"ListItem\",\"position\":1,\"name\":\"In\u00edcio\",\"item\":\"https:\/\/www.blogsoestado.com\/evandrojunior\/\"},{\"@type\":\"ListItem\",\"position\":2,\"name\":\"Othelino e Fl\u00e1vio Dino conversam sobre projetos do Executivo e inaugura\u00e7\u00f5es na Baixada\"}]},{\"@type\":\"WebSite\",\"@id\":\"https:\/\/www.blogsoestado.com\/evandrojunior\/#website\",\"url\":\"https:\/\/www.blogsoestado.com\/evandrojunior\/\",\"name\":\"Evandro Junior\",\"description\":\"\",\"potentialAction\":[{\"@type\":\"SearchAction\",\"target\":{\"@type\":\"EntryPoint\",\"urlTemplate\":\"https:\/\/www.blogsoestado.com\/evandrojunior\/?s={search_term_string}\"},\"query-input\":{\"@type\":\"PropertyValueSpecification\",\"valueRequired\":true,\"valueName\":\"search_term_string\"}}],\"inLanguage\":\"pt-BR\"},{\"@type\":\"Person\",\"@id\":\"https:\/\/www.blogsoestado.com\/evandrojunior\/#\/schema\/person\/3e6c3d8dbb740d1c6878ebc935cfb3be\",\"name\":\"Evandro Junior\",\"image\":{\"@type\":\"ImageObject\",\"inLanguage\":\"pt-BR\",\"@id\":\"https:\/\/www.blogsoestado.com\/evandrojunior\/#\/schema\/person\/image\/\",\"url\":\"https:\/\/secure.gravatar.com\/avatar\/f80a03a2294a580cd2318bfb459bf354cfa8be661ef3d95b542cf9a04af8d129?s=96&d=mm&r=g\",\"contentUrl\":\"https:\/\/secure.gravatar.com\/avatar\/f80a03a2294a580cd2318bfb459bf354cfa8be661ef3d95b542cf9a04af8d129?s=96&d=mm&r=g\",\"caption\":\"Evandro Junior\"},\"url\":\"https:\/\/www.blogsoestado.com\/evandrojunior\/author\/evandrojunior\/\"}]}<\/script>\n<!-- \/ Yoast SEO plugin. -->","yoast_head_json":{"title":"Othelino e Fl\u00e1vio Dino conversam sobre projetos do Executivo e inaugura\u00e7\u00f5es na Baixada - Evandro Junior","robots":{"index":"index","follow":"follow","max-snippet":"max-snippet:-1","max-image-preview":"max-image-preview:large","max-video-preview":"max-video-preview:-1"},"canonical":"https:\/\/www.blogsoestado.com\/evandrojunior\/2021\/08\/30\/othelino-e-flavio-dino-conversam-sobre-projetos-do-executivo-e-inauguracoes-na-baixada\/","og_locale":"pt_BR","og_type":"article","og_title":"Othelino e Fl\u00e1vio Dino conversam sobre projetos do Executivo e inaugura\u00e7\u00f5es na Baixada - Evandro Junior","og_description":"S\u00e3o Lu\u00eds &#8211; O presidente da Assembleia Legislativa do Maranh\u00e3o, deputado Othelino Neto (PCdoB), reuniu-se, na tarde desta segunda-feira (30), [&hellip;]","og_url":"https:\/\/www.blogsoestado.com\/evandrojunior\/2021\/08\/30\/othelino-e-flavio-dino-conversam-sobre-projetos-do-executivo-e-inauguracoes-na-baixada\/","og_site_name":"Evandro Junior","article_published_time":"2021-08-30T22:27:39+00:00","og_image":[{"url":"https:\/\/www.blogsoestado.com\/evandrojunior\/files\/2021\/08\/Othelino-Palacio-1024x682.jpeg","type":"","width":"","height":""}],"author":"Evandro Junior","twitter_card":"summary_large_image","twitter_misc":{"Escrito por":"Evandro Junior","Est. tempo de leitura":"2 minutos"},"schema":{"@context":"https:\/\/schema.org","@graph":[{"@type":"WebPage","@id":"https:\/\/www.blogsoestado.com\/evandrojunior\/2021\/08\/30\/othelino-e-flavio-dino-conversam-sobre-projetos-do-executivo-e-inauguracoes-na-baixada\/","url":"https:\/\/www.blogsoestado.com\/evandrojunior\/2021\/08\/30\/othelino-e-flavio-dino-conversam-sobre-projetos-do-executivo-e-inauguracoes-na-baixada\/","name":"Othelino e Fl\u00e1vio Dino conversam sobre projetos do Executivo e inaugura\u00e7\u00f5es na Baixada - Evandro Junior","isPartOf":{"@id":"https:\/\/www.blogsoestado.com\/evandrojunior\/#website"},"primaryImageOfPage":{"@id":"https:\/\/www.blogsoestado.com\/evandrojunior\/2021\/08\/30\/othelino-e-flavio-dino-conversam-sobre-projetos-do-executivo-e-inauguracoes-na-baixada\/#primaryimage"},"image":{"@id":"https:\/\/www.blogsoestado.com\/evandrojunior\/2021\/08\/30\/othelino-e-flavio-dino-conversam-sobre-projetos-do-executivo-e-inauguracoes-na-baixada\/#primaryimage"},"thumbnailUrl":"https:\/\/www.blogsoestado.com\/evandrojunior\/files\/2021\/08\/Othelino-Palacio-1024x682.jpeg","datePublished":"2021-08-30T22:27:39+00:00","author":{"@id":"https:\/\/www.blogsoestado.com\/evandrojunior\/#\/schema\/person\/3e6c3d8dbb740d1c6878ebc935cfb3be"},"breadcrumb":{"@id":"https:\/\/www.blogsoestado.com\/evandrojunior\/2021\/08\/30\/othelino-e-flavio-dino-conversam-sobre-projetos-do-executivo-e-inauguracoes-na-baixada\/#breadcrumb"},"inLanguage":"pt-BR","potentialAction":[{"@type":"ReadAction","target":["https:\/\/www.blogsoestado.com\/evandrojunior\/2021\/08\/30\/othelino-e-flavio-dino-conversam-sobre-projetos-do-executivo-e-inauguracoes-na-baixada\/"]}]},{"@type":"ImageObject","inLanguage":"pt-BR","@id":"https:\/\/www.blogsoestado.com\/evandrojunior\/2021\/08\/30\/othelino-e-flavio-dino-conversam-sobre-projetos-do-executivo-e-inauguracoes-na-baixada\/#primaryimage","url":"https:\/\/www.blogsoestado.com\/evandrojunior\/files\/2021\/08\/Othelino-Palacio-1024x682.jpeg","contentUrl":"https:\/\/www.blogsoestado.com\/evandrojunior\/files\/2021\/08\/Othelino-Palacio-1024x682.jpeg"},{"@type":"BreadcrumbList","@id":"https:\/\/www.blogsoestado.com\/evandrojunior\/2021\/08\/30\/othelino-e-flavio-dino-conversam-sobre-projetos-do-executivo-e-inauguracoes-na-baixada\/#breadcrumb","itemListElement":[{"@type":"ListItem","position":1,"name":"In\u00edcio","item":"https:\/\/www.blogsoestado.com\/evandrojunior\/"},{"@type":"ListItem","position":2,"name":"Othelino e Fl\u00e1vio Dino conversam sobre projetos do Executivo e inaugura\u00e7\u00f5es na Baixada"}]},{"@type":"WebSite","@id":"https:\/\/www.blogsoestado.com\/evandrojunior\/#website","url":"https:\/\/www.blogsoestado.com\/evandrojunior\/","name":"Evandro Junior","description":"","potentialAction":[{"@type":"SearchAction","target":{"@type":"EntryPoint","urlTemplate":"https:\/\/www.blogsoestado.com\/evandrojunior\/?s={search_term_string}"},"query-input":{"@type":"PropertyValueSpecification","valueRequired":true,"valueName":"search_term_string"}}],"inLanguage":"pt-BR"},{"@type":"Person","@id":"https:\/\/www.blogsoestado.com\/evandrojunior\/#\/schema\/person\/3e6c3d8dbb740d1c6878ebc935cfb3be","name":"Evandro Junior","image":{"@type":"ImageObject","inLanguage":"pt-BR","@id":"https:\/\/www.blogsoestado.com\/evandrojunior\/#\/schema\/person\/image\/","url":"https:\/\/secure.gravatar.com\/avatar\/f80a03a2294a580cd2318bfb459bf354cfa8be661ef3d95b542cf9a04af8d129?s=96&d=mm&r=g","contentUrl":"https:\/\/secure.gravatar.com\/avatar\/f80a03a2294a580cd2318bfb459bf354cfa8be661ef3d95b542cf9a04af8d129?s=96&d=mm&r=g","caption":"Evandro Junior"},"url":"https:\/\/www.blogsoestado.com\/evandrojunior\/author\/evandrojunior\/"}]}},"jetpack_featured_media_url":"","_links":{"self":[{"href":"https:\/\/www.blogsoestado.com\/evandrojunior\/wp-json\/wp\/v2\/posts\/4753","targetHints":{"allow":["GET"]}}],"collection":[{"href":"https:\/\/www.blogsoestado.com\/evandrojunior\/wp-json\/wp\/v2\/posts"}],"about":[{"href":"https:\/\/www.blogsoestado.com\/evandrojunior\/wp-json\/wp\/v2\/types\/post"}],"author":[{"embeddable":true,"href":"https:\/\/www.blogsoestado.com\/evandrojunior\/wp-json\/wp\/v2\/users\/4"}],"replies":[{"embeddable":true,"href":"https:\/\/www.blogsoestado.com\/evandrojunior\/wp-json\/wp\/v2\/comments?post=4753"}],"version-history":[{"count":0,"href":"https:\/\/www.blogsoestado.com\/evandrojunior\/wp-json\/wp\/v2\/posts\/4753\/revisions"}],"wp:attachment":[{"href":"https:\/\/www.blogsoestado.com\/evandrojunior\/wp-json\/wp\/v2\/media?parent=4753"}],"wp:term":[{"taxonomy":"category","embeddable":true,"href":"https:\/\/www.blogsoestado.com\/evandrojunior\/wp-json\/wp\/v2\/categories?post=4753"},{"taxonomy":"post_tag","embeddable":true,"href":"https:\/\/www.blogsoestado.com\/evandrojunior\/wp-json\/wp\/v2\/tags?post=4753"}],"curies":[{"name":"wp","href":"https:\/\/api.w.org\/{rel}","templated":true}]}}