{"id":5159,"date":"2021-11-22T17:40:09","date_gmt":"2021-11-22T20:40:09","guid":{"rendered":"https:\/\/www.blogsoestado.com\/evandrojunior\/?p=5159"},"modified":"2021-11-22T17:40:09","modified_gmt":"2021-11-22T20:40:09","slug":"festa-alusiva-aos-35-anos-da-boate-genesis-acontece-nesta-sexta-feira-no-villa-reale","status":"publish","type":"post","link":"https:\/\/www.blogsoestado.com\/evandrojunior\/2021\/11\/22\/festa-alusiva-aos-35-anos-da-boate-genesis-acontece-nesta-sexta-feira-no-villa-reale\/","title":{"rendered":"Festa alusiva aos 35 anos da Boate G\u00eanesis acontece nesta sexta-feira no Villa Reale"},"content":{"rendered":"\n<div class=\"wp-block-image\"><figure class=\"aligncenter size-large is-resized\"><img fetchpriority=\"high\" decoding=\"async\" src=\"https:\/\/www.blogsoestado.com\/evandrojunior\/files\/2021\/11\/WhatsApp-Image-2021-11-22-at-17.31.09-819x1024.jpeg\" alt=\"\" class=\"wp-image-5160\" width=\"472\" height=\"591\"\/><\/figure><\/div>\n\n\n\n<p><strong>S\u00e3o Lu\u00eds <\/strong>&#8211; Os 35 anos da Boate G\u00eanesis, casa de maior sucesso da hist\u00f3ria da noite maranhense, ser\u00e3o comemorados  na pr\u00f3xima sexta-feira, 26, durante festa no Villa Reale Buffet, na Avenida dos Holandeses.<\/p>\n\n\n\n<p>O evento contar\u00e1 com a presen\u00e7a dos DJs oficiais da boate que marcou uma gera\u00e7\u00e3o em S\u00e3o Lu\u00eds: Walter J\u00fanior, Ricardo Pac\u00edfico, Salim Lauande e Edgar Pac\u00edfico. Al\u00e9m deles, o DJ Halden Boy, de Bel\u00e9m (PA), participar\u00e1 como convidado especial.<\/p>\n\n\n\n<div class=\"wp-block-image\"><figure class=\"aligncenter size-large is-resized\"><img decoding=\"async\" src=\"https:\/\/www.blogsoestado.com\/evandrojunior\/files\/2021\/11\/WhatsApp-Image-2021-11-22-at-17.51.57-1024x728.jpeg\" alt=\"\" class=\"wp-image-5162\" width=\"567\" height=\"403\"\/><figcaption>Detalhe da fachada da Boate Genesis <\/figcaption><\/figure><\/div>\n\n\n\n<p>Os ingressos est\u00e3o sendo comercializados na recep\u00e7\u00e3o do Rio Poty Hotel, na Ponta d&#8217;Areia, das 13h \u00e0s 19h, e de forma on-line, pelo www.bilheteriadigital.com, bem como via pix pelo link encurtador.com.br\/artAJ.<\/p>\n\n\n\n<div class=\"wp-block-image\"><figure class=\"aligncenter size-large is-resized\"><img decoding=\"async\" src=\"https:\/\/www.blogsoestado.com\/evandrojunior\/files\/2021\/11\/WhatsApp-Image-2021-11-22-at-17.51.58-1024x702.jpeg\" alt=\"\" class=\"wp-image-5164\" width=\"554\" height=\"379\"\/><figcaption>Imagem antiga da G\u00eanesis mostra DJ e p\u00fablico<\/figcaption><\/figure><\/div>\n\n\n\n<div class=\"wp-block-image\"><figure class=\"aligncenter size-large is-resized\"><img loading=\"lazy\" decoding=\"async\" src=\"https:\/\/www.blogsoestado.com\/evandrojunior\/files\/2021\/11\/WhatsApp-Image-2021-11-22-at-17.59.02-1024x794.jpeg\" alt=\"\" class=\"wp-image-5166\" width=\"539\" height=\"418\"\/><figcaption>A boate era frequentada por figuras de prest\u00edgio da sociedade, como o colunista Pergentino Holanda (centro)<\/figcaption><\/figure><\/div>\n\n\n\n<p><strong>Uma boate emblem\u00e1tica<\/strong><\/p>\n\n\n\n<p>A Boate G\u00eanesis foi inaugurada em abril de 1986, no retorno do Calhau. O projeto resultou do interesse de quatro jovens, que se juntaram para suprir a necessidade de fazer alguma coisa diferente em S\u00e3o Lu\u00eds, al\u00e9m de criar uma estrutura que pudesse ser adequada tanto para os DJs locais quanto para o p\u00fablico. <\/p>\n\n\n\n<p>Eles n\u00e3o s\u00f3 realizaram o sonho como transformaram a noite da capital maranhense, que a partir de ent\u00e3o, n\u00e3o seria mais a mesma. Ricardo Pac\u00edfico, Ars\u00eanio Filho e \u00c1lvaro Carneiro, a convite do DJ Salim Lauande, montaram uma estrutura que se tornaria refer\u00eancia na regi\u00e3o Norte-Nordeste e ponto de encontro da juventude. <\/p>\n\n\n\n<p>As filas dobravam a esquina e as baladas s\u00f3 terminavam com o raiar do sol. Al\u00e9m dos modernos equipamentos de som e ilumina\u00e7\u00e3o, havia tel\u00e3o, neon e camarotes, al\u00e9m da famosa pista girat\u00f3ria, o que fazia da G\u00eanesis a \u00fanica boate da Am\u00e9rica Latina com algo do tipo. <\/p>\n","protected":false},"excerpt":{"rendered":"<p>S\u00e3o Lu\u00eds &#8211; Os 35 anos da Boate G\u00eanesis, casa de maior sucesso da hist\u00f3ria da noite maranhense, ser\u00e3o comemorados [&hellip;]<\/p>\n","protected":false},"author":4,"featured_media":0,"comment_status":"open","ping_status":"open","sticky":false,"template":"","format":"standard","meta":{"site-sidebar-layout":"default","site-content-layout":"","ast-site-content-layout":"default","site-content-style":"default","site-sidebar-style":"default","ast-global-header-display":"","ast-banner-title-visibility":"","ast-main-header-display":"","ast-hfb-above-header-display":"","ast-hfb-below-header-display":"","ast-hfb-mobile-header-display":"","site-post-title":"","ast-breadcrumbs-content":"","ast-featured-img":"","footer-sml-layout":"","ast-disable-related-posts":"","theme-transparent-header-meta":"","adv-header-id-meta":"","stick-header-meta":"","header-above-stick-meta":"","header-main-stick-meta":"","header-below-stick-meta":"","astra-migrate-meta-layouts":"default","ast-page-background-enabled":"default","ast-page-background-meta":{"desktop":{"background-color":"var(--ast-global-color-5)","background-image":"","background-repeat":"repeat","background-position":"center center","background-size":"auto","background-attachment":"scroll","background-type":"","background-media":"","overlay-type":"","overlay-color":"","overlay-opacity":"","overlay-gradient":""},"tablet":{"background-color":"","background-image":"","background-repeat":"repeat","background-position":"center center","background-size":"auto","background-attachment":"scroll","background-type":"","background-media":"","overlay-type":"","overlay-color":"","overlay-opacity":"","overlay-gradient":""},"mobile":{"background-color":"","background-image":"","background-repeat":"repeat","background-position":"center center","background-size":"auto","background-attachment":"scroll","background-type":"","background-media":"","overlay-type":"","overlay-color":"","overlay-opacity":"","overlay-gradient":""}},"ast-content-background-meta":{"desktop":{"background-color":"var(--ast-global-color-4)","background-image":"","background-repeat":"repeat","background-position":"center center","background-size":"auto","background-attachment":"scroll","background-type":"","background-media":"","overlay-type":"","overlay-color":"","overlay-opacity":"","overlay-gradient":""},"tablet":{"background-color":"var(--ast-global-color-4)","background-image":"","background-repeat":"repeat","background-position":"center center","background-size":"auto","background-attachment":"scroll","background-type":"","background-media":"","overlay-type":"","overlay-color":"","overlay-opacity":"","overlay-gradient":""},"mobile":{"background-color":"var(--ast-global-color-4)","background-image":"","background-repeat":"repeat","background-position":"center center","background-size":"auto","background-attachment":"scroll","background-type":"","background-media":"","overlay-type":"","overlay-color":"","overlay-opacity":"","overlay-gradient":""}},"footnotes":""},"categories":[1],"tags":[],"class_list":["post-5159","post","type-post","status-publish","format-standard","hentry","category-sem-categoria"],"yoast_head":"<!-- This site is optimized with the Yoast SEO plugin v26.6 - https:\/\/yoast.com\/wordpress\/plugins\/seo\/ -->\n<title>Festa alusiva aos 35 anos da Boate G\u00eanesis acontece nesta sexta-feira no Villa Reale - Evandro Junior<\/title>\n<meta name=\"robots\" content=\"index, follow, max-snippet:-1, max-image-preview:large, max-video-preview:-1\" \/>\n<link rel=\"canonical\" href=\"https:\/\/www.blogsoestado.com\/evandrojunior\/2021\/11\/22\/festa-alusiva-aos-35-anos-da-boate-genesis-acontece-nesta-sexta-feira-no-villa-reale\/\" \/>\n<meta property=\"og:locale\" content=\"pt_BR\" \/>\n<meta property=\"og:type\" content=\"article\" \/>\n<meta property=\"og:title\" content=\"Festa alusiva aos 35 anos da Boate G\u00eanesis acontece nesta sexta-feira no Villa Reale - Evandro Junior\" \/>\n<meta property=\"og:description\" content=\"S\u00e3o Lu\u00eds &#8211; Os 35 anos da Boate G\u00eanesis, casa de maior sucesso da hist\u00f3ria da noite maranhense, ser\u00e3o comemorados [&hellip;]\" \/>\n<meta property=\"og:url\" content=\"https:\/\/www.blogsoestado.com\/evandrojunior\/2021\/11\/22\/festa-alusiva-aos-35-anos-da-boate-genesis-acontece-nesta-sexta-feira-no-villa-reale\/\" \/>\n<meta property=\"og:site_name\" content=\"Evandro Junior\" \/>\n<meta property=\"article:published_time\" content=\"2021-11-22T20:40:09+00:00\" \/>\n<meta property=\"og:image\" content=\"https:\/\/www.blogsoestado.com\/evandrojunior\/files\/2021\/11\/WhatsApp-Image-2021-11-22-at-17.31.09-819x1024.jpeg\" \/>\n<meta name=\"author\" content=\"Evandro Junior\" \/>\n<meta name=\"twitter:card\" content=\"summary_large_image\" \/>\n<meta name=\"twitter:label1\" content=\"Escrito por\" \/>\n\t<meta name=\"twitter:data1\" content=\"Evandro Junior\" \/>\n\t<meta name=\"twitter:label2\" content=\"Est. tempo de leitura\" \/>\n\t<meta name=\"twitter:data2\" content=\"3 minutos\" \/>\n<script type=\"application\/ld+json\" class=\"yoast-schema-graph\">{\"@context\":\"https:\/\/schema.org\",\"@graph\":[{\"@type\":\"WebPage\",\"@id\":\"https:\/\/www.blogsoestado.com\/evandrojunior\/2021\/11\/22\/festa-alusiva-aos-35-anos-da-boate-genesis-acontece-nesta-sexta-feira-no-villa-reale\/\",\"url\":\"https:\/\/www.blogsoestado.com\/evandrojunior\/2021\/11\/22\/festa-alusiva-aos-35-anos-da-boate-genesis-acontece-nesta-sexta-feira-no-villa-reale\/\",\"name\":\"Festa alusiva aos 35 anos da Boate G\u00eanesis acontece nesta sexta-feira no Villa Reale - Evandro Junior\",\"isPartOf\":{\"@id\":\"https:\/\/www.blogsoestado.com\/evandrojunior\/#website\"},\"primaryImageOfPage\":{\"@id\":\"https:\/\/www.blogsoestado.com\/evandrojunior\/2021\/11\/22\/festa-alusiva-aos-35-anos-da-boate-genesis-acontece-nesta-sexta-feira-no-villa-reale\/#primaryimage\"},\"image\":{\"@id\":\"https:\/\/www.blogsoestado.com\/evandrojunior\/2021\/11\/22\/festa-alusiva-aos-35-anos-da-boate-genesis-acontece-nesta-sexta-feira-no-villa-reale\/#primaryimage\"},\"thumbnailUrl\":\"https:\/\/www.blogsoestado.com\/evandrojunior\/files\/2021\/11\/WhatsApp-Image-2021-11-22-at-17.31.09-819x1024.jpeg\",\"datePublished\":\"2021-11-22T20:40:09+00:00\",\"author\":{\"@id\":\"https:\/\/www.blogsoestado.com\/evandrojunior\/#\/schema\/person\/3e6c3d8dbb740d1c6878ebc935cfb3be\"},\"breadcrumb\":{\"@id\":\"https:\/\/www.blogsoestado.com\/evandrojunior\/2021\/11\/22\/festa-alusiva-aos-35-anos-da-boate-genesis-acontece-nesta-sexta-feira-no-villa-reale\/#breadcrumb\"},\"inLanguage\":\"pt-BR\",\"potentialAction\":[{\"@type\":\"ReadAction\",\"target\":[\"https:\/\/www.blogsoestado.com\/evandrojunior\/2021\/11\/22\/festa-alusiva-aos-35-anos-da-boate-genesis-acontece-nesta-sexta-feira-no-villa-reale\/\"]}]},{\"@type\":\"ImageObject\",\"inLanguage\":\"pt-BR\",\"@id\":\"https:\/\/www.blogsoestado.com\/evandrojunior\/2021\/11\/22\/festa-alusiva-aos-35-anos-da-boate-genesis-acontece-nesta-sexta-feira-no-villa-reale\/#primaryimage\",\"url\":\"https:\/\/www.blogsoestado.com\/evandrojunior\/files\/2021\/11\/WhatsApp-Image-2021-11-22-at-17.31.09-819x1024.jpeg\",\"contentUrl\":\"https:\/\/www.blogsoestado.com\/evandrojunior\/files\/2021\/11\/WhatsApp-Image-2021-11-22-at-17.31.09-819x1024.jpeg\"},{\"@type\":\"BreadcrumbList\",\"@id\":\"https:\/\/www.blogsoestado.com\/evandrojunior\/2021\/11\/22\/festa-alusiva-aos-35-anos-da-boate-genesis-acontece-nesta-sexta-feira-no-villa-reale\/#breadcrumb\",\"itemListElement\":[{\"@type\":\"ListItem\",\"position\":1,\"name\":\"In\u00edcio\",\"item\":\"https:\/\/www.blogsoestado.com\/evandrojunior\/\"},{\"@type\":\"ListItem\",\"position\":2,\"name\":\"Festa alusiva aos 35 anos da Boate G\u00eanesis acontece nesta sexta-feira no Villa Reale\"}]},{\"@type\":\"WebSite\",\"@id\":\"https:\/\/www.blogsoestado.com\/evandrojunior\/#website\",\"url\":\"https:\/\/www.blogsoestado.com\/evandrojunior\/\",\"name\":\"Evandro Junior\",\"description\":\"\",\"potentialAction\":[{\"@type\":\"SearchAction\",\"target\":{\"@type\":\"EntryPoint\",\"urlTemplate\":\"https:\/\/www.blogsoestado.com\/evandrojunior\/?s={search_term_string}\"},\"query-input\":{\"@type\":\"PropertyValueSpecification\",\"valueRequired\":true,\"valueName\":\"search_term_string\"}}],\"inLanguage\":\"pt-BR\"},{\"@type\":\"Person\",\"@id\":\"https:\/\/www.blogsoestado.com\/evandrojunior\/#\/schema\/person\/3e6c3d8dbb740d1c6878ebc935cfb3be\",\"name\":\"Evandro Junior\",\"image\":{\"@type\":\"ImageObject\",\"inLanguage\":\"pt-BR\",\"@id\":\"https:\/\/www.blogsoestado.com\/evandrojunior\/#\/schema\/person\/image\/\",\"url\":\"https:\/\/secure.gravatar.com\/avatar\/f80a03a2294a580cd2318bfb459bf354cfa8be661ef3d95b542cf9a04af8d129?s=96&d=mm&r=g\",\"contentUrl\":\"https:\/\/secure.gravatar.com\/avatar\/f80a03a2294a580cd2318bfb459bf354cfa8be661ef3d95b542cf9a04af8d129?s=96&d=mm&r=g\",\"caption\":\"Evandro Junior\"},\"url\":\"https:\/\/www.blogsoestado.com\/evandrojunior\/author\/evandrojunior\/\"}]}<\/script>\n<!-- \/ Yoast SEO plugin. -->","yoast_head_json":{"title":"Festa alusiva aos 35 anos da Boate G\u00eanesis acontece nesta sexta-feira no Villa Reale - Evandro Junior","robots":{"index":"index","follow":"follow","max-snippet":"max-snippet:-1","max-image-preview":"max-image-preview:large","max-video-preview":"max-video-preview:-1"},"canonical":"https:\/\/www.blogsoestado.com\/evandrojunior\/2021\/11\/22\/festa-alusiva-aos-35-anos-da-boate-genesis-acontece-nesta-sexta-feira-no-villa-reale\/","og_locale":"pt_BR","og_type":"article","og_title":"Festa alusiva aos 35 anos da Boate G\u00eanesis acontece nesta sexta-feira no Villa Reale - Evandro Junior","og_description":"S\u00e3o Lu\u00eds &#8211; Os 35 anos da Boate G\u00eanesis, casa de maior sucesso da hist\u00f3ria da noite maranhense, ser\u00e3o comemorados [&hellip;]","og_url":"https:\/\/www.blogsoestado.com\/evandrojunior\/2021\/11\/22\/festa-alusiva-aos-35-anos-da-boate-genesis-acontece-nesta-sexta-feira-no-villa-reale\/","og_site_name":"Evandro Junior","article_published_time":"2021-11-22T20:40:09+00:00","og_image":[{"url":"https:\/\/www.blogsoestado.com\/evandrojunior\/files\/2021\/11\/WhatsApp-Image-2021-11-22-at-17.31.09-819x1024.jpeg","type":"","width":"","height":""}],"author":"Evandro Junior","twitter_card":"summary_large_image","twitter_misc":{"Escrito por":"Evandro Junior","Est. tempo de leitura":"3 minutos"},"schema":{"@context":"https:\/\/schema.org","@graph":[{"@type":"WebPage","@id":"https:\/\/www.blogsoestado.com\/evandrojunior\/2021\/11\/22\/festa-alusiva-aos-35-anos-da-boate-genesis-acontece-nesta-sexta-feira-no-villa-reale\/","url":"https:\/\/www.blogsoestado.com\/evandrojunior\/2021\/11\/22\/festa-alusiva-aos-35-anos-da-boate-genesis-acontece-nesta-sexta-feira-no-villa-reale\/","name":"Festa alusiva aos 35 anos da Boate G\u00eanesis acontece nesta sexta-feira no Villa Reale - Evandro Junior","isPartOf":{"@id":"https:\/\/www.blogsoestado.com\/evandrojunior\/#website"},"primaryImageOfPage":{"@id":"https:\/\/www.blogsoestado.com\/evandrojunior\/2021\/11\/22\/festa-alusiva-aos-35-anos-da-boate-genesis-acontece-nesta-sexta-feira-no-villa-reale\/#primaryimage"},"image":{"@id":"https:\/\/www.blogsoestado.com\/evandrojunior\/2021\/11\/22\/festa-alusiva-aos-35-anos-da-boate-genesis-acontece-nesta-sexta-feira-no-villa-reale\/#primaryimage"},"thumbnailUrl":"https:\/\/www.blogsoestado.com\/evandrojunior\/files\/2021\/11\/WhatsApp-Image-2021-11-22-at-17.31.09-819x1024.jpeg","datePublished":"2021-11-22T20:40:09+00:00","author":{"@id":"https:\/\/www.blogsoestado.com\/evandrojunior\/#\/schema\/person\/3e6c3d8dbb740d1c6878ebc935cfb3be"},"breadcrumb":{"@id":"https:\/\/www.blogsoestado.com\/evandrojunior\/2021\/11\/22\/festa-alusiva-aos-35-anos-da-boate-genesis-acontece-nesta-sexta-feira-no-villa-reale\/#breadcrumb"},"inLanguage":"pt-BR","potentialAction":[{"@type":"ReadAction","target":["https:\/\/www.blogsoestado.com\/evandrojunior\/2021\/11\/22\/festa-alusiva-aos-35-anos-da-boate-genesis-acontece-nesta-sexta-feira-no-villa-reale\/"]}]},{"@type":"ImageObject","inLanguage":"pt-BR","@id":"https:\/\/www.blogsoestado.com\/evandrojunior\/2021\/11\/22\/festa-alusiva-aos-35-anos-da-boate-genesis-acontece-nesta-sexta-feira-no-villa-reale\/#primaryimage","url":"https:\/\/www.blogsoestado.com\/evandrojunior\/files\/2021\/11\/WhatsApp-Image-2021-11-22-at-17.31.09-819x1024.jpeg","contentUrl":"https:\/\/www.blogsoestado.com\/evandrojunior\/files\/2021\/11\/WhatsApp-Image-2021-11-22-at-17.31.09-819x1024.jpeg"},{"@type":"BreadcrumbList","@id":"https:\/\/www.blogsoestado.com\/evandrojunior\/2021\/11\/22\/festa-alusiva-aos-35-anos-da-boate-genesis-acontece-nesta-sexta-feira-no-villa-reale\/#breadcrumb","itemListElement":[{"@type":"ListItem","position":1,"name":"In\u00edcio","item":"https:\/\/www.blogsoestado.com\/evandrojunior\/"},{"@type":"ListItem","position":2,"name":"Festa alusiva aos 35 anos da Boate G\u00eanesis acontece nesta sexta-feira no Villa Reale"}]},{"@type":"WebSite","@id":"https:\/\/www.blogsoestado.com\/evandrojunior\/#website","url":"https:\/\/www.blogsoestado.com\/evandrojunior\/","name":"Evandro Junior","description":"","potentialAction":[{"@type":"SearchAction","target":{"@type":"EntryPoint","urlTemplate":"https:\/\/www.blogsoestado.com\/evandrojunior\/?s={search_term_string}"},"query-input":{"@type":"PropertyValueSpecification","valueRequired":true,"valueName":"search_term_string"}}],"inLanguage":"pt-BR"},{"@type":"Person","@id":"https:\/\/www.blogsoestado.com\/evandrojunior\/#\/schema\/person\/3e6c3d8dbb740d1c6878ebc935cfb3be","name":"Evandro Junior","image":{"@type":"ImageObject","inLanguage":"pt-BR","@id":"https:\/\/www.blogsoestado.com\/evandrojunior\/#\/schema\/person\/image\/","url":"https:\/\/secure.gravatar.com\/avatar\/f80a03a2294a580cd2318bfb459bf354cfa8be661ef3d95b542cf9a04af8d129?s=96&d=mm&r=g","contentUrl":"https:\/\/secure.gravatar.com\/avatar\/f80a03a2294a580cd2318bfb459bf354cfa8be661ef3d95b542cf9a04af8d129?s=96&d=mm&r=g","caption":"Evandro Junior"},"url":"https:\/\/www.blogsoestado.com\/evandrojunior\/author\/evandrojunior\/"}]}},"jetpack_featured_media_url":"","_links":{"self":[{"href":"https:\/\/www.blogsoestado.com\/evandrojunior\/wp-json\/wp\/v2\/posts\/5159","targetHints":{"allow":["GET"]}}],"collection":[{"href":"https:\/\/www.blogsoestado.com\/evandrojunior\/wp-json\/wp\/v2\/posts"}],"about":[{"href":"https:\/\/www.blogsoestado.com\/evandrojunior\/wp-json\/wp\/v2\/types\/post"}],"author":[{"embeddable":true,"href":"https:\/\/www.blogsoestado.com\/evandrojunior\/wp-json\/wp\/v2\/users\/4"}],"replies":[{"embeddable":true,"href":"https:\/\/www.blogsoestado.com\/evandrojunior\/wp-json\/wp\/v2\/comments?post=5159"}],"version-history":[{"count":0,"href":"https:\/\/www.blogsoestado.com\/evandrojunior\/wp-json\/wp\/v2\/posts\/5159\/revisions"}],"wp:attachment":[{"href":"https:\/\/www.blogsoestado.com\/evandrojunior\/wp-json\/wp\/v2\/media?parent=5159"}],"wp:term":[{"taxonomy":"category","embeddable":true,"href":"https:\/\/www.blogsoestado.com\/evandrojunior\/wp-json\/wp\/v2\/categories?post=5159"},{"taxonomy":"post_tag","embeddable":true,"href":"https:\/\/www.blogsoestado.com\/evandrojunior\/wp-json\/wp\/v2\/tags?post=5159"}],"curies":[{"name":"wp","href":"https:\/\/api.w.org\/{rel}","templated":true}]}}