{"id":5394,"date":"2022-01-14T09:52:09","date_gmt":"2022-01-14T12:52:09","guid":{"rendered":"https:\/\/www.blogsoestado.com\/evandrojunior\/?p=5394"},"modified":"2022-01-14T09:52:09","modified_gmt":"2022-01-14T12:52:09","slug":"othelino-apresenta-pl-que-propoe-passaporte-vacinal-em-estabelecimentos-e-eventos-no-maranhao","status":"publish","type":"post","link":"https:\/\/www.blogsoestado.com\/evandrojunior\/2022\/01\/14\/othelino-apresenta-pl-que-propoe-passaporte-vacinal-em-estabelecimentos-e-eventos-no-maranhao\/","title":{"rendered":"Othelino apresenta PL que prop\u00f5e Passaporte Vacinal em estabelecimentos e eventos no Maranh\u00e3o"},"content":{"rendered":"\n<div class=\"wp-block-image\"><figure class=\"aligncenter size-large is-resized\"><img fetchpriority=\"high\" decoding=\"async\" src=\"https:\/\/www.blogsoestado.com\/evandrojunior\/files\/2022\/01\/Othelino.jpg\" alt=\"\" class=\"wp-image-5395\" width=\"553\" height=\"369\"\/><figcaption>Othelino Neto afirmou que o PL tem como objetivo resguardar a sa\u00fade dos maranhenses e incentivar a vacina\u00e7\u00e3o no estado<br><\/figcaption><\/figure><\/div>\n\n\n\n<p><strong>S\u00e3o Lu\u00eds <\/strong>&#8211; O presidente da Assembleia Legislativa do Maranh\u00e3o, deputado Othelino Neto (PCdoB), apresentou o Projeto de Lei n\u00ba 001\/2022, que prop\u00f5e a obrigatoriedade de apresenta\u00e7\u00e3o do comprovante de imuniza\u00e7\u00e3o contra a Covid-19 (Passaporte da Vacina) para acesso em bares, restaurantes, hot\u00e9is, pousadas, academias e eventos de maneira geral.<\/p>\n\n\n\n<p>Segundo Othelino, o objetivo \u00e9 resguardar a sa\u00fade dos maranhenses e incentivar a vacina\u00e7\u00e3o, uma vez que vem sendo registrado aumento do n\u00famero de casos de contamina\u00e7\u00e3o pelo coronav\u00edrus.<\/p>\n\n\n\n<p>\u201cA vacina\u00e7\u00e3o \u00e9 que tem contribu\u00eddo para que n\u00e3o tenhamos casos graves de Covid-19 e mais interna\u00e7\u00f5es nas unidades de sa\u00fade. Por isso, a exig\u00eancia do Passaporte da Vacina para acesso aos estabelecimentos e eventos que re\u00fanam grande p\u00fablico \u00e9 fundamental, al\u00e9m de ser uma forma de estimular aqueles que ainda n\u00e3o se vacinaram a buscarem a imuniza\u00e7\u00e3o\u201d, afirmou o parlamentar.&nbsp;<\/p>\n\n\n\n<p>De acordo com a proposi\u00e7\u00e3o, o documento f\u00edsico ou eletr\u00f4nico comprovando a vacina\u00e7\u00e3o deve ser exigido pelos estabelecimentos a todos os cidad\u00e3os que, de acordo com a sua idade, j\u00e1 estejam autorizados a tomarem o imunizante contra a Covid-19.&nbsp;<\/p>\n\n\n\n<p>Aqueles que, por motivos m\u00e9dicos, n\u00e3o podem tomar qualquer tipo de imunizante contra a Covid-19 dever\u00e3o comprovar essa condi\u00e7\u00e3o para ter acesso aos estabelecimentos ou eventos.<\/p>\n\n\n\n<p>Ainda conforme o PL, caber\u00e1 aos respons\u00e1veis pelos empreendimentos a cobran\u00e7a do Passaporte da Vacina, que pode ser emitido pela autoridade sanit\u00e1ria de cada munic\u00edpio ou pelo Governo Federal por meio da plataforma ConecteSUS do Minist\u00e9rio da Sa\u00fade.<\/p>\n\n\n\n<p>O texto prev\u00ea ainda que, em caso de descumprimento da norma, caber\u00e1 \u00e0s autoridades sanit\u00e1rias a aplica\u00e7\u00e3o de eventuais san\u00e7\u00f5es.<\/p>\n\n\n\n<p>O PL foi publicado no Di\u00e1rio Oficial da Casa, na quarta-feira (12), e passar\u00e1 ainda pelas comiss\u00f5es tem\u00e1ticas de Constitui\u00e7\u00e3o, Justi\u00e7a e Cidadania (CCJ) e Sa\u00fade para receber parecer antes de ir \u00e0 vota\u00e7\u00e3o no&nbsp; Plen\u00e1rio, em fevereiro, no retorno dos trabalhos.<\/p>\n","protected":false},"excerpt":{"rendered":"<p>S\u00e3o Lu\u00eds &#8211; O presidente da Assembleia Legislativa do Maranh\u00e3o, deputado Othelino Neto (PCdoB), apresentou o Projeto de Lei n\u00ba [&hellip;]<\/p>\n","protected":false},"author":4,"featured_media":0,"comment_status":"open","ping_status":"open","sticky":false,"template":"","format":"standard","meta":{"site-sidebar-layout":"default","site-content-layout":"","ast-site-content-layout":"default","site-content-style":"default","site-sidebar-style":"default","ast-global-header-display":"","ast-banner-title-visibility":"","ast-main-header-display":"","ast-hfb-above-header-display":"","ast-hfb-below-header-display":"","ast-hfb-mobile-header-display":"","site-post-title":"","ast-breadcrumbs-content":"","ast-featured-img":"","footer-sml-layout":"","ast-disable-related-posts":"","theme-transparent-header-meta":"","adv-header-id-meta":"","stick-header-meta":"","header-above-stick-meta":"","header-main-stick-meta":"","header-below-stick-meta":"","astra-migrate-meta-layouts":"default","ast-page-background-enabled":"default","ast-page-background-meta":{"desktop":{"background-color":"var(--ast-global-color-5)","background-image":"","background-repeat":"repeat","background-position":"center center","background-size":"auto","background-attachment":"scroll","background-type":"","background-media":"","overlay-type":"","overlay-color":"","overlay-opacity":"","overlay-gradient":""},"tablet":{"background-color":"","background-image":"","background-repeat":"repeat","background-position":"center center","background-size":"auto","background-attachment":"scroll","background-type":"","background-media":"","overlay-type":"","overlay-color":"","overlay-opacity":"","overlay-gradient":""},"mobile":{"background-color":"","background-image":"","background-repeat":"repeat","background-position":"center center","background-size":"auto","background-attachment":"scroll","background-type":"","background-media":"","overlay-type":"","overlay-color":"","overlay-opacity":"","overlay-gradient":""}},"ast-content-background-meta":{"desktop":{"background-color":"var(--ast-global-color-4)","background-image":"","background-repeat":"repeat","background-position":"center center","background-size":"auto","background-attachment":"scroll","background-type":"","background-media":"","overlay-type":"","overlay-color":"","overlay-opacity":"","overlay-gradient":""},"tablet":{"background-color":"var(--ast-global-color-4)","background-image":"","background-repeat":"repeat","background-position":"center center","background-size":"auto","background-attachment":"scroll","background-type":"","background-media":"","overlay-type":"","overlay-color":"","overlay-opacity":"","overlay-gradient":""},"mobile":{"background-color":"var(--ast-global-color-4)","background-image":"","background-repeat":"repeat","background-position":"center center","background-size":"auto","background-attachment":"scroll","background-type":"","background-media":"","overlay-type":"","overlay-color":"","overlay-opacity":"","overlay-gradient":""}},"footnotes":""},"categories":[1],"tags":[],"class_list":["post-5394","post","type-post","status-publish","format-standard","hentry","category-sem-categoria"],"yoast_head":"<!-- This site is optimized with the Yoast SEO plugin v26.6 - https:\/\/yoast.com\/wordpress\/plugins\/seo\/ -->\n<title>Othelino apresenta PL que prop\u00f5e Passaporte Vacinal em estabelecimentos e eventos no Maranh\u00e3o - Evandro Junior<\/title>\n<meta name=\"robots\" content=\"index, follow, max-snippet:-1, max-image-preview:large, max-video-preview:-1\" \/>\n<link rel=\"canonical\" href=\"https:\/\/www.blogsoestado.com\/evandrojunior\/2022\/01\/14\/othelino-apresenta-pl-que-propoe-passaporte-vacinal-em-estabelecimentos-e-eventos-no-maranhao\/\" \/>\n<meta property=\"og:locale\" content=\"pt_BR\" \/>\n<meta property=\"og:type\" content=\"article\" \/>\n<meta property=\"og:title\" content=\"Othelino apresenta PL que prop\u00f5e Passaporte Vacinal em estabelecimentos e eventos no Maranh\u00e3o - Evandro Junior\" \/>\n<meta property=\"og:description\" content=\"S\u00e3o Lu\u00eds &#8211; O presidente da Assembleia Legislativa do Maranh\u00e3o, deputado Othelino Neto (PCdoB), apresentou o Projeto de Lei n\u00ba [&hellip;]\" \/>\n<meta property=\"og:url\" content=\"https:\/\/www.blogsoestado.com\/evandrojunior\/2022\/01\/14\/othelino-apresenta-pl-que-propoe-passaporte-vacinal-em-estabelecimentos-e-eventos-no-maranhao\/\" \/>\n<meta property=\"og:site_name\" content=\"Evandro Junior\" \/>\n<meta property=\"article:published_time\" content=\"2022-01-14T12:52:09+00:00\" \/>\n<meta property=\"og:image\" content=\"https:\/\/www.blogsoestado.com\/evandrojunior\/files\/2022\/01\/Othelino.jpg\" \/>\n<meta name=\"author\" content=\"Evandro Junior\" \/>\n<meta name=\"twitter:card\" content=\"summary_large_image\" \/>\n<meta name=\"twitter:label1\" content=\"Escrito por\" \/>\n\t<meta name=\"twitter:data1\" content=\"Evandro Junior\" \/>\n\t<meta name=\"twitter:label2\" content=\"Est. tempo de leitura\" \/>\n\t<meta name=\"twitter:data2\" content=\"2 minutos\" \/>\n<script type=\"application\/ld+json\" class=\"yoast-schema-graph\">{\"@context\":\"https:\/\/schema.org\",\"@graph\":[{\"@type\":\"WebPage\",\"@id\":\"https:\/\/www.blogsoestado.com\/evandrojunior\/2022\/01\/14\/othelino-apresenta-pl-que-propoe-passaporte-vacinal-em-estabelecimentos-e-eventos-no-maranhao\/\",\"url\":\"https:\/\/www.blogsoestado.com\/evandrojunior\/2022\/01\/14\/othelino-apresenta-pl-que-propoe-passaporte-vacinal-em-estabelecimentos-e-eventos-no-maranhao\/\",\"name\":\"Othelino apresenta PL que prop\u00f5e Passaporte Vacinal em estabelecimentos e eventos no Maranh\u00e3o - Evandro Junior\",\"isPartOf\":{\"@id\":\"https:\/\/www.blogsoestado.com\/evandrojunior\/#website\"},\"primaryImageOfPage\":{\"@id\":\"https:\/\/www.blogsoestado.com\/evandrojunior\/2022\/01\/14\/othelino-apresenta-pl-que-propoe-passaporte-vacinal-em-estabelecimentos-e-eventos-no-maranhao\/#primaryimage\"},\"image\":{\"@id\":\"https:\/\/www.blogsoestado.com\/evandrojunior\/2022\/01\/14\/othelino-apresenta-pl-que-propoe-passaporte-vacinal-em-estabelecimentos-e-eventos-no-maranhao\/#primaryimage\"},\"thumbnailUrl\":\"https:\/\/www.blogsoestado.com\/evandrojunior\/files\/2022\/01\/Othelino.jpg\",\"datePublished\":\"2022-01-14T12:52:09+00:00\",\"author\":{\"@id\":\"https:\/\/www.blogsoestado.com\/evandrojunior\/#\/schema\/person\/3e6c3d8dbb740d1c6878ebc935cfb3be\"},\"breadcrumb\":{\"@id\":\"https:\/\/www.blogsoestado.com\/evandrojunior\/2022\/01\/14\/othelino-apresenta-pl-que-propoe-passaporte-vacinal-em-estabelecimentos-e-eventos-no-maranhao\/#breadcrumb\"},\"inLanguage\":\"pt-BR\",\"potentialAction\":[{\"@type\":\"ReadAction\",\"target\":[\"https:\/\/www.blogsoestado.com\/evandrojunior\/2022\/01\/14\/othelino-apresenta-pl-que-propoe-passaporte-vacinal-em-estabelecimentos-e-eventos-no-maranhao\/\"]}]},{\"@type\":\"ImageObject\",\"inLanguage\":\"pt-BR\",\"@id\":\"https:\/\/www.blogsoestado.com\/evandrojunior\/2022\/01\/14\/othelino-apresenta-pl-que-propoe-passaporte-vacinal-em-estabelecimentos-e-eventos-no-maranhao\/#primaryimage\",\"url\":\"https:\/\/www.blogsoestado.com\/evandrojunior\/files\/2022\/01\/Othelino.jpg\",\"contentUrl\":\"https:\/\/www.blogsoestado.com\/evandrojunior\/files\/2022\/01\/Othelino.jpg\"},{\"@type\":\"BreadcrumbList\",\"@id\":\"https:\/\/www.blogsoestado.com\/evandrojunior\/2022\/01\/14\/othelino-apresenta-pl-que-propoe-passaporte-vacinal-em-estabelecimentos-e-eventos-no-maranhao\/#breadcrumb\",\"itemListElement\":[{\"@type\":\"ListItem\",\"position\":1,\"name\":\"In\u00edcio\",\"item\":\"https:\/\/www.blogsoestado.com\/evandrojunior\/\"},{\"@type\":\"ListItem\",\"position\":2,\"name\":\"Othelino apresenta PL que prop\u00f5e Passaporte Vacinal em estabelecimentos e eventos no Maranh\u00e3o\"}]},{\"@type\":\"WebSite\",\"@id\":\"https:\/\/www.blogsoestado.com\/evandrojunior\/#website\",\"url\":\"https:\/\/www.blogsoestado.com\/evandrojunior\/\",\"name\":\"Evandro Junior\",\"description\":\"\",\"potentialAction\":[{\"@type\":\"SearchAction\",\"target\":{\"@type\":\"EntryPoint\",\"urlTemplate\":\"https:\/\/www.blogsoestado.com\/evandrojunior\/?s={search_term_string}\"},\"query-input\":{\"@type\":\"PropertyValueSpecification\",\"valueRequired\":true,\"valueName\":\"search_term_string\"}}],\"inLanguage\":\"pt-BR\"},{\"@type\":\"Person\",\"@id\":\"https:\/\/www.blogsoestado.com\/evandrojunior\/#\/schema\/person\/3e6c3d8dbb740d1c6878ebc935cfb3be\",\"name\":\"Evandro Junior\",\"image\":{\"@type\":\"ImageObject\",\"inLanguage\":\"pt-BR\",\"@id\":\"https:\/\/www.blogsoestado.com\/evandrojunior\/#\/schema\/person\/image\/\",\"url\":\"https:\/\/secure.gravatar.com\/avatar\/f80a03a2294a580cd2318bfb459bf354cfa8be661ef3d95b542cf9a04af8d129?s=96&d=mm&r=g\",\"contentUrl\":\"https:\/\/secure.gravatar.com\/avatar\/f80a03a2294a580cd2318bfb459bf354cfa8be661ef3d95b542cf9a04af8d129?s=96&d=mm&r=g\",\"caption\":\"Evandro Junior\"},\"url\":\"https:\/\/www.blogsoestado.com\/evandrojunior\/author\/evandrojunior\/\"}]}<\/script>\n<!-- \/ Yoast SEO plugin. -->","yoast_head_json":{"title":"Othelino apresenta PL que prop\u00f5e Passaporte Vacinal em estabelecimentos e eventos no Maranh\u00e3o - Evandro Junior","robots":{"index":"index","follow":"follow","max-snippet":"max-snippet:-1","max-image-preview":"max-image-preview:large","max-video-preview":"max-video-preview:-1"},"canonical":"https:\/\/www.blogsoestado.com\/evandrojunior\/2022\/01\/14\/othelino-apresenta-pl-que-propoe-passaporte-vacinal-em-estabelecimentos-e-eventos-no-maranhao\/","og_locale":"pt_BR","og_type":"article","og_title":"Othelino apresenta PL que prop\u00f5e Passaporte Vacinal em estabelecimentos e eventos no Maranh\u00e3o - Evandro Junior","og_description":"S\u00e3o Lu\u00eds &#8211; O presidente da Assembleia Legislativa do Maranh\u00e3o, deputado Othelino Neto (PCdoB), apresentou o Projeto de Lei n\u00ba [&hellip;]","og_url":"https:\/\/www.blogsoestado.com\/evandrojunior\/2022\/01\/14\/othelino-apresenta-pl-que-propoe-passaporte-vacinal-em-estabelecimentos-e-eventos-no-maranhao\/","og_site_name":"Evandro Junior","article_published_time":"2022-01-14T12:52:09+00:00","og_image":[{"url":"https:\/\/www.blogsoestado.com\/evandrojunior\/files\/2022\/01\/Othelino.jpg","type":"","width":"","height":""}],"author":"Evandro Junior","twitter_card":"summary_large_image","twitter_misc":{"Escrito por":"Evandro Junior","Est. tempo de leitura":"2 minutos"},"schema":{"@context":"https:\/\/schema.org","@graph":[{"@type":"WebPage","@id":"https:\/\/www.blogsoestado.com\/evandrojunior\/2022\/01\/14\/othelino-apresenta-pl-que-propoe-passaporte-vacinal-em-estabelecimentos-e-eventos-no-maranhao\/","url":"https:\/\/www.blogsoestado.com\/evandrojunior\/2022\/01\/14\/othelino-apresenta-pl-que-propoe-passaporte-vacinal-em-estabelecimentos-e-eventos-no-maranhao\/","name":"Othelino apresenta PL que prop\u00f5e Passaporte Vacinal em estabelecimentos e eventos no Maranh\u00e3o - Evandro Junior","isPartOf":{"@id":"https:\/\/www.blogsoestado.com\/evandrojunior\/#website"},"primaryImageOfPage":{"@id":"https:\/\/www.blogsoestado.com\/evandrojunior\/2022\/01\/14\/othelino-apresenta-pl-que-propoe-passaporte-vacinal-em-estabelecimentos-e-eventos-no-maranhao\/#primaryimage"},"image":{"@id":"https:\/\/www.blogsoestado.com\/evandrojunior\/2022\/01\/14\/othelino-apresenta-pl-que-propoe-passaporte-vacinal-em-estabelecimentos-e-eventos-no-maranhao\/#primaryimage"},"thumbnailUrl":"https:\/\/www.blogsoestado.com\/evandrojunior\/files\/2022\/01\/Othelino.jpg","datePublished":"2022-01-14T12:52:09+00:00","author":{"@id":"https:\/\/www.blogsoestado.com\/evandrojunior\/#\/schema\/person\/3e6c3d8dbb740d1c6878ebc935cfb3be"},"breadcrumb":{"@id":"https:\/\/www.blogsoestado.com\/evandrojunior\/2022\/01\/14\/othelino-apresenta-pl-que-propoe-passaporte-vacinal-em-estabelecimentos-e-eventos-no-maranhao\/#breadcrumb"},"inLanguage":"pt-BR","potentialAction":[{"@type":"ReadAction","target":["https:\/\/www.blogsoestado.com\/evandrojunior\/2022\/01\/14\/othelino-apresenta-pl-que-propoe-passaporte-vacinal-em-estabelecimentos-e-eventos-no-maranhao\/"]}]},{"@type":"ImageObject","inLanguage":"pt-BR","@id":"https:\/\/www.blogsoestado.com\/evandrojunior\/2022\/01\/14\/othelino-apresenta-pl-que-propoe-passaporte-vacinal-em-estabelecimentos-e-eventos-no-maranhao\/#primaryimage","url":"https:\/\/www.blogsoestado.com\/evandrojunior\/files\/2022\/01\/Othelino.jpg","contentUrl":"https:\/\/www.blogsoestado.com\/evandrojunior\/files\/2022\/01\/Othelino.jpg"},{"@type":"BreadcrumbList","@id":"https:\/\/www.blogsoestado.com\/evandrojunior\/2022\/01\/14\/othelino-apresenta-pl-que-propoe-passaporte-vacinal-em-estabelecimentos-e-eventos-no-maranhao\/#breadcrumb","itemListElement":[{"@type":"ListItem","position":1,"name":"In\u00edcio","item":"https:\/\/www.blogsoestado.com\/evandrojunior\/"},{"@type":"ListItem","position":2,"name":"Othelino apresenta PL que prop\u00f5e Passaporte Vacinal em estabelecimentos e eventos no Maranh\u00e3o"}]},{"@type":"WebSite","@id":"https:\/\/www.blogsoestado.com\/evandrojunior\/#website","url":"https:\/\/www.blogsoestado.com\/evandrojunior\/","name":"Evandro Junior","description":"","potentialAction":[{"@type":"SearchAction","target":{"@type":"EntryPoint","urlTemplate":"https:\/\/www.blogsoestado.com\/evandrojunior\/?s={search_term_string}"},"query-input":{"@type":"PropertyValueSpecification","valueRequired":true,"valueName":"search_term_string"}}],"inLanguage":"pt-BR"},{"@type":"Person","@id":"https:\/\/www.blogsoestado.com\/evandrojunior\/#\/schema\/person\/3e6c3d8dbb740d1c6878ebc935cfb3be","name":"Evandro Junior","image":{"@type":"ImageObject","inLanguage":"pt-BR","@id":"https:\/\/www.blogsoestado.com\/evandrojunior\/#\/schema\/person\/image\/","url":"https:\/\/secure.gravatar.com\/avatar\/f80a03a2294a580cd2318bfb459bf354cfa8be661ef3d95b542cf9a04af8d129?s=96&d=mm&r=g","contentUrl":"https:\/\/secure.gravatar.com\/avatar\/f80a03a2294a580cd2318bfb459bf354cfa8be661ef3d95b542cf9a04af8d129?s=96&d=mm&r=g","caption":"Evandro Junior"},"url":"https:\/\/www.blogsoestado.com\/evandrojunior\/author\/evandrojunior\/"}]}},"jetpack_featured_media_url":"","_links":{"self":[{"href":"https:\/\/www.blogsoestado.com\/evandrojunior\/wp-json\/wp\/v2\/posts\/5394","targetHints":{"allow":["GET"]}}],"collection":[{"href":"https:\/\/www.blogsoestado.com\/evandrojunior\/wp-json\/wp\/v2\/posts"}],"about":[{"href":"https:\/\/www.blogsoestado.com\/evandrojunior\/wp-json\/wp\/v2\/types\/post"}],"author":[{"embeddable":true,"href":"https:\/\/www.blogsoestado.com\/evandrojunior\/wp-json\/wp\/v2\/users\/4"}],"replies":[{"embeddable":true,"href":"https:\/\/www.blogsoestado.com\/evandrojunior\/wp-json\/wp\/v2\/comments?post=5394"}],"version-history":[{"count":0,"href":"https:\/\/www.blogsoestado.com\/evandrojunior\/wp-json\/wp\/v2\/posts\/5394\/revisions"}],"wp:attachment":[{"href":"https:\/\/www.blogsoestado.com\/evandrojunior\/wp-json\/wp\/v2\/media?parent=5394"}],"wp:term":[{"taxonomy":"category","embeddable":true,"href":"https:\/\/www.blogsoestado.com\/evandrojunior\/wp-json\/wp\/v2\/categories?post=5394"},{"taxonomy":"post_tag","embeddable":true,"href":"https:\/\/www.blogsoestado.com\/evandrojunior\/wp-json\/wp\/v2\/tags?post=5394"}],"curies":[{"name":"wp","href":"https:\/\/api.w.org\/{rel}","templated":true}]}}