{"id":5422,"date":"2022-01-29T07:00:00","date_gmt":"2022-01-29T10:00:00","guid":{"rendered":"https:\/\/www.blogsoestado.com\/evandrojunior\/?p=5422"},"modified":"2022-01-29T07:00:00","modified_gmt":"2022-01-29T10:00:00","slug":"tapete-vermelho-carla-lima-clovis-cabalau-e-gilberto-leda-comandam-o-cartas-na-mesa-no-imirante","status":"publish","type":"post","link":"https:\/\/www.blogsoestado.com\/evandrojunior\/2022\/01\/29\/tapete-vermelho-carla-lima-clovis-cabalau-e-gilberto-leda-comandam-o-cartas-na-mesa-no-imirante\/","title":{"rendered":"Tapete Vermelho: Carla Lima, Cl\u00f3vis Cabalau e Gilberto Leda comandam o &#8216;Cartas na Mesa&#8217; no Imirante"},"content":{"rendered":"\n<div class=\"wp-block-image\"><figure class=\"aligncenter size-large is-resized\"><img fetchpriority=\"high\" decoding=\"async\" src=\"https:\/\/www.blogsoestado.com\/evandrojunior\/files\/2022\/01\/WhatsApp-Image-2022-01-26-at-20.36.23.jpeg\" alt=\"\" class=\"wp-image-5423\" width=\"579\" height=\"434\"\/><figcaption>Os jornalistas Cl\u00f3vis Cabalau, Carla Lima e Gilberto Leda, do Imirante.com, est\u00e3o sempre<br>muito bem informados sobre os bastidores da pol\u00edtica maranhense, um assunto que ganha<br>for\u00e7a devido \u00e0s elei\u00e7\u00f5es de 2022. No registro, os tr\u00eas aparecem em um dos est\u00fadios do Grupo<br>Mirante, ap\u00f3s mais um dia de grava\u00e7\u00e3o para o &#8220;Cartas na Mesa&#8221;<\/figcaption><\/figure><\/div>\n\n\n\n<p><strong>Carnaval no Rio<\/strong><\/p>\n\n\n\n<p>O&nbsp;Carnaval deste ano no Rio de Janeiro, embora tenha perdido os blocos de rua, ainda vai acontecer na&nbsp;Sapuca\u00ed. A diferen\u00e7a ser\u00e1 a data: antes marcados para o fim de fevereiro, agora os&nbsp;desfiles foram remanejados para daqui a tr\u00eas meses. A ideia \u00e9 que o Grupo Especial, que mant\u00e9m os preparativos a todo valor para entregar fantasias e carros aleg\u00f3ricos a tempo, se apresente nos dias&nbsp;22 e 23 de abril, mesmas datas dos desfiles de S\u00e3o Paulo.<\/p>\n\n\n\n<p><strong>Desfile das campe\u00e3s<\/strong><\/p>\n\n\n\n<p>A apura\u00e7\u00e3o est\u00e1 marcada para o dia 26, enquanto que o desfile das campe\u00e3s foi adiado para 30 de abril. J\u00e1 os grupos de acesso, que agora se chamam S\u00e9rie Ouro, dividem-se entre os dias 20 e 21 de abril, ou seja, quarta e quinta-feira.<\/p>\n\n\n\n<p>&#8212;&#8212;&#8212;&#8212;&#8212;&#8212;&#8212;&#8212;&#8212;&#8212;&#8212;&#8212;&#8212;&#8212;&#8212;&#8212;&#8212;&#8212;&#8212;&#8211;<\/p>\n\n\n\n<p><strong>Cen\u00e1rio nacional<\/strong><\/p>\n\n\n\n<p>Analisando o cen\u00e1rio nacional, podemos dizer que a tend\u00eancia \u00e9 que, no in\u00edcio de qualquer corrida eleitoral, os&nbsp;players&nbsp;mais conhecidos disparem nas primeiras pesquisas e, ao longo da campanha, conforme os eleitores v\u00e3o conhecendo as op\u00e7\u00f5es, esses n\u00fameros v\u00e3o se pulverizando para os outros concorrentes.<\/p>\n\n\n\n<p><strong>Quebrando paradigmas<\/strong><\/p>\n\n\n\n<p>Mas o que causa estranheza \u00e9 o presidente Bolsonaro aparecer com a metade das inten\u00e7\u00f5es de voto de Lula em praticamente todas as pesquisas. Desde a redemocratiza\u00e7\u00e3o, um candidato que disputa as elei\u00e7\u00f5es n\u00e3o figura em primeiro. Neste ponto, Bolsonaro segue quebrando os paradigmas da ci\u00eancia pol\u00edtica.&nbsp;<\/p>\n\n\n\n<div class=\"wp-block-image\"><figure class=\"aligncenter size-large is-resized\"><img decoding=\"async\" src=\"https:\/\/www.blogsoestado.com\/evandrojunior\/files\/2022\/01\/Foto-2.png\" alt=\"\" class=\"wp-image-5424\" width=\"556\" height=\"562\"\/><figcaption>&nbsp;O cantor Guto Ximenes durante uma contagiante apresenta\u00e7\u00e3o no Casar\u00e3o Colonial, que \u00e9 o mais prestigiado espa\u00e7o musical do Centro Hist\u00f3rico de S\u00e3o Lu\u00eds. \u00c9 o endere\u00e7o da sintonia entre a juventude e a ala adulta com esp\u00edrito jovem. As performances dos artistas s\u00e3o sempre marcantes, dada a energia do lugar, algo sempre destacado por seus frequentadores<br><strong>&nbsp;<\/strong><\/figcaption><\/figure><\/div>\n\n\n\n<p>&#8212;&#8212;&#8212;&#8212;&#8212;&#8212;&#8212;&#8212;&#8212;&#8212;&#8212;&#8212;&#8212;&#8212;&#8212;&#8212;&#8212;&#8212;&#8212;&#8211;<\/p>\n\n\n\n<p><strong>Umidade e mofo<\/strong><\/p>\n\n\n\n<p>Um dos grandes aliados da sa\u00fade pulmonar \u00e9 manter os ambientes da casa e do trabalho livres de umidade e mofo. Quem quiser saber mais sobre esse tema, n\u00e3o deve perder o workshop gratuito que a Potiguar promove neste s\u00e1bado em parceria com a Sika, \u00e0s 9h30, na unidade do bairro Cohafuma. As inscri\u00e7\u00f5es podem ser feitas no link da bio no Instagram @potiguarhomecenter.<\/p>\n\n\n\n<p><strong>Evitando preju\u00edzos materiais<\/strong><\/p>\n\n\n\n<p>O instrutor Jo\u00e3o Pinheiro, representante da Sika, dar\u00e1 orienta\u00e7\u00f5es sobre como impermeabilizar a casa e evitar preju\u00edzos materiais e, claro, manter a sa\u00fade em alta. O evento \u201cComo proteger sua casa contra unidade e mofo\u201d \u00e9 gratuito e aberto ao p\u00fablico.&nbsp;<\/p>\n\n\n\n<p>&#8212;&#8212;&#8212;&#8212;&#8212;&#8212;&#8212;&#8212;&#8212;&#8212;&#8212;&#8212;&#8212;&#8212;&#8212;&#8212;&#8212;&#8212;&#8212;&#8211;<\/p>\n\n\n\n<div class=\"wp-block-image\"><figure class=\"aligncenter size-large is-resized\"><img decoding=\"async\" src=\"https:\/\/www.blogsoestado.com\/evandrojunior\/files\/2022\/01\/WhatsApp-Image-2022-01-27-at-12.38.17-1-819x1024.jpeg\" alt=\"\" class=\"wp-image-5425\" width=\"415\" height=\"519\"\/><figcaption>No mesmo Casar\u00e3o Colonial, a ex-deputada estadual Andr\u00e9a Murad aproveitando um fim de tarde de domingo. Ela mostra a pulseira comprobat\u00f3ria das doses de vacina que tomou contra o novo coronav\u00edrus, a qual lhe garantiu acesso ao espa\u00e7o e uma divers\u00e3o segura<\/figcaption><\/figure><\/div>\n\n\n\n<p><strong>Cuidados Farmac\u00eauticos<\/strong><\/p>\n\n\n\n<p>A Liga Acad\u00eamica de Cuidados Farmac\u00eauticos da Universidade Federal do Maranh\u00e3o abriu inscri\u00e7\u00f5es para a sele\u00e7\u00e3o de discentes dos cursos de Farm\u00e1cia, Enfermagem, Nutri\u00e7\u00e3o e Psicologia para integrarem as atividades da Liga. As inscri\u00e7\u00f5es s\u00e3o gratuitas e devem ser realizadas virtualmente. A prova ser\u00e1 realizada em 7 de mar\u00e7o, pelo Google Forms.<\/p>\n\n\n\n<p>&#8212;&#8212;&#8212;&#8212;&#8212;&#8212;&#8212;&#8212;&#8212;&#8212;&#8212;&#8212;&#8212;&#8212;&#8212;&#8212;&#8212;&#8212;&#8212;&#8211;<\/p>\n\n\n\n<p><strong>Lei de Licita\u00e7\u00f5es<\/strong><\/p>\n\n\n\n<p>Em vigor desde 1\u00ba de abril de 2021, a nova lei de licita\u00e7\u00f5es e contratos estabelece diretrizes gerais sobre licita\u00e7\u00f5es e contrata\u00e7\u00f5es p\u00fablicas. A Lei 14.133 unifica a legisla\u00e7\u00e3o federal sobre esta tem\u00e1tica, al\u00e9m de apresentar novidades e altera\u00e7\u00f5es significativas para os setores administrativos.<\/p>\n\n\n\n<p><strong>Mudan\u00e7as e atualiza\u00e7\u00f5es<\/strong><\/p>\n\n\n\n<p>Para elucidar as mudan\u00e7as e atualiza\u00e7\u00f5es a respeito desta nova lei, a&nbsp;Editora Almedina Brasil&nbsp;lan\u00e7a a obra&nbsp;Coment\u00e1rios \u00e0 Nova Lei de Licita\u00e7\u00f5es P\u00fablicas e Contratos Administrativos,&nbsp;dos advogados e consultores Antonio Cec\u00edlio Moreira Pires e Aniello Parziale.<\/p>\n\n\n\n<p><strong>Coment\u00e1rios de artigos<\/strong><\/p>\n\n\n\n<p>Por meio de uma an\u00e1lise minuciosa, os autores comentam os 194 artigos desta que representa uma das mais importantes altera\u00e7\u00f5es legislativas ocorridas no ano de 2021. A obra \u00e9 essencial para os profissionais que atuam com contrata\u00e7\u00f5es p\u00fablicas e pode ser utilizada para orientar e subsidiar decis\u00f5es no dia a dia.<\/p>\n\n\n\n<p>&#8212;&#8212;&#8212;&#8212;&#8212;&#8212;&#8212;&#8212;&#8212;&#8212;&#8212;&#8212;&#8212;&#8212;&#8212;&#8212;&#8212;&#8212;&#8212;&#8211;<\/p>\n\n\n\n<p><strong>Parceria com Unisinos<\/strong><\/p>\n\n\n\n<p>A Faculdade de Neg\u00f3cios Faene firmou parceria com a Universidade do Vale do Rio dos Sinos (Unisinos), do Rio Grande do Sul, para ofertar cursos de Mestrado e Doutorado, j\u00e1 que essa institui\u00e7\u00e3o \u00e9 refer\u00eancia na modalidade a dist\u00e2ncia.&nbsp;Seu corpo docente \u00e9 composto por professores com forma\u00e7\u00e3o acad\u00eamica e s\u00f3lida experi\u00eancia de mercado. Al\u00e9m disso, a din\u00e2mica das aulas exige disciplina e organiza\u00e7\u00e3o.&nbsp;<\/p>\n\n\n\n<p>&#8212;&#8212;&#8212;&#8212;&#8212;&#8212;&#8212;&#8212;&#8212;&#8212;&#8212;&#8211;<\/p>\n\n\n\n<p>&#8211; O espet\u00e1culo P\u00e3o com Ovo est\u00e1 em cartaz no Teatro Arthur Azevedo at\u00e9 domingo. Desta vez, o convidado especial ser\u00e1 o comediante Andrey Monteiro.<\/p>\n\n\n\n<p>&#8211; Parte da renda do espet\u00e1culo ser\u00e1 destinada aos desabrigados das enchentes no Maranh\u00e3o. Ali\u00e1s, o projeto campe\u00e3o de bilheteria neste estado est\u00e1 comemorando dez anos de sucesso.<\/p>\n\n\n\n<p>&#8211; O Minist\u00e9rio do Turismo investir\u00e1 mais de R$ 3,9 milh\u00f5es em obras de melhoria das orlas no Maranh\u00e3o. Os munic\u00edpios de&nbsp;Viana, Lago do Junco, Sucupira do Riach\u00e3o e Arari&nbsp;est\u00e3o entre os beneficiados com recursos.<\/p>\n\n\n\n<p>&#8211; O objetivo da a\u00e7\u00e3o&nbsp;\u00e9 expandir o turismo nesses locais&nbsp;e contribuir para o fomento econ\u00f4mico e de renda da popula\u00e7\u00e3o.<\/p>\n\n\n\n<p>&#8211; Para Viana, por exemplo, ser\u00e3o quase R$ 2 milh\u00f5es para pavimenta\u00e7\u00e3o do acesso \u00e0 orla do lago Aquari, um dos principais atrativos da cidade.&nbsp;<\/p>\n\n\n\n<p>&#8211; Em Arari, o montante de R$ 1,9 milh\u00e3o ser\u00e1 utilizado para o cal\u00e7amento do acesso ao rio Mearim.<\/p>\n\n\n\n<p>&#8211; Com as melhorias, a expectativa \u00e9 que haja aumento do n\u00famero de visitantes e, consequentemente, das atividades econ\u00f4micas oriundas do turismo nas localidades.<\/p>\n\n\n\n<p>&#8211; Mais um restaurante popular foi inaugurado, esta semana, no munic\u00edpio de S\u00e3o Jos\u00e9 de Ribamar. A log\u00edstica de funcionamento ficar\u00e1 a cargo do Governo do Estado.<\/p>\n\n\n\n<p>&#8211; O restaurante oferecer\u00e1 750 refei\u00e7\u00f5es por dia, sendo 500 no almo\u00e7o e 250 no jantar. Os pratos custar\u00e3o R$ 1,00. Essa ser\u00e1 a primeira entrega das tr\u00eas que o munic\u00edpio receber\u00e1.<\/p>\n\n\n\n<p>&#8211; O pr\u00e9-candidato a deputado federal Rog\u00e9rio Cafeteira (PSB) est\u00e1 construindo importantes alian\u00e7as visando \u00e0 disputa eleitoral de 2022.<\/p>\n\n\n\n<p>&#8211; Em S\u00e3o Lu\u00eds, a expectativa \u00e9 que ele saia entre os mais votados, uma vez que j\u00e1 conta com o apoio de quatro vereadores e dois suplentes.<\/p>\n\n\n\n<p>&#8211; Esta semana, o presidente da Assembleia Legislativa do Maranh\u00e3o, deputado Othelino Neto, acompanhado de sua esposa, a prefeita de Pinheiro, Ana Paula Lobato, participou da entrega de novas obras e servi\u00e7os ao munic\u00edpio de Palmeir\u00e2ndia. &nbsp;<\/p>\n\n\n\n<p>&#8211; Na ocasi\u00e3o, o parlamentar e a prefeita destacaram os avan\u00e7os conquistados pelos munic\u00edpios da Baixada Maranhense, resultado, segundo eles, do importante trabalho desenvolvido na regi\u00e3o pelo governo estadual.<\/p>\n","protected":false},"excerpt":{"rendered":"<p>Carnaval no Rio O&nbsp;Carnaval deste ano no Rio de Janeiro, embora tenha perdido os blocos de rua, ainda vai acontecer [&hellip;]<\/p>\n","protected":false},"author":4,"featured_media":0,"comment_status":"open","ping_status":"open","sticky":false,"template":"","format":"standard","meta":{"site-sidebar-layout":"default","site-content-layout":"","ast-site-content-layout":"default","site-content-style":"default","site-sidebar-style":"default","ast-global-header-display":"","ast-banner-title-visibility":"","ast-main-header-display":"","ast-hfb-above-header-display":"","ast-hfb-below-header-display":"","ast-hfb-mobile-header-display":"","site-post-title":"","ast-breadcrumbs-content":"","ast-featured-img":"","footer-sml-layout":"","ast-disable-related-posts":"","theme-transparent-header-meta":"","adv-header-id-meta":"","stick-header-meta":"","header-above-stick-meta":"","header-main-stick-meta":"","header-below-stick-meta":"","astra-migrate-meta-layouts":"default","ast-page-background-enabled":"default","ast-page-background-meta":{"desktop":{"background-color":"var(--ast-global-color-5)","background-image":"","background-repeat":"repeat","background-position":"center center","background-size":"auto","background-attachment":"scroll","background-type":"","background-media":"","overlay-type":"","overlay-color":"","overlay-opacity":"","overlay-gradient":""},"tablet":{"background-color":"","background-image":"","background-repeat":"repeat","background-position":"center center","background-size":"auto","background-attachment":"scroll","background-type":"","background-media":"","overlay-type":"","overlay-color":"","overlay-opacity":"","overlay-gradient":""},"mobile":{"background-color":"","background-image":"","background-repeat":"repeat","background-position":"center center","background-size":"auto","background-attachment":"scroll","background-type":"","background-media":"","overlay-type":"","overlay-color":"","overlay-opacity":"","overlay-gradient":""}},"ast-content-background-meta":{"desktop":{"background-color":"var(--ast-global-color-4)","background-image":"","background-repeat":"repeat","background-position":"center center","background-size":"auto","background-attachment":"scroll","background-type":"","background-media":"","overlay-type":"","overlay-color":"","overlay-opacity":"","overlay-gradient":""},"tablet":{"background-color":"var(--ast-global-color-4)","background-image":"","background-repeat":"repeat","background-position":"center center","background-size":"auto","background-attachment":"scroll","background-type":"","background-media":"","overlay-type":"","overlay-color":"","overlay-opacity":"","overlay-gradient":""},"mobile":{"background-color":"var(--ast-global-color-4)","background-image":"","background-repeat":"repeat","background-position":"center center","background-size":"auto","background-attachment":"scroll","background-type":"","background-media":"","overlay-type":"","overlay-color":"","overlay-opacity":"","overlay-gradient":""}},"footnotes":""},"categories":[1],"tags":[],"class_list":["post-5422","post","type-post","status-publish","format-standard","hentry","category-sem-categoria"],"yoast_head":"<!-- This site is optimized with the Yoast SEO plugin v26.6 - https:\/\/yoast.com\/wordpress\/plugins\/seo\/ -->\n<title>Tapete Vermelho: Carla Lima, Cl\u00f3vis Cabalau e Gilberto Leda comandam o &#039;Cartas na Mesa&#039; no Imirante - Evandro Junior<\/title>\n<meta name=\"robots\" content=\"index, follow, max-snippet:-1, max-image-preview:large, max-video-preview:-1\" \/>\n<link rel=\"canonical\" href=\"https:\/\/www.blogsoestado.com\/evandrojunior\/2022\/01\/29\/tapete-vermelho-carla-lima-clovis-cabalau-e-gilberto-leda-comandam-o-cartas-na-mesa-no-imirante\/\" \/>\n<meta property=\"og:locale\" content=\"pt_BR\" \/>\n<meta property=\"og:type\" content=\"article\" \/>\n<meta property=\"og:title\" content=\"Tapete Vermelho: Carla Lima, Cl\u00f3vis Cabalau e Gilberto Leda comandam o &#039;Cartas na Mesa&#039; no Imirante - Evandro Junior\" \/>\n<meta property=\"og:description\" content=\"Carnaval no Rio O&nbsp;Carnaval deste ano no Rio de Janeiro, embora tenha perdido os blocos de rua, ainda vai acontecer [&hellip;]\" \/>\n<meta property=\"og:url\" content=\"https:\/\/www.blogsoestado.com\/evandrojunior\/2022\/01\/29\/tapete-vermelho-carla-lima-clovis-cabalau-e-gilberto-leda-comandam-o-cartas-na-mesa-no-imirante\/\" \/>\n<meta property=\"og:site_name\" content=\"Evandro Junior\" \/>\n<meta property=\"article:published_time\" content=\"2022-01-29T10:00:00+00:00\" \/>\n<meta property=\"og:image\" content=\"https:\/\/www.blogsoestado.com\/evandrojunior\/files\/2022\/01\/WhatsApp-Image-2022-01-26-at-20.36.23.jpeg\" \/>\n<meta name=\"author\" content=\"Evandro Junior\" \/>\n<meta name=\"twitter:card\" content=\"summary_large_image\" \/>\n<meta name=\"twitter:label1\" content=\"Escrito por\" \/>\n\t<meta name=\"twitter:data1\" content=\"Evandro Junior\" \/>\n\t<meta name=\"twitter:label2\" content=\"Est. tempo de leitura\" \/>\n\t<meta name=\"twitter:data2\" content=\"6 minutos\" \/>\n<script type=\"application\/ld+json\" class=\"yoast-schema-graph\">{\"@context\":\"https:\/\/schema.org\",\"@graph\":[{\"@type\":\"WebPage\",\"@id\":\"https:\/\/www.blogsoestado.com\/evandrojunior\/2022\/01\/29\/tapete-vermelho-carla-lima-clovis-cabalau-e-gilberto-leda-comandam-o-cartas-na-mesa-no-imirante\/\",\"url\":\"https:\/\/www.blogsoestado.com\/evandrojunior\/2022\/01\/29\/tapete-vermelho-carla-lima-clovis-cabalau-e-gilberto-leda-comandam-o-cartas-na-mesa-no-imirante\/\",\"name\":\"Tapete Vermelho: Carla Lima, Cl\u00f3vis Cabalau e Gilberto Leda comandam o 'Cartas na Mesa' no Imirante - Evandro Junior\",\"isPartOf\":{\"@id\":\"https:\/\/www.blogsoestado.com\/evandrojunior\/#website\"},\"primaryImageOfPage\":{\"@id\":\"https:\/\/www.blogsoestado.com\/evandrojunior\/2022\/01\/29\/tapete-vermelho-carla-lima-clovis-cabalau-e-gilberto-leda-comandam-o-cartas-na-mesa-no-imirante\/#primaryimage\"},\"image\":{\"@id\":\"https:\/\/www.blogsoestado.com\/evandrojunior\/2022\/01\/29\/tapete-vermelho-carla-lima-clovis-cabalau-e-gilberto-leda-comandam-o-cartas-na-mesa-no-imirante\/#primaryimage\"},\"thumbnailUrl\":\"https:\/\/www.blogsoestado.com\/evandrojunior\/files\/2022\/01\/WhatsApp-Image-2022-01-26-at-20.36.23.jpeg\",\"datePublished\":\"2022-01-29T10:00:00+00:00\",\"author\":{\"@id\":\"https:\/\/www.blogsoestado.com\/evandrojunior\/#\/schema\/person\/3e6c3d8dbb740d1c6878ebc935cfb3be\"},\"breadcrumb\":{\"@id\":\"https:\/\/www.blogsoestado.com\/evandrojunior\/2022\/01\/29\/tapete-vermelho-carla-lima-clovis-cabalau-e-gilberto-leda-comandam-o-cartas-na-mesa-no-imirante\/#breadcrumb\"},\"inLanguage\":\"pt-BR\",\"potentialAction\":[{\"@type\":\"ReadAction\",\"target\":[\"https:\/\/www.blogsoestado.com\/evandrojunior\/2022\/01\/29\/tapete-vermelho-carla-lima-clovis-cabalau-e-gilberto-leda-comandam-o-cartas-na-mesa-no-imirante\/\"]}]},{\"@type\":\"ImageObject\",\"inLanguage\":\"pt-BR\",\"@id\":\"https:\/\/www.blogsoestado.com\/evandrojunior\/2022\/01\/29\/tapete-vermelho-carla-lima-clovis-cabalau-e-gilberto-leda-comandam-o-cartas-na-mesa-no-imirante\/#primaryimage\",\"url\":\"https:\/\/www.blogsoestado.com\/evandrojunior\/files\/2022\/01\/WhatsApp-Image-2022-01-26-at-20.36.23.jpeg\",\"contentUrl\":\"https:\/\/www.blogsoestado.com\/evandrojunior\/files\/2022\/01\/WhatsApp-Image-2022-01-26-at-20.36.23.jpeg\"},{\"@type\":\"BreadcrumbList\",\"@id\":\"https:\/\/www.blogsoestado.com\/evandrojunior\/2022\/01\/29\/tapete-vermelho-carla-lima-clovis-cabalau-e-gilberto-leda-comandam-o-cartas-na-mesa-no-imirante\/#breadcrumb\",\"itemListElement\":[{\"@type\":\"ListItem\",\"position\":1,\"name\":\"In\u00edcio\",\"item\":\"https:\/\/www.blogsoestado.com\/evandrojunior\/\"},{\"@type\":\"ListItem\",\"position\":2,\"name\":\"Tapete Vermelho: Carla Lima, Cl\u00f3vis Cabalau e Gilberto Leda comandam o &#8216;Cartas na Mesa&#8217; no Imirante\"}]},{\"@type\":\"WebSite\",\"@id\":\"https:\/\/www.blogsoestado.com\/evandrojunior\/#website\",\"url\":\"https:\/\/www.blogsoestado.com\/evandrojunior\/\",\"name\":\"Evandro Junior\",\"description\":\"\",\"potentialAction\":[{\"@type\":\"SearchAction\",\"target\":{\"@type\":\"EntryPoint\",\"urlTemplate\":\"https:\/\/www.blogsoestado.com\/evandrojunior\/?s={search_term_string}\"},\"query-input\":{\"@type\":\"PropertyValueSpecification\",\"valueRequired\":true,\"valueName\":\"search_term_string\"}}],\"inLanguage\":\"pt-BR\"},{\"@type\":\"Person\",\"@id\":\"https:\/\/www.blogsoestado.com\/evandrojunior\/#\/schema\/person\/3e6c3d8dbb740d1c6878ebc935cfb3be\",\"name\":\"Evandro Junior\",\"image\":{\"@type\":\"ImageObject\",\"inLanguage\":\"pt-BR\",\"@id\":\"https:\/\/www.blogsoestado.com\/evandrojunior\/#\/schema\/person\/image\/\",\"url\":\"https:\/\/secure.gravatar.com\/avatar\/f80a03a2294a580cd2318bfb459bf354cfa8be661ef3d95b542cf9a04af8d129?s=96&d=mm&r=g\",\"contentUrl\":\"https:\/\/secure.gravatar.com\/avatar\/f80a03a2294a580cd2318bfb459bf354cfa8be661ef3d95b542cf9a04af8d129?s=96&d=mm&r=g\",\"caption\":\"Evandro Junior\"},\"url\":\"https:\/\/www.blogsoestado.com\/evandrojunior\/author\/evandrojunior\/\"}]}<\/script>\n<!-- \/ Yoast SEO plugin. -->","yoast_head_json":{"title":"Tapete Vermelho: Carla Lima, Cl\u00f3vis Cabalau e Gilberto Leda comandam o 'Cartas na Mesa' no Imirante - Evandro Junior","robots":{"index":"index","follow":"follow","max-snippet":"max-snippet:-1","max-image-preview":"max-image-preview:large","max-video-preview":"max-video-preview:-1"},"canonical":"https:\/\/www.blogsoestado.com\/evandrojunior\/2022\/01\/29\/tapete-vermelho-carla-lima-clovis-cabalau-e-gilberto-leda-comandam-o-cartas-na-mesa-no-imirante\/","og_locale":"pt_BR","og_type":"article","og_title":"Tapete Vermelho: Carla Lima, Cl\u00f3vis Cabalau e Gilberto Leda comandam o 'Cartas na Mesa' no Imirante - Evandro Junior","og_description":"Carnaval no Rio O&nbsp;Carnaval deste ano no Rio de Janeiro, embora tenha perdido os blocos de rua, ainda vai acontecer [&hellip;]","og_url":"https:\/\/www.blogsoestado.com\/evandrojunior\/2022\/01\/29\/tapete-vermelho-carla-lima-clovis-cabalau-e-gilberto-leda-comandam-o-cartas-na-mesa-no-imirante\/","og_site_name":"Evandro Junior","article_published_time":"2022-01-29T10:00:00+00:00","og_image":[{"url":"https:\/\/www.blogsoestado.com\/evandrojunior\/files\/2022\/01\/WhatsApp-Image-2022-01-26-at-20.36.23.jpeg","type":"","width":"","height":""}],"author":"Evandro Junior","twitter_card":"summary_large_image","twitter_misc":{"Escrito por":"Evandro Junior","Est. tempo de leitura":"6 minutos"},"schema":{"@context":"https:\/\/schema.org","@graph":[{"@type":"WebPage","@id":"https:\/\/www.blogsoestado.com\/evandrojunior\/2022\/01\/29\/tapete-vermelho-carla-lima-clovis-cabalau-e-gilberto-leda-comandam-o-cartas-na-mesa-no-imirante\/","url":"https:\/\/www.blogsoestado.com\/evandrojunior\/2022\/01\/29\/tapete-vermelho-carla-lima-clovis-cabalau-e-gilberto-leda-comandam-o-cartas-na-mesa-no-imirante\/","name":"Tapete Vermelho: Carla Lima, Cl\u00f3vis Cabalau e Gilberto Leda comandam o 'Cartas na Mesa' no Imirante - Evandro Junior","isPartOf":{"@id":"https:\/\/www.blogsoestado.com\/evandrojunior\/#website"},"primaryImageOfPage":{"@id":"https:\/\/www.blogsoestado.com\/evandrojunior\/2022\/01\/29\/tapete-vermelho-carla-lima-clovis-cabalau-e-gilberto-leda-comandam-o-cartas-na-mesa-no-imirante\/#primaryimage"},"image":{"@id":"https:\/\/www.blogsoestado.com\/evandrojunior\/2022\/01\/29\/tapete-vermelho-carla-lima-clovis-cabalau-e-gilberto-leda-comandam-o-cartas-na-mesa-no-imirante\/#primaryimage"},"thumbnailUrl":"https:\/\/www.blogsoestado.com\/evandrojunior\/files\/2022\/01\/WhatsApp-Image-2022-01-26-at-20.36.23.jpeg","datePublished":"2022-01-29T10:00:00+00:00","author":{"@id":"https:\/\/www.blogsoestado.com\/evandrojunior\/#\/schema\/person\/3e6c3d8dbb740d1c6878ebc935cfb3be"},"breadcrumb":{"@id":"https:\/\/www.blogsoestado.com\/evandrojunior\/2022\/01\/29\/tapete-vermelho-carla-lima-clovis-cabalau-e-gilberto-leda-comandam-o-cartas-na-mesa-no-imirante\/#breadcrumb"},"inLanguage":"pt-BR","potentialAction":[{"@type":"ReadAction","target":["https:\/\/www.blogsoestado.com\/evandrojunior\/2022\/01\/29\/tapete-vermelho-carla-lima-clovis-cabalau-e-gilberto-leda-comandam-o-cartas-na-mesa-no-imirante\/"]}]},{"@type":"ImageObject","inLanguage":"pt-BR","@id":"https:\/\/www.blogsoestado.com\/evandrojunior\/2022\/01\/29\/tapete-vermelho-carla-lima-clovis-cabalau-e-gilberto-leda-comandam-o-cartas-na-mesa-no-imirante\/#primaryimage","url":"https:\/\/www.blogsoestado.com\/evandrojunior\/files\/2022\/01\/WhatsApp-Image-2022-01-26-at-20.36.23.jpeg","contentUrl":"https:\/\/www.blogsoestado.com\/evandrojunior\/files\/2022\/01\/WhatsApp-Image-2022-01-26-at-20.36.23.jpeg"},{"@type":"BreadcrumbList","@id":"https:\/\/www.blogsoestado.com\/evandrojunior\/2022\/01\/29\/tapete-vermelho-carla-lima-clovis-cabalau-e-gilberto-leda-comandam-o-cartas-na-mesa-no-imirante\/#breadcrumb","itemListElement":[{"@type":"ListItem","position":1,"name":"In\u00edcio","item":"https:\/\/www.blogsoestado.com\/evandrojunior\/"},{"@type":"ListItem","position":2,"name":"Tapete Vermelho: Carla Lima, Cl\u00f3vis Cabalau e Gilberto Leda comandam o &#8216;Cartas na Mesa&#8217; no Imirante"}]},{"@type":"WebSite","@id":"https:\/\/www.blogsoestado.com\/evandrojunior\/#website","url":"https:\/\/www.blogsoestado.com\/evandrojunior\/","name":"Evandro Junior","description":"","potentialAction":[{"@type":"SearchAction","target":{"@type":"EntryPoint","urlTemplate":"https:\/\/www.blogsoestado.com\/evandrojunior\/?s={search_term_string}"},"query-input":{"@type":"PropertyValueSpecification","valueRequired":true,"valueName":"search_term_string"}}],"inLanguage":"pt-BR"},{"@type":"Person","@id":"https:\/\/www.blogsoestado.com\/evandrojunior\/#\/schema\/person\/3e6c3d8dbb740d1c6878ebc935cfb3be","name":"Evandro Junior","image":{"@type":"ImageObject","inLanguage":"pt-BR","@id":"https:\/\/www.blogsoestado.com\/evandrojunior\/#\/schema\/person\/image\/","url":"https:\/\/secure.gravatar.com\/avatar\/f80a03a2294a580cd2318bfb459bf354cfa8be661ef3d95b542cf9a04af8d129?s=96&d=mm&r=g","contentUrl":"https:\/\/secure.gravatar.com\/avatar\/f80a03a2294a580cd2318bfb459bf354cfa8be661ef3d95b542cf9a04af8d129?s=96&d=mm&r=g","caption":"Evandro Junior"},"url":"https:\/\/www.blogsoestado.com\/evandrojunior\/author\/evandrojunior\/"}]}},"jetpack_featured_media_url":"","_links":{"self":[{"href":"https:\/\/www.blogsoestado.com\/evandrojunior\/wp-json\/wp\/v2\/posts\/5422","targetHints":{"allow":["GET"]}}],"collection":[{"href":"https:\/\/www.blogsoestado.com\/evandrojunior\/wp-json\/wp\/v2\/posts"}],"about":[{"href":"https:\/\/www.blogsoestado.com\/evandrojunior\/wp-json\/wp\/v2\/types\/post"}],"author":[{"embeddable":true,"href":"https:\/\/www.blogsoestado.com\/evandrojunior\/wp-json\/wp\/v2\/users\/4"}],"replies":[{"embeddable":true,"href":"https:\/\/www.blogsoestado.com\/evandrojunior\/wp-json\/wp\/v2\/comments?post=5422"}],"version-history":[{"count":0,"href":"https:\/\/www.blogsoestado.com\/evandrojunior\/wp-json\/wp\/v2\/posts\/5422\/revisions"}],"wp:attachment":[{"href":"https:\/\/www.blogsoestado.com\/evandrojunior\/wp-json\/wp\/v2\/media?parent=5422"}],"wp:term":[{"taxonomy":"category","embeddable":true,"href":"https:\/\/www.blogsoestado.com\/evandrojunior\/wp-json\/wp\/v2\/categories?post=5422"},{"taxonomy":"post_tag","embeddable":true,"href":"https:\/\/www.blogsoestado.com\/evandrojunior\/wp-json\/wp\/v2\/tags?post=5422"}],"curies":[{"name":"wp","href":"https:\/\/api.w.org\/{rel}","templated":true}]}}