{"id":5442,"date":"2022-01-31T09:44:37","date_gmt":"2022-01-31T12:44:37","guid":{"rendered":"https:\/\/www.blogsoestado.com\/evandrojunior\/?p=5442"},"modified":"2022-01-31T09:44:37","modified_gmt":"2022-01-31T12:44:37","slug":"cronica-de-jose-fernandes-apesar-de-contestado-um-vencedor","status":"publish","type":"post","link":"https:\/\/www.blogsoestado.com\/evandrojunior\/2022\/01\/31\/cronica-de-jose-fernandes-apesar-de-contestado-um-vencedor\/","title":{"rendered":"Cr\u00f4nica de Jos\u00e9 Fernandes: &#8220;Apesar de contestado, um vencedor&#8221;"},"content":{"rendered":"\n<div class=\"wp-block-image\"><figure class=\"aligncenter size-large is-resized\"><img fetchpriority=\"high\" decoding=\"async\" src=\"https:\/\/www.blogsoestado.com\/evandrojunior\/files\/2022\/01\/Paulo-Coelho-1.jpg\" alt=\"\" class=\"wp-image-5443\" width=\"606\" height=\"404\"\/><figcaption>Escritor Paulo Coelho<\/figcaption><\/figure><\/div>\n\n\n\n<p>NA D\u00c9CADA de 1970 pontificou na m\u00eddia o nome de um cantor que se tornou famoso pelo seu estilo psicod\u00e9lico, trajes, bamboleios e tra\u00e7ados ex\u00f3ticos \u2013 Raul Seixas \u2013 que encantava o p\u00fablico com m\u00fasicas como \u201cMaluco Beleza\u201d e outras, como uma em que dizia ter nascido \u201ch\u00e1 dez mil anos atr\u00e1s\u201d.<\/p>\n\n\n\n<p>Poucos sabiam, na \u00e9poca, que o roqueiro tinha um comparte, um parceiro jovem, tamb\u00e9m sonhador como ele, mas de pouca ou quase nenhuma visibilidade, compositor da maioria das letras musicadas da dupla. Seu nome, Paulo Coelho, \u00e9 o mesmo Paulo Coelho que, anos depois, tornou-se um fen\u00f4meno liter\u00e1rio, com milh\u00f5es de livros traduzidos e espalhados por dezenas de pa\u00edses e, como dizem que ele \u00e9 mago, \u00e9 poss\u00edvel estar sendo lido em regi\u00f5es ignotas.<\/p>\n\n\n\n<p>\u00a0No entanto, esse campe\u00e3o de vendas, apesar de um dos seus livros \u2013 O alquimista \u2013 ser a obra liter\u00e1ria mais vendida no Brasil e uma das mais lidas no mundo, foi (ou \u00e9?) um escritor estigmatizado, criticado asperamente por certos setores da imprensa, considerado por alguns como um autor med\u00edocre, que n\u00e3o merece a celebridade que desfruta. At\u00e9 leitores que dele mal leram uma \u00fanica obra entendem imerecida a sua entrada na Academia Brasileira de Letras, esquecendo-se, tais \u201ccr\u00edticos\u201d, que naquela maior casa liter\u00e1ria do pa\u00eds j\u00e1 se sentaram, como \u201cimortais\u201d, gente de pouqu\u00edssimas letras, como aquele ministro de um tribunal superior incapaz de escrever um bilhete sem erros, como expressou famoso cr\u00edtico nacional.<\/p>\n\n\n\n<p> Assisti, h\u00e1 pouco, uma entrevista concedida pelo execrado autor a um jornalista estrangeiro que, a certa altura, perguntou-lhe:<\/p>\n\n\n\n<p>&#8211; Senhor Paulo Coelho, um \u201cadmirador\u201d pede que explique por que voc\u00ea, sendo um mal escritor, vende milh\u00f5es de livros?<\/p>\n\n\n\n<p> Eis a tranquila resposta do entrevistado:<\/p>\n\n\n\n<p>\u00a0&#8211; Eu nunca disse que sou um grande escritor. Digo sempre que sei muito bem vender meus livros, e isso n\u00e3o prejudica ningu\u00e9m&#8230;\u00a0\u00a0\u00a0\u00a0\u00a0\u00a0\u00a0\u00a0\u00a0<\/p>\n\n\n\n<p>\u00a0\u00a0De Paulo Coelho j\u00e1 li, e apreciei, os livros Di\u00e1rio de um mago, O alquimista, Nas margens do rio Piedra eu sentei e chorei, Maktub, O Monte Cinco, Manual do guerreiro de luz, Ver\u00f4nica decide morrer e A caminho de Santiago &#8211; todos me proporcionaram uma leitura agrad\u00e1vel.<\/p>\n\n\n\n<p>\u00a0Agora mesmo, desse escritor, por tantos vilipendiado, estou lendo Hist\u00f3rias para pais, filhos e netos, um denso volume de quase 400 p\u00e1ginas e mais de 200 contos breves, contendo historinhas com exemplos edificantes contadas pelas mulheres e pelos homens mais s\u00e1bios da Terra, extra\u00eddos e resumidos de obras antigas e modernas, em linguagem l\u00facida e atual, que s\u00f3 um escritor de bons conhecimentos liter\u00e1rios \u00e9 capaz de coligir \u2013 textos que podem ser qualificados como de real utilidade para \u201cpais, filhos e netos\u201d.<\/p>\n\n\n\n<p>Desse aludido comp\u00eandio, transcrevo, logo adiante, por minha conta e risco, trechos de uma prece escrita por Paulo Coelho, l\u00e1 pelos anos de 1980, quando ainda era um quase desconhecido parceiro do roqueiro Raul Seixas:<\/p>\n\n\n\n<p>(&#8230;) Senhor, proteja as nossas a\u00e7\u00f5es, porque a A\u00e7\u00e3o \u00e9 uma maneira de rezar. Fazei com que o p\u00e3o nosso de cada dia seja fruto do melhor que temos dentro de n\u00f3s mesmos. Que possamos, atrav\u00e9s do trabalho e da A\u00e7\u00e3o, compartilhar um pouco do amor que recebemos. E para que isso seja poss\u00edvel.<\/p>\n\n\n\n<p>Senhor, proteja os nossos sonhos, porque o Sonho \u00e9 uma maneira de rezar. Fazei com que, independentemente de nossa idade e de nossa circunst\u00e2ncia, sejamos capazes de manter acesa no cora\u00e7\u00e3o a chama sagrada da esperan\u00e7a e da perseveran\u00e7a. E para que isto seja poss\u00edvel.<\/p>\n\n\n\n<p>Senhor, dai-nos sempre entusiasmo, porque o Entusiasmo \u00e9 uma maneira de rezar. \u00c9 ele que nos liga aos C\u00e9us e \u00e0 Terra, aos homens e \u00e0s crian\u00e7as, e nos diz que o desejo \u00e9 importante e merece o nosso esfor\u00e7o. \u00c9 ele que nos afirma que tudo \u00e9 poss\u00edvel, desde que estejamos totalmente comprometidos com o que fazemos. E para que isto seja poss\u00edvel.<\/p>\n\n\n\n<p>Senhor, proteja-nos, porque a Vida \u00e9 a \u00fanica maneira que temos para manifestar o Teu milagre. Que a terra continue transformando a semente em trigo, que n\u00f3s continuemos transmutando o trigo em p\u00e3o. E isto s\u00f3 \u00e9 poss\u00edvel se tivermos Amor \u2013 portanto, nunca nos deixe em solid\u00e3o. Dai-nos sempre a Tua companhia e a companhia dos homens e mulheres que t\u00eam d\u00favidas, agem, sonham, se entusiasmam, e vivem como se cada dia fosse totalmente dedicado \u00e0 Tua gl\u00f3ria. Am\u00e9m.<\/p>\n\n\n\n<p>Esse pequeno texto mostra que Paulo Coelho, desde novinho, j\u00e1 era um inspirado homem de letras.<\/p>\n\n\n\n<p>Jos\u00e9 Fernandes \u00e9 autor, entre outros, do livro \u201cLuso Torres, General, Escritor e Estadista&#8221;. <\/p>\n","protected":false},"excerpt":{"rendered":"<p>NA D\u00c9CADA de 1970 pontificou na m\u00eddia o nome de um cantor que se tornou famoso pelo seu estilo psicod\u00e9lico, [&hellip;]<\/p>\n","protected":false},"author":4,"featured_media":0,"comment_status":"open","ping_status":"open","sticky":false,"template":"","format":"standard","meta":{"site-sidebar-layout":"default","site-content-layout":"","ast-site-content-layout":"default","site-content-style":"default","site-sidebar-style":"default","ast-global-header-display":"","ast-banner-title-visibility":"","ast-main-header-display":"","ast-hfb-above-header-display":"","ast-hfb-below-header-display":"","ast-hfb-mobile-header-display":"","site-post-title":"","ast-breadcrumbs-content":"","ast-featured-img":"","footer-sml-layout":"","ast-disable-related-posts":"","theme-transparent-header-meta":"","adv-header-id-meta":"","stick-header-meta":"","header-above-stick-meta":"","header-main-stick-meta":"","header-below-stick-meta":"","astra-migrate-meta-layouts":"default","ast-page-background-enabled":"default","ast-page-background-meta":{"desktop":{"background-color":"var(--ast-global-color-5)","background-image":"","background-repeat":"repeat","background-position":"center center","background-size":"auto","background-attachment":"scroll","background-type":"","background-media":"","overlay-type":"","overlay-color":"","overlay-opacity":"","overlay-gradient":""},"tablet":{"background-color":"","background-image":"","background-repeat":"repeat","background-position":"center center","background-size":"auto","background-attachment":"scroll","background-type":"","background-media":"","overlay-type":"","overlay-color":"","overlay-opacity":"","overlay-gradient":""},"mobile":{"background-color":"","background-image":"","background-repeat":"repeat","background-position":"center center","background-size":"auto","background-attachment":"scroll","background-type":"","background-media":"","overlay-type":"","overlay-color":"","overlay-opacity":"","overlay-gradient":""}},"ast-content-background-meta":{"desktop":{"background-color":"var(--ast-global-color-4)","background-image":"","background-repeat":"repeat","background-position":"center center","background-size":"auto","background-attachment":"scroll","background-type":"","background-media":"","overlay-type":"","overlay-color":"","overlay-opacity":"","overlay-gradient":""},"tablet":{"background-color":"var(--ast-global-color-4)","background-image":"","background-repeat":"repeat","background-position":"center center","background-size":"auto","background-attachment":"scroll","background-type":"","background-media":"","overlay-type":"","overlay-color":"","overlay-opacity":"","overlay-gradient":""},"mobile":{"background-color":"var(--ast-global-color-4)","background-image":"","background-repeat":"repeat","background-position":"center center","background-size":"auto","background-attachment":"scroll","background-type":"","background-media":"","overlay-type":"","overlay-color":"","overlay-opacity":"","overlay-gradient":""}},"footnotes":""},"categories":[1],"tags":[],"class_list":["post-5442","post","type-post","status-publish","format-standard","hentry","category-sem-categoria"],"yoast_head":"<!-- This site is optimized with the Yoast SEO plugin v26.6 - https:\/\/yoast.com\/wordpress\/plugins\/seo\/ -->\n<title>Cr\u00f4nica de Jos\u00e9 Fernandes: &quot;Apesar de contestado, um vencedor&quot; - Evandro Junior<\/title>\n<meta name=\"robots\" content=\"index, follow, max-snippet:-1, max-image-preview:large, max-video-preview:-1\" \/>\n<link rel=\"canonical\" href=\"https:\/\/www.blogsoestado.com\/evandrojunior\/2022\/01\/31\/cronica-de-jose-fernandes-apesar-de-contestado-um-vencedor\/\" \/>\n<meta property=\"og:locale\" content=\"pt_BR\" \/>\n<meta property=\"og:type\" content=\"article\" \/>\n<meta property=\"og:title\" content=\"Cr\u00f4nica de Jos\u00e9 Fernandes: &quot;Apesar de contestado, um vencedor&quot; - Evandro Junior\" \/>\n<meta property=\"og:description\" content=\"NA D\u00c9CADA de 1970 pontificou na m\u00eddia o nome de um cantor que se tornou famoso pelo seu estilo psicod\u00e9lico, [&hellip;]\" \/>\n<meta property=\"og:url\" content=\"https:\/\/www.blogsoestado.com\/evandrojunior\/2022\/01\/31\/cronica-de-jose-fernandes-apesar-de-contestado-um-vencedor\/\" \/>\n<meta property=\"og:site_name\" content=\"Evandro Junior\" \/>\n<meta property=\"article:published_time\" content=\"2022-01-31T12:44:37+00:00\" \/>\n<meta property=\"og:image\" content=\"https:\/\/www.blogsoestado.com\/evandrojunior\/files\/2022\/01\/Paulo-Coelho-1.jpg\" \/>\n<meta name=\"author\" content=\"Evandro Junior\" \/>\n<meta name=\"twitter:card\" content=\"summary_large_image\" \/>\n<meta name=\"twitter:label1\" content=\"Escrito por\" \/>\n\t<meta name=\"twitter:data1\" content=\"Evandro Junior\" \/>\n\t<meta name=\"twitter:label2\" content=\"Est. tempo de leitura\" \/>\n\t<meta name=\"twitter:data2\" content=\"4 minutos\" \/>\n<script type=\"application\/ld+json\" class=\"yoast-schema-graph\">{\"@context\":\"https:\/\/schema.org\",\"@graph\":[{\"@type\":\"WebPage\",\"@id\":\"https:\/\/www.blogsoestado.com\/evandrojunior\/2022\/01\/31\/cronica-de-jose-fernandes-apesar-de-contestado-um-vencedor\/\",\"url\":\"https:\/\/www.blogsoestado.com\/evandrojunior\/2022\/01\/31\/cronica-de-jose-fernandes-apesar-de-contestado-um-vencedor\/\",\"name\":\"Cr\u00f4nica de Jos\u00e9 Fernandes: \\\"Apesar de contestado, um vencedor\\\" - Evandro Junior\",\"isPartOf\":{\"@id\":\"https:\/\/www.blogsoestado.com\/evandrojunior\/#website\"},\"primaryImageOfPage\":{\"@id\":\"https:\/\/www.blogsoestado.com\/evandrojunior\/2022\/01\/31\/cronica-de-jose-fernandes-apesar-de-contestado-um-vencedor\/#primaryimage\"},\"image\":{\"@id\":\"https:\/\/www.blogsoestado.com\/evandrojunior\/2022\/01\/31\/cronica-de-jose-fernandes-apesar-de-contestado-um-vencedor\/#primaryimage\"},\"thumbnailUrl\":\"https:\/\/www.blogsoestado.com\/evandrojunior\/files\/2022\/01\/Paulo-Coelho-1.jpg\",\"datePublished\":\"2022-01-31T12:44:37+00:00\",\"author\":{\"@id\":\"https:\/\/www.blogsoestado.com\/evandrojunior\/#\/schema\/person\/3e6c3d8dbb740d1c6878ebc935cfb3be\"},\"breadcrumb\":{\"@id\":\"https:\/\/www.blogsoestado.com\/evandrojunior\/2022\/01\/31\/cronica-de-jose-fernandes-apesar-de-contestado-um-vencedor\/#breadcrumb\"},\"inLanguage\":\"pt-BR\",\"potentialAction\":[{\"@type\":\"ReadAction\",\"target\":[\"https:\/\/www.blogsoestado.com\/evandrojunior\/2022\/01\/31\/cronica-de-jose-fernandes-apesar-de-contestado-um-vencedor\/\"]}]},{\"@type\":\"ImageObject\",\"inLanguage\":\"pt-BR\",\"@id\":\"https:\/\/www.blogsoestado.com\/evandrojunior\/2022\/01\/31\/cronica-de-jose-fernandes-apesar-de-contestado-um-vencedor\/#primaryimage\",\"url\":\"https:\/\/www.blogsoestado.com\/evandrojunior\/files\/2022\/01\/Paulo-Coelho-1.jpg\",\"contentUrl\":\"https:\/\/www.blogsoestado.com\/evandrojunior\/files\/2022\/01\/Paulo-Coelho-1.jpg\"},{\"@type\":\"BreadcrumbList\",\"@id\":\"https:\/\/www.blogsoestado.com\/evandrojunior\/2022\/01\/31\/cronica-de-jose-fernandes-apesar-de-contestado-um-vencedor\/#breadcrumb\",\"itemListElement\":[{\"@type\":\"ListItem\",\"position\":1,\"name\":\"In\u00edcio\",\"item\":\"https:\/\/www.blogsoestado.com\/evandrojunior\/\"},{\"@type\":\"ListItem\",\"position\":2,\"name\":\"Cr\u00f4nica de Jos\u00e9 Fernandes: &#8220;Apesar de contestado, um vencedor&#8221;\"}]},{\"@type\":\"WebSite\",\"@id\":\"https:\/\/www.blogsoestado.com\/evandrojunior\/#website\",\"url\":\"https:\/\/www.blogsoestado.com\/evandrojunior\/\",\"name\":\"Evandro Junior\",\"description\":\"\",\"potentialAction\":[{\"@type\":\"SearchAction\",\"target\":{\"@type\":\"EntryPoint\",\"urlTemplate\":\"https:\/\/www.blogsoestado.com\/evandrojunior\/?s={search_term_string}\"},\"query-input\":{\"@type\":\"PropertyValueSpecification\",\"valueRequired\":true,\"valueName\":\"search_term_string\"}}],\"inLanguage\":\"pt-BR\"},{\"@type\":\"Person\",\"@id\":\"https:\/\/www.blogsoestado.com\/evandrojunior\/#\/schema\/person\/3e6c3d8dbb740d1c6878ebc935cfb3be\",\"name\":\"Evandro Junior\",\"image\":{\"@type\":\"ImageObject\",\"inLanguage\":\"pt-BR\",\"@id\":\"https:\/\/www.blogsoestado.com\/evandrojunior\/#\/schema\/person\/image\/\",\"url\":\"https:\/\/secure.gravatar.com\/avatar\/f80a03a2294a580cd2318bfb459bf354cfa8be661ef3d95b542cf9a04af8d129?s=96&d=mm&r=g\",\"contentUrl\":\"https:\/\/secure.gravatar.com\/avatar\/f80a03a2294a580cd2318bfb459bf354cfa8be661ef3d95b542cf9a04af8d129?s=96&d=mm&r=g\",\"caption\":\"Evandro Junior\"},\"url\":\"https:\/\/www.blogsoestado.com\/evandrojunior\/author\/evandrojunior\/\"}]}<\/script>\n<!-- \/ Yoast SEO plugin. -->","yoast_head_json":{"title":"Cr\u00f4nica de Jos\u00e9 Fernandes: \"Apesar de contestado, um vencedor\" - Evandro Junior","robots":{"index":"index","follow":"follow","max-snippet":"max-snippet:-1","max-image-preview":"max-image-preview:large","max-video-preview":"max-video-preview:-1"},"canonical":"https:\/\/www.blogsoestado.com\/evandrojunior\/2022\/01\/31\/cronica-de-jose-fernandes-apesar-de-contestado-um-vencedor\/","og_locale":"pt_BR","og_type":"article","og_title":"Cr\u00f4nica de Jos\u00e9 Fernandes: \"Apesar de contestado, um vencedor\" - Evandro Junior","og_description":"NA D\u00c9CADA de 1970 pontificou na m\u00eddia o nome de um cantor que se tornou famoso pelo seu estilo psicod\u00e9lico, [&hellip;]","og_url":"https:\/\/www.blogsoestado.com\/evandrojunior\/2022\/01\/31\/cronica-de-jose-fernandes-apesar-de-contestado-um-vencedor\/","og_site_name":"Evandro Junior","article_published_time":"2022-01-31T12:44:37+00:00","og_image":[{"url":"https:\/\/www.blogsoestado.com\/evandrojunior\/files\/2022\/01\/Paulo-Coelho-1.jpg","type":"","width":"","height":""}],"author":"Evandro Junior","twitter_card":"summary_large_image","twitter_misc":{"Escrito por":"Evandro Junior","Est. tempo de leitura":"4 minutos"},"schema":{"@context":"https:\/\/schema.org","@graph":[{"@type":"WebPage","@id":"https:\/\/www.blogsoestado.com\/evandrojunior\/2022\/01\/31\/cronica-de-jose-fernandes-apesar-de-contestado-um-vencedor\/","url":"https:\/\/www.blogsoestado.com\/evandrojunior\/2022\/01\/31\/cronica-de-jose-fernandes-apesar-de-contestado-um-vencedor\/","name":"Cr\u00f4nica de Jos\u00e9 Fernandes: \"Apesar de contestado, um vencedor\" - Evandro Junior","isPartOf":{"@id":"https:\/\/www.blogsoestado.com\/evandrojunior\/#website"},"primaryImageOfPage":{"@id":"https:\/\/www.blogsoestado.com\/evandrojunior\/2022\/01\/31\/cronica-de-jose-fernandes-apesar-de-contestado-um-vencedor\/#primaryimage"},"image":{"@id":"https:\/\/www.blogsoestado.com\/evandrojunior\/2022\/01\/31\/cronica-de-jose-fernandes-apesar-de-contestado-um-vencedor\/#primaryimage"},"thumbnailUrl":"https:\/\/www.blogsoestado.com\/evandrojunior\/files\/2022\/01\/Paulo-Coelho-1.jpg","datePublished":"2022-01-31T12:44:37+00:00","author":{"@id":"https:\/\/www.blogsoestado.com\/evandrojunior\/#\/schema\/person\/3e6c3d8dbb740d1c6878ebc935cfb3be"},"breadcrumb":{"@id":"https:\/\/www.blogsoestado.com\/evandrojunior\/2022\/01\/31\/cronica-de-jose-fernandes-apesar-de-contestado-um-vencedor\/#breadcrumb"},"inLanguage":"pt-BR","potentialAction":[{"@type":"ReadAction","target":["https:\/\/www.blogsoestado.com\/evandrojunior\/2022\/01\/31\/cronica-de-jose-fernandes-apesar-de-contestado-um-vencedor\/"]}]},{"@type":"ImageObject","inLanguage":"pt-BR","@id":"https:\/\/www.blogsoestado.com\/evandrojunior\/2022\/01\/31\/cronica-de-jose-fernandes-apesar-de-contestado-um-vencedor\/#primaryimage","url":"https:\/\/www.blogsoestado.com\/evandrojunior\/files\/2022\/01\/Paulo-Coelho-1.jpg","contentUrl":"https:\/\/www.blogsoestado.com\/evandrojunior\/files\/2022\/01\/Paulo-Coelho-1.jpg"},{"@type":"BreadcrumbList","@id":"https:\/\/www.blogsoestado.com\/evandrojunior\/2022\/01\/31\/cronica-de-jose-fernandes-apesar-de-contestado-um-vencedor\/#breadcrumb","itemListElement":[{"@type":"ListItem","position":1,"name":"In\u00edcio","item":"https:\/\/www.blogsoestado.com\/evandrojunior\/"},{"@type":"ListItem","position":2,"name":"Cr\u00f4nica de Jos\u00e9 Fernandes: &#8220;Apesar de contestado, um vencedor&#8221;"}]},{"@type":"WebSite","@id":"https:\/\/www.blogsoestado.com\/evandrojunior\/#website","url":"https:\/\/www.blogsoestado.com\/evandrojunior\/","name":"Evandro Junior","description":"","potentialAction":[{"@type":"SearchAction","target":{"@type":"EntryPoint","urlTemplate":"https:\/\/www.blogsoestado.com\/evandrojunior\/?s={search_term_string}"},"query-input":{"@type":"PropertyValueSpecification","valueRequired":true,"valueName":"search_term_string"}}],"inLanguage":"pt-BR"},{"@type":"Person","@id":"https:\/\/www.blogsoestado.com\/evandrojunior\/#\/schema\/person\/3e6c3d8dbb740d1c6878ebc935cfb3be","name":"Evandro Junior","image":{"@type":"ImageObject","inLanguage":"pt-BR","@id":"https:\/\/www.blogsoestado.com\/evandrojunior\/#\/schema\/person\/image\/","url":"https:\/\/secure.gravatar.com\/avatar\/f80a03a2294a580cd2318bfb459bf354cfa8be661ef3d95b542cf9a04af8d129?s=96&d=mm&r=g","contentUrl":"https:\/\/secure.gravatar.com\/avatar\/f80a03a2294a580cd2318bfb459bf354cfa8be661ef3d95b542cf9a04af8d129?s=96&d=mm&r=g","caption":"Evandro Junior"},"url":"https:\/\/www.blogsoestado.com\/evandrojunior\/author\/evandrojunior\/"}]}},"jetpack_featured_media_url":"","_links":{"self":[{"href":"https:\/\/www.blogsoestado.com\/evandrojunior\/wp-json\/wp\/v2\/posts\/5442","targetHints":{"allow":["GET"]}}],"collection":[{"href":"https:\/\/www.blogsoestado.com\/evandrojunior\/wp-json\/wp\/v2\/posts"}],"about":[{"href":"https:\/\/www.blogsoestado.com\/evandrojunior\/wp-json\/wp\/v2\/types\/post"}],"author":[{"embeddable":true,"href":"https:\/\/www.blogsoestado.com\/evandrojunior\/wp-json\/wp\/v2\/users\/4"}],"replies":[{"embeddable":true,"href":"https:\/\/www.blogsoestado.com\/evandrojunior\/wp-json\/wp\/v2\/comments?post=5442"}],"version-history":[{"count":0,"href":"https:\/\/www.blogsoestado.com\/evandrojunior\/wp-json\/wp\/v2\/posts\/5442\/revisions"}],"wp:attachment":[{"href":"https:\/\/www.blogsoestado.com\/evandrojunior\/wp-json\/wp\/v2\/media?parent=5442"}],"wp:term":[{"taxonomy":"category","embeddable":true,"href":"https:\/\/www.blogsoestado.com\/evandrojunior\/wp-json\/wp\/v2\/categories?post=5442"},{"taxonomy":"post_tag","embeddable":true,"href":"https:\/\/www.blogsoestado.com\/evandrojunior\/wp-json\/wp\/v2\/tags?post=5442"}],"curies":[{"name":"wp","href":"https:\/\/api.w.org\/{rel}","templated":true}]}}