{"id":5454,"date":"2022-01-31T18:48:09","date_gmt":"2022-01-31T21:48:09","guid":{"rendered":"https:\/\/www.blogsoestado.com\/evandrojunior\/?p=5454"},"modified":"2022-01-31T18:48:09","modified_gmt":"2022-01-31T21:48:09","slug":"assembleia-legislativa-adota-novas-regras-de-combate-a-covid-e-sindromes-gripais-a-partir-desta-terca","status":"publish","type":"post","link":"https:\/\/www.blogsoestado.com\/evandrojunior\/2022\/01\/31\/assembleia-legislativa-adota-novas-regras-de-combate-a-covid-e-sindromes-gripais-a-partir-desta-terca\/","title":{"rendered":"Assembleia Legislativa adota novas regras de combate \u00e0 Covid e s\u00edndromes gripais a partir desta ter\u00e7a"},"content":{"rendered":"\n<div class=\"wp-block-image\"><figure class=\"aligncenter size-large is-resized\"><img fetchpriority=\"high\" decoding=\"async\" src=\"https:\/\/www.blogsoestado.com\/evandrojunior\/files\/2022\/01\/Assembleia.jpg\" alt=\"\" class=\"wp-image-5455\" width=\"641\" height=\"373\"\/><figcaption>Assembleia Legislativa do Estado do Maranh\u00e3o <\/figcaption><\/figure><\/div>\n\n\n\n<p><strong>S\u00e3o Lu\u00eds<\/strong> &#8211; A partir desta ter\u00e7a-feira (1\u00ba de fevereiro), a Assembleia Legislativa do Maranh\u00e3o passa a seguir um novo protocolo administrativo e sanit\u00e1rio com vistas ao combate \u00e0 Covid-19 e \u00e0s s\u00edndromes gripais em suas depend\u00eancias.\u00a0 \u00c9 o que determina a Resolu\u00e7\u00e3o Administrativa n\u00ba 079\/2022 da Mesa Diretora, publicada na \u00faltima sexta-feira (28).<\/p>\n\n\n\n<p>Assinada pelos deputados Othelino Neto (presidente da Alema), Andreia Martins Rezende (primeira secret\u00e1ria) e Cleide Coutinho (segunda secret\u00e1ria), a nova Resolu\u00e7\u00e3o Administrativa mant\u00e9m a exig\u00eancia de apresenta\u00e7\u00e3o do comprovante de vacina\u00e7\u00e3o, com o ciclo das duas doses conclu\u00eddo, para ingresso de visitantes nas instala\u00e7\u00f5es da Assembleia Legislativa.&nbsp;<\/p>\n\n\n\n<p>O diretor-geral da Alema, Valney de Freitas, explicou que o objetivo da nova norma administrativa \u00e9 proteger e dar maior seguran\u00e7a \u00e0 sa\u00fade de todos os servidores, parlamentares e visitantes, diante da incid\u00eancia muito alta de Covid e s\u00edndromes gripais. \u201c\u00c9 uma responsabilidade da Assembleia Legislativa com toda a sociedade maranhense\u201d, afirmou.&nbsp;<\/p>\n\n\n\n<p><strong>Agendamento<\/strong><\/p>\n\n\n\n<p>De acordo com a nova Resolu\u00e7\u00e3o, o acesso \u00e0s depend\u00eancias da Alema mant\u00e9m-se restrito aos deputados, servidores, estagi\u00e1rios e terceirizados. A entrada de visitantes fica condicionada ao agendamento pr\u00e9vio junto ao Gabinete Militar.<\/p>\n\n\n\n<p>Os servi\u00e7os e atividades presenciais na Assembleia Legislativa voltam a ser realizados no per\u00edodo normal de funcionamento, das 8h \u00e0s 18h, sem escala de revezamento entre servidores.<\/p>\n\n\n\n<p>Os servidores que n\u00e3o tiverem completado o ciclo das duas doses da vacina dever\u00e3o apresentar, semanalmente, o PCR com resultado negativo ao Gabinete Militar que encaminhar\u00e1 c\u00f3pia \u00e0 Diretoria de Sa\u00fade e Medicina Ocupacional.<\/p>\n\n\n\n<p><strong>Prote\u00e7\u00e3o<\/strong><\/p>\n\n\n\n<p>A nova Resolu\u00e7\u00e3o mant\u00e9m a obrigatoriedade do uso das m\u00e1scaras faciais de prote\u00e7\u00e3o, sejam descart\u00e1veis, caseiras ou reutiliz\u00e1veis para todas as pessoas dentro das instala\u00e7\u00f5es da Assembleia Legislativa, bem como o protocolo de etiqueta respirat\u00f3ria. Tamb\u00e9m dever\u00e1 ser disponibilizado \u00e1lcool gel 70% nos corredores ou outros locais de grande circula\u00e7\u00e3o de pessoas para higieniza\u00e7\u00e3o das m\u00e3os.<\/p>\n\n\n\n<p>A Resolu\u00e7\u00e3o Administrativa n\u00ba 079\/2022 da Alema foi editada com base no estado de calamidade estabelecido pelo Poder Executivo por meio do Decreto n\u00ba 37.360 de 3 de janeiro de 2022.<\/p>\n","protected":false},"excerpt":{"rendered":"<p>S\u00e3o Lu\u00eds &#8211; A partir desta ter\u00e7a-feira (1\u00ba de fevereiro), a Assembleia Legislativa do Maranh\u00e3o passa a seguir um novo [&hellip;]<\/p>\n","protected":false},"author":4,"featured_media":0,"comment_status":"open","ping_status":"open","sticky":false,"template":"","format":"standard","meta":{"site-sidebar-layout":"default","site-content-layout":"","ast-site-content-layout":"default","site-content-style":"default","site-sidebar-style":"default","ast-global-header-display":"","ast-banner-title-visibility":"","ast-main-header-display":"","ast-hfb-above-header-display":"","ast-hfb-below-header-display":"","ast-hfb-mobile-header-display":"","site-post-title":"","ast-breadcrumbs-content":"","ast-featured-img":"","footer-sml-layout":"","ast-disable-related-posts":"","theme-transparent-header-meta":"","adv-header-id-meta":"","stick-header-meta":"","header-above-stick-meta":"","header-main-stick-meta":"","header-below-stick-meta":"","astra-migrate-meta-layouts":"default","ast-page-background-enabled":"default","ast-page-background-meta":{"desktop":{"background-color":"var(--ast-global-color-5)","background-image":"","background-repeat":"repeat","background-position":"center center","background-size":"auto","background-attachment":"scroll","background-type":"","background-media":"","overlay-type":"","overlay-color":"","overlay-opacity":"","overlay-gradient":""},"tablet":{"background-color":"","background-image":"","background-repeat":"repeat","background-position":"center center","background-size":"auto","background-attachment":"scroll","background-type":"","background-media":"","overlay-type":"","overlay-color":"","overlay-opacity":"","overlay-gradient":""},"mobile":{"background-color":"","background-image":"","background-repeat":"repeat","background-position":"center center","background-size":"auto","background-attachment":"scroll","background-type":"","background-media":"","overlay-type":"","overlay-color":"","overlay-opacity":"","overlay-gradient":""}},"ast-content-background-meta":{"desktop":{"background-color":"var(--ast-global-color-4)","background-image":"","background-repeat":"repeat","background-position":"center center","background-size":"auto","background-attachment":"scroll","background-type":"","background-media":"","overlay-type":"","overlay-color":"","overlay-opacity":"","overlay-gradient":""},"tablet":{"background-color":"var(--ast-global-color-4)","background-image":"","background-repeat":"repeat","background-position":"center center","background-size":"auto","background-attachment":"scroll","background-type":"","background-media":"","overlay-type":"","overlay-color":"","overlay-opacity":"","overlay-gradient":""},"mobile":{"background-color":"var(--ast-global-color-4)","background-image":"","background-repeat":"repeat","background-position":"center center","background-size":"auto","background-attachment":"scroll","background-type":"","background-media":"","overlay-type":"","overlay-color":"","overlay-opacity":"","overlay-gradient":""}},"footnotes":""},"categories":[1],"tags":[],"class_list":["post-5454","post","type-post","status-publish","format-standard","hentry","category-sem-categoria"],"yoast_head":"<!-- This site is optimized with the Yoast SEO plugin v26.6 - https:\/\/yoast.com\/wordpress\/plugins\/seo\/ -->\n<title>Assembleia Legislativa adota novas regras de combate \u00e0 Covid e s\u00edndromes gripais a partir desta ter\u00e7a - Evandro Junior<\/title>\n<meta name=\"robots\" content=\"index, follow, max-snippet:-1, max-image-preview:large, max-video-preview:-1\" \/>\n<link rel=\"canonical\" href=\"https:\/\/www.blogsoestado.com\/evandrojunior\/2022\/01\/31\/assembleia-legislativa-adota-novas-regras-de-combate-a-covid-e-sindromes-gripais-a-partir-desta-terca\/\" \/>\n<meta property=\"og:locale\" content=\"pt_BR\" \/>\n<meta property=\"og:type\" content=\"article\" \/>\n<meta property=\"og:title\" content=\"Assembleia Legislativa adota novas regras de combate \u00e0 Covid e s\u00edndromes gripais a partir desta ter\u00e7a - Evandro Junior\" \/>\n<meta property=\"og:description\" content=\"S\u00e3o Lu\u00eds &#8211; A partir desta ter\u00e7a-feira (1\u00ba de fevereiro), a Assembleia Legislativa do Maranh\u00e3o passa a seguir um novo [&hellip;]\" \/>\n<meta property=\"og:url\" content=\"https:\/\/www.blogsoestado.com\/evandrojunior\/2022\/01\/31\/assembleia-legislativa-adota-novas-regras-de-combate-a-covid-e-sindromes-gripais-a-partir-desta-terca\/\" \/>\n<meta property=\"og:site_name\" content=\"Evandro Junior\" \/>\n<meta property=\"article:published_time\" content=\"2022-01-31T21:48:09+00:00\" \/>\n<meta property=\"og:image\" content=\"https:\/\/www.blogsoestado.com\/evandrojunior\/files\/2022\/01\/Assembleia.jpg\" \/>\n<meta name=\"author\" content=\"Evandro Junior\" \/>\n<meta name=\"twitter:card\" content=\"summary_large_image\" \/>\n<meta name=\"twitter:label1\" content=\"Escrito por\" \/>\n\t<meta name=\"twitter:data1\" content=\"Evandro Junior\" \/>\n\t<meta name=\"twitter:label2\" content=\"Est. tempo de leitura\" \/>\n\t<meta name=\"twitter:data2\" content=\"2 minutos\" \/>\n<script type=\"application\/ld+json\" class=\"yoast-schema-graph\">{\"@context\":\"https:\/\/schema.org\",\"@graph\":[{\"@type\":\"WebPage\",\"@id\":\"https:\/\/www.blogsoestado.com\/evandrojunior\/2022\/01\/31\/assembleia-legislativa-adota-novas-regras-de-combate-a-covid-e-sindromes-gripais-a-partir-desta-terca\/\",\"url\":\"https:\/\/www.blogsoestado.com\/evandrojunior\/2022\/01\/31\/assembleia-legislativa-adota-novas-regras-de-combate-a-covid-e-sindromes-gripais-a-partir-desta-terca\/\",\"name\":\"Assembleia Legislativa adota novas regras de combate \u00e0 Covid e s\u00edndromes gripais a partir desta ter\u00e7a - Evandro Junior\",\"isPartOf\":{\"@id\":\"https:\/\/www.blogsoestado.com\/evandrojunior\/#website\"},\"primaryImageOfPage\":{\"@id\":\"https:\/\/www.blogsoestado.com\/evandrojunior\/2022\/01\/31\/assembleia-legislativa-adota-novas-regras-de-combate-a-covid-e-sindromes-gripais-a-partir-desta-terca\/#primaryimage\"},\"image\":{\"@id\":\"https:\/\/www.blogsoestado.com\/evandrojunior\/2022\/01\/31\/assembleia-legislativa-adota-novas-regras-de-combate-a-covid-e-sindromes-gripais-a-partir-desta-terca\/#primaryimage\"},\"thumbnailUrl\":\"https:\/\/www.blogsoestado.com\/evandrojunior\/files\/2022\/01\/Assembleia.jpg\",\"datePublished\":\"2022-01-31T21:48:09+00:00\",\"author\":{\"@id\":\"https:\/\/www.blogsoestado.com\/evandrojunior\/#\/schema\/person\/3e6c3d8dbb740d1c6878ebc935cfb3be\"},\"breadcrumb\":{\"@id\":\"https:\/\/www.blogsoestado.com\/evandrojunior\/2022\/01\/31\/assembleia-legislativa-adota-novas-regras-de-combate-a-covid-e-sindromes-gripais-a-partir-desta-terca\/#breadcrumb\"},\"inLanguage\":\"pt-BR\",\"potentialAction\":[{\"@type\":\"ReadAction\",\"target\":[\"https:\/\/www.blogsoestado.com\/evandrojunior\/2022\/01\/31\/assembleia-legislativa-adota-novas-regras-de-combate-a-covid-e-sindromes-gripais-a-partir-desta-terca\/\"]}]},{\"@type\":\"ImageObject\",\"inLanguage\":\"pt-BR\",\"@id\":\"https:\/\/www.blogsoestado.com\/evandrojunior\/2022\/01\/31\/assembleia-legislativa-adota-novas-regras-de-combate-a-covid-e-sindromes-gripais-a-partir-desta-terca\/#primaryimage\",\"url\":\"https:\/\/www.blogsoestado.com\/evandrojunior\/files\/2022\/01\/Assembleia.jpg\",\"contentUrl\":\"https:\/\/www.blogsoestado.com\/evandrojunior\/files\/2022\/01\/Assembleia.jpg\"},{\"@type\":\"BreadcrumbList\",\"@id\":\"https:\/\/www.blogsoestado.com\/evandrojunior\/2022\/01\/31\/assembleia-legislativa-adota-novas-regras-de-combate-a-covid-e-sindromes-gripais-a-partir-desta-terca\/#breadcrumb\",\"itemListElement\":[{\"@type\":\"ListItem\",\"position\":1,\"name\":\"In\u00edcio\",\"item\":\"https:\/\/www.blogsoestado.com\/evandrojunior\/\"},{\"@type\":\"ListItem\",\"position\":2,\"name\":\"Assembleia Legislativa adota novas regras de combate \u00e0 Covid e s\u00edndromes gripais a partir desta ter\u00e7a\"}]},{\"@type\":\"WebSite\",\"@id\":\"https:\/\/www.blogsoestado.com\/evandrojunior\/#website\",\"url\":\"https:\/\/www.blogsoestado.com\/evandrojunior\/\",\"name\":\"Evandro Junior\",\"description\":\"\",\"potentialAction\":[{\"@type\":\"SearchAction\",\"target\":{\"@type\":\"EntryPoint\",\"urlTemplate\":\"https:\/\/www.blogsoestado.com\/evandrojunior\/?s={search_term_string}\"},\"query-input\":{\"@type\":\"PropertyValueSpecification\",\"valueRequired\":true,\"valueName\":\"search_term_string\"}}],\"inLanguage\":\"pt-BR\"},{\"@type\":\"Person\",\"@id\":\"https:\/\/www.blogsoestado.com\/evandrojunior\/#\/schema\/person\/3e6c3d8dbb740d1c6878ebc935cfb3be\",\"name\":\"Evandro Junior\",\"image\":{\"@type\":\"ImageObject\",\"inLanguage\":\"pt-BR\",\"@id\":\"https:\/\/www.blogsoestado.com\/evandrojunior\/#\/schema\/person\/image\/\",\"url\":\"https:\/\/secure.gravatar.com\/avatar\/f80a03a2294a580cd2318bfb459bf354cfa8be661ef3d95b542cf9a04af8d129?s=96&d=mm&r=g\",\"contentUrl\":\"https:\/\/secure.gravatar.com\/avatar\/f80a03a2294a580cd2318bfb459bf354cfa8be661ef3d95b542cf9a04af8d129?s=96&d=mm&r=g\",\"caption\":\"Evandro Junior\"},\"url\":\"https:\/\/www.blogsoestado.com\/evandrojunior\/author\/evandrojunior\/\"}]}<\/script>\n<!-- \/ Yoast SEO plugin. -->","yoast_head_json":{"title":"Assembleia Legislativa adota novas regras de combate \u00e0 Covid e s\u00edndromes gripais a partir desta ter\u00e7a - Evandro Junior","robots":{"index":"index","follow":"follow","max-snippet":"max-snippet:-1","max-image-preview":"max-image-preview:large","max-video-preview":"max-video-preview:-1"},"canonical":"https:\/\/www.blogsoestado.com\/evandrojunior\/2022\/01\/31\/assembleia-legislativa-adota-novas-regras-de-combate-a-covid-e-sindromes-gripais-a-partir-desta-terca\/","og_locale":"pt_BR","og_type":"article","og_title":"Assembleia Legislativa adota novas regras de combate \u00e0 Covid e s\u00edndromes gripais a partir desta ter\u00e7a - Evandro Junior","og_description":"S\u00e3o Lu\u00eds &#8211; A partir desta ter\u00e7a-feira (1\u00ba de fevereiro), a Assembleia Legislativa do Maranh\u00e3o passa a seguir um novo [&hellip;]","og_url":"https:\/\/www.blogsoestado.com\/evandrojunior\/2022\/01\/31\/assembleia-legislativa-adota-novas-regras-de-combate-a-covid-e-sindromes-gripais-a-partir-desta-terca\/","og_site_name":"Evandro Junior","article_published_time":"2022-01-31T21:48:09+00:00","og_image":[{"url":"https:\/\/www.blogsoestado.com\/evandrojunior\/files\/2022\/01\/Assembleia.jpg","type":"","width":"","height":""}],"author":"Evandro Junior","twitter_card":"summary_large_image","twitter_misc":{"Escrito por":"Evandro Junior","Est. tempo de leitura":"2 minutos"},"schema":{"@context":"https:\/\/schema.org","@graph":[{"@type":"WebPage","@id":"https:\/\/www.blogsoestado.com\/evandrojunior\/2022\/01\/31\/assembleia-legislativa-adota-novas-regras-de-combate-a-covid-e-sindromes-gripais-a-partir-desta-terca\/","url":"https:\/\/www.blogsoestado.com\/evandrojunior\/2022\/01\/31\/assembleia-legislativa-adota-novas-regras-de-combate-a-covid-e-sindromes-gripais-a-partir-desta-terca\/","name":"Assembleia Legislativa adota novas regras de combate \u00e0 Covid e s\u00edndromes gripais a partir desta ter\u00e7a - Evandro Junior","isPartOf":{"@id":"https:\/\/www.blogsoestado.com\/evandrojunior\/#website"},"primaryImageOfPage":{"@id":"https:\/\/www.blogsoestado.com\/evandrojunior\/2022\/01\/31\/assembleia-legislativa-adota-novas-regras-de-combate-a-covid-e-sindromes-gripais-a-partir-desta-terca\/#primaryimage"},"image":{"@id":"https:\/\/www.blogsoestado.com\/evandrojunior\/2022\/01\/31\/assembleia-legislativa-adota-novas-regras-de-combate-a-covid-e-sindromes-gripais-a-partir-desta-terca\/#primaryimage"},"thumbnailUrl":"https:\/\/www.blogsoestado.com\/evandrojunior\/files\/2022\/01\/Assembleia.jpg","datePublished":"2022-01-31T21:48:09+00:00","author":{"@id":"https:\/\/www.blogsoestado.com\/evandrojunior\/#\/schema\/person\/3e6c3d8dbb740d1c6878ebc935cfb3be"},"breadcrumb":{"@id":"https:\/\/www.blogsoestado.com\/evandrojunior\/2022\/01\/31\/assembleia-legislativa-adota-novas-regras-de-combate-a-covid-e-sindromes-gripais-a-partir-desta-terca\/#breadcrumb"},"inLanguage":"pt-BR","potentialAction":[{"@type":"ReadAction","target":["https:\/\/www.blogsoestado.com\/evandrojunior\/2022\/01\/31\/assembleia-legislativa-adota-novas-regras-de-combate-a-covid-e-sindromes-gripais-a-partir-desta-terca\/"]}]},{"@type":"ImageObject","inLanguage":"pt-BR","@id":"https:\/\/www.blogsoestado.com\/evandrojunior\/2022\/01\/31\/assembleia-legislativa-adota-novas-regras-de-combate-a-covid-e-sindromes-gripais-a-partir-desta-terca\/#primaryimage","url":"https:\/\/www.blogsoestado.com\/evandrojunior\/files\/2022\/01\/Assembleia.jpg","contentUrl":"https:\/\/www.blogsoestado.com\/evandrojunior\/files\/2022\/01\/Assembleia.jpg"},{"@type":"BreadcrumbList","@id":"https:\/\/www.blogsoestado.com\/evandrojunior\/2022\/01\/31\/assembleia-legislativa-adota-novas-regras-de-combate-a-covid-e-sindromes-gripais-a-partir-desta-terca\/#breadcrumb","itemListElement":[{"@type":"ListItem","position":1,"name":"In\u00edcio","item":"https:\/\/www.blogsoestado.com\/evandrojunior\/"},{"@type":"ListItem","position":2,"name":"Assembleia Legislativa adota novas regras de combate \u00e0 Covid e s\u00edndromes gripais a partir desta ter\u00e7a"}]},{"@type":"WebSite","@id":"https:\/\/www.blogsoestado.com\/evandrojunior\/#website","url":"https:\/\/www.blogsoestado.com\/evandrojunior\/","name":"Evandro Junior","description":"","potentialAction":[{"@type":"SearchAction","target":{"@type":"EntryPoint","urlTemplate":"https:\/\/www.blogsoestado.com\/evandrojunior\/?s={search_term_string}"},"query-input":{"@type":"PropertyValueSpecification","valueRequired":true,"valueName":"search_term_string"}}],"inLanguage":"pt-BR"},{"@type":"Person","@id":"https:\/\/www.blogsoestado.com\/evandrojunior\/#\/schema\/person\/3e6c3d8dbb740d1c6878ebc935cfb3be","name":"Evandro Junior","image":{"@type":"ImageObject","inLanguage":"pt-BR","@id":"https:\/\/www.blogsoestado.com\/evandrojunior\/#\/schema\/person\/image\/","url":"https:\/\/secure.gravatar.com\/avatar\/f80a03a2294a580cd2318bfb459bf354cfa8be661ef3d95b542cf9a04af8d129?s=96&d=mm&r=g","contentUrl":"https:\/\/secure.gravatar.com\/avatar\/f80a03a2294a580cd2318bfb459bf354cfa8be661ef3d95b542cf9a04af8d129?s=96&d=mm&r=g","caption":"Evandro Junior"},"url":"https:\/\/www.blogsoestado.com\/evandrojunior\/author\/evandrojunior\/"}]}},"jetpack_featured_media_url":"","_links":{"self":[{"href":"https:\/\/www.blogsoestado.com\/evandrojunior\/wp-json\/wp\/v2\/posts\/5454","targetHints":{"allow":["GET"]}}],"collection":[{"href":"https:\/\/www.blogsoestado.com\/evandrojunior\/wp-json\/wp\/v2\/posts"}],"about":[{"href":"https:\/\/www.blogsoestado.com\/evandrojunior\/wp-json\/wp\/v2\/types\/post"}],"author":[{"embeddable":true,"href":"https:\/\/www.blogsoestado.com\/evandrojunior\/wp-json\/wp\/v2\/users\/4"}],"replies":[{"embeddable":true,"href":"https:\/\/www.blogsoestado.com\/evandrojunior\/wp-json\/wp\/v2\/comments?post=5454"}],"version-history":[{"count":0,"href":"https:\/\/www.blogsoestado.com\/evandrojunior\/wp-json\/wp\/v2\/posts\/5454\/revisions"}],"wp:attachment":[{"href":"https:\/\/www.blogsoestado.com\/evandrojunior\/wp-json\/wp\/v2\/media?parent=5454"}],"wp:term":[{"taxonomy":"category","embeddable":true,"href":"https:\/\/www.blogsoestado.com\/evandrojunior\/wp-json\/wp\/v2\/categories?post=5454"},{"taxonomy":"post_tag","embeddable":true,"href":"https:\/\/www.blogsoestado.com\/evandrojunior\/wp-json\/wp\/v2\/tags?post=5454"}],"curies":[{"name":"wp","href":"https:\/\/api.w.org\/{rel}","templated":true}]}}