{"id":548,"date":"2018-04-11T14:48:52","date_gmt":"2018-04-11T17:48:52","guid":{"rendered":"https:\/\/www.blogsoestado.com\/evandrojunior\/?p=548"},"modified":"2018-04-11T14:48:52","modified_gmt":"2018-04-11T17:48:52","slug":"ex-jogador-de-futebol-bate-um-bolao-nos-vocais","status":"publish","type":"post","link":"https:\/\/www.blogsoestado.com\/evandrojunior\/2018\/04\/11\/ex-jogador-de-futebol-bate-um-bolao-nos-vocais\/","title":{"rendered":"Ex-jogador de futebol bate um bol\u00e3o nos vocais"},"content":{"rendered":"<figure id=\"attachment_549\" aria-describedby=\"caption-attachment-549\" style=\"width: 358px\" class=\"wp-caption alignnone\"><img fetchpriority=\"high\" decoding=\"async\" class=\" wp-image-549\" src=\"https:\/\/www.blogsoestado.com\/evandrojunior\/wp-content\/uploads\/sites\/3\/2018\/04\/Dino-1-200x300.jpg\" alt=\"\" width=\"358\" height=\"537\" srcset=\"https:\/\/www.blogsoestado.com\/evandrojunior\/wp-content\/uploads\/sites\/3\/2018\/04\/Dino-1-200x300.jpg 200w, https:\/\/www.blogsoestado.com\/evandrojunior\/wp-content\/uploads\/sites\/3\/2018\/04\/Dino-1-682x1024.jpg 682w, https:\/\/www.blogsoestado.com\/evandrojunior\/wp-content\/uploads\/sites\/3\/2018\/04\/Dino-1-768x1152.jpg 768w, https:\/\/www.blogsoestado.com\/evandrojunior\/wp-content\/uploads\/sites\/3\/2018\/04\/Dino-1.jpg 853w\" sizes=\"(max-width: 358px) 100vw, 358px\" \/><figcaption id=\"caption-attachment-549\" class=\"wp-caption-text\">Dino Reis fotografado por Marcos Salles<\/figcaption><\/figure>\n<p>&nbsp;<\/p>\n<p>Quem est\u00e1 se destacando na cena musical maranhense, apesar de j\u00e1 pontificar nos palcos h\u00e1 cerca de dez anos, \u00e9 o cantor Dino Reis, ex-jogador de futebol e que est\u00e1 batendo um bol\u00e3o nos vocais.<\/p>\n<p>Dino, que passou por v\u00e1rias bandas e \u00e9 um dos vocalistas do grupo Sambaceuma, agora desenvolve projeto solo paralelo.<\/p>\n<p>Neste s\u00e1bado, ele receber\u00e1 convidados especiais no show DR 360 Graus, que comandar\u00e1 na sede do Boi Pirilampo, na Cohab.<\/p>\n<p>Basta escutar Dino Reis para observar que o ex-atleta acertou na mudan\u00e7a de foco. Tem uma voz diferenciada, afinada e do n\u00edvel de destacados artistas da cena nacional.<\/p>\n<p>Confesso que n\u00e3o o conhecia, mas como gosto de abrir caixas de novos talentos, passei a observar mais esse jovem prod\u00edgio.<\/p>\n","protected":false},"excerpt":{"rendered":"<p>&nbsp; Quem est\u00e1 se destacando na cena musical maranhense, apesar de j\u00e1 pontificar nos palcos h\u00e1 cerca de dez anos, [&hellip;]<\/p>\n","protected":false},"author":4,"featured_media":0,"comment_status":"open","ping_status":"open","sticky":false,"template":"","format":"standard","meta":{"site-sidebar-layout":"default","site-content-layout":"","ast-site-content-layout":"default","site-content-style":"default","site-sidebar-style":"default","ast-global-header-display":"","ast-banner-title-visibility":"","ast-main-header-display":"","ast-hfb-above-header-display":"","ast-hfb-below-header-display":"","ast-hfb-mobile-header-display":"","site-post-title":"","ast-breadcrumbs-content":"","ast-featured-img":"","footer-sml-layout":"","ast-disable-related-posts":"","theme-transparent-header-meta":"","adv-header-id-meta":"","stick-header-meta":"","header-above-stick-meta":"","header-main-stick-meta":"","header-below-stick-meta":"","astra-migrate-meta-layouts":"default","ast-page-background-enabled":"default","ast-page-background-meta":{"desktop":{"background-color":"var(--ast-global-color-5)","background-image":"","background-repeat":"repeat","background-position":"center center","background-size":"auto","background-attachment":"scroll","background-type":"","background-media":"","overlay-type":"","overlay-color":"","overlay-opacity":"","overlay-gradient":""},"tablet":{"background-color":"","background-image":"","background-repeat":"repeat","background-position":"center center","background-size":"auto","background-attachment":"scroll","background-type":"","background-media":"","overlay-type":"","overlay-color":"","overlay-opacity":"","overlay-gradient":""},"mobile":{"background-color":"","background-image":"","background-repeat":"repeat","background-position":"center center","background-size":"auto","background-attachment":"scroll","background-type":"","background-media":"","overlay-type":"","overlay-color":"","overlay-opacity":"","overlay-gradient":""}},"ast-content-background-meta":{"desktop":{"background-color":"var(--ast-global-color-4)","background-image":"","background-repeat":"repeat","background-position":"center center","background-size":"auto","background-attachment":"scroll","background-type":"","background-media":"","overlay-type":"","overlay-color":"","overlay-opacity":"","overlay-gradient":""},"tablet":{"background-color":"var(--ast-global-color-4)","background-image":"","background-repeat":"repeat","background-position":"center center","background-size":"auto","background-attachment":"scroll","background-type":"","background-media":"","overlay-type":"","overlay-color":"","overlay-opacity":"","overlay-gradient":""},"mobile":{"background-color":"var(--ast-global-color-4)","background-image":"","background-repeat":"repeat","background-position":"center center","background-size":"auto","background-attachment":"scroll","background-type":"","background-media":"","overlay-type":"","overlay-color":"","overlay-opacity":"","overlay-gradient":""}},"footnotes":""},"categories":[1],"tags":[],"class_list":["post-548","post","type-post","status-publish","format-standard","hentry","category-sem-categoria"],"yoast_head":"<!-- This site is optimized with the Yoast SEO plugin v26.6 - https:\/\/yoast.com\/wordpress\/plugins\/seo\/ -->\n<title>Ex-jogador de futebol bate um bol\u00e3o nos vocais - Evandro Junior<\/title>\n<meta name=\"robots\" content=\"index, follow, max-snippet:-1, max-image-preview:large, max-video-preview:-1\" \/>\n<link rel=\"canonical\" href=\"https:\/\/www.blogsoestado.com\/evandrojunior\/2018\/04\/11\/ex-jogador-de-futebol-bate-um-bolao-nos-vocais\/\" \/>\n<meta property=\"og:locale\" content=\"pt_BR\" \/>\n<meta property=\"og:type\" content=\"article\" \/>\n<meta property=\"og:title\" content=\"Ex-jogador de futebol bate um bol\u00e3o nos vocais - Evandro Junior\" \/>\n<meta property=\"og:description\" content=\"&nbsp; Quem est\u00e1 se destacando na cena musical maranhense, apesar de j\u00e1 pontificar nos palcos h\u00e1 cerca de dez anos, [&hellip;]\" \/>\n<meta property=\"og:url\" content=\"https:\/\/www.blogsoestado.com\/evandrojunior\/2018\/04\/11\/ex-jogador-de-futebol-bate-um-bolao-nos-vocais\/\" \/>\n<meta property=\"og:site_name\" content=\"Evandro Junior\" \/>\n<meta property=\"article:published_time\" content=\"2018-04-11T17:48:52+00:00\" \/>\n<meta property=\"og:image\" content=\"https:\/\/www.blogsoestado.com\/evandrojunior\/wp-content\/uploads\/sites\/3\/2018\/04\/Dino-1-200x300.jpg\" \/>\n<meta name=\"author\" content=\"Evandro Junior\" \/>\n<meta name=\"twitter:card\" content=\"summary_large_image\" \/>\n<meta name=\"twitter:label1\" content=\"Escrito por\" \/>\n\t<meta name=\"twitter:data1\" content=\"Evandro Junior\" \/>\n\t<meta name=\"twitter:label2\" content=\"Est. tempo de leitura\" \/>\n\t<meta name=\"twitter:data2\" content=\"1 minuto\" \/>\n<script type=\"application\/ld+json\" class=\"yoast-schema-graph\">{\"@context\":\"https:\/\/schema.org\",\"@graph\":[{\"@type\":\"WebPage\",\"@id\":\"https:\/\/www.blogsoestado.com\/evandrojunior\/2018\/04\/11\/ex-jogador-de-futebol-bate-um-bolao-nos-vocais\/\",\"url\":\"https:\/\/www.blogsoestado.com\/evandrojunior\/2018\/04\/11\/ex-jogador-de-futebol-bate-um-bolao-nos-vocais\/\",\"name\":\"Ex-jogador de futebol bate um bol\u00e3o nos vocais - Evandro Junior\",\"isPartOf\":{\"@id\":\"https:\/\/www.blogsoestado.com\/evandrojunior\/#website\"},\"primaryImageOfPage\":{\"@id\":\"https:\/\/www.blogsoestado.com\/evandrojunior\/2018\/04\/11\/ex-jogador-de-futebol-bate-um-bolao-nos-vocais\/#primaryimage\"},\"image\":{\"@id\":\"https:\/\/www.blogsoestado.com\/evandrojunior\/2018\/04\/11\/ex-jogador-de-futebol-bate-um-bolao-nos-vocais\/#primaryimage\"},\"thumbnailUrl\":\"https:\/\/www.blogsoestado.com\/evandrojunior\/wp-content\/uploads\/sites\/3\/2018\/04\/Dino-1-200x300.jpg\",\"datePublished\":\"2018-04-11T17:48:52+00:00\",\"author\":{\"@id\":\"https:\/\/www.blogsoestado.com\/evandrojunior\/#\/schema\/person\/3e6c3d8dbb740d1c6878ebc935cfb3be\"},\"breadcrumb\":{\"@id\":\"https:\/\/www.blogsoestado.com\/evandrojunior\/2018\/04\/11\/ex-jogador-de-futebol-bate-um-bolao-nos-vocais\/#breadcrumb\"},\"inLanguage\":\"pt-BR\",\"potentialAction\":[{\"@type\":\"ReadAction\",\"target\":[\"https:\/\/www.blogsoestado.com\/evandrojunior\/2018\/04\/11\/ex-jogador-de-futebol-bate-um-bolao-nos-vocais\/\"]}]},{\"@type\":\"ImageObject\",\"inLanguage\":\"pt-BR\",\"@id\":\"https:\/\/www.blogsoestado.com\/evandrojunior\/2018\/04\/11\/ex-jogador-de-futebol-bate-um-bolao-nos-vocais\/#primaryimage\",\"url\":\"https:\/\/www.blogsoestado.com\/evandrojunior\/wp-content\/uploads\/sites\/3\/2018\/04\/Dino-1.jpg\",\"contentUrl\":\"https:\/\/www.blogsoestado.com\/evandrojunior\/wp-content\/uploads\/sites\/3\/2018\/04\/Dino-1.jpg\",\"width\":853,\"height\":1280,\"caption\":\"Forr\u00f3 Sacode\"},{\"@type\":\"BreadcrumbList\",\"@id\":\"https:\/\/www.blogsoestado.com\/evandrojunior\/2018\/04\/11\/ex-jogador-de-futebol-bate-um-bolao-nos-vocais\/#breadcrumb\",\"itemListElement\":[{\"@type\":\"ListItem\",\"position\":1,\"name\":\"In\u00edcio\",\"item\":\"https:\/\/www.blogsoestado.com\/evandrojunior\/\"},{\"@type\":\"ListItem\",\"position\":2,\"name\":\"Ex-jogador de futebol bate um bol\u00e3o nos vocais\"}]},{\"@type\":\"WebSite\",\"@id\":\"https:\/\/www.blogsoestado.com\/evandrojunior\/#website\",\"url\":\"https:\/\/www.blogsoestado.com\/evandrojunior\/\",\"name\":\"Evandro Junior\",\"description\":\"\",\"potentialAction\":[{\"@type\":\"SearchAction\",\"target\":{\"@type\":\"EntryPoint\",\"urlTemplate\":\"https:\/\/www.blogsoestado.com\/evandrojunior\/?s={search_term_string}\"},\"query-input\":{\"@type\":\"PropertyValueSpecification\",\"valueRequired\":true,\"valueName\":\"search_term_string\"}}],\"inLanguage\":\"pt-BR\"},{\"@type\":\"Person\",\"@id\":\"https:\/\/www.blogsoestado.com\/evandrojunior\/#\/schema\/person\/3e6c3d8dbb740d1c6878ebc935cfb3be\",\"name\":\"Evandro Junior\",\"image\":{\"@type\":\"ImageObject\",\"inLanguage\":\"pt-BR\",\"@id\":\"https:\/\/www.blogsoestado.com\/evandrojunior\/#\/schema\/person\/image\/\",\"url\":\"https:\/\/secure.gravatar.com\/avatar\/f80a03a2294a580cd2318bfb459bf354cfa8be661ef3d95b542cf9a04af8d129?s=96&d=mm&r=g\",\"contentUrl\":\"https:\/\/secure.gravatar.com\/avatar\/f80a03a2294a580cd2318bfb459bf354cfa8be661ef3d95b542cf9a04af8d129?s=96&d=mm&r=g\",\"caption\":\"Evandro Junior\"},\"url\":\"https:\/\/www.blogsoestado.com\/evandrojunior\/author\/evandrojunior\/\"}]}<\/script>\n<!-- \/ Yoast SEO plugin. -->","yoast_head_json":{"title":"Ex-jogador de futebol bate um bol\u00e3o nos vocais - Evandro Junior","robots":{"index":"index","follow":"follow","max-snippet":"max-snippet:-1","max-image-preview":"max-image-preview:large","max-video-preview":"max-video-preview:-1"},"canonical":"https:\/\/www.blogsoestado.com\/evandrojunior\/2018\/04\/11\/ex-jogador-de-futebol-bate-um-bolao-nos-vocais\/","og_locale":"pt_BR","og_type":"article","og_title":"Ex-jogador de futebol bate um bol\u00e3o nos vocais - Evandro Junior","og_description":"&nbsp; Quem est\u00e1 se destacando na cena musical maranhense, apesar de j\u00e1 pontificar nos palcos h\u00e1 cerca de dez anos, [&hellip;]","og_url":"https:\/\/www.blogsoestado.com\/evandrojunior\/2018\/04\/11\/ex-jogador-de-futebol-bate-um-bolao-nos-vocais\/","og_site_name":"Evandro Junior","article_published_time":"2018-04-11T17:48:52+00:00","og_image":[{"url":"https:\/\/www.blogsoestado.com\/evandrojunior\/wp-content\/uploads\/sites\/3\/2018\/04\/Dino-1-200x300.jpg","type":"","width":"","height":""}],"author":"Evandro Junior","twitter_card":"summary_large_image","twitter_misc":{"Escrito por":"Evandro Junior","Est. tempo de leitura":"1 minuto"},"schema":{"@context":"https:\/\/schema.org","@graph":[{"@type":"WebPage","@id":"https:\/\/www.blogsoestado.com\/evandrojunior\/2018\/04\/11\/ex-jogador-de-futebol-bate-um-bolao-nos-vocais\/","url":"https:\/\/www.blogsoestado.com\/evandrojunior\/2018\/04\/11\/ex-jogador-de-futebol-bate-um-bolao-nos-vocais\/","name":"Ex-jogador de futebol bate um bol\u00e3o nos vocais - Evandro Junior","isPartOf":{"@id":"https:\/\/www.blogsoestado.com\/evandrojunior\/#website"},"primaryImageOfPage":{"@id":"https:\/\/www.blogsoestado.com\/evandrojunior\/2018\/04\/11\/ex-jogador-de-futebol-bate-um-bolao-nos-vocais\/#primaryimage"},"image":{"@id":"https:\/\/www.blogsoestado.com\/evandrojunior\/2018\/04\/11\/ex-jogador-de-futebol-bate-um-bolao-nos-vocais\/#primaryimage"},"thumbnailUrl":"https:\/\/www.blogsoestado.com\/evandrojunior\/wp-content\/uploads\/sites\/3\/2018\/04\/Dino-1-200x300.jpg","datePublished":"2018-04-11T17:48:52+00:00","author":{"@id":"https:\/\/www.blogsoestado.com\/evandrojunior\/#\/schema\/person\/3e6c3d8dbb740d1c6878ebc935cfb3be"},"breadcrumb":{"@id":"https:\/\/www.blogsoestado.com\/evandrojunior\/2018\/04\/11\/ex-jogador-de-futebol-bate-um-bolao-nos-vocais\/#breadcrumb"},"inLanguage":"pt-BR","potentialAction":[{"@type":"ReadAction","target":["https:\/\/www.blogsoestado.com\/evandrojunior\/2018\/04\/11\/ex-jogador-de-futebol-bate-um-bolao-nos-vocais\/"]}]},{"@type":"ImageObject","inLanguage":"pt-BR","@id":"https:\/\/www.blogsoestado.com\/evandrojunior\/2018\/04\/11\/ex-jogador-de-futebol-bate-um-bolao-nos-vocais\/#primaryimage","url":"https:\/\/www.blogsoestado.com\/evandrojunior\/wp-content\/uploads\/sites\/3\/2018\/04\/Dino-1.jpg","contentUrl":"https:\/\/www.blogsoestado.com\/evandrojunior\/wp-content\/uploads\/sites\/3\/2018\/04\/Dino-1.jpg","width":853,"height":1280,"caption":"Forr\u00f3 Sacode"},{"@type":"BreadcrumbList","@id":"https:\/\/www.blogsoestado.com\/evandrojunior\/2018\/04\/11\/ex-jogador-de-futebol-bate-um-bolao-nos-vocais\/#breadcrumb","itemListElement":[{"@type":"ListItem","position":1,"name":"In\u00edcio","item":"https:\/\/www.blogsoestado.com\/evandrojunior\/"},{"@type":"ListItem","position":2,"name":"Ex-jogador de futebol bate um bol\u00e3o nos vocais"}]},{"@type":"WebSite","@id":"https:\/\/www.blogsoestado.com\/evandrojunior\/#website","url":"https:\/\/www.blogsoestado.com\/evandrojunior\/","name":"Evandro Junior","description":"","potentialAction":[{"@type":"SearchAction","target":{"@type":"EntryPoint","urlTemplate":"https:\/\/www.blogsoestado.com\/evandrojunior\/?s={search_term_string}"},"query-input":{"@type":"PropertyValueSpecification","valueRequired":true,"valueName":"search_term_string"}}],"inLanguage":"pt-BR"},{"@type":"Person","@id":"https:\/\/www.blogsoestado.com\/evandrojunior\/#\/schema\/person\/3e6c3d8dbb740d1c6878ebc935cfb3be","name":"Evandro Junior","image":{"@type":"ImageObject","inLanguage":"pt-BR","@id":"https:\/\/www.blogsoestado.com\/evandrojunior\/#\/schema\/person\/image\/","url":"https:\/\/secure.gravatar.com\/avatar\/f80a03a2294a580cd2318bfb459bf354cfa8be661ef3d95b542cf9a04af8d129?s=96&d=mm&r=g","contentUrl":"https:\/\/secure.gravatar.com\/avatar\/f80a03a2294a580cd2318bfb459bf354cfa8be661ef3d95b542cf9a04af8d129?s=96&d=mm&r=g","caption":"Evandro Junior"},"url":"https:\/\/www.blogsoestado.com\/evandrojunior\/author\/evandrojunior\/"}]}},"jetpack_featured_media_url":"","_links":{"self":[{"href":"https:\/\/www.blogsoestado.com\/evandrojunior\/wp-json\/wp\/v2\/posts\/548","targetHints":{"allow":["GET"]}}],"collection":[{"href":"https:\/\/www.blogsoestado.com\/evandrojunior\/wp-json\/wp\/v2\/posts"}],"about":[{"href":"https:\/\/www.blogsoestado.com\/evandrojunior\/wp-json\/wp\/v2\/types\/post"}],"author":[{"embeddable":true,"href":"https:\/\/www.blogsoestado.com\/evandrojunior\/wp-json\/wp\/v2\/users\/4"}],"replies":[{"embeddable":true,"href":"https:\/\/www.blogsoestado.com\/evandrojunior\/wp-json\/wp\/v2\/comments?post=548"}],"version-history":[{"count":0,"href":"https:\/\/www.blogsoestado.com\/evandrojunior\/wp-json\/wp\/v2\/posts\/548\/revisions"}],"wp:attachment":[{"href":"https:\/\/www.blogsoestado.com\/evandrojunior\/wp-json\/wp\/v2\/media?parent=548"}],"wp:term":[{"taxonomy":"category","embeddable":true,"href":"https:\/\/www.blogsoestado.com\/evandrojunior\/wp-json\/wp\/v2\/categories?post=548"},{"taxonomy":"post_tag","embeddable":true,"href":"https:\/\/www.blogsoestado.com\/evandrojunior\/wp-json\/wp\/v2\/tags?post=548"}],"curies":[{"name":"wp","href":"https:\/\/api.w.org\/{rel}","templated":true}]}}