{"id":5798,"date":"2022-03-16T09:24:18","date_gmt":"2022-03-16T12:24:18","guid":{"rendered":"https:\/\/www.blogsoestado.com\/evandrojunior\/?p=5798"},"modified":"2022-03-16T09:24:18","modified_gmt":"2022-03-16T12:24:18","slug":"cronica-de-jose-fernandes-nas-aguas-de-iemanja","status":"publish","type":"post","link":"https:\/\/www.blogsoestado.com\/evandrojunior\/2022\/03\/16\/cronica-de-jose-fernandes-nas-aguas-de-iemanja\/","title":{"rendered":"Cr\u00f4nica de Jos\u00e9 Fernandes: &#8220;Nas \u00e1guas de Iemanj\u00e1&#8221;"},"content":{"rendered":"\n<div class=\"wp-block-image\"><figure class=\"aligncenter size-large is-resized\"><img fetchpriority=\"high\" decoding=\"async\" src=\"https:\/\/www.blogsoestado.com\/evandrojunior\/files\/2022\/03\/Praia.jpg\" alt=\"\" class=\"wp-image-5799\" width=\"635\" height=\"377\"\/><figcaption>&#8220;Uma hora depois j\u00e1 est\u00e1vamos na praia mais movimentada da capital cearense, a praia do Futuro&#8221;<\/figcaption><\/figure><\/div>\n\n\n\n<p><strong>S\u00e3o Lu\u00eds<\/strong> &#8211; <strong>O MICRO-\u00d4NIBUS <\/strong>que nos levaria em excurs\u00e3o pelas praias de Fortaleza, \u00e0s oito da manh\u00e3 nos apanhou no hotel. \u00c9ramos 14 turistas de v\u00e1rias proced\u00eancias, naqueles anos de 1990. Do Maranh\u00e3o, s\u00f3 duas pessoas \u2013 eu e minha esposa.<\/p>\n\n\n\n<p>Antes de adentrarmos na zona litor\u00e2nea, o motorista, certamente obedecendo a um pr\u00e9vio roteiro, levou-nos a conhecer alguns locais urbanos e suburbanos, considerados pitorescos, e uma hora depois j\u00e1 est\u00e1vamos na praia mais movimentada da capital cearense, a praia do Futuro, onde nos demoramos at\u00e9 as 11 horas.<\/p>\n\n\n\n<p>Depois de seguir v\u00e1rios roteiros, mais tarde aportamos numa praia silenciosa, sem movimenta\u00e7\u00e3o tur\u00edstica, a praia de Cumbuco, contornada por casas suntuosas e desabitadas na ocasi\u00e3o, como ocorre em outras tantas praias famosas, em que gente endinheirada constr\u00f3i bonitas vivendas e s\u00f3 as ocupam para espor\u00e1dico veraneio.<\/p>\n\n\n\n<p>Nessa praia n\u00e3o havia, naquele momento, nenhum banhista \u00e0 vista; apenas um pequeno bar aberto, e n\u00f3s o ocupamos para um cafezinho, alguma bebida ou pequeno repasto.<\/p>\n\n\n\n<p>N\u00e3o demorou, apresentaram-se pessoas oferecendo passeios de bugre, mediante pagamento, pelas areias em derredor &#8211; ofertas de pronto afeitas por tr\u00eas jovens excursionistas. Em seguida, vieram-nos outro convite, desta vez para um passeio de jangada.<\/p>\n\n\n\n<p>Quando parecia que ningu\u00e9m se dispunha a aceitar essa \u00faltima proposta, dois, este que vos escreve e um turista austr\u00edaco, ambos beirando a terceira idade, talvez apenas para quebrar a monotonia daquele passeio, resolvemos participar daquele p\u00e9riplo mar\u00edtimo.<\/p>\n\n\n\n<p>Acomodados na jangada, apreci\u00e1vamos a paisagem das \u00e1guas sem fim, quando, numa dist\u00e2ncia em que n\u00e3o enxerg\u00e1vamos a praia, um dos velejadores disse-nos que poder\u00edamos, ali, nos jogarmos ao mar, para um banho agrad\u00e1vel, e n\u00f3s, passageiros ne\u00f3fitos, empolgados com o incentivo, imediatamente nos atiramos nas \u00e1guas oce\u00e2nicas, para logo sentir que a forte correnteza, numa rapidez incr\u00edvel, nos afastava da jangada.<\/p>\n\n\n\n<p>Sem condi\u00e7\u00f5es f\u00edsicas de vencer o a\u00e7oite das \u00e1guas, exaustos, j\u00e1 quase sem f\u00f4lego, algu\u00e9m da balsa jogou ao mar uma boia amarrada numa corda e n\u00f3s, nos \u00faltimos segundos, ajudados por Deus, conseguimos alcan\u00e7\u00e1-la e fomos puxados para bordo, esbaforidos, quase desmaiados.<\/p>\n\n\n\n<p>Horas depois, na terra firme, recuperados da exaust\u00e3o, o jangadeiro que nos conduzira pediu-nos desculpas dizendo que, ao sugerir, por brincadeira, que poder\u00edamos nos jogar no oceano, n\u00e3o pensara que levar\u00edamos a s\u00e9rio a perigosa sugest\u00e3o, que por pouco n\u00e3o nos afogara.<\/p>\n\n\n\n<p>O meu companheiro daquele desditoso banho de mar, que depois soube tratar-se de um conceituado bibliotec\u00e1rio austr\u00edaco especializado em literatura brasileira, fluente usu\u00e1rio do nosso idioma, e como eu um grande admirador do escritor maranhense Humberto de Campos, revelou-me que jamais esqueceria, que levaria para sua p\u00e1tria a triste recorda\u00e7\u00e3o daquela quase fat\u00eddica aventura que, por pouco, n\u00e3o nos levara ao reino de Iemanj\u00e1.<\/p>\n\n\n\n<p><strong>JOS\u00c9 FENANDES<\/strong> \u00e9 membro do IHGM e da Academia Ludovicense de Letras, e autor, entre outros, do livro \u201cCanto Tel\u00farico\u201d.<\/p>\n","protected":false},"excerpt":{"rendered":"<p>S\u00e3o Lu\u00eds &#8211; O MICRO-\u00d4NIBUS que nos levaria em excurs\u00e3o pelas praias de Fortaleza, \u00e0s oito da manh\u00e3 nos apanhou [&hellip;]<\/p>\n","protected":false},"author":4,"featured_media":0,"comment_status":"open","ping_status":"open","sticky":false,"template":"","format":"standard","meta":{"site-sidebar-layout":"default","site-content-layout":"","ast-site-content-layout":"default","site-content-style":"default","site-sidebar-style":"default","ast-global-header-display":"","ast-banner-title-visibility":"","ast-main-header-display":"","ast-hfb-above-header-display":"","ast-hfb-below-header-display":"","ast-hfb-mobile-header-display":"","site-post-title":"","ast-breadcrumbs-content":"","ast-featured-img":"","footer-sml-layout":"","ast-disable-related-posts":"","theme-transparent-header-meta":"","adv-header-id-meta":"","stick-header-meta":"","header-above-stick-meta":"","header-main-stick-meta":"","header-below-stick-meta":"","astra-migrate-meta-layouts":"default","ast-page-background-enabled":"default","ast-page-background-meta":{"desktop":{"background-color":"var(--ast-global-color-5)","background-image":"","background-repeat":"repeat","background-position":"center center","background-size":"auto","background-attachment":"scroll","background-type":"","background-media":"","overlay-type":"","overlay-color":"","overlay-opacity":"","overlay-gradient":""},"tablet":{"background-color":"","background-image":"","background-repeat":"repeat","background-position":"center center","background-size":"auto","background-attachment":"scroll","background-type":"","background-media":"","overlay-type":"","overlay-color":"","overlay-opacity":"","overlay-gradient":""},"mobile":{"background-color":"","background-image":"","background-repeat":"repeat","background-position":"center center","background-size":"auto","background-attachment":"scroll","background-type":"","background-media":"","overlay-type":"","overlay-color":"","overlay-opacity":"","overlay-gradient":""}},"ast-content-background-meta":{"desktop":{"background-color":"var(--ast-global-color-4)","background-image":"","background-repeat":"repeat","background-position":"center center","background-size":"auto","background-attachment":"scroll","background-type":"","background-media":"","overlay-type":"","overlay-color":"","overlay-opacity":"","overlay-gradient":""},"tablet":{"background-color":"var(--ast-global-color-4)","background-image":"","background-repeat":"repeat","background-position":"center center","background-size":"auto","background-attachment":"scroll","background-type":"","background-media":"","overlay-type":"","overlay-color":"","overlay-opacity":"","overlay-gradient":""},"mobile":{"background-color":"var(--ast-global-color-4)","background-image":"","background-repeat":"repeat","background-position":"center center","background-size":"auto","background-attachment":"scroll","background-type":"","background-media":"","overlay-type":"","overlay-color":"","overlay-opacity":"","overlay-gradient":""}},"footnotes":""},"categories":[1],"tags":[],"class_list":["post-5798","post","type-post","status-publish","format-standard","hentry","category-sem-categoria"],"yoast_head":"<!-- This site is optimized with the Yoast SEO plugin v26.6 - https:\/\/yoast.com\/wordpress\/plugins\/seo\/ -->\n<title>Cr\u00f4nica de Jos\u00e9 Fernandes: &quot;Nas \u00e1guas de Iemanj\u00e1&quot; - Evandro Junior<\/title>\n<meta name=\"robots\" content=\"index, follow, max-snippet:-1, max-image-preview:large, max-video-preview:-1\" \/>\n<link rel=\"canonical\" href=\"https:\/\/www.blogsoestado.com\/evandrojunior\/2022\/03\/16\/cronica-de-jose-fernandes-nas-aguas-de-iemanja\/\" \/>\n<meta property=\"og:locale\" content=\"pt_BR\" \/>\n<meta property=\"og:type\" content=\"article\" \/>\n<meta property=\"og:title\" content=\"Cr\u00f4nica de Jos\u00e9 Fernandes: &quot;Nas \u00e1guas de Iemanj\u00e1&quot; - Evandro Junior\" \/>\n<meta property=\"og:description\" content=\"S\u00e3o Lu\u00eds &#8211; O MICRO-\u00d4NIBUS que nos levaria em excurs\u00e3o pelas praias de Fortaleza, \u00e0s oito da manh\u00e3 nos apanhou [&hellip;]\" \/>\n<meta property=\"og:url\" content=\"https:\/\/www.blogsoestado.com\/evandrojunior\/2022\/03\/16\/cronica-de-jose-fernandes-nas-aguas-de-iemanja\/\" \/>\n<meta property=\"og:site_name\" content=\"Evandro Junior\" \/>\n<meta property=\"article:published_time\" content=\"2022-03-16T12:24:18+00:00\" \/>\n<meta property=\"og:image\" content=\"https:\/\/www.blogsoestado.com\/evandrojunior\/files\/2022\/03\/Praia.jpg\" \/>\n<meta name=\"author\" content=\"Evandro Junior\" \/>\n<meta name=\"twitter:card\" content=\"summary_large_image\" \/>\n<meta name=\"twitter:label1\" content=\"Escrito por\" \/>\n\t<meta name=\"twitter:data1\" content=\"Evandro Junior\" \/>\n\t<meta name=\"twitter:label2\" content=\"Est. tempo de leitura\" \/>\n\t<meta name=\"twitter:data2\" content=\"3 minutos\" \/>\n<script type=\"application\/ld+json\" class=\"yoast-schema-graph\">{\"@context\":\"https:\/\/schema.org\",\"@graph\":[{\"@type\":\"WebPage\",\"@id\":\"https:\/\/www.blogsoestado.com\/evandrojunior\/2022\/03\/16\/cronica-de-jose-fernandes-nas-aguas-de-iemanja\/\",\"url\":\"https:\/\/www.blogsoestado.com\/evandrojunior\/2022\/03\/16\/cronica-de-jose-fernandes-nas-aguas-de-iemanja\/\",\"name\":\"Cr\u00f4nica de Jos\u00e9 Fernandes: \\\"Nas \u00e1guas de Iemanj\u00e1\\\" - Evandro Junior\",\"isPartOf\":{\"@id\":\"https:\/\/www.blogsoestado.com\/evandrojunior\/#website\"},\"primaryImageOfPage\":{\"@id\":\"https:\/\/www.blogsoestado.com\/evandrojunior\/2022\/03\/16\/cronica-de-jose-fernandes-nas-aguas-de-iemanja\/#primaryimage\"},\"image\":{\"@id\":\"https:\/\/www.blogsoestado.com\/evandrojunior\/2022\/03\/16\/cronica-de-jose-fernandes-nas-aguas-de-iemanja\/#primaryimage\"},\"thumbnailUrl\":\"https:\/\/www.blogsoestado.com\/evandrojunior\/files\/2022\/03\/Praia.jpg\",\"datePublished\":\"2022-03-16T12:24:18+00:00\",\"author\":{\"@id\":\"https:\/\/www.blogsoestado.com\/evandrojunior\/#\/schema\/person\/3e6c3d8dbb740d1c6878ebc935cfb3be\"},\"breadcrumb\":{\"@id\":\"https:\/\/www.blogsoestado.com\/evandrojunior\/2022\/03\/16\/cronica-de-jose-fernandes-nas-aguas-de-iemanja\/#breadcrumb\"},\"inLanguage\":\"pt-BR\",\"potentialAction\":[{\"@type\":\"ReadAction\",\"target\":[\"https:\/\/www.blogsoestado.com\/evandrojunior\/2022\/03\/16\/cronica-de-jose-fernandes-nas-aguas-de-iemanja\/\"]}]},{\"@type\":\"ImageObject\",\"inLanguage\":\"pt-BR\",\"@id\":\"https:\/\/www.blogsoestado.com\/evandrojunior\/2022\/03\/16\/cronica-de-jose-fernandes-nas-aguas-de-iemanja\/#primaryimage\",\"url\":\"https:\/\/www.blogsoestado.com\/evandrojunior\/files\/2022\/03\/Praia.jpg\",\"contentUrl\":\"https:\/\/www.blogsoestado.com\/evandrojunior\/files\/2022\/03\/Praia.jpg\"},{\"@type\":\"BreadcrumbList\",\"@id\":\"https:\/\/www.blogsoestado.com\/evandrojunior\/2022\/03\/16\/cronica-de-jose-fernandes-nas-aguas-de-iemanja\/#breadcrumb\",\"itemListElement\":[{\"@type\":\"ListItem\",\"position\":1,\"name\":\"In\u00edcio\",\"item\":\"https:\/\/www.blogsoestado.com\/evandrojunior\/\"},{\"@type\":\"ListItem\",\"position\":2,\"name\":\"Cr\u00f4nica de Jos\u00e9 Fernandes: &#8220;Nas \u00e1guas de Iemanj\u00e1&#8221;\"}]},{\"@type\":\"WebSite\",\"@id\":\"https:\/\/www.blogsoestado.com\/evandrojunior\/#website\",\"url\":\"https:\/\/www.blogsoestado.com\/evandrojunior\/\",\"name\":\"Evandro Junior\",\"description\":\"\",\"potentialAction\":[{\"@type\":\"SearchAction\",\"target\":{\"@type\":\"EntryPoint\",\"urlTemplate\":\"https:\/\/www.blogsoestado.com\/evandrojunior\/?s={search_term_string}\"},\"query-input\":{\"@type\":\"PropertyValueSpecification\",\"valueRequired\":true,\"valueName\":\"search_term_string\"}}],\"inLanguage\":\"pt-BR\"},{\"@type\":\"Person\",\"@id\":\"https:\/\/www.blogsoestado.com\/evandrojunior\/#\/schema\/person\/3e6c3d8dbb740d1c6878ebc935cfb3be\",\"name\":\"Evandro Junior\",\"image\":{\"@type\":\"ImageObject\",\"inLanguage\":\"pt-BR\",\"@id\":\"https:\/\/www.blogsoestado.com\/evandrojunior\/#\/schema\/person\/image\/\",\"url\":\"https:\/\/secure.gravatar.com\/avatar\/f80a03a2294a580cd2318bfb459bf354cfa8be661ef3d95b542cf9a04af8d129?s=96&d=mm&r=g\",\"contentUrl\":\"https:\/\/secure.gravatar.com\/avatar\/f80a03a2294a580cd2318bfb459bf354cfa8be661ef3d95b542cf9a04af8d129?s=96&d=mm&r=g\",\"caption\":\"Evandro Junior\"},\"url\":\"https:\/\/www.blogsoestado.com\/evandrojunior\/author\/evandrojunior\/\"}]}<\/script>\n<!-- \/ Yoast SEO plugin. -->","yoast_head_json":{"title":"Cr\u00f4nica de Jos\u00e9 Fernandes: \"Nas \u00e1guas de Iemanj\u00e1\" - Evandro Junior","robots":{"index":"index","follow":"follow","max-snippet":"max-snippet:-1","max-image-preview":"max-image-preview:large","max-video-preview":"max-video-preview:-1"},"canonical":"https:\/\/www.blogsoestado.com\/evandrojunior\/2022\/03\/16\/cronica-de-jose-fernandes-nas-aguas-de-iemanja\/","og_locale":"pt_BR","og_type":"article","og_title":"Cr\u00f4nica de Jos\u00e9 Fernandes: \"Nas \u00e1guas de Iemanj\u00e1\" - Evandro Junior","og_description":"S\u00e3o Lu\u00eds &#8211; O MICRO-\u00d4NIBUS que nos levaria em excurs\u00e3o pelas praias de Fortaleza, \u00e0s oito da manh\u00e3 nos apanhou [&hellip;]","og_url":"https:\/\/www.blogsoestado.com\/evandrojunior\/2022\/03\/16\/cronica-de-jose-fernandes-nas-aguas-de-iemanja\/","og_site_name":"Evandro Junior","article_published_time":"2022-03-16T12:24:18+00:00","og_image":[{"url":"https:\/\/www.blogsoestado.com\/evandrojunior\/files\/2022\/03\/Praia.jpg","type":"","width":"","height":""}],"author":"Evandro Junior","twitter_card":"summary_large_image","twitter_misc":{"Escrito por":"Evandro Junior","Est. tempo de leitura":"3 minutos"},"schema":{"@context":"https:\/\/schema.org","@graph":[{"@type":"WebPage","@id":"https:\/\/www.blogsoestado.com\/evandrojunior\/2022\/03\/16\/cronica-de-jose-fernandes-nas-aguas-de-iemanja\/","url":"https:\/\/www.blogsoestado.com\/evandrojunior\/2022\/03\/16\/cronica-de-jose-fernandes-nas-aguas-de-iemanja\/","name":"Cr\u00f4nica de Jos\u00e9 Fernandes: \"Nas \u00e1guas de Iemanj\u00e1\" - Evandro Junior","isPartOf":{"@id":"https:\/\/www.blogsoestado.com\/evandrojunior\/#website"},"primaryImageOfPage":{"@id":"https:\/\/www.blogsoestado.com\/evandrojunior\/2022\/03\/16\/cronica-de-jose-fernandes-nas-aguas-de-iemanja\/#primaryimage"},"image":{"@id":"https:\/\/www.blogsoestado.com\/evandrojunior\/2022\/03\/16\/cronica-de-jose-fernandes-nas-aguas-de-iemanja\/#primaryimage"},"thumbnailUrl":"https:\/\/www.blogsoestado.com\/evandrojunior\/files\/2022\/03\/Praia.jpg","datePublished":"2022-03-16T12:24:18+00:00","author":{"@id":"https:\/\/www.blogsoestado.com\/evandrojunior\/#\/schema\/person\/3e6c3d8dbb740d1c6878ebc935cfb3be"},"breadcrumb":{"@id":"https:\/\/www.blogsoestado.com\/evandrojunior\/2022\/03\/16\/cronica-de-jose-fernandes-nas-aguas-de-iemanja\/#breadcrumb"},"inLanguage":"pt-BR","potentialAction":[{"@type":"ReadAction","target":["https:\/\/www.blogsoestado.com\/evandrojunior\/2022\/03\/16\/cronica-de-jose-fernandes-nas-aguas-de-iemanja\/"]}]},{"@type":"ImageObject","inLanguage":"pt-BR","@id":"https:\/\/www.blogsoestado.com\/evandrojunior\/2022\/03\/16\/cronica-de-jose-fernandes-nas-aguas-de-iemanja\/#primaryimage","url":"https:\/\/www.blogsoestado.com\/evandrojunior\/files\/2022\/03\/Praia.jpg","contentUrl":"https:\/\/www.blogsoestado.com\/evandrojunior\/files\/2022\/03\/Praia.jpg"},{"@type":"BreadcrumbList","@id":"https:\/\/www.blogsoestado.com\/evandrojunior\/2022\/03\/16\/cronica-de-jose-fernandes-nas-aguas-de-iemanja\/#breadcrumb","itemListElement":[{"@type":"ListItem","position":1,"name":"In\u00edcio","item":"https:\/\/www.blogsoestado.com\/evandrojunior\/"},{"@type":"ListItem","position":2,"name":"Cr\u00f4nica de Jos\u00e9 Fernandes: &#8220;Nas \u00e1guas de Iemanj\u00e1&#8221;"}]},{"@type":"WebSite","@id":"https:\/\/www.blogsoestado.com\/evandrojunior\/#website","url":"https:\/\/www.blogsoestado.com\/evandrojunior\/","name":"Evandro Junior","description":"","potentialAction":[{"@type":"SearchAction","target":{"@type":"EntryPoint","urlTemplate":"https:\/\/www.blogsoestado.com\/evandrojunior\/?s={search_term_string}"},"query-input":{"@type":"PropertyValueSpecification","valueRequired":true,"valueName":"search_term_string"}}],"inLanguage":"pt-BR"},{"@type":"Person","@id":"https:\/\/www.blogsoestado.com\/evandrojunior\/#\/schema\/person\/3e6c3d8dbb740d1c6878ebc935cfb3be","name":"Evandro Junior","image":{"@type":"ImageObject","inLanguage":"pt-BR","@id":"https:\/\/www.blogsoestado.com\/evandrojunior\/#\/schema\/person\/image\/","url":"https:\/\/secure.gravatar.com\/avatar\/f80a03a2294a580cd2318bfb459bf354cfa8be661ef3d95b542cf9a04af8d129?s=96&d=mm&r=g","contentUrl":"https:\/\/secure.gravatar.com\/avatar\/f80a03a2294a580cd2318bfb459bf354cfa8be661ef3d95b542cf9a04af8d129?s=96&d=mm&r=g","caption":"Evandro Junior"},"url":"https:\/\/www.blogsoestado.com\/evandrojunior\/author\/evandrojunior\/"}]}},"jetpack_featured_media_url":"","_links":{"self":[{"href":"https:\/\/www.blogsoestado.com\/evandrojunior\/wp-json\/wp\/v2\/posts\/5798","targetHints":{"allow":["GET"]}}],"collection":[{"href":"https:\/\/www.blogsoestado.com\/evandrojunior\/wp-json\/wp\/v2\/posts"}],"about":[{"href":"https:\/\/www.blogsoestado.com\/evandrojunior\/wp-json\/wp\/v2\/types\/post"}],"author":[{"embeddable":true,"href":"https:\/\/www.blogsoestado.com\/evandrojunior\/wp-json\/wp\/v2\/users\/4"}],"replies":[{"embeddable":true,"href":"https:\/\/www.blogsoestado.com\/evandrojunior\/wp-json\/wp\/v2\/comments?post=5798"}],"version-history":[{"count":0,"href":"https:\/\/www.blogsoestado.com\/evandrojunior\/wp-json\/wp\/v2\/posts\/5798\/revisions"}],"wp:attachment":[{"href":"https:\/\/www.blogsoestado.com\/evandrojunior\/wp-json\/wp\/v2\/media?parent=5798"}],"wp:term":[{"taxonomy":"category","embeddable":true,"href":"https:\/\/www.blogsoestado.com\/evandrojunior\/wp-json\/wp\/v2\/categories?post=5798"},{"taxonomy":"post_tag","embeddable":true,"href":"https:\/\/www.blogsoestado.com\/evandrojunior\/wp-json\/wp\/v2\/tags?post=5798"}],"curies":[{"name":"wp","href":"https:\/\/api.w.org\/{rel}","templated":true}]}}