{"id":5801,"date":"2022-03-16T10:35:09","date_gmt":"2022-03-16T13:35:09","guid":{"rendered":"https:\/\/www.blogsoestado.com\/evandrojunior\/?p=5801"},"modified":"2022-03-16T10:35:09","modified_gmt":"2022-03-16T13:35:09","slug":"molejo-vai-sacudir-a-the-music-hall-neste-sabado","status":"publish","type":"post","link":"https:\/\/www.blogsoestado.com\/evandrojunior\/2022\/03\/16\/molejo-vai-sacudir-a-the-music-hall-neste-sabado\/","title":{"rendered":"&#8220;Molejo&#8221; vai sacudir a The Music Hall neste s\u00e1bado"},"content":{"rendered":"\n<div class=\"wp-block-image\"><figure class=\"aligncenter size-large is-resized\"><img fetchpriority=\"high\" decoding=\"async\" src=\"https:\/\/www.blogsoestado.com\/evandrojunior\/files\/2022\/03\/Molejo-931x1024.jpg\" alt=\"\" class=\"wp-image-5802\" width=\"522\" height=\"574\"\/><figcaption><strong>Grupo Molejo \u00e9 um dos mais emblem\u00e1ticos do samba e do pagode no Brasil <\/strong><\/figcaption><\/figure><\/div>\n\n\n\n<p><strong>S\u00e3o Lu\u00eds &#8211;<\/strong> Ap\u00f3s um hiato de 15 anos, uma das mais aplaudidas refer\u00eancias do samba e do pagode carioca vai desembarcar em S\u00e3o Lu\u00eds neste s\u00e1bado (19) para show exclusivo na casa de eventos The Music Hall, na Lagoa da Jansen, \u00e0s 21h. Quem assina o evento \u00e9 a Salve Simpatia Produ\u00e7\u00f5es, que tem \u00e0 frente a dupla formada por Mirella Castelo Branco e Anna Sousa Mota, e a Pororoca Produ\u00e7\u00f5es, do empres\u00e1rio Ricardo Fernandes. <\/p>\n\n\n\n<p>O grupo &#8220;Molejo&#8221;, dono de sucessos como &#8220;Brincadeira de Crian\u00e7a&#8221;, &#8220;Cilada&#8221;, &#8220;Dan\u00e7a da Vassoura&#8221;, &#8220;Paparico&#8221;, &#8220;Ca\u00e7amba&#8221; e &#8220;Voltei&#8221;, entre outros hits que marcaram a d\u00e9cada de 1990, vai sacudir o espa\u00e7o para comandar v\u00e1rias horas de descontra\u00e7\u00e3o com seu alto astral caracter\u00edstico.<\/p>\n\n\n\n<p>Com mais de 30 anos de carreira, &#8220;Molejo&#8221; aposta na moderniza\u00e7\u00e3o de suas m\u00fasicas e prioriza composi\u00e7\u00f5es de jovens artistas. A banda \u00e9 composta por Anderson Leonardo (cavaco e voz), Andr\u00e9zinho (surdo e voz), Claumirzinho (pandeiro e vocal), L\u00facio Nascimento (repique de m\u00e3o e vocal), Jimmy Batera (bateria e vocal) e Robson Calazans (tantan, caixa e reco reco).<\/p>\n\n\n\n<p>Em 2019, os rapazes lan\u00e7aram o single \u201cSe depender de mim, sextou\u201d, que se soma aos seus outros in\u00fameros trabalhos musicais. O repert\u00f3rio \u00e9 vasto e o show \u00e9 bem dan\u00e7ante, com can\u00e7\u00f5es novas e os cl\u00e1ssicos que n\u00e3o podem ficar de fora de suas apresenta\u00e7\u00f5es. <\/p>\n\n\n\n<p>Os ingressos est\u00e3o \u00e0 venda pelo Sympla ou via pix. Mais Informa\u00e7\u00f5es: (98) 8513-3449. <\/p>\n\n\n\n<p><\/p>\n","protected":false},"excerpt":{"rendered":"<p>S\u00e3o Lu\u00eds &#8211; Ap\u00f3s um hiato de 15 anos, uma das mais aplaudidas refer\u00eancias do samba e do pagode carioca [&hellip;]<\/p>\n","protected":false},"author":4,"featured_media":0,"comment_status":"open","ping_status":"open","sticky":false,"template":"","format":"standard","meta":{"site-sidebar-layout":"default","site-content-layout":"","ast-site-content-layout":"default","site-content-style":"default","site-sidebar-style":"default","ast-global-header-display":"","ast-banner-title-visibility":"","ast-main-header-display":"","ast-hfb-above-header-display":"","ast-hfb-below-header-display":"","ast-hfb-mobile-header-display":"","site-post-title":"","ast-breadcrumbs-content":"","ast-featured-img":"","footer-sml-layout":"","ast-disable-related-posts":"","theme-transparent-header-meta":"","adv-header-id-meta":"","stick-header-meta":"","header-above-stick-meta":"","header-main-stick-meta":"","header-below-stick-meta":"","astra-migrate-meta-layouts":"default","ast-page-background-enabled":"default","ast-page-background-meta":{"desktop":{"background-color":"var(--ast-global-color-5)","background-image":"","background-repeat":"repeat","background-position":"center center","background-size":"auto","background-attachment":"scroll","background-type":"","background-media":"","overlay-type":"","overlay-color":"","overlay-opacity":"","overlay-gradient":""},"tablet":{"background-color":"","background-image":"","background-repeat":"repeat","background-position":"center center","background-size":"auto","background-attachment":"scroll","background-type":"","background-media":"","overlay-type":"","overlay-color":"","overlay-opacity":"","overlay-gradient":""},"mobile":{"background-color":"","background-image":"","background-repeat":"repeat","background-position":"center center","background-size":"auto","background-attachment":"scroll","background-type":"","background-media":"","overlay-type":"","overlay-color":"","overlay-opacity":"","overlay-gradient":""}},"ast-content-background-meta":{"desktop":{"background-color":"var(--ast-global-color-4)","background-image":"","background-repeat":"repeat","background-position":"center center","background-size":"auto","background-attachment":"scroll","background-type":"","background-media":"","overlay-type":"","overlay-color":"","overlay-opacity":"","overlay-gradient":""},"tablet":{"background-color":"var(--ast-global-color-4)","background-image":"","background-repeat":"repeat","background-position":"center center","background-size":"auto","background-attachment":"scroll","background-type":"","background-media":"","overlay-type":"","overlay-color":"","overlay-opacity":"","overlay-gradient":""},"mobile":{"background-color":"var(--ast-global-color-4)","background-image":"","background-repeat":"repeat","background-position":"center center","background-size":"auto","background-attachment":"scroll","background-type":"","background-media":"","overlay-type":"","overlay-color":"","overlay-opacity":"","overlay-gradient":""}},"footnotes":""},"categories":[1],"tags":[],"class_list":["post-5801","post","type-post","status-publish","format-standard","hentry","category-sem-categoria"],"yoast_head":"<!-- This site is optimized with the Yoast SEO plugin v26.6 - https:\/\/yoast.com\/wordpress\/plugins\/seo\/ -->\n<title>&quot;Molejo&quot; vai sacudir a The Music Hall neste s\u00e1bado - Evandro Junior<\/title>\n<meta name=\"robots\" content=\"index, follow, max-snippet:-1, max-image-preview:large, max-video-preview:-1\" \/>\n<link rel=\"canonical\" href=\"https:\/\/www.blogsoestado.com\/evandrojunior\/2022\/03\/16\/molejo-vai-sacudir-a-the-music-hall-neste-sabado\/\" \/>\n<meta property=\"og:locale\" content=\"pt_BR\" \/>\n<meta property=\"og:type\" content=\"article\" \/>\n<meta property=\"og:title\" content=\"&quot;Molejo&quot; vai sacudir a The Music Hall neste s\u00e1bado - Evandro Junior\" \/>\n<meta property=\"og:description\" content=\"S\u00e3o Lu\u00eds &#8211; Ap\u00f3s um hiato de 15 anos, uma das mais aplaudidas refer\u00eancias do samba e do pagode carioca [&hellip;]\" \/>\n<meta property=\"og:url\" content=\"https:\/\/www.blogsoestado.com\/evandrojunior\/2022\/03\/16\/molejo-vai-sacudir-a-the-music-hall-neste-sabado\/\" \/>\n<meta property=\"og:site_name\" content=\"Evandro Junior\" \/>\n<meta property=\"article:published_time\" content=\"2022-03-16T13:35:09+00:00\" \/>\n<meta property=\"og:image\" content=\"https:\/\/www.blogsoestado.com\/evandrojunior\/files\/2022\/03\/Molejo-931x1024.jpg\" \/>\n<meta name=\"author\" content=\"Evandro Junior\" \/>\n<meta name=\"twitter:card\" content=\"summary_large_image\" \/>\n<meta name=\"twitter:label1\" content=\"Escrito por\" \/>\n\t<meta name=\"twitter:data1\" content=\"Evandro Junior\" \/>\n\t<meta name=\"twitter:label2\" content=\"Est. tempo de leitura\" \/>\n\t<meta name=\"twitter:data2\" content=\"2 minutos\" \/>\n<script type=\"application\/ld+json\" class=\"yoast-schema-graph\">{\"@context\":\"https:\/\/schema.org\",\"@graph\":[{\"@type\":\"WebPage\",\"@id\":\"https:\/\/www.blogsoestado.com\/evandrojunior\/2022\/03\/16\/molejo-vai-sacudir-a-the-music-hall-neste-sabado\/\",\"url\":\"https:\/\/www.blogsoestado.com\/evandrojunior\/2022\/03\/16\/molejo-vai-sacudir-a-the-music-hall-neste-sabado\/\",\"name\":\"\\\"Molejo\\\" vai sacudir a The Music Hall neste s\u00e1bado - Evandro Junior\",\"isPartOf\":{\"@id\":\"https:\/\/www.blogsoestado.com\/evandrojunior\/#website\"},\"primaryImageOfPage\":{\"@id\":\"https:\/\/www.blogsoestado.com\/evandrojunior\/2022\/03\/16\/molejo-vai-sacudir-a-the-music-hall-neste-sabado\/#primaryimage\"},\"image\":{\"@id\":\"https:\/\/www.blogsoestado.com\/evandrojunior\/2022\/03\/16\/molejo-vai-sacudir-a-the-music-hall-neste-sabado\/#primaryimage\"},\"thumbnailUrl\":\"https:\/\/www.blogsoestado.com\/evandrojunior\/files\/2022\/03\/Molejo-931x1024.jpg\",\"datePublished\":\"2022-03-16T13:35:09+00:00\",\"author\":{\"@id\":\"https:\/\/www.blogsoestado.com\/evandrojunior\/#\/schema\/person\/3e6c3d8dbb740d1c6878ebc935cfb3be\"},\"breadcrumb\":{\"@id\":\"https:\/\/www.blogsoestado.com\/evandrojunior\/2022\/03\/16\/molejo-vai-sacudir-a-the-music-hall-neste-sabado\/#breadcrumb\"},\"inLanguage\":\"pt-BR\",\"potentialAction\":[{\"@type\":\"ReadAction\",\"target\":[\"https:\/\/www.blogsoestado.com\/evandrojunior\/2022\/03\/16\/molejo-vai-sacudir-a-the-music-hall-neste-sabado\/\"]}]},{\"@type\":\"ImageObject\",\"inLanguage\":\"pt-BR\",\"@id\":\"https:\/\/www.blogsoestado.com\/evandrojunior\/2022\/03\/16\/molejo-vai-sacudir-a-the-music-hall-neste-sabado\/#primaryimage\",\"url\":\"https:\/\/www.blogsoestado.com\/evandrojunior\/files\/2022\/03\/Molejo-931x1024.jpg\",\"contentUrl\":\"https:\/\/www.blogsoestado.com\/evandrojunior\/files\/2022\/03\/Molejo-931x1024.jpg\"},{\"@type\":\"BreadcrumbList\",\"@id\":\"https:\/\/www.blogsoestado.com\/evandrojunior\/2022\/03\/16\/molejo-vai-sacudir-a-the-music-hall-neste-sabado\/#breadcrumb\",\"itemListElement\":[{\"@type\":\"ListItem\",\"position\":1,\"name\":\"In\u00edcio\",\"item\":\"https:\/\/www.blogsoestado.com\/evandrojunior\/\"},{\"@type\":\"ListItem\",\"position\":2,\"name\":\"&#8220;Molejo&#8221; vai sacudir a The Music Hall neste s\u00e1bado\"}]},{\"@type\":\"WebSite\",\"@id\":\"https:\/\/www.blogsoestado.com\/evandrojunior\/#website\",\"url\":\"https:\/\/www.blogsoestado.com\/evandrojunior\/\",\"name\":\"Evandro Junior\",\"description\":\"\",\"potentialAction\":[{\"@type\":\"SearchAction\",\"target\":{\"@type\":\"EntryPoint\",\"urlTemplate\":\"https:\/\/www.blogsoestado.com\/evandrojunior\/?s={search_term_string}\"},\"query-input\":{\"@type\":\"PropertyValueSpecification\",\"valueRequired\":true,\"valueName\":\"search_term_string\"}}],\"inLanguage\":\"pt-BR\"},{\"@type\":\"Person\",\"@id\":\"https:\/\/www.blogsoestado.com\/evandrojunior\/#\/schema\/person\/3e6c3d8dbb740d1c6878ebc935cfb3be\",\"name\":\"Evandro Junior\",\"image\":{\"@type\":\"ImageObject\",\"inLanguage\":\"pt-BR\",\"@id\":\"https:\/\/www.blogsoestado.com\/evandrojunior\/#\/schema\/person\/image\/\",\"url\":\"https:\/\/secure.gravatar.com\/avatar\/f80a03a2294a580cd2318bfb459bf354cfa8be661ef3d95b542cf9a04af8d129?s=96&d=mm&r=g\",\"contentUrl\":\"https:\/\/secure.gravatar.com\/avatar\/f80a03a2294a580cd2318bfb459bf354cfa8be661ef3d95b542cf9a04af8d129?s=96&d=mm&r=g\",\"caption\":\"Evandro Junior\"},\"url\":\"https:\/\/www.blogsoestado.com\/evandrojunior\/author\/evandrojunior\/\"}]}<\/script>\n<!-- \/ Yoast SEO plugin. -->","yoast_head_json":{"title":"\"Molejo\" vai sacudir a The Music Hall neste s\u00e1bado - Evandro Junior","robots":{"index":"index","follow":"follow","max-snippet":"max-snippet:-1","max-image-preview":"max-image-preview:large","max-video-preview":"max-video-preview:-1"},"canonical":"https:\/\/www.blogsoestado.com\/evandrojunior\/2022\/03\/16\/molejo-vai-sacudir-a-the-music-hall-neste-sabado\/","og_locale":"pt_BR","og_type":"article","og_title":"\"Molejo\" vai sacudir a The Music Hall neste s\u00e1bado - Evandro Junior","og_description":"S\u00e3o Lu\u00eds &#8211; Ap\u00f3s um hiato de 15 anos, uma das mais aplaudidas refer\u00eancias do samba e do pagode carioca [&hellip;]","og_url":"https:\/\/www.blogsoestado.com\/evandrojunior\/2022\/03\/16\/molejo-vai-sacudir-a-the-music-hall-neste-sabado\/","og_site_name":"Evandro Junior","article_published_time":"2022-03-16T13:35:09+00:00","og_image":[{"url":"https:\/\/www.blogsoestado.com\/evandrojunior\/files\/2022\/03\/Molejo-931x1024.jpg","type":"","width":"","height":""}],"author":"Evandro Junior","twitter_card":"summary_large_image","twitter_misc":{"Escrito por":"Evandro Junior","Est. tempo de leitura":"2 minutos"},"schema":{"@context":"https:\/\/schema.org","@graph":[{"@type":"WebPage","@id":"https:\/\/www.blogsoestado.com\/evandrojunior\/2022\/03\/16\/molejo-vai-sacudir-a-the-music-hall-neste-sabado\/","url":"https:\/\/www.blogsoestado.com\/evandrojunior\/2022\/03\/16\/molejo-vai-sacudir-a-the-music-hall-neste-sabado\/","name":"\"Molejo\" vai sacudir a The Music Hall neste s\u00e1bado - Evandro Junior","isPartOf":{"@id":"https:\/\/www.blogsoestado.com\/evandrojunior\/#website"},"primaryImageOfPage":{"@id":"https:\/\/www.blogsoestado.com\/evandrojunior\/2022\/03\/16\/molejo-vai-sacudir-a-the-music-hall-neste-sabado\/#primaryimage"},"image":{"@id":"https:\/\/www.blogsoestado.com\/evandrojunior\/2022\/03\/16\/molejo-vai-sacudir-a-the-music-hall-neste-sabado\/#primaryimage"},"thumbnailUrl":"https:\/\/www.blogsoestado.com\/evandrojunior\/files\/2022\/03\/Molejo-931x1024.jpg","datePublished":"2022-03-16T13:35:09+00:00","author":{"@id":"https:\/\/www.blogsoestado.com\/evandrojunior\/#\/schema\/person\/3e6c3d8dbb740d1c6878ebc935cfb3be"},"breadcrumb":{"@id":"https:\/\/www.blogsoestado.com\/evandrojunior\/2022\/03\/16\/molejo-vai-sacudir-a-the-music-hall-neste-sabado\/#breadcrumb"},"inLanguage":"pt-BR","potentialAction":[{"@type":"ReadAction","target":["https:\/\/www.blogsoestado.com\/evandrojunior\/2022\/03\/16\/molejo-vai-sacudir-a-the-music-hall-neste-sabado\/"]}]},{"@type":"ImageObject","inLanguage":"pt-BR","@id":"https:\/\/www.blogsoestado.com\/evandrojunior\/2022\/03\/16\/molejo-vai-sacudir-a-the-music-hall-neste-sabado\/#primaryimage","url":"https:\/\/www.blogsoestado.com\/evandrojunior\/files\/2022\/03\/Molejo-931x1024.jpg","contentUrl":"https:\/\/www.blogsoestado.com\/evandrojunior\/files\/2022\/03\/Molejo-931x1024.jpg"},{"@type":"BreadcrumbList","@id":"https:\/\/www.blogsoestado.com\/evandrojunior\/2022\/03\/16\/molejo-vai-sacudir-a-the-music-hall-neste-sabado\/#breadcrumb","itemListElement":[{"@type":"ListItem","position":1,"name":"In\u00edcio","item":"https:\/\/www.blogsoestado.com\/evandrojunior\/"},{"@type":"ListItem","position":2,"name":"&#8220;Molejo&#8221; vai sacudir a The Music Hall neste s\u00e1bado"}]},{"@type":"WebSite","@id":"https:\/\/www.blogsoestado.com\/evandrojunior\/#website","url":"https:\/\/www.blogsoestado.com\/evandrojunior\/","name":"Evandro Junior","description":"","potentialAction":[{"@type":"SearchAction","target":{"@type":"EntryPoint","urlTemplate":"https:\/\/www.blogsoestado.com\/evandrojunior\/?s={search_term_string}"},"query-input":{"@type":"PropertyValueSpecification","valueRequired":true,"valueName":"search_term_string"}}],"inLanguage":"pt-BR"},{"@type":"Person","@id":"https:\/\/www.blogsoestado.com\/evandrojunior\/#\/schema\/person\/3e6c3d8dbb740d1c6878ebc935cfb3be","name":"Evandro Junior","image":{"@type":"ImageObject","inLanguage":"pt-BR","@id":"https:\/\/www.blogsoestado.com\/evandrojunior\/#\/schema\/person\/image\/","url":"https:\/\/secure.gravatar.com\/avatar\/f80a03a2294a580cd2318bfb459bf354cfa8be661ef3d95b542cf9a04af8d129?s=96&d=mm&r=g","contentUrl":"https:\/\/secure.gravatar.com\/avatar\/f80a03a2294a580cd2318bfb459bf354cfa8be661ef3d95b542cf9a04af8d129?s=96&d=mm&r=g","caption":"Evandro Junior"},"url":"https:\/\/www.blogsoestado.com\/evandrojunior\/author\/evandrojunior\/"}]}},"jetpack_featured_media_url":"","_links":{"self":[{"href":"https:\/\/www.blogsoestado.com\/evandrojunior\/wp-json\/wp\/v2\/posts\/5801","targetHints":{"allow":["GET"]}}],"collection":[{"href":"https:\/\/www.blogsoestado.com\/evandrojunior\/wp-json\/wp\/v2\/posts"}],"about":[{"href":"https:\/\/www.blogsoestado.com\/evandrojunior\/wp-json\/wp\/v2\/types\/post"}],"author":[{"embeddable":true,"href":"https:\/\/www.blogsoestado.com\/evandrojunior\/wp-json\/wp\/v2\/users\/4"}],"replies":[{"embeddable":true,"href":"https:\/\/www.blogsoestado.com\/evandrojunior\/wp-json\/wp\/v2\/comments?post=5801"}],"version-history":[{"count":0,"href":"https:\/\/www.blogsoestado.com\/evandrojunior\/wp-json\/wp\/v2\/posts\/5801\/revisions"}],"wp:attachment":[{"href":"https:\/\/www.blogsoestado.com\/evandrojunior\/wp-json\/wp\/v2\/media?parent=5801"}],"wp:term":[{"taxonomy":"category","embeddable":true,"href":"https:\/\/www.blogsoestado.com\/evandrojunior\/wp-json\/wp\/v2\/categories?post=5801"},{"taxonomy":"post_tag","embeddable":true,"href":"https:\/\/www.blogsoestado.com\/evandrojunior\/wp-json\/wp\/v2\/tags?post=5801"}],"curies":[{"name":"wp","href":"https:\/\/api.w.org\/{rel}","templated":true}]}}